{"id":22092,"date":"2015-09-25T21:28:43","date_gmt":"2015-09-25T19:28:43","guid":{"rendered":"http:\/\/www.imakeyousmile.se\/?p=22092"},"modified":"2015-09-27T11:19:41","modified_gmt":"2015-09-27T09:19:41","slug":"bilder-fran-premiaren","status":"publish","type":"post","link":"https:\/\/www.imakeyousmile.se\/es\/fotos-del-estreno\/","title":{"rendered":"\u00a1Im\u00e1genes del estreno!"},"content":{"rendered":"<p>\u00a1Jiiiisses lo llenos que hemos tenido los \u00faltimos d\u00edas! Lo siento porque el blog ha sido tan silencioso, pero no quer\u00eda publicar muchas publicaciones malas r\u00e1pidas &quot;solo porque&quot;, as\u00ed que pens\u00e9 que probablemente tendr\u00edas indulgencia durante este tiempo :)<\/p>\n<p>Hoy abrimos las puertas para Creative Makeup By Her, waaaah !!!<\/p>\n<p>\u00a1Ha sido muy divertido! He hablado con muchas personas agradables a las que les ha gustado tanto la tienda como el sal\u00f3n, y han recibido una respuesta tan positiva en todas las marcas y todo el concepto en torno a todo, un verdadero impulso al ego :) Y todas las ofertas han sido incre\u00edblemente apreciadas y he vendido mucho productos tambi\u00e9n, lo cual es maravilloso, muy divertido para mostrar todas las cosas buenas en la vida real \u2665<\/p>\n<p>\u00a1Aqu\u00ed algunas fotos del d\u00eda!<br \/>\n<a href=\"http:\/\/www.imakeyousmile.se\/wp-content\/uploads\/2015\/09\/creative-makeup-by-her.jpg\"><br \/>\n<\/a> <a href=\"http:\/\/www.imakeyousmile.se\/wp-content\/uploads\/2015\/09\/IMG_5241_111.jpg\"><img loading=\"lazy\" decoding=\"async\" class=\"alignnone size-full wp-image-22094\" src=\"http:\/\/www.imakeyousmile.se\/wp-content\/uploads\/2015\/09\/IMG_5241_111.jpg\" alt=\"IMG_5241_111\" width=\"2000\" height=\"1333\" srcset=\"https:\/\/www.imakeyousmile.se\/wp-content\/uploads\/2015\/09\/IMG_5241_111.jpg 2000w, https:\/\/www.imakeyousmile.se\/wp-content\/uploads\/2015\/09\/IMG_5241_111-300x200.jpg 300w, https:\/\/www.imakeyousmile.se\/wp-content\/uploads\/2015\/09\/IMG_5241_111-1024x682.jpg 1024w, https:\/\/www.imakeyousmile.se\/wp-content\/uploads\/2015\/09\/IMG_5241_111-696x464.jpg 696w, https:\/\/www.imakeyousmile.se\/wp-content\/uploads\/2015\/09\/IMG_5241_111-1068x712.jpg 1068w, https:\/\/www.imakeyousmile.se\/wp-content\/uploads\/2015\/09\/IMG_5241_111-630x420.jpg 630w\" sizes=\"(max-width: 2000px) 100vw, 2000px\" \/><\/a><\/p>\n<p>Reparador de Miska con bolsas de regalos :)<\/p>\n<p><a href=\"http:\/\/www.imakeyousmile.se\/wp-content\/uploads\/2015\/09\/IMG_5251_111.jpg\"><img loading=\"lazy\" decoding=\"async\" class=\"alignnone size-full wp-image-22095\" src=\"http:\/\/www.imakeyousmile.se\/wp-content\/uploads\/2015\/09\/IMG_5251_111.jpg\" alt=\"IMG_5251_111\" width=\"2000\" height=\"1333\" srcset=\"https:\/\/www.imakeyousmile.se\/wp-content\/uploads\/2015\/09\/IMG_5251_111.jpg 2000w, https:\/\/www.imakeyousmile.se\/wp-content\/uploads\/2015\/09\/IMG_5251_111-300x200.jpg 300w, https:\/\/www.imakeyousmile.se\/wp-content\/uploads\/2015\/09\/IMG_5251_111-1024x682.jpg 1024w, https:\/\/www.imakeyousmile.se\/wp-content\/uploads\/2015\/09\/IMG_5251_111-696x464.jpg 696w, https:\/\/www.imakeyousmile.se\/wp-content\/uploads\/2015\/09\/IMG_5251_111-1068x712.jpg 1068w, https:\/\/www.imakeyousmile.se\/wp-content\/uploads\/2015\/09\/IMG_5251_111-630x420.jpg 630w\" sizes=\"(max-width: 2000px) 100vw, 2000px\" \/><\/a><\/p>\n<p>\u00a1Nuestro bonito rinc\u00f3n de sal\u00f3n! Aqu\u00ed maquillaremos y haremos tratamientos de pesta\u00f1as y cejas en una cinta transportadora :)<\/p>\n<p>Todos nuestros espejos de maquillaje proceden de <a href=\"http:\/\/www.sminkspegel.se\" target=\"_blank\">sminkspegel.se<\/a>\u00a0y todas las bellas pinturas son del artista <a href=\"https:\/\/www.facebook.com\/tim.tiger.98?__mref=message_bubble\" target=\"_blank\">Kattis Palmn\u00e4s<\/a>!<\/p>\n<p><a href=\"http:\/\/www.imakeyousmile.se\/wp-content\/uploads\/2015\/09\/creative-makeup-by-her.jpg\"><img loading=\"lazy\" decoding=\"async\" class=\"alignnone size-full wp-image-22093\" src=\"http:\/\/www.imakeyousmile.se\/wp-content\/uploads\/2015\/09\/creative-makeup-by-her.jpg\" alt=\"maquillaje-creativo-por-ella\" width=\"4012\" height=\"1312\" srcset=\"https:\/\/www.imakeyousmile.se\/wp-content\/uploads\/2015\/09\/creative-makeup-by-her.jpg 2560w, https:\/\/www.imakeyousmile.se\/wp-content\/uploads\/2015\/09\/creative-makeup-by-her-300x98.jpg 300w, https:\/\/www.imakeyousmile.se\/wp-content\/uploads\/2015\/09\/creative-makeup-by-her-1024x335.jpg 1024w, https:\/\/www.imakeyousmile.se\/wp-content\/uploads\/2015\/09\/creative-makeup-by-her-696x228.jpg 696w, https:\/\/www.imakeyousmile.se\/wp-content\/uploads\/2015\/09\/creative-makeup-by-her-1068x349.jpg 1068w, https:\/\/www.imakeyousmile.se\/wp-content\/uploads\/2015\/09\/creative-makeup-by-her-1284x420.jpg 1284w\" sizes=\"(max-width: 4012px) 100vw, 4012px\" \/><\/a><\/p>\n<p><a href=\"http:\/\/www.imakeyousmile.se\/wp-content\/uploads\/2015\/09\/IMG_5291_111.jpg\"><img loading=\"lazy\" decoding=\"async\" class=\"alignnone size-full wp-image-22097\" src=\"http:\/\/www.imakeyousmile.se\/wp-content\/uploads\/2015\/09\/IMG_5291_111.jpg\" alt=\"IMG_5291_111\" width=\"2000\" height=\"3000\" srcset=\"https:\/\/www.imakeyousmile.se\/wp-content\/uploads\/2015\/09\/IMG_5291_111.jpg 1707w, https:\/\/www.imakeyousmile.se\/wp-content\/uploads\/2015\/09\/IMG_5291_111-200x300.jpg 200w, https:\/\/www.imakeyousmile.se\/wp-content\/uploads\/2015\/09\/IMG_5291_111-683x1024.jpg 683w, https:\/\/www.imakeyousmile.se\/wp-content\/uploads\/2015\/09\/IMG_5291_111-696x1044.jpg 696w, https:\/\/www.imakeyousmile.se\/wp-content\/uploads\/2015\/09\/IMG_5291_111-1068x1602.jpg 1068w, https:\/\/www.imakeyousmile.se\/wp-content\/uploads\/2015\/09\/IMG_5291_111-280x420.jpg 280w\" sizes=\"(max-width: 2000px) 100vw, 2000px\" \/><\/a><\/p>\n<p>\u00a1As\u00ed es como se ve en la entrada cuando entras!<\/p>\n<p><a href=\"http:\/\/www.imakeyousmile.se\/wp-content\/uploads\/2015\/09\/IMG_5268_111.jpg\"><img loading=\"lazy\" decoding=\"async\" class=\"alignnone size-full wp-image-22096\" src=\"http:\/\/www.imakeyousmile.se\/wp-content\/uploads\/2015\/09\/IMG_5268_111.jpg\" alt=\"IMG_5268_111\" width=\"2000\" height=\"1333\" srcset=\"https:\/\/www.imakeyousmile.se\/wp-content\/uploads\/2015\/09\/IMG_5268_111.jpg 2000w, https:\/\/www.imakeyousmile.se\/wp-content\/uploads\/2015\/09\/IMG_5268_111-300x200.jpg 300w, https:\/\/www.imakeyousmile.se\/wp-content\/uploads\/2015\/09\/IMG_5268_111-1024x682.jpg 1024w, https:\/\/www.imakeyousmile.se\/wp-content\/uploads\/2015\/09\/IMG_5268_111-696x464.jpg 696w, https:\/\/www.imakeyousmile.se\/wp-content\/uploads\/2015\/09\/IMG_5268_111-1068x712.jpg 1068w, https:\/\/www.imakeyousmile.se\/wp-content\/uploads\/2015\/09\/IMG_5268_111-630x420.jpg 630w\" sizes=\"(max-width: 2000px) 100vw, 2000px\" \/><\/a><\/p>\n<p>Como sabes, puedo hablar sobre maquillaje durante cualquier per\u00edodo de tiempo, y eso es b\u00e1sicamente lo que he estado haciendo todo el d\u00eda de hoy, \u00a1muy divertido!<br \/>\n<a href=\"http:\/\/www.imakeyousmile.se\/wp-content\/uploads\/2015\/09\/IMG_5291_111.jpg\"><br \/>\n<\/a> <a href=\"http:\/\/www.imakeyousmile.se\/wp-content\/uploads\/2015\/09\/IMG_5292_111.jpg\"><img loading=\"lazy\" decoding=\"async\" class=\"alignnone size-full wp-image-22098\" src=\"http:\/\/www.imakeyousmile.se\/wp-content\/uploads\/2015\/09\/IMG_5292_111.jpg\" alt=\"IMG_5292_111\" width=\"2000\" height=\"1731\" srcset=\"https:\/\/www.imakeyousmile.se\/wp-content\/uploads\/2015\/09\/IMG_5292_111.jpg 2000w, https:\/\/www.imakeyousmile.se\/wp-content\/uploads\/2015\/09\/IMG_5292_111-300x260.jpg 300w, https:\/\/www.imakeyousmile.se\/wp-content\/uploads\/2015\/09\/IMG_5292_111-1024x886.jpg 1024w, https:\/\/www.imakeyousmile.se\/wp-content\/uploads\/2015\/09\/IMG_5292_111-534x462.jpg 534w, https:\/\/www.imakeyousmile.se\/wp-content\/uploads\/2015\/09\/IMG_5292_111-696x602.jpg 696w, https:\/\/www.imakeyousmile.se\/wp-content\/uploads\/2015\/09\/IMG_5292_111-1068x924.jpg 1068w, https:\/\/www.imakeyousmile.se\/wp-content\/uploads\/2015\/09\/IMG_5292_111-485x420.jpg 485w\" sizes=\"(max-width: 2000px) 100vw, 2000px\" \/><\/a><\/p>\n<p>\u00a1Mi viejo &quot;colega del blog&quot; Tove Castor tambi\u00e9n vino! :) Ella escribi\u00f3 en su blog sobre moda en Modernmom.se (antes de que Laila Bagge y Pernilla Wahlgren dejaran esa p\u00e1gina en diciembre) pero ahora escribe en <a href=\"http:\/\/blogozine.net\/tovecastor\/\" target=\"_blank\">Blogozine.net<\/a> donde tambi\u00e9n es directora de moda!<\/p>\n<p><a href=\"http:\/\/www.imakeyousmile.se\/wp-content\/uploads\/2015\/09\/IMG_5319_111.jpg\"><img loading=\"lazy\" decoding=\"async\" class=\"alignnone size-full wp-image-22099\" src=\"http:\/\/www.imakeyousmile.se\/wp-content\/uploads\/2015\/09\/IMG_5319_111.jpg\" alt=\"IMG_5319_111\" width=\"2000\" height=\"1333\" srcset=\"https:\/\/www.imakeyousmile.se\/wp-content\/uploads\/2015\/09\/IMG_5319_111.jpg 2000w, https:\/\/www.imakeyousmile.se\/wp-content\/uploads\/2015\/09\/IMG_5319_111-300x200.jpg 300w, https:\/\/www.imakeyousmile.se\/wp-content\/uploads\/2015\/09\/IMG_5319_111-1024x682.jpg 1024w, https:\/\/www.imakeyousmile.se\/wp-content\/uploads\/2015\/09\/IMG_5319_111-696x464.jpg 696w, https:\/\/www.imakeyousmile.se\/wp-content\/uploads\/2015\/09\/IMG_5319_111-1068x712.jpg 1068w, https:\/\/www.imakeyousmile.se\/wp-content\/uploads\/2015\/09\/IMG_5319_111-630x420.jpg 630w\" sizes=\"(max-width: 2000px) 100vw, 2000px\" \/><\/a><\/p>\n<p><a href=\"http:\/\/www.imakeyousmile.se\/wp-content\/uploads\/2015\/09\/smink-uppsala.jpg\"><img loading=\"lazy\" decoding=\"async\" class=\"alignnone size-full wp-image-22101\" src=\"http:\/\/www.imakeyousmile.se\/wp-content\/uploads\/2015\/09\/smink-uppsala.jpg\" alt=\"maquillaje-uppsala\" width=\"2932\" height=\"1320\" srcset=\"https:\/\/www.imakeyousmile.se\/wp-content\/uploads\/2015\/09\/smink-uppsala.jpg 2560w, https:\/\/www.imakeyousmile.se\/wp-content\/uploads\/2015\/09\/smink-uppsala-300x135.jpg 300w, https:\/\/www.imakeyousmile.se\/wp-content\/uploads\/2015\/09\/smink-uppsala-1024x461.jpg 1024w, https:\/\/www.imakeyousmile.se\/wp-content\/uploads\/2015\/09\/smink-uppsala-696x313.jpg 696w, https:\/\/www.imakeyousmile.se\/wp-content\/uploads\/2015\/09\/smink-uppsala-1068x481.jpg 1068w, https:\/\/www.imakeyousmile.se\/wp-content\/uploads\/2015\/09\/smink-uppsala-933x420.jpg 933w\" sizes=\"(max-width: 2932px) 100vw, 2932px\" \/><\/a> <a href=\"http:\/\/www.imakeyousmile.se\/wp-content\/uploads\/2015\/09\/IMG_5350_111.jpg\"><img loading=\"lazy\" decoding=\"async\" class=\"alignnone size-full wp-image-22100\" src=\"http:\/\/www.imakeyousmile.se\/wp-content\/uploads\/2015\/09\/IMG_5350_111.jpg\" alt=\"IMG_5350_111\" width=\"2000\" height=\"1333\" srcset=\"https:\/\/www.imakeyousmile.se\/wp-content\/uploads\/2015\/09\/IMG_5350_111.jpg 2000w, https:\/\/www.imakeyousmile.se\/wp-content\/uploads\/2015\/09\/IMG_5350_111-300x200.jpg 300w, https:\/\/www.imakeyousmile.se\/wp-content\/uploads\/2015\/09\/IMG_5350_111-1024x682.jpg 1024w, https:\/\/www.imakeyousmile.se\/wp-content\/uploads\/2015\/09\/IMG_5350_111-696x464.jpg 696w, https:\/\/www.imakeyousmile.se\/wp-content\/uploads\/2015\/09\/IMG_5350_111-1068x712.jpg 1068w, https:\/\/www.imakeyousmile.se\/wp-content\/uploads\/2015\/09\/IMG_5350_111-630x420.jpg 630w\" sizes=\"(max-width: 2000px) 100vw, 2000px\" \/><\/a><\/p>\n<p>Aqu\u00ed tambi\u00e9n ves la luz rosa que tenemos en el techo en la esquina del sal\u00f3n, \u00bfeh? :) Tenemos lo mismo en la caja, y es muy agradable desde el exterior por la noche cuando todo est\u00e1 apagado excepto el rosa.<\/p>\n<p>Tambi\u00e9n realizaremos una jornada de puertas abiertas ma\u00f1ana 10-14, con champ\u00e1n sin alcohol y muchas ofertas :) Espero que los que est\u00e1n cerca tengan la oportunidad y el deseo de venir \u2665<\/p>\n<p>Ahora Miska y yo nos sentamos con cada ba\u00f1o de pies uno al lado del otro y miramos Idol, pero ahora nos cubriremos en la cama y no hay nada m\u00e1s que suene m\u00e1s atractivo, de lo que puedo hablar jaja.<\/p>\n<p>\u00a1Kiss on es!<\/p>","protected":false},"excerpt":{"rendered":"<p>Jiiiisses vad fullt upp vi har haft de senaste dagarna! F\u00f6rl\u00e5t f\u00f6r att bloggen har varit s\u00e5 stilla, men har inte velat publicera massa snabba d\u00e5liga inl\u00e4gg &#8221;bara f\u00f6r att&#8221; s\u00e5 har t\u00e4nkt att ni s\u00e4kert har \u00f6verseende under den h\u00e4r tiden :) Idag \u00f6ppnade vi upp portarna f\u00f6r Creative Makeup By Her, waaaah !!! [&hellip;]<\/p>\n","protected":false},"author":30,"featured_media":22094,"comment_status":"open","ping_status":"closed","sticky":false,"template":"","format":"standard","meta":{"footnotes":""},"categories":[4032],"tags":[4034,3936,4035,3935],"class_list":["post-22092","post","type-post","status-publish","format-standard","has-post-thumbnail","hentry","category-creative-makeup-by-her","tag-creative-makeup-by-her-sminkbutik-uppsala","tag-makeupartist-uppsala","tag-skonhet-uppsala","tag-smink-uppsala"],"yoast_head":"<!-- This site is optimized with the Yoast SEO Premium plugin v14.9 - https:\/\/yoast.com\/wordpress\/plugins\/seo\/ -->\n<meta name=\"description\" content=\"Bilder fr\u00e5n premi\u00e4ren! | Helena Amiley - H\u00e4r hittar du senaste infromation om sk\u00f6nhet, livsstil, entrepren\u00f6rskap, makeup &amp; tips.\" \/>\n<meta name=\"robots\" content=\"index, follow, max-snippet:-1, max-image-preview:large, max-video-preview:-1\" \/>\n<link rel=\"canonical\" href=\"https:\/\/www.imakeyousmile.se\/es\/bilder-fran-premiaren\/\" \/>\n<meta property=\"og:locale\" content=\"es_ES\" \/>\n<meta property=\"og:type\" content=\"article\" \/>\n<meta property=\"og:title\" content=\"Bilder fr\u00e5n premi\u00e4ren! | Imakeyousmile.se\" \/>\n<meta property=\"og:description\" content=\"Bilder fr\u00e5n premi\u00e4ren! | Helena Amiley - H\u00e4r hittar du senaste infromation om sk\u00f6nhet, livsstil, entrepren\u00f6rskap, makeup &amp; tips.\" \/>\n<meta property=\"og:url\" content=\"https:\/\/www.imakeyousmile.se\/es\/bilder-fran-premiaren\/\" \/>\n<meta property=\"og:site_name\" content=\"Imakeyousmile.se\" \/>\n<meta property=\"article:author\" content=\"https:\/\/www.facebook.com\/imakeyousmile.se\" \/>\n<meta property=\"article:published_time\" content=\"2015-09-25T19:28:43+00:00\" \/>\n<meta property=\"article:modified_time\" content=\"2015-09-27T09:19:41+00:00\" \/>\n<meta property=\"og:image\" content=\"https:\/\/www.imakeyousmile.se\/wp-content\/uploads\/2015\/09\/IMG_5241_111.jpg\" \/>\n\t<meta property=\"og:image:width\" content=\"2000\" \/>\n\t<meta property=\"og:image:height\" content=\"1333\" \/>\n<meta name=\"twitter:card\" content=\"summary_large_image\" \/>\n<script type=\"application\/ld+json\" class=\"yoast-schema-graph\">{\"@context\":\"https:\/\/schema.org\",\"@graph\":[{\"@type\":\"Organization\",\"@id\":\"https:\/\/www.imakeyousmile.se\/es\/#organization\",\"name\":\"Imakeyousmile\",\"url\":\"https:\/\/www.imakeyousmile.se\/es\/\",\"sameAs\":[],\"logo\":{\"@type\":\"ImageObject\",\"@id\":\"https:\/\/www.imakeyousmile.se\/es\/#logo\",\"inLanguage\":\"es\",\"url\":\"https:\/\/www.imakeyousmile.se\/wp-content\/uploads\/2020\/10\/HELENA-AMILEY_SVART-1-e1603367975324.png\",\"width\":280,\"height\":93,\"caption\":\"Imakeyousmile\"},\"image\":{\"@id\":\"https:\/\/www.imakeyousmile.se\/es\/#logo\"}},{\"@type\":\"WebSite\",\"@id\":\"https:\/\/www.imakeyousmile.se\/es\/#website\",\"url\":\"https:\/\/www.imakeyousmile.se\/es\/\",\"name\":\"Imakeyousmile.se\",\"description\":\"Helena Amiley - Beauty, Entrepreneur, Lifestyle\",\"publisher\":{\"@id\":\"https:\/\/www.imakeyousmile.se\/es\/#organization\"},\"potentialAction\":[{\"@type\":\"SearchAction\",\"target\":\"https:\/\/www.imakeyousmile.se\/es\/?s={search_term_string}\",\"query-input\":\"required name=search_term_string\"}],\"inLanguage\":\"es\"},{\"@type\":\"ImageObject\",\"@id\":\"https:\/\/www.imakeyousmile.se\/bilder-fran-premiaren\/#primaryimage\",\"inLanguage\":\"es\",\"url\":\"https:\/\/www.imakeyousmile.se\/wp-content\/uploads\/2015\/09\/IMG_5241_111.jpg\",\"width\":2000,\"height\":1333},{\"@type\":\"WebPage\",\"@id\":\"https:\/\/www.imakeyousmile.se\/bilder-fran-premiaren\/#webpage\",\"url\":\"https:\/\/www.imakeyousmile.se\/bilder-fran-premiaren\/\",\"name\":\"Bilder fr\\u00e5n premi\\u00e4ren! | Imakeyousmile.se\",\"isPartOf\":{\"@id\":\"https:\/\/www.imakeyousmile.se\/es\/#website\"},\"primaryImageOfPage\":{\"@id\":\"https:\/\/www.imakeyousmile.se\/bilder-fran-premiaren\/#primaryimage\"},\"datePublished\":\"2015-09-25T19:28:43+00:00\",\"dateModified\":\"2015-09-27T09:19:41+00:00\",\"description\":\"Bilder fr\\u00e5n premi\\u00e4ren! | Helena Amiley - H\\u00e4r hittar du senaste infromation om sk\\u00f6nhet, livsstil, entrepren\\u00f6rskap, makeup & tips.\",\"inLanguage\":\"es\",\"potentialAction\":[{\"@type\":\"ReadAction\",\"target\":[\"https:\/\/www.imakeyousmile.se\/bilder-fran-premiaren\/\"]}]},{\"@type\":\"Article\",\"@id\":\"https:\/\/www.imakeyousmile.se\/bilder-fran-premiaren\/#article\",\"isPartOf\":{\"@id\":\"https:\/\/www.imakeyousmile.se\/bilder-fran-premiaren\/#webpage\"},\"author\":{\"@id\":\"https:\/\/www.imakeyousmile.se\/es\/#\/schema\/person\/b0fd43b1c6bb1c60cfd68bff9b4a10fb\"},\"headline\":\"Bilder fr\\u00e5n premi\\u00e4ren!\",\"datePublished\":\"2015-09-25T19:28:43+00:00\",\"dateModified\":\"2015-09-27T09:19:41+00:00\",\"mainEntityOfPage\":{\"@id\":\"https:\/\/www.imakeyousmile.se\/bilder-fran-premiaren\/#webpage\"},\"commentCount\":7,\"publisher\":{\"@id\":\"https:\/\/www.imakeyousmile.se\/es\/#organization\"},\"image\":{\"@id\":\"https:\/\/www.imakeyousmile.se\/bilder-fran-premiaren\/#primaryimage\"},\"keywords\":\"creative makeup by her. sminkbutik uppsala,makeupartist uppsala,sk\\u00f6nhet uppsala,smink uppsala\",\"articleSection\":\"Creative Makeup\",\"inLanguage\":\"es\",\"potentialAction\":[{\"@type\":\"CommentAction\",\"name\":\"Comment\",\"target\":[\"https:\/\/www.imakeyousmile.se\/bilder-fran-premiaren\/#respond\"]}]},{\"@type\":\"Person\",\"@id\":\"https:\/\/www.imakeyousmile.se\/es\/#\/schema\/person\/b0fd43b1c6bb1c60cfd68bff9b4a10fb\",\"name\":\"Helena Amiley\",\"image\":{\"@type\":\"ImageObject\",\"@id\":\"https:\/\/www.imakeyousmile.se\/es\/#personlogo\",\"inLanguage\":\"es\",\"url\":\"https:\/\/secure.gravatar.com\/avatar\/5645558e1e355457a23368d7e1b4c904?s=96&d=mm&r=g\",\"caption\":\"Helena Amiley\"},\"description\":\"Jag skriver mest om sk\\u00f6nhet men bjuder \\u00e4ven p\\u00e5 glimtar fr\\u00e5n entrepren\\u00f6rlivet och bygget av v\\u00e5r egen camper van. Vanlife here we come!\",\"sameAs\":[\"https:\/\/www.facebook.com\/imakeyousmile.se\",\"https:\/\/www.instagram.com\/helenaamiley\",\"https:\/\/www.youtube.com\/channel\/UCR5iB6rvpV6Yr8ZjpQfr5mg?view_as=subscriber\"]}]}<\/script>\n<!-- \/ Yoast SEO Premium plugin. -->","_links":{"self":[{"href":"https:\/\/www.imakeyousmile.se\/es\/wp-json\/wp\/v2\/posts\/22092"}],"collection":[{"href":"https:\/\/www.imakeyousmile.se\/es\/wp-json\/wp\/v2\/posts"}],"about":[{"href":"https:\/\/www.imakeyousmile.se\/es\/wp-json\/wp\/v2\/types\/post"}],"author":[{"embeddable":true,"href":"https:\/\/www.imakeyousmile.se\/es\/wp-json\/wp\/v2\/users\/30"}],"replies":[{"embeddable":true,"href":"https:\/\/www.imakeyousmile.se\/es\/wp-json\/wp\/v2\/comments?post=22092"}],"version-history":[{"count":4,"href":"https:\/\/www.imakeyousmile.se\/es\/wp-json\/wp\/v2\/posts\/22092\/revisions"}],"predecessor-version":[{"id":22111,"href":"https:\/\/www.imakeyousmile.se\/es\/wp-json\/wp\/v2\/posts\/22092\/revisions\/22111"}],"wp:featuredmedia":[{"embeddable":true,"href":"https:\/\/www.imakeyousmile.se\/es\/wp-json\/wp\/v2\/media\/22094"}],"wp:attachment":[{"href":"https:\/\/www.imakeyousmile.se\/es\/wp-json\/wp\/v2\/media?parent=22092"}],"wp:term":[{"taxonomy":"category","embeddable":true,"href":"https:\/\/www.imakeyousmile.se\/es\/wp-json\/wp\/v2\/categories?post=22092"},{"taxonomy":"post_tag","embeddable":true,"href":"https:\/\/www.imakeyousmile.se\/es\/wp-json\/wp\/v2\/tags?post=22092"}],"curies":[{"name":"wp","href":"https:\/\/api.w.org\/{rel}","templated":true}]}}