{"id":22141,"date":"2015-09-29T22:25:06","date_gmt":"2015-09-29T20:25:06","guid":{"rendered":"http:\/\/www.imakeyousmile.se\/?p=22141"},"modified":"2015-09-29T22:25:06","modified_gmt":"2015-09-29T20:25:06","slug":"plum-glam-makeup","status":"publish","type":"post","link":"https:\/\/www.imakeyousmile.se\/es\/ciruela-glam-maquillaje\/","title":{"rendered":"Maquillaje ciruela glam"},"content":{"rendered":"<p>\u00a1Dios, qu\u00e9 divertido era maquillarse ahora! Se siente como si no lo hubiera hecho en una eternidad, tengo tanta inspiraci\u00f3n y el momento tambi\u00e9n est\u00e1 comenzando a llegar :)<\/p>\n<p>Hoy tuve una idea que fue la mejor de todas, \u00a1imagina que he tenido mi &quot;l\u00e1piz labial p\u00farpura-imprescindible-para-encontrar-el-l\u00e1piz-labial-p\u00farpura-perfecto&quot; en la agencia de maquillaje durante como un a\u00f1o!<\/p>\n<p>Despu\u00e9s de hacer un barrido r\u00e1pido con el delineador de ojos Paese Linea Automatic Eyeliner en el tono Plum Glam, pens\u00e9 en probar ese bol\u00edgrafo en mis labios tambi\u00e9n, \u00a1y subirme a un carrito peque\u00f1o tan agradable como result\u00f3! \u00a1La mejor decisi\u00f3n de toda mi vida jaja!<\/p>\n<p>Un poco de b\u00e1lsamo labial antes para que los labios no se sequen, luego quedar\u00e1 tan bien como cualquier l\u00e1piz labial :)<\/p>\n<p><a href=\"http:\/\/www.imakeyousmile.se\/wp-content\/uploads\/2015\/09\/IMG_5604_111.jpg\"><img loading=\"lazy\" decoding=\"async\" class=\"alignnone size-full wp-image-22143\" src=\"http:\/\/www.imakeyousmile.se\/wp-content\/uploads\/2015\/09\/IMG_5604_111.jpg\" alt=\"IMG_5604_111\" width=\"2000\" height=\"1735\" srcset=\"https:\/\/www.imakeyousmile.se\/wp-content\/uploads\/2015\/09\/IMG_5604_111.jpg 2000w, https:\/\/www.imakeyousmile.se\/wp-content\/uploads\/2015\/09\/IMG_5604_111-300x260.jpg 300w, https:\/\/www.imakeyousmile.se\/wp-content\/uploads\/2015\/09\/IMG_5604_111-1024x888.jpg 1024w, https:\/\/www.imakeyousmile.se\/wp-content\/uploads\/2015\/09\/IMG_5604_111-534x462.jpg 534w, https:\/\/www.imakeyousmile.se\/wp-content\/uploads\/2015\/09\/IMG_5604_111-696x604.jpg 696w, https:\/\/www.imakeyousmile.se\/wp-content\/uploads\/2015\/09\/IMG_5604_111-1068x926.jpg 1068w, https:\/\/www.imakeyousmile.se\/wp-content\/uploads\/2015\/09\/IMG_5604_111-484x420.jpg 484w\" sizes=\"(max-width: 2000px) 100vw, 2000px\" \/><\/a><\/p>\n<p>O que dices? Tonta, \u00bfverdad?<\/p>\n<p><a href=\"http:\/\/www.imakeyousmile.se\/wp-content\/uploads\/2015\/09\/IMG_5646_111.jpg\"><img loading=\"lazy\" decoding=\"async\" class=\"alignnone size-full wp-image-22146\" src=\"http:\/\/www.imakeyousmile.se\/wp-content\/uploads\/2015\/09\/IMG_5646_111.jpg\" alt=\"IMG_5646_111\" width=\"1710\" height=\"1212\" srcset=\"https:\/\/www.imakeyousmile.se\/wp-content\/uploads\/2015\/09\/IMG_5646_111.jpg 1710w, https:\/\/www.imakeyousmile.se\/wp-content\/uploads\/2015\/09\/IMG_5646_111-300x213.jpg 300w, https:\/\/www.imakeyousmile.se\/wp-content\/uploads\/2015\/09\/IMG_5646_111-1024x726.jpg 1024w, https:\/\/www.imakeyousmile.se\/wp-content\/uploads\/2015\/09\/IMG_5646_111-100x70.jpg 100w, https:\/\/www.imakeyousmile.se\/wp-content\/uploads\/2015\/09\/IMG_5646_111-696x493.jpg 696w, https:\/\/www.imakeyousmile.se\/wp-content\/uploads\/2015\/09\/IMG_5646_111-1068x757.jpg 1068w, https:\/\/www.imakeyousmile.se\/wp-content\/uploads\/2015\/09\/IMG_5646_111-593x420.jpg 593w\" sizes=\"(max-width: 1710px) 100vw, 1710px\" \/><\/a><\/p>\n<p>Maquillaje de ojos s\u00faper simple y maquillaje de labios s\u00faper simple.<\/p>\n<p>1 prebase con prebase de sombra de ojos, <a href=\"https:\/\/ion.lyko.com\/t\/t?a=1117786221&#038;as=1548102449&#038;t=2&#038;tk=1&#038;epi=search-replace-pixiprimer&#038;url=https:\/\/lyko.com\/sv\/sok?q=pixi+primer\" target=\"_blank\">Primer Pixi Eye Bright<\/a><br \/>\n2 Aplique su protector solar a lo largo de la l\u00ednea del pliegue y al final del p\u00e1rpado,<a href=\"http:\/\/creativemakeup.se\/produkt\/paese-bronzing-powder\/\" target=\"_blank\"> Polvo Bronceador Paese 2M<\/a>.<br \/>\n3 Aplica tu iluminador en el p\u00e1rpado y en el rabillo del ojo, <a href=\"http:\/\/creativemakeup.se\/produkt\/paese-kasmir-matte-black-eyeshadow\/\" target=\"_blank\">Sombra de ojos mate Paese (605)<\/a><br \/>\n4. Delineador de ojos morado alrededor de todo el ojo y a lo largo de la l\u00ednea de flotaci\u00f3n, <a href=\"http:\/\/creativemakeup.se\/produkt\/paese-linea-automatic-eyeliner\/\" target=\"_blank\">Delineador de ojos autom\u00e1tico Paese Linea (Plum Glam)<\/a><br \/>\n5. R\u00edmel negro en todas las pesta\u00f1as, Show Off Mascara.<\/p>\n<p><a href=\"http:\/\/www.imakeyousmile.se\/wp-content\/uploads\/2015\/09\/IMG_5609_111.jpg\"><img loading=\"lazy\" decoding=\"async\" class=\"alignnone size-full wp-image-22144\" src=\"http:\/\/www.imakeyousmile.se\/wp-content\/uploads\/2015\/09\/IMG_5609_111.jpg\" alt=\"IMG_5609_111\" width=\"2472\" height=\"2574\" srcset=\"https:\/\/www.imakeyousmile.se\/wp-content\/uploads\/2015\/09\/IMG_5609_111.jpg 2459w, https:\/\/www.imakeyousmile.se\/wp-content\/uploads\/2015\/09\/IMG_5609_111-288x300.jpg 288w, https:\/\/www.imakeyousmile.se\/wp-content\/uploads\/2015\/09\/IMG_5609_111-983x1024.jpg 983w, https:\/\/www.imakeyousmile.se\/wp-content\/uploads\/2015\/09\/IMG_5609_111-696x725.jpg 696w, https:\/\/www.imakeyousmile.se\/wp-content\/uploads\/2015\/09\/IMG_5609_111-1068x1112.jpg 1068w, https:\/\/www.imakeyousmile.se\/wp-content\/uploads\/2015\/09\/IMG_5609_111-403x420.jpg 403w\" sizes=\"(max-width: 2472px) 100vw, 2472px\" \/><\/a><\/p>\n<p>Fundaci\u00f3n, <a href=\"https:\/\/ion.jordklok.se\/t\/t?a=1236848151&#038;as=1548102449&#038;t=2&#038;tk=1&#038;epi=search-replace-zuiifoundation&#038;url=https:\/\/www.jordklok.se\/sv\/articles\/2.60.5465\/zuii-organic-flora-powder-foundation-10-g?q=Zuii%20Organic%20Flora%20Powder%20Foundation,%2010%20g\/\" target=\"_blank\">Base de maquillaje en polvo org\u00e1nico Zuii (marfil)<\/a><br \/>\nColorete, <a href=\"http:\/\/creativemakeup.se\/produkt\/paese-powder-blush-med-arganolja\/\" target=\"_blank\">Colorete en polvo Paese con aceite de arg\u00e1n<\/a><br \/>\nCeja, <a href=\"https:\/\/ion.jordklok.se\/t\/t?a=1236848151&#038;as=1548102449&#038;t=2&#038;tk=1&#038;epi=search-replace-benecosbrows&#038;url=https:\/\/www.jordklok.se\/sv\/articles\/2.83.3593\/benecos-natural-eyebrow-designer-105-g?q=Benecos%20Natural%20Eyebrow%20Designer,%201,05%20g\" target=\"_blank\">Benecos Eyebrow Designer (marr\u00f3n)<\/a><\/p>\n<p><a href=\"http:\/\/www.imakeyousmile.se\/wp-content\/uploads\/2015\/09\/IMG_5625_111.jpg\"><img loading=\"lazy\" decoding=\"async\" class=\"alignnone size-full wp-image-22145\" src=\"http:\/\/www.imakeyousmile.se\/wp-content\/uploads\/2015\/09\/IMG_5625_111.jpg\" alt=\"IMG_5625_111\" width=\"2000\" height=\"2012\" srcset=\"https:\/\/www.imakeyousmile.se\/wp-content\/uploads\/2015\/09\/IMG_5625_111.jpg 2000w, https:\/\/www.imakeyousmile.se\/wp-content\/uploads\/2015\/09\/IMG_5625_111-150x150.jpg 150w, https:\/\/www.imakeyousmile.se\/wp-content\/uploads\/2015\/09\/IMG_5625_111-298x300.jpg 298w, https:\/\/www.imakeyousmile.se\/wp-content\/uploads\/2015\/09\/IMG_5625_111-1018x1024.jpg 1018w, https:\/\/www.imakeyousmile.se\/wp-content\/uploads\/2015\/09\/IMG_5625_111-696x700.jpg 696w, https:\/\/www.imakeyousmile.se\/wp-content\/uploads\/2015\/09\/IMG_5625_111-1068x1074.jpg 1068w, https:\/\/www.imakeyousmile.se\/wp-content\/uploads\/2015\/09\/IMG_5625_111-417x420.jpg 417w\" sizes=\"(max-width: 2000px) 100vw, 2000px\" \/><\/a><\/p>\n<p>\u00a1Los abrazos son! \u2665<\/p>","protected":false},"excerpt":{"rendered":"<p>Gud s\u00e5 kul det var att sminka sig nu! K\u00e4nns som att jag inte har gjort det p\u00e5 en evighet, har s\u00e5 mycket inspiration, och tiden b\u00f6rjar komma den ocks\u00e5 :) Jag fick en id\u00e9 idag som typ var den b\u00e4sta n\u00e5gonsin, t\u00e4nk att jag har haft min &#8221;m\u00e5ste-hitta-den-perfekta-lila-l\u00e4ppennan-pennan&#8221; i sminkbyr\u00e5n i typ ett \u00e5r! [&hellip;]<\/p>\n","protected":false},"author":30,"featured_media":22143,"comment_status":"open","ping_status":"closed","sticky":false,"template":"","format":"standard","meta":{"footnotes":""},"categories":[9,2827],"tags":[4045,2833,3531,54],"class_list":["post-22141","post","type-post","status-publish","format-standard","has-post-thumbnail","hentry","category-partysminkningar","category-vardagssminkningar","tag-beauty-blog","tag-paese-linea","tag-plum-glam","tag-sminkblogg"],"yoast_head":"<!-- This site is optimized with the Yoast SEO Premium plugin v14.9 - https:\/\/yoast.com\/wordpress\/plugins\/seo\/ -->\n<meta name=\"description\" content=\"Plum glam makeup | Helena Amiley - H\u00e4r hittar du senaste infromation om sk\u00f6nhet, livsstil, entrepren\u00f6rskap, makeup &amp; tips.\" \/>\n<meta name=\"robots\" content=\"index, follow, max-snippet:-1, max-image-preview:large, max-video-preview:-1\" \/>\n<link rel=\"canonical\" href=\"https:\/\/www.imakeyousmile.se\/es\/plum-glam-makeup\/\" \/>\n<meta property=\"og:locale\" content=\"es_ES\" \/>\n<meta property=\"og:type\" content=\"article\" \/>\n<meta property=\"og:title\" content=\"Plum glam makeup | Imakeyousmile.se\" \/>\n<meta property=\"og:description\" content=\"Plum glam makeup | Helena Amiley - H\u00e4r hittar du senaste infromation om sk\u00f6nhet, livsstil, entrepren\u00f6rskap, makeup &amp; tips.\" \/>\n<meta property=\"og:url\" content=\"https:\/\/www.imakeyousmile.se\/es\/plum-glam-makeup\/\" \/>\n<meta property=\"og:site_name\" content=\"Imakeyousmile.se\" \/>\n<meta property=\"article:author\" content=\"https:\/\/www.facebook.com\/imakeyousmile.se\" \/>\n<meta property=\"article:published_time\" content=\"2015-09-29T20:25:06+00:00\" \/>\n<meta property=\"og:image\" content=\"https:\/\/www.imakeyousmile.se\/wp-content\/uploads\/2015\/09\/IMG_5604_111.jpg\" \/>\n\t<meta property=\"og:image:width\" content=\"2000\" \/>\n\t<meta property=\"og:image:height\" content=\"1735\" \/>\n<meta name=\"twitter:card\" content=\"summary_large_image\" \/>\n<script type=\"application\/ld+json\" class=\"yoast-schema-graph\">{\"@context\":\"https:\/\/schema.org\",\"@graph\":[{\"@type\":\"Organization\",\"@id\":\"https:\/\/www.imakeyousmile.se\/es\/#organization\",\"name\":\"Imakeyousmile\",\"url\":\"https:\/\/www.imakeyousmile.se\/es\/\",\"sameAs\":[],\"logo\":{\"@type\":\"ImageObject\",\"@id\":\"https:\/\/www.imakeyousmile.se\/es\/#logo\",\"inLanguage\":\"es\",\"url\":\"https:\/\/www.imakeyousmile.se\/wp-content\/uploads\/2020\/10\/HELENA-AMILEY_SVART-1-e1603367975324.png\",\"width\":280,\"height\":93,\"caption\":\"Imakeyousmile\"},\"image\":{\"@id\":\"https:\/\/www.imakeyousmile.se\/es\/#logo\"}},{\"@type\":\"WebSite\",\"@id\":\"https:\/\/www.imakeyousmile.se\/es\/#website\",\"url\":\"https:\/\/www.imakeyousmile.se\/es\/\",\"name\":\"Imakeyousmile.se\",\"description\":\"Helena Amiley - Beauty, Entrepreneur, Lifestyle\",\"publisher\":{\"@id\":\"https:\/\/www.imakeyousmile.se\/es\/#organization\"},\"potentialAction\":[{\"@type\":\"SearchAction\",\"target\":\"https:\/\/www.imakeyousmile.se\/es\/?s={search_term_string}\",\"query-input\":\"required name=search_term_string\"}],\"inLanguage\":\"es\"},{\"@type\":\"ImageObject\",\"@id\":\"https:\/\/www.imakeyousmile.se\/plum-glam-makeup\/#primaryimage\",\"inLanguage\":\"es\",\"url\":\"https:\/\/www.imakeyousmile.se\/wp-content\/uploads\/2015\/09\/IMG_5604_111.jpg\",\"width\":2000,\"height\":1735},{\"@type\":\"WebPage\",\"@id\":\"https:\/\/www.imakeyousmile.se\/plum-glam-makeup\/#webpage\",\"url\":\"https:\/\/www.imakeyousmile.se\/plum-glam-makeup\/\",\"name\":\"Plum glam makeup | Imakeyousmile.se\",\"isPartOf\":{\"@id\":\"https:\/\/www.imakeyousmile.se\/es\/#website\"},\"primaryImageOfPage\":{\"@id\":\"https:\/\/www.imakeyousmile.se\/plum-glam-makeup\/#primaryimage\"},\"datePublished\":\"2015-09-29T20:25:06+00:00\",\"dateModified\":\"2015-09-29T20:25:06+00:00\",\"description\":\"Plum glam makeup | Helena Amiley - H\\u00e4r hittar du senaste infromation om sk\\u00f6nhet, livsstil, entrepren\\u00f6rskap, makeup & tips.\",\"inLanguage\":\"es\",\"potentialAction\":[{\"@type\":\"ReadAction\",\"target\":[\"https:\/\/www.imakeyousmile.se\/plum-glam-makeup\/\"]}]},{\"@type\":\"Article\",\"@id\":\"https:\/\/www.imakeyousmile.se\/plum-glam-makeup\/#article\",\"isPartOf\":{\"@id\":\"https:\/\/www.imakeyousmile.se\/plum-glam-makeup\/#webpage\"},\"author\":{\"@id\":\"https:\/\/www.imakeyousmile.se\/es\/#\/schema\/person\/b0fd43b1c6bb1c60cfd68bff9b4a10fb\"},\"headline\":\"Plum glam makeup\",\"datePublished\":\"2015-09-29T20:25:06+00:00\",\"dateModified\":\"2015-09-29T20:25:06+00:00\",\"mainEntityOfPage\":{\"@id\":\"https:\/\/www.imakeyousmile.se\/plum-glam-makeup\/#webpage\"},\"commentCount\":2,\"publisher\":{\"@id\":\"https:\/\/www.imakeyousmile.se\/es\/#organization\"},\"image\":{\"@id\":\"https:\/\/www.imakeyousmile.se\/plum-glam-makeup\/#primaryimage\"},\"keywords\":\"beauty blog,paese linea,plum glam,sminkblogg\",\"articleSection\":\"M\\u00f6rka \/ festliga sminkningar,Neutrala \/ milda sminkningar\",\"inLanguage\":\"es\",\"potentialAction\":[{\"@type\":\"CommentAction\",\"name\":\"Comment\",\"target\":[\"https:\/\/www.imakeyousmile.se\/plum-glam-makeup\/#respond\"]}]},{\"@type\":\"Person\",\"@id\":\"https:\/\/www.imakeyousmile.se\/es\/#\/schema\/person\/b0fd43b1c6bb1c60cfd68bff9b4a10fb\",\"name\":\"Helena Amiley\",\"image\":{\"@type\":\"ImageObject\",\"@id\":\"https:\/\/www.imakeyousmile.se\/es\/#personlogo\",\"inLanguage\":\"es\",\"url\":\"https:\/\/secure.gravatar.com\/avatar\/5645558e1e355457a23368d7e1b4c904?s=96&d=mm&r=g\",\"caption\":\"Helena Amiley\"},\"description\":\"Jag skriver mest om sk\\u00f6nhet men bjuder \\u00e4ven p\\u00e5 glimtar fr\\u00e5n entrepren\\u00f6rlivet och bygget av v\\u00e5r egen camper van. Vanlife here we come!\",\"sameAs\":[\"https:\/\/www.facebook.com\/imakeyousmile.se\",\"https:\/\/www.instagram.com\/helenaamiley\",\"https:\/\/www.youtube.com\/channel\/UCR5iB6rvpV6Yr8ZjpQfr5mg?view_as=subscriber\"]}]}<\/script>\n<!-- \/ Yoast SEO Premium plugin. -->","_links":{"self":[{"href":"https:\/\/www.imakeyousmile.se\/es\/wp-json\/wp\/v2\/posts\/22141"}],"collection":[{"href":"https:\/\/www.imakeyousmile.se\/es\/wp-json\/wp\/v2\/posts"}],"about":[{"href":"https:\/\/www.imakeyousmile.se\/es\/wp-json\/wp\/v2\/types\/post"}],"author":[{"embeddable":true,"href":"https:\/\/www.imakeyousmile.se\/es\/wp-json\/wp\/v2\/users\/30"}],"replies":[{"embeddable":true,"href":"https:\/\/www.imakeyousmile.se\/es\/wp-json\/wp\/v2\/comments?post=22141"}],"version-history":[{"count":2,"href":"https:\/\/www.imakeyousmile.se\/es\/wp-json\/wp\/v2\/posts\/22141\/revisions"}],"predecessor-version":[{"id":22147,"href":"https:\/\/www.imakeyousmile.se\/es\/wp-json\/wp\/v2\/posts\/22141\/revisions\/22147"}],"wp:featuredmedia":[{"embeddable":true,"href":"https:\/\/www.imakeyousmile.se\/es\/wp-json\/wp\/v2\/media\/22143"}],"wp:attachment":[{"href":"https:\/\/www.imakeyousmile.se\/es\/wp-json\/wp\/v2\/media?parent=22141"}],"wp:term":[{"taxonomy":"category","embeddable":true,"href":"https:\/\/www.imakeyousmile.se\/es\/wp-json\/wp\/v2\/categories?post=22141"},{"taxonomy":"post_tag","embeddable":true,"href":"https:\/\/www.imakeyousmile.se\/es\/wp-json\/wp\/v2\/tags?post=22141"}],"curies":[{"name":"wp","href":"https:\/\/api.w.org\/{rel}","templated":true}]}}