{"id":22257,"date":"2015-10-11T15:59:25","date_gmt":"2015-10-11T13:59:25","guid":{"rendered":"http:\/\/www.imakeyousmile.se\/?p=22257"},"modified":"2015-10-11T15:59:25","modified_gmt":"2015-10-11T13:59:25","slug":"entreprenorssnack-i-bloggen","status":"publish","type":"post","link":"https:\/\/www.imakeyousmile.se\/es\/charla-empresarial-en-el-blog\/","title":{"rendered":"Charla de emprendedores en el blog"},"content":{"rendered":"<p>Hoy tengo:<br \/>\n\u2665 Comenc\u00e9 el d\u00eda con una larga ma\u00f1ana de sue\u00f1o, con mi gato Carl-Philip arrullando boca abajo<br \/>\n\u2665 Desayun\u00e9 frente a una pel\u00edcula rom\u00e1ntica con Miska<br \/>\n\u2665 Tom\u00e9 caf\u00e9 en las escaleras bajo el sol, todav\u00eda hace calor :)<br \/>\n\u2665 Se dio una ducha larga con una envoltura para el cabello y se frot\u00f3 todo el cuerpo.<br \/>\n\u2665 Y ahora me siento frente a la computadora con una mascarilla, u\u00f1as de los pies reci\u00e9n pintadas y como chocolate. \u00a1La estufa de le\u00f1a est\u00e1 ardiendo aqu\u00ed y me siento completamente tranquilo en mi alma!<\/p>\n<p>Es muy importante descansar y disfrutar del lujo diario. Estoy en un per\u00edodo de trabajo estresante en este momento con todo lo nuevo que ha comenzado, \u00a1aunque, por supuesto, todo es mega divertido! Y por eso me aterroriza perder la calidad de vida, no debes olvidarte de vivir el presente y disfrutar de toda la diversi\u00f3n que pasa; si te lo pierdes, toda carrera es innecesaria en cualquier caso. Nunca antes hab\u00eda construido una carrera, pero si aprendes de los errores de los dem\u00e1s, parece f\u00e1cil estresarte tanto que no tienes tiempo para detenerte y disfrutar. Y de repente mueres sin haber <em>vivi\u00f3<\/em> la vida de ensue\u00f1o que realmente ha tenido.<\/p>\n<p>\u00bfEntiendes lo que quiero decir? \u00a1El lujo diario es realmente vital! :)<\/p>\n<p>Comenc\u00e9 a reflexionar m\u00e1s sobre esto despu\u00e9s del jueves pasado, estaba en el desfile de modas del Ayuntamiento y tom\u00e9 un AW con Tove Castor de <a href=\"http:\/\/visualisterna.se\" target=\"_blank\">Visualistas<\/a>. Somos dos chicas que nos conocemos desde hace unos 3 a\u00f1os, y \u00bfde qu\u00e9 hablamos de principio a fin? \u00a1Emprendimiento! :)<\/p>\n<p><a href=\"http:\/\/www.imakeyousmile.se\/wp-content\/uploads\/2015\/09\/IMG_5292_111.jpg\"><img loading=\"lazy\" decoding=\"async\" class=\"alignnone size-full wp-image-22098\" src=\"http:\/\/www.imakeyousmile.se\/wp-content\/uploads\/2015\/09\/IMG_5292_111.jpg\" alt=\"IMG_5292_111\" width=\"2000\" height=\"1731\" srcset=\"https:\/\/www.imakeyousmile.se\/wp-content\/uploads\/2015\/09\/IMG_5292_111.jpg 2000w, https:\/\/www.imakeyousmile.se\/wp-content\/uploads\/2015\/09\/IMG_5292_111-300x260.jpg 300w, https:\/\/www.imakeyousmile.se\/wp-content\/uploads\/2015\/09\/IMG_5292_111-1024x886.jpg 1024w, https:\/\/www.imakeyousmile.se\/wp-content\/uploads\/2015\/09\/IMG_5292_111-534x462.jpg 534w, https:\/\/www.imakeyousmile.se\/wp-content\/uploads\/2015\/09\/IMG_5292_111-696x602.jpg 696w, https:\/\/www.imakeyousmile.se\/wp-content\/uploads\/2015\/09\/IMG_5292_111-1068x924.jpg 1068w, https:\/\/www.imakeyousmile.se\/wp-content\/uploads\/2015\/09\/IMG_5292_111-485x420.jpg 485w\" sizes=\"(max-width: 2000px) 100vw, 2000px\" \/><\/a><\/p>\n<p>\u00a1Tove y yo en la inauguraci\u00f3n de Creative Makeup By Her!<\/p>\n<p>Cada vez que nos sentamos y hablamos, \u00a1te sientes tan inspirado en el cielo! Sabes cuando simplemente burbujeas ideas y el tiempo pasa tan r\u00e1pido. Cuando tienes un trabajo un poco diferente al m\u00edo, no es posible inyectar ideas como esta con nadie, muchos vienen con consejos pero si no tienes una comprensi\u00f3n completa, rara vez es un consejo apropiado jaja.<\/p>\n<p>Pero Tove es una de las pocas personas a las que se les ocurren ideas realmente buenas, y lo que me llam\u00f3 la atenci\u00f3n el jueves fue que hay mucho que desarrollar y hacer mejor, pero que el \u00fanico obst\u00e1culo que detiene es la falta de tiempo, y hay que hacerlo. date cuenta de que no puedes hacerlo todo t\u00fa mismo. Entonces todo se hace a medias al mismo tiempo que t\u00fa mismo te estresas.<\/p>\n<p>Pero, en lugar de que la propia humanidad lo detenga, \u00a1uno debe pensar de nuevo! \u00bfPor qu\u00e9 deber\u00eda esforzarme mucho en cosas que no tengo tiempo para hacer de todo coraz\u00f3n? \u00a1Maldita sea, qu\u00e9 desperdicio de recursos!<\/p>\n<p>Ya tengo un empleado en mi empresa, y ahora ya tengo pensamientos en m\u00e1s :) Nada en un futuro muy cercano, tienes que asegurarte de que tambi\u00e9n sea financieramente posible, pero realmente creo que si la piedra angular de una empresa (en este caso yo) tengo tiempo y energ\u00eda para hacer <em>unos pocos<\/em>\u00a0las cosas de todo coraz\u00f3n en cambio <em>todo<\/em> a medias, la empresa ganar\u00e1 el salario de todos con entusiasmo y se desarrollar\u00e1 mucho, mucho m\u00e1s r\u00e1pido en cualquier caso.<\/p>\n<p><a href=\"http:\/\/www.imakeyousmile.se\/wp-content\/uploads\/2015\/10\/IMG_5763_1111.jpg\"><img loading=\"lazy\" decoding=\"async\" class=\"alignnone size-full wp-image-22258\" src=\"http:\/\/www.imakeyousmile.se\/wp-content\/uploads\/2015\/10\/IMG_5763_1111.jpg\" alt=\"IMG_5763_1111\" width=\"2551\" height=\"1761\" srcset=\"https:\/\/www.imakeyousmile.se\/wp-content\/uploads\/2015\/10\/IMG_5763_1111.jpg 2551w, https:\/\/www.imakeyousmile.se\/wp-content\/uploads\/2015\/10\/IMG_5763_1111-300x207.jpg 300w, https:\/\/www.imakeyousmile.se\/wp-content\/uploads\/2015\/10\/IMG_5763_1111-1024x707.jpg 1024w, https:\/\/www.imakeyousmile.se\/wp-content\/uploads\/2015\/10\/IMG_5763_1111-100x70.jpg 100w, https:\/\/www.imakeyousmile.se\/wp-content\/uploads\/2015\/10\/IMG_5763_1111-218x150.jpg 218w, https:\/\/www.imakeyousmile.se\/wp-content\/uploads\/2015\/10\/IMG_5763_1111-696x480.jpg 696w, https:\/\/www.imakeyousmile.se\/wp-content\/uploads\/2015\/10\/IMG_5763_1111-1068x737.jpg 1068w, https:\/\/www.imakeyousmile.se\/wp-content\/uploads\/2015\/10\/IMG_5763_1111-608x420.jpg 608w\" sizes=\"(max-width: 2551px) 100vw, 2551px\" \/><\/a><\/p>\n<p>Varios de ustedes me han escrito dici\u00e9ndome que sienten la necesidad de comenzar el suyo cuando leen sobre la nueva tienda y sal\u00f3n, \u00a1lo que me hace extremadamente feliz! As\u00ed que espero que se inspire, y aunque esta publicaci\u00f3n fue larga y tal vez un poco difusa, me pregunto si desea leer m\u00e1s sobre el esp\u00edritu empresarial aqu\u00ed en el blog. :)<\/p>\n<p>No soy un emprendedor cl\u00e1sico, soy joven, doy un paso a la vez, y sobre todo lo hago a mi manera. Tal vez ser\u00eda divertido tenerlo como una parte natural del blog, un poco &quot;detr\u00e1s de escena&quot; en mi viaje profesional :) \u00bfO qu\u00e9 piensas?<\/p>\n<p>Fue un poco de charla dominical, un cerebro descansado que quer\u00eda ventilar :) Ahora voy a hacer una taza de caf\u00e9 y repasar unas fotos de maquillaje que a\u00fan no he publicado. \u00a1Los abrazos son! \u2665<\/p>","protected":false},"excerpt":{"rendered":"<p>Idag har jag: \u2665 B\u00f6rjat dagen med\u00a0en l\u00e5ng sovmorgon, med min katt Carl-Philip kurrandes p\u00e5 magen \u2665 \u00c4tit\u00a0frukost\u00a0framf\u00f6r en romantisk film med Miska \u2665 Druckit\u00a0kaffe\u00a0ute p\u00e5 trappan i solen, den v\u00e4rmer fortfarande :) \u2665 Tagit en\u00a0l\u00e5ng dusch med h\u00e5rinpackning och skrubbat hela kroppen \u2665\u00a0Och nu sitter jag framf\u00f6r datorn med ansiktsmask, nym\u00e5lade t\u00e5naglar och \u00e4ter [&hellip;]<\/p>\n","protected":false},"author":30,"featured_media":22258,"comment_status":"open","ping_status":"closed","sticky":false,"template":"","format":"standard","meta":{"footnotes":""},"categories":[4070,3],"tags":[4071],"class_list":["post-22257","post","type-post","status-publish","format-standard","has-post-thumbnail","hentry","category-entreprenorskap","category-allmant","tag-ung-entreprenor"],"yoast_head":"<!-- This site is optimized with the Yoast SEO Premium plugin v14.9 - https:\/\/yoast.com\/wordpress\/plugins\/seo\/ -->\n<meta name=\"description\" content=\"Entrepren\u00f6rssnack i bloggen | Helena Amiley - H\u00e4r hittar du senaste infromation om sk\u00f6nhet, livsstil, entrepren\u00f6rskap, makeup &amp; tips.\" \/>\n<meta name=\"robots\" content=\"index, follow, max-snippet:-1, max-image-preview:large, max-video-preview:-1\" \/>\n<link rel=\"canonical\" href=\"https:\/\/www.imakeyousmile.se\/es\/entreprenorssnack-i-bloggen\/\" \/>\n<meta property=\"og:locale\" content=\"es_ES\" \/>\n<meta property=\"og:type\" content=\"article\" \/>\n<meta property=\"og:title\" content=\"Entrepren\u00f6rssnack i bloggen | Imakeyousmile.se\" \/>\n<meta property=\"og:description\" content=\"Entrepren\u00f6rssnack i bloggen | Helena Amiley - H\u00e4r hittar du senaste infromation om sk\u00f6nhet, livsstil, entrepren\u00f6rskap, makeup &amp; tips.\" \/>\n<meta property=\"og:url\" content=\"https:\/\/www.imakeyousmile.se\/es\/entreprenorssnack-i-bloggen\/\" \/>\n<meta property=\"og:site_name\" content=\"Imakeyousmile.se\" \/>\n<meta property=\"article:author\" content=\"https:\/\/www.facebook.com\/imakeyousmile.se\" \/>\n<meta property=\"article:published_time\" content=\"2015-10-11T13:59:25+00:00\" \/>\n<meta property=\"og:image\" content=\"https:\/\/www.imakeyousmile.se\/wp-content\/uploads\/2015\/10\/IMG_5763_1111.jpg\" \/>\n\t<meta property=\"og:image:width\" content=\"2551\" \/>\n\t<meta property=\"og:image:height\" content=\"1761\" \/>\n<meta name=\"twitter:card\" content=\"summary_large_image\" \/>\n<script type=\"application\/ld+json\" class=\"yoast-schema-graph\">{\"@context\":\"https:\/\/schema.org\",\"@graph\":[{\"@type\":\"Organization\",\"@id\":\"https:\/\/www.imakeyousmile.se\/es\/#organization\",\"name\":\"Imakeyousmile\",\"url\":\"https:\/\/www.imakeyousmile.se\/es\/\",\"sameAs\":[],\"logo\":{\"@type\":\"ImageObject\",\"@id\":\"https:\/\/www.imakeyousmile.se\/es\/#logo\",\"inLanguage\":\"es\",\"url\":\"https:\/\/www.imakeyousmile.se\/wp-content\/uploads\/2020\/10\/HELENA-AMILEY_SVART-1-e1603367975324.png\",\"width\":280,\"height\":93,\"caption\":\"Imakeyousmile\"},\"image\":{\"@id\":\"https:\/\/www.imakeyousmile.se\/es\/#logo\"}},{\"@type\":\"WebSite\",\"@id\":\"https:\/\/www.imakeyousmile.se\/es\/#website\",\"url\":\"https:\/\/www.imakeyousmile.se\/es\/\",\"name\":\"Imakeyousmile.se\",\"description\":\"Helena Amiley - Beauty, Entrepreneur, Lifestyle\",\"publisher\":{\"@id\":\"https:\/\/www.imakeyousmile.se\/es\/#organization\"},\"potentialAction\":[{\"@type\":\"SearchAction\",\"target\":\"https:\/\/www.imakeyousmile.se\/es\/?s={search_term_string}\",\"query-input\":\"required name=search_term_string\"}],\"inLanguage\":\"es\"},{\"@type\":\"ImageObject\",\"@id\":\"https:\/\/www.imakeyousmile.se\/entreprenorssnack-i-bloggen\/#primaryimage\",\"inLanguage\":\"es\",\"url\":\"https:\/\/www.imakeyousmile.se\/wp-content\/uploads\/2015\/10\/IMG_5763_1111.jpg\",\"width\":2551,\"height\":1761},{\"@type\":\"WebPage\",\"@id\":\"https:\/\/www.imakeyousmile.se\/entreprenorssnack-i-bloggen\/#webpage\",\"url\":\"https:\/\/www.imakeyousmile.se\/entreprenorssnack-i-bloggen\/\",\"name\":\"Entrepren\\u00f6rssnack i bloggen | Imakeyousmile.se\",\"isPartOf\":{\"@id\":\"https:\/\/www.imakeyousmile.se\/es\/#website\"},\"primaryImageOfPage\":{\"@id\":\"https:\/\/www.imakeyousmile.se\/entreprenorssnack-i-bloggen\/#primaryimage\"},\"datePublished\":\"2015-10-11T13:59:25+00:00\",\"dateModified\":\"2015-10-11T13:59:25+00:00\",\"description\":\"Entrepren\\u00f6rssnack i bloggen | Helena Amiley - H\\u00e4r hittar du senaste infromation om sk\\u00f6nhet, livsstil, entrepren\\u00f6rskap, makeup & tips.\",\"inLanguage\":\"es\",\"potentialAction\":[{\"@type\":\"ReadAction\",\"target\":[\"https:\/\/www.imakeyousmile.se\/entreprenorssnack-i-bloggen\/\"]}]},{\"@type\":\"Article\",\"@id\":\"https:\/\/www.imakeyousmile.se\/entreprenorssnack-i-bloggen\/#article\",\"isPartOf\":{\"@id\":\"https:\/\/www.imakeyousmile.se\/entreprenorssnack-i-bloggen\/#webpage\"},\"author\":{\"@id\":\"https:\/\/www.imakeyousmile.se\/es\/#\/schema\/person\/b0fd43b1c6bb1c60cfd68bff9b4a10fb\"},\"headline\":\"Entrepren\\u00f6rssnack i bloggen\",\"datePublished\":\"2015-10-11T13:59:25+00:00\",\"dateModified\":\"2015-10-11T13:59:25+00:00\",\"mainEntityOfPage\":{\"@id\":\"https:\/\/www.imakeyousmile.se\/entreprenorssnack-i-bloggen\/#webpage\"},\"commentCount\":3,\"publisher\":{\"@id\":\"https:\/\/www.imakeyousmile.se\/es\/#organization\"},\"image\":{\"@id\":\"https:\/\/www.imakeyousmile.se\/entreprenorssnack-i-bloggen\/#primaryimage\"},\"keywords\":\"ung entrepren\\u00f6r\",\"articleSection\":\"Entrepren\\u00f6rskap,\\u00d6vrigt\",\"inLanguage\":\"es\",\"potentialAction\":[{\"@type\":\"CommentAction\",\"name\":\"Comment\",\"target\":[\"https:\/\/www.imakeyousmile.se\/entreprenorssnack-i-bloggen\/#respond\"]}]},{\"@type\":\"Person\",\"@id\":\"https:\/\/www.imakeyousmile.se\/es\/#\/schema\/person\/b0fd43b1c6bb1c60cfd68bff9b4a10fb\",\"name\":\"Helena Amiley\",\"image\":{\"@type\":\"ImageObject\",\"@id\":\"https:\/\/www.imakeyousmile.se\/es\/#personlogo\",\"inLanguage\":\"es\",\"url\":\"https:\/\/secure.gravatar.com\/avatar\/5645558e1e355457a23368d7e1b4c904?s=96&d=mm&r=g\",\"caption\":\"Helena Amiley\"},\"description\":\"Jag skriver mest om sk\\u00f6nhet men bjuder \\u00e4ven p\\u00e5 glimtar fr\\u00e5n entrepren\\u00f6rlivet och bygget av v\\u00e5r egen camper van. Vanlife here we come!\",\"sameAs\":[\"https:\/\/www.facebook.com\/imakeyousmile.se\",\"https:\/\/www.instagram.com\/helenaamiley\",\"https:\/\/www.youtube.com\/channel\/UCR5iB6rvpV6Yr8ZjpQfr5mg?view_as=subscriber\"]}]}<\/script>\n<!-- \/ Yoast SEO Premium plugin. -->","_links":{"self":[{"href":"https:\/\/www.imakeyousmile.se\/es\/wp-json\/wp\/v2\/posts\/22257"}],"collection":[{"href":"https:\/\/www.imakeyousmile.se\/es\/wp-json\/wp\/v2\/posts"}],"about":[{"href":"https:\/\/www.imakeyousmile.se\/es\/wp-json\/wp\/v2\/types\/post"}],"author":[{"embeddable":true,"href":"https:\/\/www.imakeyousmile.se\/es\/wp-json\/wp\/v2\/users\/30"}],"replies":[{"embeddable":true,"href":"https:\/\/www.imakeyousmile.se\/es\/wp-json\/wp\/v2\/comments?post=22257"}],"version-history":[{"count":6,"href":"https:\/\/www.imakeyousmile.se\/es\/wp-json\/wp\/v2\/posts\/22257\/revisions"}],"predecessor-version":[{"id":22264,"href":"https:\/\/www.imakeyousmile.se\/es\/wp-json\/wp\/v2\/posts\/22257\/revisions\/22264"}],"wp:featuredmedia":[{"embeddable":true,"href":"https:\/\/www.imakeyousmile.se\/es\/wp-json\/wp\/v2\/media\/22258"}],"wp:attachment":[{"href":"https:\/\/www.imakeyousmile.se\/es\/wp-json\/wp\/v2\/media?parent=22257"}],"wp:term":[{"taxonomy":"category","embeddable":true,"href":"https:\/\/www.imakeyousmile.se\/es\/wp-json\/wp\/v2\/categories?post=22257"},{"taxonomy":"post_tag","embeddable":true,"href":"https:\/\/www.imakeyousmile.se\/es\/wp-json\/wp\/v2\/tags?post=22257"}],"curies":[{"name":"wp","href":"https:\/\/api.w.org\/{rel}","templated":true}]}}