{"id":22756,"date":"2015-11-24T05:00:54","date_gmt":"2015-11-24T04:00:54","guid":{"rendered":"http:\/\/www.imakeyousmile.se\/?p=22756"},"modified":"2020-10-22T17:07:22","modified_gmt":"2020-10-22T15:07:22","slug":"ogonbrynstatuering-fore-efter-3","status":"publish","type":"post","link":"https:\/\/www.imakeyousmile.se\/es\/ogonbrynstatuering-fore-efter-3\/","title":{"rendered":"Tatuaje de cejas antes y despu\u00e9s"},"content":{"rendered":"<p>Quer\u00edas ver m\u00e1s publicaciones sobre maquillaje permanente, \u00a1lo que me hace feliz! :) Aunque no hice el trabajo, \u00a1creo que es muy divertido escribir sobre \u00e9l! \u2665<\/p>\n<p>La semana pasada, Annika tatu\u00f3 las cejas de nuestra maquilladora Sandra, y aqu\u00ed est\u00e1n las fotos de antes y despu\u00e9s del incre\u00edblemente hermoso resultado:<\/p>\n<p><a href=\"http:\/\/www.imakeyousmile.se\/wp-content\/uploads\/2015\/11\/creative-makeup-eyebrow-tattoo.png\"><img loading=\"lazy\" decoding=\"async\" class=\"alignnone size-full wp-image-22757\" src=\"http:\/\/www.imakeyousmile.se\/wp-content\/uploads\/2015\/11\/creative-makeup-eyebrow-tattoo.png\" alt=\"maquillaje-creativo-tatuaje-de-cejas\" width=\"2000\" height=\"1565\" srcset=\"https:\/\/www.imakeyousmile.se\/wp-content\/uploads\/2015\/11\/creative-makeup-eyebrow-tattoo.png 2000w, https:\/\/www.imakeyousmile.se\/wp-content\/uploads\/2015\/11\/creative-makeup-eyebrow-tattoo-300x235.png 300w, https:\/\/www.imakeyousmile.se\/wp-content\/uploads\/2015\/11\/creative-makeup-eyebrow-tattoo-1024x801.png 1024w, https:\/\/www.imakeyousmile.se\/wp-content\/uploads\/2015\/11\/creative-makeup-eyebrow-tattoo-696x545.png 696w, https:\/\/www.imakeyousmile.se\/wp-content\/uploads\/2015\/11\/creative-makeup-eyebrow-tattoo-1068x836.png 1068w, https:\/\/www.imakeyousmile.se\/wp-content\/uploads\/2015\/11\/creative-makeup-eyebrow-tattoo-537x420.png 537w\" sizes=\"(max-width: 2000px) 100vw, 2000px\" \/><\/a><\/p>\n<p><a href=\"http:\/\/www.imakeyousmile.se\/wp-content\/uploads\/2015\/11\/creative-makeup-\u00f6gonbrynstatuering.jpg\"><img loading=\"lazy\" decoding=\"async\" class=\"alignnone size-full wp-image-22758\" src=\"http:\/\/www.imakeyousmile.se\/wp-content\/uploads\/2015\/11\/creative-makeup-\u00f6gonbrynstatuering.jpg\" alt=\"tatuaje creativo de cejas\" width=\"1812\" height=\"1552\" srcset=\"https:\/\/www.imakeyousmile.se\/wp-content\/uploads\/2015\/11\/creative-makeup-\u00f6gonbrynstatuering.jpg 1812w, https:\/\/www.imakeyousmile.se\/wp-content\/uploads\/2015\/11\/creative-makeup-\u00f6gonbrynstatuering-300x257.jpg 300w, https:\/\/www.imakeyousmile.se\/wp-content\/uploads\/2015\/11\/creative-makeup-\u00f6gonbrynstatuering-1024x877.jpg 1024w, https:\/\/www.imakeyousmile.se\/wp-content\/uploads\/2015\/11\/creative-makeup-\u00f6gonbrynstatuering-696x596.jpg 696w, https:\/\/www.imakeyousmile.se\/wp-content\/uploads\/2015\/11\/creative-makeup-\u00f6gonbrynstatuering-1068x915.jpg 1068w, https:\/\/www.imakeyousmile.se\/wp-content\/uploads\/2015\/11\/creative-makeup-\u00f6gonbrynstatuering-490x420.jpg 490w\" sizes=\"(max-width: 1812px) 100vw, 1812px\" \/><\/a> <a href=\"http:\/\/www.imakeyousmile.se\/wp-content\/uploads\/2015\/11\/f\u00f6re-efter-\u00f6gonbrynstatuering.jpg\"><img loading=\"lazy\" decoding=\"async\" class=\"alignnone size-full wp-image-22759\" src=\"http:\/\/www.imakeyousmile.se\/wp-content\/uploads\/2015\/11\/f\u00f6re-efter-\u00f6gonbrynstatuering.jpg\" alt=\"antes-despu\u00e9s-tatuaje de cejas\" width=\"2316\" height=\"1748\" srcset=\"https:\/\/www.imakeyousmile.se\/wp-content\/uploads\/2015\/11\/f\u00f6re-efter-\u00f6gonbrynstatuering.jpg 2316w, https:\/\/www.imakeyousmile.se\/wp-content\/uploads\/2015\/11\/f\u00f6re-efter-\u00f6gonbrynstatuering-300x226.jpg 300w, https:\/\/www.imakeyousmile.se\/wp-content\/uploads\/2015\/11\/f\u00f6re-efter-\u00f6gonbrynstatuering-1024x773.jpg 1024w, https:\/\/www.imakeyousmile.se\/wp-content\/uploads\/2015\/11\/f\u00f6re-efter-\u00f6gonbrynstatuering-80x60.jpg 80w, https:\/\/www.imakeyousmile.se\/wp-content\/uploads\/2015\/11\/f\u00f6re-efter-\u00f6gonbrynstatuering-696x525.jpg 696w, https:\/\/www.imakeyousmile.se\/wp-content\/uploads\/2015\/11\/f\u00f6re-efter-\u00f6gonbrynstatuering-1068x806.jpg 1068w, https:\/\/www.imakeyousmile.se\/wp-content\/uploads\/2015\/11\/f\u00f6re-efter-\u00f6gonbrynstatuering-556x420.jpg 556w\" sizes=\"(max-width: 2316px) 100vw, 2316px\" \/><\/a><\/p>\n<p>\u00bfSeguramente ella es absolutamente fant\u00e1sticamente buena Annika?<\/p>\n<p>En las im\u00e1genes completas, la imagen posterior se toma al d\u00eda siguiente, pero el resto se toma inmediatamente despu\u00e9s. Hicimos una nueva foto completa porque se recogi\u00f3 el pelo por la tarde despu\u00e9s de hacerse un tatuaje, en el que no pens\u00e9 entonces, y me molest\u00f3 tan brutalmente que tuviera su cabello diferente en las fotos as\u00ed que tomamos uno nuevo jaja.<\/p>\n<p>\u00bfQu\u00e9 piensas? :)<\/p>","protected":false},"excerpt":{"rendered":"<p>Ni ville se mer inl\u00e4gg om permanent makeup vilket gl\u00e4der mig! :) \u00c4ven fast det inte \u00e4r jag som gjort jobbet s\u00e5 tycker jag att det \u00e4r s\u00e5 himla roligt att skriva om!\u00a0\u2665 F\u00f6rra veckan tatuerade Annika v\u00e5r makeupartist Sandras \u00f6gonbryn, och h\u00e4r \u00e4r f\u00f6re- och efterbilder p\u00e5 det otroligt snygga resultatet: Visst \u00e4r hon [&hellip;]<\/p>\n","protected":false},"author":30,"featured_media":22757,"comment_status":"open","ping_status":"closed","sticky":false,"template":"","format":"standard","meta":{"footnotes":""},"categories":[12,65],"tags":[3992,2824,4210,1984,133,4209,4211,1986,1983],"class_list":["post-22756","post","type-post","status-publish","format-standard","has-post-thumbnail","hentry","category-ogonbryn","category-permanent-make-up","tag-3d-ogonbryn","tag-3d-tatuering-ogonbryn","tag-harstrateknik-permanent-makeup","tag-kosmetisk-tatuering-ogonbryn","tag-ogonbrynstatuering","tag-ogonbrynstatuering-fore-efter","tag-permanent-makeup-artist","tag-permanent-makeup-ogonbryn","tag-tatuera-ogonbrynen"],"yoast_head":"<!-- This site is optimized with the Yoast SEO Premium plugin v14.9 - https:\/\/yoast.com\/wordpress\/plugins\/seo\/ -->\n<meta name=\"description\" content=\"\u00d6gonbrynstatuering f\u00f6re &amp; efter | Helena Amiley - H\u00e4r hittar du senaste infromation om sk\u00f6nhet, livsstil, entrepren\u00f6rskap, makeup &amp; tips.\" \/>\n<meta name=\"robots\" content=\"index, follow, max-snippet:-1, max-image-preview:large, max-video-preview:-1\" \/>\n<link rel=\"canonical\" href=\"https:\/\/www.imakeyousmile.se\/es\/ogonbrynstatuering-fore-efter-3\/\" \/>\n<meta property=\"og:locale\" content=\"es_ES\" \/>\n<meta property=\"og:type\" content=\"article\" \/>\n<meta property=\"og:title\" content=\"\u00d6gonbrynstatuering f\u00f6re &amp; efter | Imakeyousmile.se\" \/>\n<meta property=\"og:description\" content=\"\u00d6gonbrynstatuering f\u00f6re &amp; efter | Helena Amiley - H\u00e4r hittar du senaste infromation om sk\u00f6nhet, livsstil, entrepren\u00f6rskap, makeup &amp; tips.\" \/>\n<meta property=\"og:url\" content=\"https:\/\/www.imakeyousmile.se\/es\/ogonbrynstatuering-fore-efter-3\/\" \/>\n<meta property=\"og:site_name\" content=\"Imakeyousmile.se\" \/>\n<meta property=\"article:author\" content=\"https:\/\/www.facebook.com\/imakeyousmile.se\" \/>\n<meta property=\"article:published_time\" content=\"2015-11-24T04:00:54+00:00\" \/>\n<meta property=\"article:modified_time\" content=\"2020-10-22T15:07:22+00:00\" \/>\n<meta property=\"og:image\" content=\"https:\/\/www.imakeyousmile.se\/wp-content\/uploads\/2015\/11\/creative-makeup-eyebrow-tattoo-1024x801.png\" \/>\n\t<meta property=\"og:image:width\" content=\"1024\" \/>\n\t<meta property=\"og:image:height\" content=\"801\" \/>\n<meta name=\"twitter:card\" content=\"summary_large_image\" \/>\n<script type=\"application\/ld+json\" class=\"yoast-schema-graph\">{\"@context\":\"https:\/\/schema.org\",\"@graph\":[{\"@type\":\"Organization\",\"@id\":\"https:\/\/www.imakeyousmile.se\/es\/#organization\",\"name\":\"Imakeyousmile\",\"url\":\"https:\/\/www.imakeyousmile.se\/es\/\",\"sameAs\":[],\"logo\":{\"@type\":\"ImageObject\",\"@id\":\"https:\/\/www.imakeyousmile.se\/es\/#logo\",\"inLanguage\":\"es\",\"url\":\"https:\/\/www.imakeyousmile.se\/wp-content\/uploads\/2020\/10\/HELENA-AMILEY_SVART-1-e1603367975324.png\",\"width\":280,\"height\":93,\"caption\":\"Imakeyousmile\"},\"image\":{\"@id\":\"https:\/\/www.imakeyousmile.se\/es\/#logo\"}},{\"@type\":\"WebSite\",\"@id\":\"https:\/\/www.imakeyousmile.se\/es\/#website\",\"url\":\"https:\/\/www.imakeyousmile.se\/es\/\",\"name\":\"Imakeyousmile.se\",\"description\":\"Helena Amiley - Beauty, Entrepreneur, Lifestyle\",\"publisher\":{\"@id\":\"https:\/\/www.imakeyousmile.se\/es\/#organization\"},\"potentialAction\":[{\"@type\":\"SearchAction\",\"target\":\"https:\/\/www.imakeyousmile.se\/es\/?s={search_term_string}\",\"query-input\":\"required name=search_term_string\"}],\"inLanguage\":\"es\"},{\"@type\":\"ImageObject\",\"@id\":\"https:\/\/www.imakeyousmile.se\/ogonbrynstatuering-fore-efter-3\/#primaryimage\",\"inLanguage\":\"es\",\"url\":\"https:\/\/www.imakeyousmile.se\/wp-content\/uploads\/2015\/11\/creative-makeup-eyebrow-tattoo.png\",\"width\":2000,\"height\":1565},{\"@type\":\"WebPage\",\"@id\":\"https:\/\/www.imakeyousmile.se\/ogonbrynstatuering-fore-efter-3\/#webpage\",\"url\":\"https:\/\/www.imakeyousmile.se\/ogonbrynstatuering-fore-efter-3\/\",\"name\":\"\\u00d6gonbrynstatuering f\\u00f6re & efter | Imakeyousmile.se\",\"isPartOf\":{\"@id\":\"https:\/\/www.imakeyousmile.se\/es\/#website\"},\"primaryImageOfPage\":{\"@id\":\"https:\/\/www.imakeyousmile.se\/ogonbrynstatuering-fore-efter-3\/#primaryimage\"},\"datePublished\":\"2015-11-24T04:00:54+00:00\",\"dateModified\":\"2020-10-22T15:07:22+00:00\",\"description\":\"\\u00d6gonbrynstatuering f\\u00f6re & efter | Helena Amiley - H\\u00e4r hittar du senaste infromation om sk\\u00f6nhet, livsstil, entrepren\\u00f6rskap, makeup & tips.\",\"inLanguage\":\"es\",\"potentialAction\":[{\"@type\":\"ReadAction\",\"target\":[\"https:\/\/www.imakeyousmile.se\/ogonbrynstatuering-fore-efter-3\/\"]}]},{\"@type\":\"Article\",\"@id\":\"https:\/\/www.imakeyousmile.se\/ogonbrynstatuering-fore-efter-3\/#article\",\"isPartOf\":{\"@id\":\"https:\/\/www.imakeyousmile.se\/ogonbrynstatuering-fore-efter-3\/#webpage\"},\"author\":{\"@id\":\"https:\/\/www.imakeyousmile.se\/es\/#\/schema\/person\/b0fd43b1c6bb1c60cfd68bff9b4a10fb\"},\"headline\":\"\\u00d6gonbrynstatuering f\\u00f6re &#038; efter\",\"datePublished\":\"2015-11-24T04:00:54+00:00\",\"dateModified\":\"2020-10-22T15:07:22+00:00\",\"mainEntityOfPage\":{\"@id\":\"https:\/\/www.imakeyousmile.se\/ogonbrynstatuering-fore-efter-3\/#webpage\"},\"commentCount\":3,\"publisher\":{\"@id\":\"https:\/\/www.imakeyousmile.se\/es\/#organization\"},\"image\":{\"@id\":\"https:\/\/www.imakeyousmile.se\/ogonbrynstatuering-fore-efter-3\/#primaryimage\"},\"keywords\":\"3d \\u00f6gonbryn,3d tatuering \\u00f6gonbryn,h\\u00e5rstr\\u00e5teknik permanent makeup,kosmetisk tatuering \\u00f6gonbryn,\\u00d6gonbrynstatuering,\\u00d6gonbrynstatuering f\\u00f6re &amp; efter,permanent makeup artist,permanent makeup \\u00f6gonbryn,tatuera \\u00f6gonbrynen\",\"articleSection\":\"\\u00d6gonbryn,Permanent makeup\",\"inLanguage\":\"es\",\"potentialAction\":[{\"@type\":\"CommentAction\",\"name\":\"Comment\",\"target\":[\"https:\/\/www.imakeyousmile.se\/ogonbrynstatuering-fore-efter-3\/#respond\"]}]},{\"@type\":\"Person\",\"@id\":\"https:\/\/www.imakeyousmile.se\/es\/#\/schema\/person\/b0fd43b1c6bb1c60cfd68bff9b4a10fb\",\"name\":\"Helena Amiley\",\"image\":{\"@type\":\"ImageObject\",\"@id\":\"https:\/\/www.imakeyousmile.se\/es\/#personlogo\",\"inLanguage\":\"es\",\"url\":\"https:\/\/secure.gravatar.com\/avatar\/5645558e1e355457a23368d7e1b4c904?s=96&d=mm&r=g\",\"caption\":\"Helena Amiley\"},\"description\":\"Jag skriver mest om sk\\u00f6nhet men bjuder \\u00e4ven p\\u00e5 glimtar fr\\u00e5n entrepren\\u00f6rlivet och bygget av v\\u00e5r egen camper van. Vanlife here we come!\",\"sameAs\":[\"https:\/\/www.facebook.com\/imakeyousmile.se\",\"https:\/\/www.instagram.com\/helenaamiley\",\"https:\/\/www.youtube.com\/channel\/UCR5iB6rvpV6Yr8ZjpQfr5mg?view_as=subscriber\"]}]}<\/script>\n<!-- \/ Yoast SEO Premium plugin. -->","_links":{"self":[{"href":"https:\/\/www.imakeyousmile.se\/es\/wp-json\/wp\/v2\/posts\/22756"}],"collection":[{"href":"https:\/\/www.imakeyousmile.se\/es\/wp-json\/wp\/v2\/posts"}],"about":[{"href":"https:\/\/www.imakeyousmile.se\/es\/wp-json\/wp\/v2\/types\/post"}],"author":[{"embeddable":true,"href":"https:\/\/www.imakeyousmile.se\/es\/wp-json\/wp\/v2\/users\/30"}],"replies":[{"embeddable":true,"href":"https:\/\/www.imakeyousmile.se\/es\/wp-json\/wp\/v2\/comments?post=22756"}],"version-history":[{"count":1,"href":"https:\/\/www.imakeyousmile.se\/es\/wp-json\/wp\/v2\/posts\/22756\/revisions"}],"predecessor-version":[{"id":22760,"href":"https:\/\/www.imakeyousmile.se\/es\/wp-json\/wp\/v2\/posts\/22756\/revisions\/22760"}],"wp:featuredmedia":[{"embeddable":true,"href":"https:\/\/www.imakeyousmile.se\/es\/wp-json\/wp\/v2\/media\/22757"}],"wp:attachment":[{"href":"https:\/\/www.imakeyousmile.se\/es\/wp-json\/wp\/v2\/media?parent=22756"}],"wp:term":[{"taxonomy":"category","embeddable":true,"href":"https:\/\/www.imakeyousmile.se\/es\/wp-json\/wp\/v2\/categories?post=22756"},{"taxonomy":"post_tag","embeddable":true,"href":"https:\/\/www.imakeyousmile.se\/es\/wp-json\/wp\/v2\/tags?post=22756"}],"curies":[{"name":"wp","href":"https:\/\/api.w.org\/{rel}","templated":true}]}}