{"id":23004,"date":"2015-12-08T12:00:44","date_gmt":"2015-12-08T11:00:44","guid":{"rendered":"http:\/\/www.imakeyousmile.se\/?p=23004"},"modified":"2015-12-08T08:45:44","modified_gmt":"2015-12-08T07:45:44","slug":"amanda-winberg-sminkning","status":"publish","type":"post","link":"https:\/\/www.imakeyousmile.se\/es\/maquillaje-de-amanda-winberg\/","title":{"rendered":"Maquillaje de Amanda Winberg"},"content":{"rendered":"<p>No he visto todos los episodios de Idol este a\u00f1o, pero he visto algunos episodios y el viernes que mejor recuerdo es cuando Amanda Winberg cant\u00f3 Jolene. \u00a1Ella no solo era incre\u00edblemente talentosa, sino tambi\u00e9n incomparablemente guapa!<\/p>\n<p>Y como ahora tambi\u00e9n es Navidad, no pude evitar maquillarme inspirado en ella, si fuera a una fiesta de Navidad, me arreglar\u00eda as\u00ed :)<br \/>\n<a href=\"http:\/\/www.imakeyousmile.se\/wp-content\/uploads\/2015\/12\/Sk\u00e4rmklipp-2015-12-07-11.52.00.png\"><br \/>\n<\/a> <a href=\"http:\/\/www.imakeyousmile.se\/wp-content\/uploads\/2015\/12\/Sk\u00e4rmklipp-2015-12-07-11.52.35.png\"><img loading=\"lazy\" decoding=\"async\" class=\"alignnone size-full wp-image-23006\" src=\"http:\/\/www.imakeyousmile.se\/wp-content\/uploads\/2015\/12\/Sk\u00e4rmklipp-2015-12-07-11.52.35.png\" alt=\"Captura de pantalla 2015-12-07 11.52.35\" width=\"1611\" height=\"1233\" srcset=\"https:\/\/www.imakeyousmile.se\/wp-content\/uploads\/2015\/12\/Sk\u00e4rmklipp-2015-12-07-11.52.35.png 1611w, https:\/\/www.imakeyousmile.se\/wp-content\/uploads\/2015\/12\/Sk\u00e4rmklipp-2015-12-07-11.52.35-300x230.png 300w, https:\/\/www.imakeyousmile.se\/wp-content\/uploads\/2015\/12\/Sk\u00e4rmklipp-2015-12-07-11.52.35-1024x784.png 1024w, https:\/\/www.imakeyousmile.se\/wp-content\/uploads\/2015\/12\/Sk\u00e4rmklipp-2015-12-07-11.52.35-80x60.png 80w, https:\/\/www.imakeyousmile.se\/wp-content\/uploads\/2015\/12\/Sk\u00e4rmklipp-2015-12-07-11.52.35-696x533.png 696w, https:\/\/www.imakeyousmile.se\/wp-content\/uploads\/2015\/12\/Sk\u00e4rmklipp-2015-12-07-11.52.35-1068x817.png 1068w, https:\/\/www.imakeyousmile.se\/wp-content\/uploads\/2015\/12\/Sk\u00e4rmklipp-2015-12-07-11.52.35-549x420.png 549w\" sizes=\"(max-width: 1611px) 100vw, 1611px\" \/><\/a><\/p>\n<p>Tom\u00e9 una captura de pantalla directamente desde Youtube para aquellos de ustedes que no vieron \/ recordaron el maquillaje. Pero no ser\u00e1 lo mismo que cuando lo miras <a href=\"https:\/\/www.youtube.com\/watch?v=oTo5wJ0cUxU\">el clip<\/a>, sus ojos irradian de la brillante sombra de ojos :)<\/p>\n<p><a href=\"http:\/\/www.imakeyousmile.se\/wp-content\/uploads\/2015\/12\/Sk\u00e4rmklipp-2015-12-07-11.53.43.png\"><img loading=\"lazy\" decoding=\"async\" class=\"alignnone size-full wp-image-23007\" src=\"http:\/\/www.imakeyousmile.se\/wp-content\/uploads\/2015\/12\/Sk\u00e4rmklipp-2015-12-07-11.53.43.png\" alt=\"Captura de pantalla 2015-12-07 11.53.43\" width=\"1929\" height=\"1158\" srcset=\"https:\/\/www.imakeyousmile.se\/wp-content\/uploads\/2015\/12\/Sk\u00e4rmklipp-2015-12-07-11.53.43.png 1929w, https:\/\/www.imakeyousmile.se\/wp-content\/uploads\/2015\/12\/Sk\u00e4rmklipp-2015-12-07-11.53.43-300x180.png 300w, https:\/\/www.imakeyousmile.se\/wp-content\/uploads\/2015\/12\/Sk\u00e4rmklipp-2015-12-07-11.53.43-1024x615.png 1024w, https:\/\/www.imakeyousmile.se\/wp-content\/uploads\/2015\/12\/Sk\u00e4rmklipp-2015-12-07-11.53.43-696x418.png 696w, https:\/\/www.imakeyousmile.se\/wp-content\/uploads\/2015\/12\/Sk\u00e4rmklipp-2015-12-07-11.53.43-1068x641.png 1068w, https:\/\/www.imakeyousmile.se\/wp-content\/uploads\/2015\/12\/Sk\u00e4rmklipp-2015-12-07-11.53.43-700x420.png 700w\" sizes=\"(max-width: 1929px) 100vw, 1929px\" \/><\/a><\/p>\n<p>Este es un maquillaje muy bonito, ojos que brillan y labios rojos intensos :) un maquillaje que es perfecto cuando quieres lucir bella. Es apta para cualquier ocasi\u00f3n, porque no es una fiesta especial pero tampoco discreta ni cotidiana.<\/p>\n<p>No he imitado m\u00e1s que el maquillaje, \u00a1pero espero que os inspire en cualquier caso! :)<\/p>\n<p><a href=\"http:\/\/www.imakeyousmile.se\/wp-content\/uploads\/2015\/12\/IMG_2666_1111.jpg\"><img loading=\"lazy\" decoding=\"async\" class=\"alignnone size-full wp-image-23034\" src=\"http:\/\/www.imakeyousmile.se\/wp-content\/uploads\/2015\/12\/IMG_2666_1111.jpg\" alt=\"IMG_2666_111\" width=\"2040\" height=\"2356\" srcset=\"https:\/\/www.imakeyousmile.se\/wp-content\/uploads\/2015\/12\/IMG_2666_1111.jpg 2040w, https:\/\/www.imakeyousmile.se\/wp-content\/uploads\/2015\/12\/IMG_2666_1111-260x300.jpg 260w, https:\/\/www.imakeyousmile.se\/wp-content\/uploads\/2015\/12\/IMG_2666_1111-887x1024.jpg 887w, https:\/\/www.imakeyousmile.se\/wp-content\/uploads\/2015\/12\/IMG_2666_1111-696x804.jpg 696w, https:\/\/www.imakeyousmile.se\/wp-content\/uploads\/2015\/12\/IMG_2666_1111-1068x1233.jpg 1068w, https:\/\/www.imakeyousmile.se\/wp-content\/uploads\/2015\/12\/IMG_2666_1111-364x420.jpg 364w\" sizes=\"(max-width: 2040px) 100vw, 2040px\" \/><\/a><\/p>\n<p><strong>Base:<\/strong><br \/>\nPrebase facial -\u00a0<a href=\"http:\/\/creativemakeup.se\/produkt\/paese-makeup-base\/\" target=\"_blank\">Base de maquillaje Paese (mate)<\/a><br \/>\nFundaci\u00f3n -\u00a0<a href=\"https:\/\/ion.lyko.com\/t\/t?a=1117786221&#038;as=1548102449&#038;t=2&#038;tk=1&#038;epi=search-replace-pressedbase&#038;url=https:\/\/lyko.com\/sv\/glo-skin-beauty\/glominerals-pressed-base-golden-medium\" target=\"_blank\">Fundaci\u00f3n GloMinerals (Luz Dorada)<\/a><br \/>\nPolvo que neutraliza el rojo -\u00a0<a href=\"https:\/\/ion.lyko.com\/t\/t?a=1117786221&#038;as=1548102449&#038;t=2&#038;tk=1&#038;epi=search-replace-rednessrelief&#038;url=https:\/\/lyko.com\/sv\/glo-skin-beauty\/glo-skin-bea-rednessrelief-powder\/\" target=\"_blank\">polvo para aliviar el enrojecimiento de gloMinerals<\/a><br \/>\nBruma fijadora de maquillaje -\u00a0<a href=\"https:\/\/ion.lyko.com\/t\/t?a=1117786221&#038;as=1548102449&#038;t=2&#038;tk=1&#038;epi=search-replace-fixingmist&#038;url=https:\/\/lyko.com\/sv\/pixi\/pixi-makeup-fixing-mist\" target=\"_blank\">Bruma fijadora de maquillaje Pixi<\/a><br \/>\nPolvos deshidratantes -\u00a0<a href=\"http:\/\/creativemakeup.se\/produkt\/paese-bamboo-silk-powder\/\" target=\"_blank\">Polvo de seda de bamb\u00fa Paese<\/a><br \/>\nCejas -<a href=\"https:\/\/ion.lyko.com\/t\/t?a=1117786221&#038;as=1548102449&#038;t=2&#038;tk=1&#038;epi=search-replace-brow-duo&#038;url=https:\/\/lyko.com\/sv\/pixi\/pixi-natural-brow-duo-natural-brown\/\" target=\"_blank\">\u00a0Pixi Natural Duo (Morena)<\/a><\/p>\n<p>Labios <a href=\"https:\/\/ion.lyko.com\/t\/t?a=1117786221&#038;as=1548102449&#038;t=2&#038;tk=1&#038;epi=search-replace-glosuede&#038;url=https:\/\/lyko.com\/sv\/glo-skin-beauty\/glominerals-glosuedematte-crayon-tradema\" target=\"_blank\">gloMinerals Suede Matte Crayon (Bombshell)<\/a><\/p>\n<p><a href=\"http:\/\/www.imakeyousmile.se\/wp-content\/uploads\/2015\/12\/Untitled-111_1.jpg\"><img loading=\"lazy\" decoding=\"async\" class=\"alignnone size-full wp-image-23026\" src=\"http:\/\/www.imakeyousmile.se\/wp-content\/uploads\/2015\/12\/Untitled-111_1.jpg\" alt=\"Sin t\u00edtulo 111_1\" width=\"2500\" height=\"1434\" srcset=\"https:\/\/www.imakeyousmile.se\/wp-content\/uploads\/2015\/12\/Untitled-111_1.jpg 2500w, https:\/\/www.imakeyousmile.se\/wp-content\/uploads\/2015\/12\/Untitled-111_1-300x172.jpg 300w, https:\/\/www.imakeyousmile.se\/wp-content\/uploads\/2015\/12\/Untitled-111_1-1024x587.jpg 1024w, https:\/\/www.imakeyousmile.se\/wp-content\/uploads\/2015\/12\/Untitled-111_1-696x399.jpg 696w, https:\/\/www.imakeyousmile.se\/wp-content\/uploads\/2015\/12\/Untitled-111_1-1068x613.jpg 1068w, https:\/\/www.imakeyousmile.se\/wp-content\/uploads\/2015\/12\/Untitled-111_1-732x420.jpg 732w\" sizes=\"(max-width: 2500px) 100vw, 2500px\" \/><\/a><\/p>\n<p>Todas las sombras de ojos son de la paleta 3 <a href=\"http:\/\/creativemakeup.se\/produkt\/paese-diamond-trio-eyeshadow\/\" target=\"_blank\">Sombra de ojos Paese Diamond Trio<\/a> a la sombra 714.<\/p>\n<ol>\n<li>Imprimaci\u00f3n de sombra de ojos, <a href=\"https:\/\/ion.lyko.com\/t\/t?a=1117786221&#038;as=1548102449&#038;t=2&#038;tk=1&#038;epi=search-replace-pixiprimer&#038;url=https:\/\/lyko.com\/sv\/sok?q=pixi+primer\" target=\"_blank\">Primer Pixi Eye Bright<\/a><br \/>\nSombra de ojos clara en medio del p\u00e1rpado<\/li>\n<li>Sombra de ojos blanca en el interior del p\u00e1rpado y en la esquina del ojo<\/li>\n<li>Sombra de ojos marr\u00f3n dorada al final del p\u00e1rpado<\/li>\n<li>Difumina los bordes y aplica claro y oscuro tambi\u00e9n en la l\u00ednea de las pesta\u00f1as inferiores.<\/li>\n<li>Delineador de ojos con ala,<a href=\"https:\/\/ion.lyko.com\/t\/t?a=1117786221&#038;as=1548102449&#038;t=2&#038;tk=1&#038;epi=search-repace-lashlineink&#038;url=https:\/\/lyko.com\/sv\/pixi\/pixi-lash-line-ink-black\" target=\"_blank\"> Tinta Pixi Lash Line<\/a><\/li>\n<li>R\u00edmel negro en todas las pesta\u00f1as, <a href=\"http:\/\/creativemakeup.se\/produkt\/santhilea-magnetic-lash-mascara\/\" target=\"_blank\">M\u00e1scara de pesta\u00f1as magn\u00e9tica<\/a><\/li>\n<\/ol>\n<p><a href=\"http:\/\/www.imakeyousmile.se\/wp-content\/uploads\/2015\/12\/IMG_2630_1111.jpg\"><img loading=\"lazy\" decoding=\"async\" class=\"alignnone size-full wp-image-23033\" src=\"http:\/\/www.imakeyousmile.se\/wp-content\/uploads\/2015\/12\/IMG_2630_1111.jpg\" alt=\"IMG_2630_111\" width=\"1740\" height=\"2016\" srcset=\"https:\/\/www.imakeyousmile.se\/wp-content\/uploads\/2015\/12\/IMG_2630_1111.jpg 1740w, https:\/\/www.imakeyousmile.se\/wp-content\/uploads\/2015\/12\/IMG_2630_1111-259x300.jpg 259w, https:\/\/www.imakeyousmile.se\/wp-content\/uploads\/2015\/12\/IMG_2630_1111-884x1024.jpg 884w, https:\/\/www.imakeyousmile.se\/wp-content\/uploads\/2015\/12\/IMG_2630_1111-696x806.jpg 696w, https:\/\/www.imakeyousmile.se\/wp-content\/uploads\/2015\/12\/IMG_2630_1111-1068x1237.jpg 1068w, https:\/\/www.imakeyousmile.se\/wp-content\/uploads\/2015\/12\/IMG_2630_1111-363x420.jpg 363w\" sizes=\"(max-width: 1740px) 100vw, 1740px\" \/><\/a><a href=\"http:\/\/www.imakeyousmile.se\/wp-content\/uploads\/2015\/12\/IMG_2668_111.jpg\"><br \/>\n<\/a><a href=\"http:\/\/www.imakeyousmile.se\/wp-content\/uploads\/2015\/12\/IMG_2670_111.jpg\"><img loading=\"lazy\" decoding=\"async\" class=\"alignnone size-full wp-image-23029\" src=\"http:\/\/www.imakeyousmile.se\/wp-content\/uploads\/2015\/12\/IMG_2670_111.jpg\" alt=\"IMG_2670_111\" width=\"2500\" height=\"2414\" srcset=\"https:\/\/www.imakeyousmile.se\/wp-content\/uploads\/2015\/12\/IMG_2670_111.jpg 2500w, https:\/\/www.imakeyousmile.se\/wp-content\/uploads\/2015\/12\/IMG_2670_111-300x290.jpg 300w, https:\/\/www.imakeyousmile.se\/wp-content\/uploads\/2015\/12\/IMG_2670_111-1024x989.jpg 1024w, https:\/\/www.imakeyousmile.se\/wp-content\/uploads\/2015\/12\/IMG_2670_111-696x672.jpg 696w, https:\/\/www.imakeyousmile.se\/wp-content\/uploads\/2015\/12\/IMG_2670_111-1068x1031.jpg 1068w, https:\/\/www.imakeyousmile.se\/wp-content\/uploads\/2015\/12\/IMG_2670_111-435x420.jpg 435w\" sizes=\"(max-width: 2500px) 100vw, 2500px\" \/><\/a><\/p>\n<p><a href=\"http:\/\/www.imakeyousmile.se\/wp-content\/uploads\/2015\/12\/IMG_2668_1111.jpg\"><img loading=\"lazy\" decoding=\"async\" class=\"alignnone size-full wp-image-23035\" src=\"http:\/\/www.imakeyousmile.se\/wp-content\/uploads\/2015\/12\/IMG_2668_1111.jpg\" alt=\"IMG_2668_111\" width=\"2310\" height=\"1950\" srcset=\"https:\/\/www.imakeyousmile.se\/wp-content\/uploads\/2015\/12\/IMG_2668_1111.jpg 2310w, https:\/\/www.imakeyousmile.se\/wp-content\/uploads\/2015\/12\/IMG_2668_1111-300x253.jpg 300w, https:\/\/www.imakeyousmile.se\/wp-content\/uploads\/2015\/12\/IMG_2668_1111-1024x864.jpg 1024w, https:\/\/www.imakeyousmile.se\/wp-content\/uploads\/2015\/12\/IMG_2668_1111-696x588.jpg 696w, https:\/\/www.imakeyousmile.se\/wp-content\/uploads\/2015\/12\/IMG_2668_1111-1068x902.jpg 1068w, https:\/\/www.imakeyousmile.se\/wp-content\/uploads\/2015\/12\/IMG_2668_1111-498x420.jpg 498w\" sizes=\"(max-width: 2310px) 100vw, 2310px\" \/><\/a><\/p>\n<p>\u00bfQu\u00e9 piensas? :)<\/p>","protected":false},"excerpt":{"rendered":"<p>Jag har inte f\u00f6ljt alla avsnitt av Idol det h\u00e4r \u00e5ret, men jag har sett vissa avsnitt och den fredagen jag minns b\u00e4st \u00e4r d\u00e5 Amanda Winberg sj\u00f6ng Jolene. Hon var inte bara otroligt duktig, utan \u00e4ven makal\u00f6st\u00a0snygg ocks\u00e5! Och eftersom det \u00e4ven \u00e4r juletider nu s\u00e5 kunde jag inte l\u00e5ta bli att g\u00f6ra en [&hellip;]<\/p>\n","protected":false},"author":30,"featured_media":23026,"comment_status":"open","ping_status":"closed","sticky":false,"template":"","format":"standard","meta":{"footnotes":""},"categories":[9,3044],"tags":[4272,4231,4262,4271,94,1864,1865,3417,3974,2880,2889,4260,3687,3728,4273,52,407],"class_list":["post-23004","post","type-post","status-publish","format-standard","has-post-thumbnail","hentry","category-partysminkningar","category-temasminkningar","tag-amanda-winberg","tag-glo-matte-crayon","tag-glo-minerals","tag-idol","tag-julsminkning","tag-magnetic-lash","tag-magnetic-lash-mascara","tag-paese","tag-paese-bamboo-silk-powder","tag-paese-diamond","tag-paese-diamond-eyeshadow","tag-paese-diamond-trio","tag-pixi","tag-pixi-beauty","tag-pixi-lash-line-ink","tag-steg-for-steg-2","tag-tutorial"],"yoast_head":"<!-- This site is optimized with the Yoast SEO Premium plugin v14.9 - https:\/\/yoast.com\/wordpress\/plugins\/seo\/ -->\n<meta name=\"description\" content=\"Amanda Winberg-sminkning | Helena Amiley - H\u00e4r hittar du senaste infromation om sk\u00f6nhet, livsstil, entrepren\u00f6rskap, makeup &amp; tips.\" \/>\n<meta name=\"robots\" content=\"index, follow, max-snippet:-1, max-image-preview:large, max-video-preview:-1\" \/>\n<link rel=\"canonical\" href=\"https:\/\/www.imakeyousmile.se\/es\/amanda-winberg-sminkning\/\" \/>\n<meta property=\"og:locale\" content=\"es_ES\" \/>\n<meta property=\"og:type\" content=\"article\" \/>\n<meta property=\"og:title\" content=\"Amanda Winberg-sminkning | Imakeyousmile.se\" \/>\n<meta property=\"og:description\" content=\"Amanda Winberg-sminkning | Helena Amiley - H\u00e4r hittar du senaste infromation om sk\u00f6nhet, livsstil, entrepren\u00f6rskap, makeup &amp; tips.\" \/>\n<meta property=\"og:url\" content=\"https:\/\/www.imakeyousmile.se\/es\/amanda-winberg-sminkning\/\" \/>\n<meta property=\"og:site_name\" content=\"Imakeyousmile.se\" \/>\n<meta property=\"article:author\" content=\"https:\/\/www.facebook.com\/imakeyousmile.se\" \/>\n<meta property=\"article:published_time\" content=\"2015-12-08T11:00:44+00:00\" \/>\n<meta property=\"article:modified_time\" content=\"2015-12-08T07:45:44+00:00\" \/>\n<meta property=\"og:image\" content=\"https:\/\/www.imakeyousmile.se\/wp-content\/uploads\/2015\/12\/Untitled-111_1.jpg\" \/>\n\t<meta property=\"og:image:width\" content=\"2500\" \/>\n\t<meta property=\"og:image:height\" content=\"1434\" \/>\n<meta name=\"twitter:card\" content=\"summary_large_image\" \/>\n<script type=\"application\/ld+json\" class=\"yoast-schema-graph\">{\"@context\":\"https:\/\/schema.org\",\"@graph\":[{\"@type\":\"Organization\",\"@id\":\"https:\/\/www.imakeyousmile.se\/es\/#organization\",\"name\":\"Imakeyousmile\",\"url\":\"https:\/\/www.imakeyousmile.se\/es\/\",\"sameAs\":[],\"logo\":{\"@type\":\"ImageObject\",\"@id\":\"https:\/\/www.imakeyousmile.se\/es\/#logo\",\"inLanguage\":\"es\",\"url\":\"https:\/\/www.imakeyousmile.se\/wp-content\/uploads\/2020\/10\/HELENA-AMILEY_SVART-1-e1603367975324.png\",\"width\":280,\"height\":93,\"caption\":\"Imakeyousmile\"},\"image\":{\"@id\":\"https:\/\/www.imakeyousmile.se\/es\/#logo\"}},{\"@type\":\"WebSite\",\"@id\":\"https:\/\/www.imakeyousmile.se\/es\/#website\",\"url\":\"https:\/\/www.imakeyousmile.se\/es\/\",\"name\":\"Imakeyousmile.se\",\"description\":\"Helena Amiley - Beauty, Entrepreneur, Lifestyle\",\"publisher\":{\"@id\":\"https:\/\/www.imakeyousmile.se\/es\/#organization\"},\"potentialAction\":[{\"@type\":\"SearchAction\",\"target\":\"https:\/\/www.imakeyousmile.se\/es\/?s={search_term_string}\",\"query-input\":\"required name=search_term_string\"}],\"inLanguage\":\"es\"},{\"@type\":\"ImageObject\",\"@id\":\"https:\/\/www.imakeyousmile.se\/amanda-winberg-sminkning\/#primaryimage\",\"inLanguage\":\"es\",\"url\":\"https:\/\/www.imakeyousmile.se\/wp-content\/uploads\/2015\/12\/Untitled-111_1.jpg\",\"width\":2500,\"height\":1434},{\"@type\":\"WebPage\",\"@id\":\"https:\/\/www.imakeyousmile.se\/amanda-winberg-sminkning\/#webpage\",\"url\":\"https:\/\/www.imakeyousmile.se\/amanda-winberg-sminkning\/\",\"name\":\"Amanda Winberg-sminkning | Imakeyousmile.se\",\"isPartOf\":{\"@id\":\"https:\/\/www.imakeyousmile.se\/es\/#website\"},\"primaryImageOfPage\":{\"@id\":\"https:\/\/www.imakeyousmile.se\/amanda-winberg-sminkning\/#primaryimage\"},\"datePublished\":\"2015-12-08T11:00:44+00:00\",\"dateModified\":\"2015-12-08T07:45:44+00:00\",\"description\":\"Amanda Winberg-sminkning | Helena Amiley - H\\u00e4r hittar du senaste infromation om sk\\u00f6nhet, livsstil, entrepren\\u00f6rskap, makeup & tips.\",\"inLanguage\":\"es\",\"potentialAction\":[{\"@type\":\"ReadAction\",\"target\":[\"https:\/\/www.imakeyousmile.se\/amanda-winberg-sminkning\/\"]}]},{\"@type\":\"Article\",\"@id\":\"https:\/\/www.imakeyousmile.se\/amanda-winberg-sminkning\/#article\",\"isPartOf\":{\"@id\":\"https:\/\/www.imakeyousmile.se\/amanda-winberg-sminkning\/#webpage\"},\"author\":{\"@id\":\"https:\/\/www.imakeyousmile.se\/es\/#\/schema\/person\/b0fd43b1c6bb1c60cfd68bff9b4a10fb\"},\"headline\":\"Amanda Winberg-sminkning\",\"datePublished\":\"2015-12-08T11:00:44+00:00\",\"dateModified\":\"2015-12-08T07:45:44+00:00\",\"mainEntityOfPage\":{\"@id\":\"https:\/\/www.imakeyousmile.se\/amanda-winberg-sminkning\/#webpage\"},\"commentCount\":4,\"publisher\":{\"@id\":\"https:\/\/www.imakeyousmile.se\/es\/#organization\"},\"image\":{\"@id\":\"https:\/\/www.imakeyousmile.se\/amanda-winberg-sminkning\/#primaryimage\"},\"keywords\":\"amanda winberg,glo matte crayon,glo minerals,idol,julsminkning,magnetic lash,magnetic lash mascara,paese,paese bamboo silk powder,paese diamond,Paese Diamond Eyeshadow,paese diamond trio,pixi,pixi beauty,pixi lash line ink,steg f\\u00f6r steg,tutorial\",\"articleSection\":\"M\\u00f6rka \/ festliga sminkningar,Temasminkningar\",\"inLanguage\":\"es\",\"potentialAction\":[{\"@type\":\"CommentAction\",\"name\":\"Comment\",\"target\":[\"https:\/\/www.imakeyousmile.se\/amanda-winberg-sminkning\/#respond\"]}]},{\"@type\":\"Person\",\"@id\":\"https:\/\/www.imakeyousmile.se\/es\/#\/schema\/person\/b0fd43b1c6bb1c60cfd68bff9b4a10fb\",\"name\":\"Helena Amiley\",\"image\":{\"@type\":\"ImageObject\",\"@id\":\"https:\/\/www.imakeyousmile.se\/es\/#personlogo\",\"inLanguage\":\"es\",\"url\":\"https:\/\/secure.gravatar.com\/avatar\/5645558e1e355457a23368d7e1b4c904?s=96&d=mm&r=g\",\"caption\":\"Helena Amiley\"},\"description\":\"Jag skriver mest om sk\\u00f6nhet men bjuder \\u00e4ven p\\u00e5 glimtar fr\\u00e5n entrepren\\u00f6rlivet och bygget av v\\u00e5r egen camper van. Vanlife here we come!\",\"sameAs\":[\"https:\/\/www.facebook.com\/imakeyousmile.se\",\"https:\/\/www.instagram.com\/helenaamiley\",\"https:\/\/www.youtube.com\/channel\/UCR5iB6rvpV6Yr8ZjpQfr5mg?view_as=subscriber\"]}]}<\/script>\n<!-- \/ Yoast SEO Premium plugin. -->","_links":{"self":[{"href":"https:\/\/www.imakeyousmile.se\/es\/wp-json\/wp\/v2\/posts\/23004"}],"collection":[{"href":"https:\/\/www.imakeyousmile.se\/es\/wp-json\/wp\/v2\/posts"}],"about":[{"href":"https:\/\/www.imakeyousmile.se\/es\/wp-json\/wp\/v2\/types\/post"}],"author":[{"embeddable":true,"href":"https:\/\/www.imakeyousmile.se\/es\/wp-json\/wp\/v2\/users\/30"}],"replies":[{"embeddable":true,"href":"https:\/\/www.imakeyousmile.se\/es\/wp-json\/wp\/v2\/comments?post=23004"}],"version-history":[{"count":5,"href":"https:\/\/www.imakeyousmile.se\/es\/wp-json\/wp\/v2\/posts\/23004\/revisions"}],"predecessor-version":[{"id":23037,"href":"https:\/\/www.imakeyousmile.se\/es\/wp-json\/wp\/v2\/posts\/23004\/revisions\/23037"}],"wp:featuredmedia":[{"embeddable":true,"href":"https:\/\/www.imakeyousmile.se\/es\/wp-json\/wp\/v2\/media\/23026"}],"wp:attachment":[{"href":"https:\/\/www.imakeyousmile.se\/es\/wp-json\/wp\/v2\/media?parent=23004"}],"wp:term":[{"taxonomy":"category","embeddable":true,"href":"https:\/\/www.imakeyousmile.se\/es\/wp-json\/wp\/v2\/categories?post=23004"},{"taxonomy":"post_tag","embeddable":true,"href":"https:\/\/www.imakeyousmile.se\/es\/wp-json\/wp\/v2\/tags?post=23004"}],"curies":[{"name":"wp","href":"https:\/\/api.w.org\/{rel}","templated":true}]}}