{"id":23243,"date":"2015-12-17T09:49:21","date_gmt":"2015-12-17T08:49:21","guid":{"rendered":"http:\/\/www.imakeyousmile.se\/?p=23243"},"modified":"2020-10-22T17:21:44","modified_gmt":"2020-10-22T15:21:44","slug":"lucka-17-plock-farg-av-fransar-och-bryn","status":"publish","type":"post","link":"https:\/\/www.imakeyousmile.se\/es\/hatch-17-pick-color-of-pestanas-y-cejas\/","title":{"rendered":"Hatch 17 - Pick &amp; color de pesta\u00f1as y cejas"},"content":{"rendered":"<p>Agua del calendario navide\u00f1o de ayer\u00a0<span class=\"fwn fcg\"><span class=\"fcg\"><span class=\"fwb\">Ely Beduya Luukkonen,\u00a0<\/span><\/span><\/span>\u00a1\u00a1Felicidades!! Env\u00ede su direcci\u00f3n a info@creativemakeup.se y le enviaremos dos Skimmer Duo de gloMinerals \u2665<\/p>\n<p><a href=\"http:\/\/www.imakeyousmile.se\/wp-content\/uploads\/2015\/12\/lucka-17.jpg\"><img loading=\"lazy\" decoding=\"async\" class=\"alignnone size-full wp-image-23244\" src=\"http:\/\/www.imakeyousmile.se\/wp-content\/uploads\/2015\/12\/lucka-17.jpg\" alt=\"Slota-17\" width=\"1920\" height=\"1080\" srcset=\"https:\/\/www.imakeyousmile.se\/wp-content\/uploads\/2015\/12\/lucka-17.jpg 1920w, https:\/\/www.imakeyousmile.se\/wp-content\/uploads\/2015\/12\/lucka-17-300x169.jpg 300w, https:\/\/www.imakeyousmile.se\/wp-content\/uploads\/2015\/12\/lucka-17-1024x576.jpg 1024w, https:\/\/www.imakeyousmile.se\/wp-content\/uploads\/2015\/12\/lucka-17-696x392.jpg 696w, https:\/\/www.imakeyousmile.se\/wp-content\/uploads\/2015\/12\/lucka-17-1068x601.jpg 1068w, https:\/\/www.imakeyousmile.se\/wp-content\/uploads\/2015\/12\/lucka-17-747x420.jpg 747w\" sizes=\"(max-width: 1920px) 100vw, 1920px\" \/><\/a><\/p>\n<p>\u00a1Door 17 contiene un tratamiento en el sal\u00f3n, y es nada menos que cepillarse las cejas, colorear las cejas Y colorear las pesta\u00f1as por un valor de SEK 525!<\/p>\n<p><strong>C\u00f3mo competir:<\/strong><br \/>\n\u2665 Me gusta\u00a0<a href=\"https:\/\/www.facebook.com\/creativemakeupbyher\/?fref=ts\" target=\"_blank\" rel=\"noopener noreferrer\">Maquillaje creativo por ella<\/a>\u00a0en Facebook<br \/>\n\u2665 Etiqueta a un amigo en estado con la ranura 17, preferiblemente un amigo que viva cerca de Uppsala :)<br \/>\n\u2665 \u00a1Entonces est\u00e1s y tienes la oportunidad de venir aqu\u00ed y conseguir bonitas pesta\u00f1as y cejas en nuestro sal\u00f3n!<\/p>\n<p>\u00a1Un abrazo y buena suerte!<\/p>","protected":false},"excerpt":{"rendered":"<p>G\u00e5rdagens julkalender vann\u00a0Ely Beduya Luukkonen,\u00a0grattis!! Maila din adress till info@creativemakeup.se s\u00e5 skickar vi tv\u00e5 stycken gloMinerals Skimmer Duo till dig\u00a0\u2665 Lucka 17 inneh\u00e5ller en behandling p\u00e5 salongen, och det \u00e4r inget mindre \u00e4n brynplockning, brynf\u00e4rgning OCH fransf\u00e4rgning v\u00e4rde 525 kronor! S\u00e5 h\u00e4r t\u00e4vlar du: \u2665 Gilla\u00a0Creative Makeup By Her\u00a0p\u00e5 Facebook \u2665 Tagga en v\u00e4n\u00a0i statusen [&hellip;]<\/p>\n","protected":false},"author":30,"featured_media":23244,"comment_status":"open","ping_status":"closed","sticky":false,"template":"","format":"standard","meta":{"footnotes":""},"categories":[59],"tags":[4001,4317,4143,4318],"class_list":["post-23243","post","type-post","status-publish","format-standard","has-post-thumbnail","hentry","category-recensioner-produkttips","tag-creative-makeup-by-her","tag-farga-ogonfransar-uppsala","tag-julkalender","tag-plocka-bryn-uppsala"],"yoast_head":"<!-- This site is optimized with the Yoast SEO Premium plugin v14.9 - https:\/\/yoast.com\/wordpress\/plugins\/seo\/ -->\n<meta name=\"description\" content=\"Lucka 17 - Plock &amp; f\u00e4rg av fransar och bryn | Helena Amiley - H\u00e4r hittar du senaste infromation om sk\u00f6nhet, livsstil, entrepren\u00f6rskap, makeup &amp; tips.\" \/>\n<meta name=\"robots\" content=\"index, follow, max-snippet:-1, max-image-preview:large, max-video-preview:-1\" \/>\n<link rel=\"canonical\" href=\"https:\/\/www.imakeyousmile.se\/es\/lucka-17-plock-farg-av-fransar-och-bryn\/\" \/>\n<meta property=\"og:locale\" content=\"es_ES\" \/>\n<meta property=\"og:type\" content=\"article\" \/>\n<meta property=\"og:title\" content=\"Lucka 17 - Plock &amp; f\u00e4rg av fransar och bryn | Imakeyousmile.se\" \/>\n<meta property=\"og:description\" content=\"Lucka 17 - Plock &amp; f\u00e4rg av fransar och bryn | Helena Amiley - H\u00e4r hittar du senaste infromation om sk\u00f6nhet, livsstil, entrepren\u00f6rskap, makeup &amp; tips.\" \/>\n<meta property=\"og:url\" content=\"https:\/\/www.imakeyousmile.se\/es\/lucka-17-plock-farg-av-fransar-och-bryn\/\" \/>\n<meta property=\"og:site_name\" content=\"Imakeyousmile.se\" \/>\n<meta property=\"article:author\" content=\"https:\/\/www.facebook.com\/imakeyousmile.se\" \/>\n<meta property=\"article:published_time\" content=\"2015-12-17T08:49:21+00:00\" \/>\n<meta property=\"article:modified_time\" content=\"2020-10-22T15:21:44+00:00\" \/>\n<meta property=\"og:image\" content=\"https:\/\/www.imakeyousmile.se\/wp-content\/uploads\/2015\/12\/lucka-17.jpg\" \/>\n\t<meta property=\"og:image:width\" content=\"1920\" \/>\n\t<meta property=\"og:image:height\" content=\"1080\" \/>\n<meta name=\"twitter:card\" content=\"summary_large_image\" \/>\n<script type=\"application\/ld+json\" class=\"yoast-schema-graph\">{\"@context\":\"https:\/\/schema.org\",\"@graph\":[{\"@type\":\"Organization\",\"@id\":\"https:\/\/www.imakeyousmile.se\/es\/#organization\",\"name\":\"Imakeyousmile\",\"url\":\"https:\/\/www.imakeyousmile.se\/es\/\",\"sameAs\":[],\"logo\":{\"@type\":\"ImageObject\",\"@id\":\"https:\/\/www.imakeyousmile.se\/es\/#logo\",\"inLanguage\":\"es\",\"url\":\"https:\/\/www.imakeyousmile.se\/wp-content\/uploads\/2020\/10\/HELENA-AMILEY_SVART-1-e1603367975324.png\",\"width\":280,\"height\":93,\"caption\":\"Imakeyousmile\"},\"image\":{\"@id\":\"https:\/\/www.imakeyousmile.se\/es\/#logo\"}},{\"@type\":\"WebSite\",\"@id\":\"https:\/\/www.imakeyousmile.se\/es\/#website\",\"url\":\"https:\/\/www.imakeyousmile.se\/es\/\",\"name\":\"Imakeyousmile.se\",\"description\":\"Helena Amiley - Beauty, Entrepreneur, Lifestyle\",\"publisher\":{\"@id\":\"https:\/\/www.imakeyousmile.se\/es\/#organization\"},\"potentialAction\":[{\"@type\":\"SearchAction\",\"target\":\"https:\/\/www.imakeyousmile.se\/es\/?s={search_term_string}\",\"query-input\":\"required name=search_term_string\"}],\"inLanguage\":\"es\"},{\"@type\":\"ImageObject\",\"@id\":\"https:\/\/www.imakeyousmile.se\/lucka-17-plock-farg-av-fransar-och-bryn\/#primaryimage\",\"inLanguage\":\"es\",\"url\":\"https:\/\/www.imakeyousmile.se\/wp-content\/uploads\/2015\/12\/lucka-17.jpg\",\"width\":1920,\"height\":1080},{\"@type\":\"WebPage\",\"@id\":\"https:\/\/www.imakeyousmile.se\/lucka-17-plock-farg-av-fransar-och-bryn\/#webpage\",\"url\":\"https:\/\/www.imakeyousmile.se\/lucka-17-plock-farg-av-fransar-och-bryn\/\",\"name\":\"Lucka 17 - Plock & f\\u00e4rg av fransar och bryn | Imakeyousmile.se\",\"isPartOf\":{\"@id\":\"https:\/\/www.imakeyousmile.se\/es\/#website\"},\"primaryImageOfPage\":{\"@id\":\"https:\/\/www.imakeyousmile.se\/lucka-17-plock-farg-av-fransar-och-bryn\/#primaryimage\"},\"datePublished\":\"2015-12-17T08:49:21+00:00\",\"dateModified\":\"2020-10-22T15:21:44+00:00\",\"description\":\"Lucka 17 - Plock & f\\u00e4rg av fransar och bryn | Helena Amiley - H\\u00e4r hittar du senaste infromation om sk\\u00f6nhet, livsstil, entrepren\\u00f6rskap, makeup & tips.\",\"inLanguage\":\"es\",\"potentialAction\":[{\"@type\":\"ReadAction\",\"target\":[\"https:\/\/www.imakeyousmile.se\/lucka-17-plock-farg-av-fransar-och-bryn\/\"]}]},{\"@type\":\"Article\",\"@id\":\"https:\/\/www.imakeyousmile.se\/lucka-17-plock-farg-av-fransar-och-bryn\/#article\",\"isPartOf\":{\"@id\":\"https:\/\/www.imakeyousmile.se\/lucka-17-plock-farg-av-fransar-och-bryn\/#webpage\"},\"author\":{\"@id\":\"https:\/\/www.imakeyousmile.se\/es\/#\/schema\/person\/b0fd43b1c6bb1c60cfd68bff9b4a10fb\"},\"headline\":\"Lucka 17 &#8211; Plock &#038; f\\u00e4rg av fransar och bryn\",\"datePublished\":\"2015-12-17T08:49:21+00:00\",\"dateModified\":\"2020-10-22T15:21:44+00:00\",\"mainEntityOfPage\":{\"@id\":\"https:\/\/www.imakeyousmile.se\/lucka-17-plock-farg-av-fransar-och-bryn\/#webpage\"},\"commentCount\":0,\"publisher\":{\"@id\":\"https:\/\/www.imakeyousmile.se\/es\/#organization\"},\"image\":{\"@id\":\"https:\/\/www.imakeyousmile.se\/lucka-17-plock-farg-av-fransar-och-bryn\/#primaryimage\"},\"keywords\":\"creative makeup by her,f\\u00e4rga \\u00f6gonfransar uppsala,julkalender,plocka bryn uppsala\",\"articleSection\":\"Recensioner &amp; Produkttips\",\"inLanguage\":\"es\",\"potentialAction\":[{\"@type\":\"CommentAction\",\"name\":\"Comment\",\"target\":[\"https:\/\/www.imakeyousmile.se\/lucka-17-plock-farg-av-fransar-och-bryn\/#respond\"]}]},{\"@type\":\"Person\",\"@id\":\"https:\/\/www.imakeyousmile.se\/es\/#\/schema\/person\/b0fd43b1c6bb1c60cfd68bff9b4a10fb\",\"name\":\"Helena Amiley\",\"image\":{\"@type\":\"ImageObject\",\"@id\":\"https:\/\/www.imakeyousmile.se\/es\/#personlogo\",\"inLanguage\":\"es\",\"url\":\"https:\/\/secure.gravatar.com\/avatar\/5645558e1e355457a23368d7e1b4c904?s=96&d=mm&r=g\",\"caption\":\"Helena Amiley\"},\"description\":\"Jag skriver mest om sk\\u00f6nhet men bjuder \\u00e4ven p\\u00e5 glimtar fr\\u00e5n entrepren\\u00f6rlivet och bygget av v\\u00e5r egen camper van. Vanlife here we come!\",\"sameAs\":[\"https:\/\/www.facebook.com\/imakeyousmile.se\",\"https:\/\/www.instagram.com\/helenaamiley\",\"https:\/\/www.youtube.com\/channel\/UCR5iB6rvpV6Yr8ZjpQfr5mg?view_as=subscriber\"]}]}<\/script>\n<!-- \/ Yoast SEO Premium plugin. -->","_links":{"self":[{"href":"https:\/\/www.imakeyousmile.se\/es\/wp-json\/wp\/v2\/posts\/23243"}],"collection":[{"href":"https:\/\/www.imakeyousmile.se\/es\/wp-json\/wp\/v2\/posts"}],"about":[{"href":"https:\/\/www.imakeyousmile.se\/es\/wp-json\/wp\/v2\/types\/post"}],"author":[{"embeddable":true,"href":"https:\/\/www.imakeyousmile.se\/es\/wp-json\/wp\/v2\/users\/30"}],"replies":[{"embeddable":true,"href":"https:\/\/www.imakeyousmile.se\/es\/wp-json\/wp\/v2\/comments?post=23243"}],"version-history":[{"count":3,"href":"https:\/\/www.imakeyousmile.se\/es\/wp-json\/wp\/v2\/posts\/23243\/revisions"}],"predecessor-version":[{"id":37617,"href":"https:\/\/www.imakeyousmile.se\/es\/wp-json\/wp\/v2\/posts\/23243\/revisions\/37617"}],"wp:featuredmedia":[{"embeddable":true,"href":"https:\/\/www.imakeyousmile.se\/es\/wp-json\/wp\/v2\/media\/23244"}],"wp:attachment":[{"href":"https:\/\/www.imakeyousmile.se\/es\/wp-json\/wp\/v2\/media?parent=23243"}],"wp:term":[{"taxonomy":"category","embeddable":true,"href":"https:\/\/www.imakeyousmile.se\/es\/wp-json\/wp\/v2\/categories?post=23243"},{"taxonomy":"post_tag","embeddable":true,"href":"https:\/\/www.imakeyousmile.se\/es\/wp-json\/wp\/v2\/tags?post=23243"}],"curies":[{"name":"wp","href":"https:\/\/api.w.org\/{rel}","templated":true}]}}