{"id":23258,"date":"2015-12-17T20:45:37","date_gmt":"2015-12-17T19:45:37","guid":{"rendered":"http:\/\/www.imakeyousmile.se\/?p=23258"},"modified":"2015-12-17T20:45:37","modified_gmt":"2015-12-17T19:45:37","slug":"kanslig-hy-och-akne","status":"publish","type":"post","link":"https:\/\/www.imakeyousmile.se\/es\/piel-sensible-y-acne\/","title":{"rendered":"Piel sensible y acn\u00e9"},"content":{"rendered":"<p>Tuve bastantes problemas con el acn\u00e9 en mi adolescencia, pero no hay una sola imagen porque no hab\u00eda posibilidad de que me parara frente a la c\u00e1mara sin una capa gruesa de base.<\/p>\n<p>A veces me gustar\u00eda poder retroceder en el tiempo y darme algunos consejos para el cuidado de la piel, o al menos explicar c\u00f3mo funciona la piel en general. Esa pasta de dientes, desinfectante y restregar fuerte no es algo que elimine los granos. Pienso en esto sobre todo ahora que tengo muchas imperfecciones despu\u00e9s de enhebrar mi cara, \u00a1porque me ha dado un peque\u00f1o despertar!<\/p>\n<p>Lo que estoy pensando es que te salen granos debido a una inflamaci\u00f3n en las gl\u00e1ndulas seb\u00e1ceas, y la causa m\u00e1s com\u00fan es la producci\u00f3n excesiva de sebo que hace que el sebo obstruya los poros. Pero por experiencia tambi\u00e9n puedo agregar que el acn\u00e9 se debe en parte a que la piel es sensible, porque cuando se enhebra no tiene nada que ver con el sebo o la piel grasa, pero la mayor\u00eda de las personas que tienen un sarpullido por enhebrar tienen la piel sensible, y muchas no han tenido una incluso espinilla a lo largo de su vida.<\/p>\n<p>Tengo piel sensible y propensa al acn\u00e9, y despu\u00e9s de probar mucho en mis d\u00edas, el cuidado de la piel suave y calmante es lo que funciona mejor. Este \u00faltimo es mi mejor consejo para el cuidado de la piel para aquellos de ustedes que se reconocen en este relajante tratamiento para la piel.<\/p>\n<p>Todos los tipos de piel necesitan mucha humedad, y una piel sensible probablemente tenga (en mi experiencia) acn\u00e9 porque est\u00e1 irritada y no porque sea grasa.<\/p>\n<p>He tenido erupciones como esta despu\u00e9s de enhebrar dos veces y he probado los productos m\u00e1s humectantes y los que son m\u00e1s para el acn\u00e9. Pero lo que funciona mejor son los productos que alivian la piel irritada, me he despertado por la noche de acostarme y rascarme la cara durante el sue\u00f1o porque est\u00e1 muy irritada, y estos productos han sido el salvador que necesito para m\u00ed:<\/p>\n<p><a href=\"http:\/\/www.imakeyousmile.se\/wp-content\/uploads\/2015\/12\/IMG_4044_111.jpg\"><img loading=\"lazy\" decoding=\"async\" class=\"alignnone size-full wp-image-23261\" src=\"http:\/\/www.imakeyousmile.se\/wp-content\/uploads\/2015\/12\/IMG_4044_111.jpg\" alt=\"IMG_4044_111\" width=\"2500\" height=\"1788\" srcset=\"https:\/\/www.imakeyousmile.se\/wp-content\/uploads\/2015\/12\/IMG_4044_111.jpg 2500w, https:\/\/www.imakeyousmile.se\/wp-content\/uploads\/2015\/12\/IMG_4044_111-300x215.jpg 300w, https:\/\/www.imakeyousmile.se\/wp-content\/uploads\/2015\/12\/IMG_4044_111-1024x732.jpg 1024w, https:\/\/www.imakeyousmile.se\/wp-content\/uploads\/2015\/12\/IMG_4044_111-696x498.jpg 696w, https:\/\/www.imakeyousmile.se\/wp-content\/uploads\/2015\/12\/IMG_4044_111-1068x764.jpg 1068w, https:\/\/www.imakeyousmile.se\/wp-content\/uploads\/2015\/12\/IMG_4044_111-587x420.jpg 587w\" sizes=\"(max-width: 2500px) 100vw, 2500px\" \/><\/a><\/p>\n<p>Mascarilla -\u00a0<a href=\"http:\/\/creativemakeup.se\/produkt\/sanctum-hydrating-gel-mask\/\" target=\"_blank\">Mascarilla de gel hidratante Sanctum<\/a>:<br \/>\nTan pronto como me pongo esta mascarilla, siento lo tranquila que se vuelve la piel. Es tan refrescante y c\u00f3modo para la piel. El gel entra en la piel y cuando se seca, suelo aplicar m\u00e1s, solo porque es maravilloso. La mascarilla es hidratante, calmante y antiinflamatoria.<\/p>\n<p><strong>Contiene, entre otras cosas:<\/strong><br \/>\n<strong>Aloe vera -<\/strong>\u00a0Antiinflamatorio, calmante, hidratante y fortalecedor.<br \/>\n<strong>Vitamina E -<\/strong>\u00a0Favorece la renovaci\u00f3n celular y la elasticidad cut\u00e1nea. Las propiedades antioxidantes y humectantes ayudan a reducir los signos del envejecimiento prematuro.<br \/>\n<strong>Extracto de pepino<\/strong>\u00a0Calma y refresca y tiene propiedades astringentes f\u00e1ciles. Hidrata y suaviza la piel.<\/p>\n<p><a href=\"http:\/\/www.imakeyousmile.se\/wp-content\/uploads\/2015\/12\/IMG_4050_111.jpg\"><img loading=\"lazy\" decoding=\"async\" class=\"alignnone size-full wp-image-23262\" src=\"http:\/\/www.imakeyousmile.se\/wp-content\/uploads\/2015\/12\/IMG_4050_111.jpg\" alt=\"IMG_4050_111\" width=\"1494\" height=\"924\" srcset=\"https:\/\/www.imakeyousmile.se\/wp-content\/uploads\/2015\/12\/IMG_4050_111.jpg 1494w, https:\/\/www.imakeyousmile.se\/wp-content\/uploads\/2015\/12\/IMG_4050_111-300x186.jpg 300w, https:\/\/www.imakeyousmile.se\/wp-content\/uploads\/2015\/12\/IMG_4050_111-1024x633.jpg 1024w, https:\/\/www.imakeyousmile.se\/wp-content\/uploads\/2015\/12\/IMG_4050_111-356x220.jpg 356w, https:\/\/www.imakeyousmile.se\/wp-content\/uploads\/2015\/12\/IMG_4050_111-696x430.jpg 696w, https:\/\/www.imakeyousmile.se\/wp-content\/uploads\/2015\/12\/IMG_4050_111-1068x661.jpg 1068w, https:\/\/www.imakeyousmile.se\/wp-content\/uploads\/2015\/12\/IMG_4050_111-679x420.jpg 679w\" sizes=\"(max-width: 1494px) 100vw, 1494px\" \/><\/a><\/p>\n<p>\u00a1As\u00ed es como se ve la mascarilla! Se vuelve transparente en el rostro.<\/p>\n<p>Crema de d\u00eda -\u00a0<a href=\"http:\/\/creativemakeup.se\/produkt\/sanctum-moisture-balance-oil-free\/\" target=\"_blank\">Equilibrio de humedad de Sanctum<\/a>\u00a0(Libre de aceite):<br \/>\nEn mi rutina diaria de cuidado de la piel no suelo utilizar esta crema, a pesar de que es la que est\u00e1 adaptada para pieles grasas. Mi piel necesita aceite y ese tipo de ingredientes emolientes para no sentir tirante, siempre y cuando se trate de aceites que penetren r\u00e1pidamente en la piel y no queden como una capa en la superficie, esto no me hace m\u00e1s graso durante el d\u00eda. Por otro lado, esta crema facial es muy agradable cuando tienes mucho acn\u00e9, porque es un gel especialmente desarrollado para calmar la piel estresada y sensible.<\/p>\n<p><strong>Contiene, entre otras cosas:<\/strong><br \/>\n<strong>Aloe vera -<\/strong>\u00a0Antiinflamatorio, calmante, hidratante y fortalecedor.<br \/>\n<strong>Rosenvatten -<\/strong>\u00a0Ayuda al proceso de curaci\u00f3n de la piel y unifica el tono de la piel.<br \/>\n<strong>Extracto de corteza de roble -<\/strong>\u00a0Equilibra y calma la piel sensible<\/p>\n<p><a href=\"http:\/\/www.imakeyousmile.se\/wp-content\/uploads\/2015\/12\/IMG_4038_111.jpg\"><img loading=\"lazy\" decoding=\"async\" class=\"alignnone size-full wp-image-23259\" src=\"http:\/\/www.imakeyousmile.se\/wp-content\/uploads\/2015\/12\/IMG_4038_111.jpg\" alt=\"IMG_4038_111\" width=\"2500\" height=\"1753\" srcset=\"https:\/\/www.imakeyousmile.se\/wp-content\/uploads\/2015\/12\/IMG_4038_111.jpg 2500w, https:\/\/www.imakeyousmile.se\/wp-content\/uploads\/2015\/12\/IMG_4038_111-300x210.jpg 300w, https:\/\/www.imakeyousmile.se\/wp-content\/uploads\/2015\/12\/IMG_4038_111-1024x718.jpg 1024w, https:\/\/www.imakeyousmile.se\/wp-content\/uploads\/2015\/12\/IMG_4038_111-100x70.jpg 100w, https:\/\/www.imakeyousmile.se\/wp-content\/uploads\/2015\/12\/IMG_4038_111-696x488.jpg 696w, https:\/\/www.imakeyousmile.se\/wp-content\/uploads\/2015\/12\/IMG_4038_111-1068x749.jpg 1068w, https:\/\/www.imakeyousmile.se\/wp-content\/uploads\/2015\/12\/IMG_4038_111-599x420.jpg 599w\" sizes=\"(max-width: 2500px) 100vw, 2500px\" \/><\/a><\/p>\n<p>Tratamiento local calmante -\u00a0<a href=\"http:\/\/creativemakeup.se\/produkt\/sanctum-on-the-spot\/\" target=\"_blank\">Sanctum en el lugar<\/a>:<br \/>\nTengo varios clientes que compran regularmente esta crema que es absolutamente incomparablemente buena para el acn\u00e9 y ese tipo de imperfecciones irritadas, \u00a1y yo mismo estoy completamente salvo! Las espinillas necesitan cremas calmantes, de eso se trata toda mi publicaci\u00f3n, y esto es calma en un tubo, casi se podr\u00eda decir. Las imperfecciones irritadas se calman en unos minutos, y tan pronto como lubro las \u00e1reas de mis granos con esto, deja de sentirse irritada despu\u00e9s de 5-10 segundos.<\/p>\n<p>Los granitos &quot;maduran&quot; y desaparecen m\u00e1s r\u00e1pido, y sobre todo evitas la molesta sensaci\u00f3n que crean los granitos.<\/p>\n<p><strong>Contiene, entre otras cosas:<\/strong><br \/>\n<strong>Aceite de \u00e1rbol de t\u00e9 -<\/strong>\u00a0\u00a0Calmante, antibacteriano con propiedades curativas envueltas.<br \/>\n<strong>Vitamina E -<\/strong>\u00a0Favorece la renovaci\u00f3n celular y la elasticidad cut\u00e1nea. Las propiedades antioxidantes y humectantes ayudan a reducir los signos del envejecimiento prematuro.<br \/>\n<strong>Extracto de regaliz -<\/strong>\u00a0Propiedades antiinflamatorias y cicatrizantes.<\/p>\n<p><a href=\"http:\/\/www.imakeyousmile.se\/wp-content\/uploads\/2015\/12\/IMG_4042_111.jpg\"><img loading=\"lazy\" decoding=\"async\" class=\"alignnone size-full wp-image-23260\" src=\"http:\/\/www.imakeyousmile.se\/wp-content\/uploads\/2015\/12\/IMG_4042_111.jpg\" alt=\"IMG_4042_111\" width=\"2500\" height=\"1936\" srcset=\"https:\/\/www.imakeyousmile.se\/wp-content\/uploads\/2015\/12\/IMG_4042_111.jpg 2500w, https:\/\/www.imakeyousmile.se\/wp-content\/uploads\/2015\/12\/IMG_4042_111-300x232.jpg 300w, https:\/\/www.imakeyousmile.se\/wp-content\/uploads\/2015\/12\/IMG_4042_111-1024x793.jpg 1024w, https:\/\/www.imakeyousmile.se\/wp-content\/uploads\/2015\/12\/IMG_4042_111-696x539.jpg 696w, https:\/\/www.imakeyousmile.se\/wp-content\/uploads\/2015\/12\/IMG_4042_111-1068x827.jpg 1068w, https:\/\/www.imakeyousmile.se\/wp-content\/uploads\/2015\/12\/IMG_4042_111-542x420.jpg 542w\" sizes=\"(max-width: 2500px) 100vw, 2500px\" \/><\/a><\/p>\n<p>Aplicar On The Spot directamente sobre la espinilla, o en mi caso sobre toda la zona irritada que est\u00e1 llena de espinillas.<\/p>\n<p>Como dije, el hecho de que las espinillas puedan deberse a pieles sensibles y que debas concentrarte lo m\u00e1s posible en productos calmantes, es m\u00e1s una experiencia que ciencia de mi parte. Pero estoy empezando a pensar cada vez m\u00e1s que todos estos productos fuertes para la piel con acn\u00e9 pueden no ser el camino correcto para todos, y aunque no soy dermat\u00f3logo, creo que vale la pena pensar en ellos para aquellos de ustedes que tambi\u00e9n son propensos al acn\u00e9. porque como yo :)<\/p>\n<p>\u00bfQu\u00e9 piensas?<\/p>","protected":false},"excerpt":{"rendered":"<p>Jag hade ganska mycket problem med akne i ton\u00e5ren, men det finns inte en enda bild p\u00e5 det f\u00f6r det fanns inte en chans att jag skulle st\u00e4lla upp framf\u00f6r kameran utan ett tjockt lager foundation. Ibland \u00f6nskar jag att jag kunde g\u00e5 tillbaka i tiden och ge mig sj\u00e4lv lite hudv\u00e5rdstips, eller \u00e5tminstone allm\u00e4nt [&hellip;]<\/p>\n","protected":false},"author":30,"featured_media":23260,"comment_status":"open","ping_status":"closed","sticky":false,"template":"","format":"standard","meta":{"footnotes":""},"categories":[3],"tags":[4320,2596,4322,4321,2437],"class_list":["post-23258","post","type-post","status-publish","format-standard","has-post-thumbnail","hentry","category-allmant","tag-akne-och-kanslig-hy","tag-ekologisk-hudvard","tag-ekologisk-hudvard-akne","tag-hudvard-finnar","tag-sanctum"],"yoast_head":"<!-- This site is optimized with the Yoast SEO Premium plugin v14.9 - https:\/\/yoast.com\/wordpress\/plugins\/seo\/ -->\n<meta name=\"description\" content=\"K\u00e4nslig hy och akne | Helena Amiley - H\u00e4r hittar du senaste infromation om sk\u00f6nhet, livsstil, entrepren\u00f6rskap, makeup &amp; tips.\" \/>\n<meta name=\"robots\" content=\"index, follow, max-snippet:-1, max-image-preview:large, max-video-preview:-1\" \/>\n<link rel=\"canonical\" href=\"https:\/\/www.imakeyousmile.se\/es\/kanslig-hy-och-akne\/\" \/>\n<meta property=\"og:locale\" content=\"es_ES\" \/>\n<meta property=\"og:type\" content=\"article\" \/>\n<meta property=\"og:title\" content=\"K\u00e4nslig hy och akne | Imakeyousmile.se\" \/>\n<meta property=\"og:description\" content=\"K\u00e4nslig hy och akne | Helena Amiley - H\u00e4r hittar du senaste infromation om sk\u00f6nhet, livsstil, entrepren\u00f6rskap, makeup &amp; tips.\" \/>\n<meta property=\"og:url\" content=\"https:\/\/www.imakeyousmile.se\/es\/kanslig-hy-och-akne\/\" \/>\n<meta property=\"og:site_name\" content=\"Imakeyousmile.se\" \/>\n<meta property=\"article:author\" content=\"https:\/\/www.facebook.com\/imakeyousmile.se\" \/>\n<meta property=\"article:published_time\" content=\"2015-12-17T19:45:37+00:00\" \/>\n<meta property=\"og:image\" content=\"https:\/\/www.imakeyousmile.se\/wp-content\/uploads\/2015\/12\/IMG_4042_111.jpg\" \/>\n\t<meta property=\"og:image:width\" content=\"2500\" \/>\n\t<meta property=\"og:image:height\" content=\"1936\" \/>\n<meta name=\"twitter:card\" content=\"summary_large_image\" \/>\n<script type=\"application\/ld+json\" class=\"yoast-schema-graph\">{\"@context\":\"https:\/\/schema.org\",\"@graph\":[{\"@type\":\"Organization\",\"@id\":\"https:\/\/www.imakeyousmile.se\/es\/#organization\",\"name\":\"Imakeyousmile\",\"url\":\"https:\/\/www.imakeyousmile.se\/es\/\",\"sameAs\":[],\"logo\":{\"@type\":\"ImageObject\",\"@id\":\"https:\/\/www.imakeyousmile.se\/es\/#logo\",\"inLanguage\":\"es\",\"url\":\"https:\/\/www.imakeyousmile.se\/wp-content\/uploads\/2020\/10\/HELENA-AMILEY_SVART-1-e1603367975324.png\",\"width\":280,\"height\":93,\"caption\":\"Imakeyousmile\"},\"image\":{\"@id\":\"https:\/\/www.imakeyousmile.se\/es\/#logo\"}},{\"@type\":\"WebSite\",\"@id\":\"https:\/\/www.imakeyousmile.se\/es\/#website\",\"url\":\"https:\/\/www.imakeyousmile.se\/es\/\",\"name\":\"Imakeyousmile.se\",\"description\":\"Helena Amiley - Beauty, Entrepreneur, Lifestyle\",\"publisher\":{\"@id\":\"https:\/\/www.imakeyousmile.se\/es\/#organization\"},\"potentialAction\":[{\"@type\":\"SearchAction\",\"target\":\"https:\/\/www.imakeyousmile.se\/es\/?s={search_term_string}\",\"query-input\":\"required name=search_term_string\"}],\"inLanguage\":\"es\"},{\"@type\":\"ImageObject\",\"@id\":\"https:\/\/www.imakeyousmile.se\/kanslig-hy-och-akne\/#primaryimage\",\"inLanguage\":\"es\",\"url\":\"https:\/\/www.imakeyousmile.se\/wp-content\/uploads\/2015\/12\/IMG_4042_111.jpg\",\"width\":2500,\"height\":1936},{\"@type\":\"WebPage\",\"@id\":\"https:\/\/www.imakeyousmile.se\/kanslig-hy-och-akne\/#webpage\",\"url\":\"https:\/\/www.imakeyousmile.se\/kanslig-hy-och-akne\/\",\"name\":\"K\\u00e4nslig hy och akne | Imakeyousmile.se\",\"isPartOf\":{\"@id\":\"https:\/\/www.imakeyousmile.se\/es\/#website\"},\"primaryImageOfPage\":{\"@id\":\"https:\/\/www.imakeyousmile.se\/kanslig-hy-och-akne\/#primaryimage\"},\"datePublished\":\"2015-12-17T19:45:37+00:00\",\"dateModified\":\"2015-12-17T19:45:37+00:00\",\"description\":\"K\\u00e4nslig hy och akne | Helena Amiley - H\\u00e4r hittar du senaste infromation om sk\\u00f6nhet, livsstil, entrepren\\u00f6rskap, makeup & tips.\",\"inLanguage\":\"es\",\"potentialAction\":[{\"@type\":\"ReadAction\",\"target\":[\"https:\/\/www.imakeyousmile.se\/kanslig-hy-och-akne\/\"]}]},{\"@type\":\"Article\",\"@id\":\"https:\/\/www.imakeyousmile.se\/kanslig-hy-och-akne\/#article\",\"isPartOf\":{\"@id\":\"https:\/\/www.imakeyousmile.se\/kanslig-hy-och-akne\/#webpage\"},\"author\":{\"@id\":\"https:\/\/www.imakeyousmile.se\/es\/#\/schema\/person\/b0fd43b1c6bb1c60cfd68bff9b4a10fb\"},\"headline\":\"K\\u00e4nslig hy och akne\",\"datePublished\":\"2015-12-17T19:45:37+00:00\",\"dateModified\":\"2015-12-17T19:45:37+00:00\",\"mainEntityOfPage\":{\"@id\":\"https:\/\/www.imakeyousmile.se\/kanslig-hy-och-akne\/#webpage\"},\"commentCount\":1,\"publisher\":{\"@id\":\"https:\/\/www.imakeyousmile.se\/es\/#organization\"},\"image\":{\"@id\":\"https:\/\/www.imakeyousmile.se\/kanslig-hy-och-akne\/#primaryimage\"},\"keywords\":\"akne och k\\u00e4nslig hy,ekologisk hudv\\u00e5rd,ekologisk hudv\\u00e5rd akne,hudv\\u00e5rd finnar,sanctum\",\"articleSection\":\"\\u00d6vrigt\",\"inLanguage\":\"es\",\"potentialAction\":[{\"@type\":\"CommentAction\",\"name\":\"Comment\",\"target\":[\"https:\/\/www.imakeyousmile.se\/kanslig-hy-och-akne\/#respond\"]}]},{\"@type\":\"Person\",\"@id\":\"https:\/\/www.imakeyousmile.se\/es\/#\/schema\/person\/b0fd43b1c6bb1c60cfd68bff9b4a10fb\",\"name\":\"Helena Amiley\",\"image\":{\"@type\":\"ImageObject\",\"@id\":\"https:\/\/www.imakeyousmile.se\/es\/#personlogo\",\"inLanguage\":\"es\",\"url\":\"https:\/\/secure.gravatar.com\/avatar\/5645558e1e355457a23368d7e1b4c904?s=96&d=mm&r=g\",\"caption\":\"Helena Amiley\"},\"description\":\"Jag skriver mest om sk\\u00f6nhet men bjuder \\u00e4ven p\\u00e5 glimtar fr\\u00e5n entrepren\\u00f6rlivet och bygget av v\\u00e5r egen camper van. Vanlife here we come!\",\"sameAs\":[\"https:\/\/www.facebook.com\/imakeyousmile.se\",\"https:\/\/www.instagram.com\/helenaamiley\",\"https:\/\/www.youtube.com\/channel\/UCR5iB6rvpV6Yr8ZjpQfr5mg?view_as=subscriber\"]}]}<\/script>\n<!-- \/ Yoast SEO Premium plugin. -->","_links":{"self":[{"href":"https:\/\/www.imakeyousmile.se\/es\/wp-json\/wp\/v2\/posts\/23258"}],"collection":[{"href":"https:\/\/www.imakeyousmile.se\/es\/wp-json\/wp\/v2\/posts"}],"about":[{"href":"https:\/\/www.imakeyousmile.se\/es\/wp-json\/wp\/v2\/types\/post"}],"author":[{"embeddable":true,"href":"https:\/\/www.imakeyousmile.se\/es\/wp-json\/wp\/v2\/users\/30"}],"replies":[{"embeddable":true,"href":"https:\/\/www.imakeyousmile.se\/es\/wp-json\/wp\/v2\/comments?post=23258"}],"version-history":[{"count":2,"href":"https:\/\/www.imakeyousmile.se\/es\/wp-json\/wp\/v2\/posts\/23258\/revisions"}],"predecessor-version":[{"id":23265,"href":"https:\/\/www.imakeyousmile.se\/es\/wp-json\/wp\/v2\/posts\/23258\/revisions\/23265"}],"wp:featuredmedia":[{"embeddable":true,"href":"https:\/\/www.imakeyousmile.se\/es\/wp-json\/wp\/v2\/media\/23260"}],"wp:attachment":[{"href":"https:\/\/www.imakeyousmile.se\/es\/wp-json\/wp\/v2\/media?parent=23258"}],"wp:term":[{"taxonomy":"category","embeddable":true,"href":"https:\/\/www.imakeyousmile.se\/es\/wp-json\/wp\/v2\/categories?post=23258"},{"taxonomy":"post_tag","embeddable":true,"href":"https:\/\/www.imakeyousmile.se\/es\/wp-json\/wp\/v2\/tags?post=23258"}],"curies":[{"name":"wp","href":"https:\/\/api.w.org\/{rel}","templated":true}]}}