{"id":2327,"date":"2012-12-20T22:06:50","date_gmt":"2012-12-20T21:06:50","guid":{"rendered":"http:\/\/www.imakeyousmile.se\/?p=2327"},"modified":"2012-12-20T22:06:50","modified_gmt":"2012-12-20T21:06:50","slug":"innan-du-lagger-din-ogonskugga","status":"publish","type":"post","link":"https:\/\/www.imakeyousmile.se\/es\/antes-de-poner-la-sombra-de-ojos\/","title":{"rendered":"Antes de aplicar la sombra de ojos"},"content":{"rendered":"<p><strong>Malicka sa\u2026<\/strong><br \/>\n<em><strong>Yo uso base mineral ID. \u00bfDebo aplicar mi prebase sobre la base alrededor de los ojos?<\/strong><\/em><\/p>\n<p>&nbsp;<\/p>\n<p>\u00a1Ahora describir\u00e9 exactamente c\u00f3mo es y en qu\u00e9 debes pensar antes de ponerte la sombra de ojos! :)<\/p>\n<p>Mucha gente no cree que los p\u00e1rpados sean uno de los lugares m\u00e1s grasos del rostro. Los p\u00e1rpados se vuelven tan aceitosos y aceitosos como la zona T (frente, nariz)<\/p>\n<p><strong><span style=\"text-decoration: underline;\">Paso 1<\/span>.<\/strong> Limpie los p\u00e1rpados con desmaquillador (<em>que es para los ojos<\/em>) con una bola de algod\u00f3n.<br \/>\nNo aplique loci\u00f3n en los p\u00e1rpados. Una imprimaci\u00f3n es suficientemente hidratante, especialmente si tienes una base l\u00edquida debajo.<\/p>\n<p><span style=\"text-decoration: underline;\"><strong>paso 2<\/strong><\/span>. Aplica tu base de maquillaje por todo tu rostro <strong>y<\/strong> <strong>en los p\u00e1rpados<\/strong>,<span style=\"font-size: large;\"> adem\u00e1s<\/span> si va a cubrir el p\u00e1rpado con sombra de ojos. Los p\u00e1rpados tienen muchos vasos sangu\u00edneos peque\u00f1os que dan un tono rojo azulado claro, aunque no siempre lo pienses t\u00fa mismo. \u00a1Esto puede afectar el verdadero color de la sombra de ojos!<\/p>\n<p><span style=\"text-decoration: underline;\"><strong>Paso 3<\/strong><\/span>. Aplique prebase alrededor del ojo, preferiblemente solo hasta la ceja y en la l\u00ednea de las pesta\u00f1as inferiores, para que no se pierda nada y corra el riesgo de mancharse la sombra de ojos en los bordes exteriores.<\/p>\n<p style=\"text-align: center;\"><a href=\"http:\/\/www.imakeyousmile.se\/wp-content\/uploads\/2012\/12\/IMG_51621.jpg\"><img loading=\"lazy\" decoding=\"async\" class=\"aligncenter  wp-image-2328\" title=\"IMG_5162\" src=\"http:\/\/www.imakeyousmile.se\/wp-content\/uploads\/2012\/12\/IMG_51621-662x1208.jpg\" alt=\"\" width=\"449\" height=\"819\" srcset=\"https:\/\/www.imakeyousmile.se\/wp-content\/uploads\/2012\/12\/IMG_51621-662x1208.jpg 662w, https:\/\/www.imakeyousmile.se\/wp-content\/uploads\/2012\/12\/IMG_51621-164x300.jpg 164w, https:\/\/www.imakeyousmile.se\/wp-content\/uploads\/2012\/12\/IMG_51621.jpg 1402w\" sizes=\"(max-width: 449px) 100vw, 449px\" \/><\/a><\/p>\n<p style=\"text-align: center;\"><em>\u00a1Entonces es hora de aplicar la sombra de ojos!<\/em><\/p>\n<p style=\"text-align: left;\">\nSin embargo, puedo admitir que normalmente me salto <em>&quot;paso 1<\/em>Y simplemente tire un poco con el dedo para eliminar el exceso de aceite. Vaya;)<\/p>\n<p>&nbsp;<\/p>\n<p style=\"text-align: center;\"><span style=\"font-size: xx-large;\">\u00a1Espero que lo hayas entendido!<\/span><\/p>","protected":false},"excerpt":{"rendered":"<p>Malicka sa&#8230; Jag anv\u00e4nder I.D mineral foundation. Skall jag applicera min primer ovanp\u00e5 foundation runt \u00f6gonen? &nbsp; Nu ska jag beskriva exakt\u00a0hur det ligger till och vad ni b\u00f6r t\u00e4nka p\u00e5 innan ni l\u00e4gger \u00f6gonskuggan! :) M\u00e5nga t\u00e4nker inte p\u00e5 att \u00f6gonlocken \u00e4r en av de mest oljiga st\u00e4llen i ansiktet. \u00d6gonlocken blir lika oljiga [&hellip;]<\/p>\n","protected":false},"author":30,"featured_media":0,"comment_status":"open","ping_status":"open","sticky":false,"template":"","format":"standard","meta":{"footnotes":""},"categories":[59],"tags":[132,131,126],"class_list":["post-2327","post","type-post","status-publish","format-standard","hentry","category-recensioner-produkttips","tag-forberedelser-smink","tag-innan-du-lagge-ridn-ogonskugga","tag-primer"],"yoast_head":"<!-- This site is optimized with the Yoast SEO Premium plugin v14.9 - https:\/\/yoast.com\/wordpress\/plugins\/seo\/ -->\n<meta name=\"description\" content=\"Innan du l\u00e4gger din \u00f6gonskugga | Helena Amiley - H\u00e4r hittar du senaste infromation om sk\u00f6nhet, livsstil, entrepren\u00f6rskap, makeup &amp; tips.\" \/>\n<meta name=\"robots\" content=\"index, follow, max-snippet:-1, max-image-preview:large, max-video-preview:-1\" \/>\n<link rel=\"canonical\" href=\"https:\/\/www.imakeyousmile.se\/es\/innan-du-lagger-din-ogonskugga\/\" \/>\n<meta property=\"og:locale\" content=\"es_ES\" \/>\n<meta property=\"og:type\" content=\"article\" \/>\n<meta property=\"og:title\" content=\"Innan du l\u00e4gger din \u00f6gonskugga | Imakeyousmile.se\" \/>\n<meta property=\"og:description\" content=\"Innan du l\u00e4gger din \u00f6gonskugga | Helena Amiley - H\u00e4r hittar du senaste infromation om sk\u00f6nhet, livsstil, entrepren\u00f6rskap, makeup &amp; tips.\" \/>\n<meta property=\"og:url\" content=\"https:\/\/www.imakeyousmile.se\/es\/innan-du-lagger-din-ogonskugga\/\" \/>\n<meta property=\"og:site_name\" content=\"Imakeyousmile.se\" \/>\n<meta property=\"article:author\" content=\"https:\/\/www.facebook.com\/imakeyousmile.se\" \/>\n<meta property=\"article:published_time\" content=\"2012-12-20T21:06:50+00:00\" \/>\n<meta property=\"og:image\" content=\"http:\/\/www.imakeyousmile.se\/wp-content\/uploads\/2012\/12\/IMG_51621-662x1208.jpg\" \/>\n<meta name=\"twitter:card\" content=\"summary_large_image\" \/>\n<script type=\"application\/ld+json\" class=\"yoast-schema-graph\">{\"@context\":\"https:\/\/schema.org\",\"@graph\":[{\"@type\":\"Organization\",\"@id\":\"https:\/\/www.imakeyousmile.se\/es\/#organization\",\"name\":\"Imakeyousmile\",\"url\":\"https:\/\/www.imakeyousmile.se\/es\/\",\"sameAs\":[],\"logo\":{\"@type\":\"ImageObject\",\"@id\":\"https:\/\/www.imakeyousmile.se\/es\/#logo\",\"inLanguage\":\"es\",\"url\":\"https:\/\/www.imakeyousmile.se\/wp-content\/uploads\/2020\/10\/HELENA-AMILEY_SVART-1-e1603367975324.png\",\"width\":280,\"height\":93,\"caption\":\"Imakeyousmile\"},\"image\":{\"@id\":\"https:\/\/www.imakeyousmile.se\/es\/#logo\"}},{\"@type\":\"WebSite\",\"@id\":\"https:\/\/www.imakeyousmile.se\/es\/#website\",\"url\":\"https:\/\/www.imakeyousmile.se\/es\/\",\"name\":\"Imakeyousmile.se\",\"description\":\"Helena Amiley - Beauty, Entrepreneur, Lifestyle\",\"publisher\":{\"@id\":\"https:\/\/www.imakeyousmile.se\/es\/#organization\"},\"potentialAction\":[{\"@type\":\"SearchAction\",\"target\":\"https:\/\/www.imakeyousmile.se\/es\/?s={search_term_string}\",\"query-input\":\"required name=search_term_string\"}],\"inLanguage\":\"es\"},{\"@type\":\"ImageObject\",\"@id\":\"https:\/\/www.imakeyousmile.se\/innan-du-lagger-din-ogonskugga\/#primaryimage\",\"inLanguage\":\"es\",\"url\":\"http:\/\/www.imakeyousmile.se\/wp-content\/uploads\/2012\/12\/IMG_51621-662x1208.jpg\"},{\"@type\":\"WebPage\",\"@id\":\"https:\/\/www.imakeyousmile.se\/innan-du-lagger-din-ogonskugga\/#webpage\",\"url\":\"https:\/\/www.imakeyousmile.se\/innan-du-lagger-din-ogonskugga\/\",\"name\":\"Innan du l\\u00e4gger din \\u00f6gonskugga | Imakeyousmile.se\",\"isPartOf\":{\"@id\":\"https:\/\/www.imakeyousmile.se\/es\/#website\"},\"primaryImageOfPage\":{\"@id\":\"https:\/\/www.imakeyousmile.se\/innan-du-lagger-din-ogonskugga\/#primaryimage\"},\"datePublished\":\"2012-12-20T21:06:50+00:00\",\"dateModified\":\"2012-12-20T21:06:50+00:00\",\"description\":\"Innan du l\\u00e4gger din \\u00f6gonskugga | Helena Amiley - H\\u00e4r hittar du senaste infromation om sk\\u00f6nhet, livsstil, entrepren\\u00f6rskap, makeup & tips.\",\"inLanguage\":\"es\",\"potentialAction\":[{\"@type\":\"ReadAction\",\"target\":[\"https:\/\/www.imakeyousmile.se\/innan-du-lagger-din-ogonskugga\/\"]}]},{\"@type\":\"Article\",\"@id\":\"https:\/\/www.imakeyousmile.se\/innan-du-lagger-din-ogonskugga\/#article\",\"isPartOf\":{\"@id\":\"https:\/\/www.imakeyousmile.se\/innan-du-lagger-din-ogonskugga\/#webpage\"},\"author\":{\"@id\":\"https:\/\/www.imakeyousmile.se\/es\/#\/schema\/person\/b0fd43b1c6bb1c60cfd68bff9b4a10fb\"},\"headline\":\"Innan du l\\u00e4gger din \\u00f6gonskugga\",\"datePublished\":\"2012-12-20T21:06:50+00:00\",\"dateModified\":\"2012-12-20T21:06:50+00:00\",\"mainEntityOfPage\":{\"@id\":\"https:\/\/www.imakeyousmile.se\/innan-du-lagger-din-ogonskugga\/#webpage\"},\"commentCount\":0,\"publisher\":{\"@id\":\"https:\/\/www.imakeyousmile.se\/es\/#organization\"},\"image\":{\"@id\":\"https:\/\/www.imakeyousmile.se\/innan-du-lagger-din-ogonskugga\/#primaryimage\"},\"keywords\":\"F\\u00f6rberedelser smink,Innan du l\\u00e4gge ridn \\u00f6gonskugga,Primer\",\"articleSection\":\"Recensioner &amp; Produkttips\",\"inLanguage\":\"es\",\"potentialAction\":[{\"@type\":\"CommentAction\",\"name\":\"Comment\",\"target\":[\"https:\/\/www.imakeyousmile.se\/innan-du-lagger-din-ogonskugga\/#respond\"]}]},{\"@type\":\"Person\",\"@id\":\"https:\/\/www.imakeyousmile.se\/es\/#\/schema\/person\/b0fd43b1c6bb1c60cfd68bff9b4a10fb\",\"name\":\"Helena Amiley\",\"image\":{\"@type\":\"ImageObject\",\"@id\":\"https:\/\/www.imakeyousmile.se\/es\/#personlogo\",\"inLanguage\":\"es\",\"url\":\"https:\/\/secure.gravatar.com\/avatar\/5645558e1e355457a23368d7e1b4c904?s=96&d=mm&r=g\",\"caption\":\"Helena Amiley\"},\"description\":\"Jag skriver mest om sk\\u00f6nhet men bjuder \\u00e4ven p\\u00e5 glimtar fr\\u00e5n entrepren\\u00f6rlivet och bygget av v\\u00e5r egen camper van. Vanlife here we come!\",\"sameAs\":[\"https:\/\/www.facebook.com\/imakeyousmile.se\",\"https:\/\/www.instagram.com\/helenaamiley\",\"https:\/\/www.youtube.com\/channel\/UCR5iB6rvpV6Yr8ZjpQfr5mg?view_as=subscriber\"]}]}<\/script>\n<!-- \/ Yoast SEO Premium plugin. -->","_links":{"self":[{"href":"https:\/\/www.imakeyousmile.se\/es\/wp-json\/wp\/v2\/posts\/2327"}],"collection":[{"href":"https:\/\/www.imakeyousmile.se\/es\/wp-json\/wp\/v2\/posts"}],"about":[{"href":"https:\/\/www.imakeyousmile.se\/es\/wp-json\/wp\/v2\/types\/post"}],"author":[{"embeddable":true,"href":"https:\/\/www.imakeyousmile.se\/es\/wp-json\/wp\/v2\/users\/30"}],"replies":[{"embeddable":true,"href":"https:\/\/www.imakeyousmile.se\/es\/wp-json\/wp\/v2\/comments?post=2327"}],"version-history":[{"count":0,"href":"https:\/\/www.imakeyousmile.se\/es\/wp-json\/wp\/v2\/posts\/2327\/revisions"}],"wp:attachment":[{"href":"https:\/\/www.imakeyousmile.se\/es\/wp-json\/wp\/v2\/media?parent=2327"}],"wp:term":[{"taxonomy":"category","embeddable":true,"href":"https:\/\/www.imakeyousmile.se\/es\/wp-json\/wp\/v2\/categories?post=2327"},{"taxonomy":"post_tag","embeddable":true,"href":"https:\/\/www.imakeyousmile.se\/es\/wp-json\/wp\/v2\/tags?post=2327"}],"curies":[{"name":"wp","href":"https:\/\/api.w.org\/{rel}","templated":true}]}}