{"id":23406,"date":"2013-12-20T15:19:01","date_gmt":"2013-12-20T14:19:01","guid":{"rendered":"http:\/\/www.imakeyousmile.se\/?p=23406"},"modified":"2015-12-20T15:19:43","modified_gmt":"2015-12-20T14:19:43","slug":"matcha-smink-och-naglar-pa-nyar","status":"publish","type":"post","link":"https:\/\/www.imakeyousmile.se\/es\/combinar-maquillaje-y-unas-en-nuevo\/","title":{"rendered":"Combina el maquillaje y las u\u00f1as en A\u00f1o Nuevo."},"content":{"rendered":"<p>El hecho de que las u\u00f1as y el maquillaje encajen entre s\u00ed quiz\u00e1s no sea algo en lo que sueles poner energ\u00eda todos los d\u00edas.<\/p>\n<p>Pero antes de la v\u00edspera de A\u00f1o Nuevo, cuando a menudo piensas un poco m\u00e1s y, a menudo, tambi\u00e9n vistes todo de negro, \u00a1es muy divertido combinarlo! Es muy frecuente que tengas las manos cerca de la cara si lo piensas, como alisar un mech\u00f3n de cabello o taparte la boca con la mano cuando te r\u00edes mientras comes jeje.<\/p>\n<p>Puede combinar en color, labios rojos-u\u00f1as rojas, por ejemplo. \u00a1Pero un detalle un poco m\u00e1s divertido es usar el mismo brillo en el maquillaje de ojos que en las u\u00f1as!<\/p>\n<p>Coloque brillo con Make Up Store Mixing Liquid en alg\u00fan lugar de su maquillaje, y cuando luego pinte las u\u00f1as, espolvoree un poco de brillo en la parte superior y se ver\u00e1 horrible.<\/p>\n<p>Adem\u00e1s, no tienes que pensar en qu\u00e9 colores te sientes mejor tanto en el rostro como en las manos. Es posible que desee u\u00f1as rojas pero no labios rojos, luego agregue brillo dorado tanto a las u\u00f1as como al maquillaje.<\/p>\n<p><a href=\"http:\/\/modernmom.se\/skonhet\/wp-content\/uploads\/sites\/13\/2013\/12\/ny\u00e5rssminkning-och-ny\u00e5rsnaglar.jpg\"><img loading=\"lazy\" decoding=\"async\" class=\"alignnone size-large wp-image-4424\" src=\"http:\/\/modernmom.se\/skonhet\/wp-content\/uploads\/sites\/13\/2013\/12\/ny\u00e5rssminkning-och-ny\u00e5rsnaglar-670x418.jpg\" alt=\"Maquillaje de a\u00f1o nuevo y u\u00f1as de a\u00f1o nuevo.\" width=\"670\" height=\"418\" \/><\/a><\/p>\n<p>&nbsp;<\/p>\n<p>\u00a1Aqu\u00ed tienes un ejemplo de esto! El esmalte de u\u00f1as es de <a href=\"http:\/\/se.rituals.com\/sv-se\/mini-nagellack\/mini-nail-varnish---medieval-blue-9449.html#start=7\" target=\"_blank\">Rituales<\/a>.<\/p>\n<p>Todo el inserto de maquillaje est\u00e1 puesto <a href=\"http:\/\/www.imakeyousmile.se\/es\/nyarssminkning-guldig-sotning\/\" target=\"_blank\">Imakeyousmile.se<\/a> :)<\/p>","protected":false},"excerpt":{"rendered":"<p>Att naglarna och sminkningen ska passa ihop \u00e4r kanske ingenting man brukar l\u00e4gga energi p\u00e5 varje dag. Men inf\u00f6r ny\u00e5rsafton d\u00e5 man ofta t\u00e4nker till lite mer, och ofta \u00e4ven har helsvart p\u00e5 sig, s\u00e5 \u00e4r det j\u00e4tteroligt att matcha! Det \u00e4r ju v\u00e4ldigt ofta man har h\u00e4nderna n\u00e4ra ansiktet om man t\u00e4nker efter, typ [&hellip;]<\/p>\n","protected":false},"author":30,"featured_media":0,"comment_status":"open","ping_status":"closed","sticky":false,"template":"","format":"standard","meta":{"footnotes":""},"categories":[3],"tags":[],"class_list":["post-23406","post","type-post","status-publish","format-standard","hentry","category-allmant"],"yoast_head":"<!-- This site is optimized with the Yoast SEO Premium plugin v14.9 - https:\/\/yoast.com\/wordpress\/plugins\/seo\/ -->\n<meta name=\"description\" content=\"Matcha smink och naglar p\u00e5 ny\u00e5r | Helena Amiley - H\u00e4r hittar du senaste infromation om sk\u00f6nhet, livsstil, entrepren\u00f6rskap, makeup &amp; tips.\" \/>\n<meta name=\"robots\" content=\"index, follow, max-snippet:-1, max-image-preview:large, max-video-preview:-1\" \/>\n<link rel=\"canonical\" href=\"https:\/\/www.imakeyousmile.se\/es\/matcha-smink-och-naglar-pa-nyar\/\" \/>\n<meta property=\"og:locale\" content=\"es_ES\" \/>\n<meta property=\"og:type\" content=\"article\" \/>\n<meta property=\"og:title\" content=\"Matcha smink och naglar p\u00e5 ny\u00e5r | Imakeyousmile.se\" \/>\n<meta property=\"og:description\" content=\"Matcha smink och naglar p\u00e5 ny\u00e5r | Helena Amiley - H\u00e4r hittar du senaste infromation om sk\u00f6nhet, livsstil, entrepren\u00f6rskap, makeup &amp; tips.\" \/>\n<meta property=\"og:url\" content=\"https:\/\/www.imakeyousmile.se\/es\/matcha-smink-och-naglar-pa-nyar\/\" \/>\n<meta property=\"og:site_name\" content=\"Imakeyousmile.se\" \/>\n<meta property=\"article:author\" content=\"https:\/\/www.facebook.com\/imakeyousmile.se\" \/>\n<meta property=\"article:published_time\" content=\"2013-12-20T14:19:01+00:00\" \/>\n<meta property=\"article:modified_time\" content=\"2015-12-20T14:19:43+00:00\" \/>\n<meta property=\"og:image\" content=\"http:\/\/modernmom.se\/skonhet\/wp-content\/uploads\/sites\/13\/2013\/12\/ny\u00e5rssminkning-och-ny\u00e5rsnaglar-670x418.jpg\" \/>\n<meta name=\"twitter:card\" content=\"summary_large_image\" \/>\n<script type=\"application\/ld+json\" class=\"yoast-schema-graph\">{\"@context\":\"https:\/\/schema.org\",\"@graph\":[{\"@type\":\"Organization\",\"@id\":\"https:\/\/www.imakeyousmile.se\/es\/#organization\",\"name\":\"Imakeyousmile\",\"url\":\"https:\/\/www.imakeyousmile.se\/es\/\",\"sameAs\":[],\"logo\":{\"@type\":\"ImageObject\",\"@id\":\"https:\/\/www.imakeyousmile.se\/es\/#logo\",\"inLanguage\":\"es\",\"url\":\"https:\/\/www.imakeyousmile.se\/wp-content\/uploads\/2020\/10\/HELENA-AMILEY_SVART-1-e1603367975324.png\",\"width\":280,\"height\":93,\"caption\":\"Imakeyousmile\"},\"image\":{\"@id\":\"https:\/\/www.imakeyousmile.se\/es\/#logo\"}},{\"@type\":\"WebSite\",\"@id\":\"https:\/\/www.imakeyousmile.se\/es\/#website\",\"url\":\"https:\/\/www.imakeyousmile.se\/es\/\",\"name\":\"Imakeyousmile.se\",\"description\":\"Helena Amiley - Beauty, Entrepreneur, Lifestyle\",\"publisher\":{\"@id\":\"https:\/\/www.imakeyousmile.se\/es\/#organization\"},\"potentialAction\":[{\"@type\":\"SearchAction\",\"target\":\"https:\/\/www.imakeyousmile.se\/es\/?s={search_term_string}\",\"query-input\":\"required name=search_term_string\"}],\"inLanguage\":\"es\"},{\"@type\":\"ImageObject\",\"@id\":\"https:\/\/www.imakeyousmile.se\/matcha-smink-och-naglar-pa-nyar\/#primaryimage\",\"inLanguage\":\"es\",\"url\":\"http:\/\/modernmom.se\/skonhet\/wp-content\/uploads\/sites\/13\/2013\/12\/ny\\u00e5rssminkning-och-ny\\u00e5rsnaglar-670x418.jpg\"},{\"@type\":\"WebPage\",\"@id\":\"https:\/\/www.imakeyousmile.se\/matcha-smink-och-naglar-pa-nyar\/#webpage\",\"url\":\"https:\/\/www.imakeyousmile.se\/matcha-smink-och-naglar-pa-nyar\/\",\"name\":\"Matcha smink och naglar p\\u00e5 ny\\u00e5r | Imakeyousmile.se\",\"isPartOf\":{\"@id\":\"https:\/\/www.imakeyousmile.se\/es\/#website\"},\"primaryImageOfPage\":{\"@id\":\"https:\/\/www.imakeyousmile.se\/matcha-smink-och-naglar-pa-nyar\/#primaryimage\"},\"datePublished\":\"2013-12-20T14:19:01+00:00\",\"dateModified\":\"2015-12-20T14:19:43+00:00\",\"description\":\"Matcha smink och naglar p\\u00e5 ny\\u00e5r | Helena Amiley - H\\u00e4r hittar du senaste infromation om sk\\u00f6nhet, livsstil, entrepren\\u00f6rskap, makeup & tips.\",\"inLanguage\":\"es\",\"potentialAction\":[{\"@type\":\"ReadAction\",\"target\":[\"https:\/\/www.imakeyousmile.se\/matcha-smink-och-naglar-pa-nyar\/\"]}]},{\"@type\":\"Article\",\"@id\":\"https:\/\/www.imakeyousmile.se\/matcha-smink-och-naglar-pa-nyar\/#article\",\"isPartOf\":{\"@id\":\"https:\/\/www.imakeyousmile.se\/matcha-smink-och-naglar-pa-nyar\/#webpage\"},\"author\":{\"@id\":\"https:\/\/www.imakeyousmile.se\/es\/#\/schema\/person\/b0fd43b1c6bb1c60cfd68bff9b4a10fb\"},\"headline\":\"Matcha smink och naglar p\\u00e5 ny\\u00e5r\",\"datePublished\":\"2013-12-20T14:19:01+00:00\",\"dateModified\":\"2015-12-20T14:19:43+00:00\",\"mainEntityOfPage\":{\"@id\":\"https:\/\/www.imakeyousmile.se\/matcha-smink-och-naglar-pa-nyar\/#webpage\"},\"commentCount\":0,\"publisher\":{\"@id\":\"https:\/\/www.imakeyousmile.se\/es\/#organization\"},\"image\":{\"@id\":\"https:\/\/www.imakeyousmile.se\/matcha-smink-och-naglar-pa-nyar\/#primaryimage\"},\"articleSection\":\"\\u00d6vrigt\",\"inLanguage\":\"es\",\"potentialAction\":[{\"@type\":\"CommentAction\",\"name\":\"Comment\",\"target\":[\"https:\/\/www.imakeyousmile.se\/matcha-smink-och-naglar-pa-nyar\/#respond\"]}]},{\"@type\":\"Person\",\"@id\":\"https:\/\/www.imakeyousmile.se\/es\/#\/schema\/person\/b0fd43b1c6bb1c60cfd68bff9b4a10fb\",\"name\":\"Helena Amiley\",\"image\":{\"@type\":\"ImageObject\",\"@id\":\"https:\/\/www.imakeyousmile.se\/es\/#personlogo\",\"inLanguage\":\"es\",\"url\":\"https:\/\/secure.gravatar.com\/avatar\/5645558e1e355457a23368d7e1b4c904?s=96&d=mm&r=g\",\"caption\":\"Helena Amiley\"},\"description\":\"Jag skriver mest om sk\\u00f6nhet men bjuder \\u00e4ven p\\u00e5 glimtar fr\\u00e5n entrepren\\u00f6rlivet och bygget av v\\u00e5r egen camper van. Vanlife here we come!\",\"sameAs\":[\"https:\/\/www.facebook.com\/imakeyousmile.se\",\"https:\/\/www.instagram.com\/helenaamiley\",\"https:\/\/www.youtube.com\/channel\/UCR5iB6rvpV6Yr8ZjpQfr5mg?view_as=subscriber\"]}]}<\/script>\n<!-- \/ Yoast SEO Premium plugin. -->","_links":{"self":[{"href":"https:\/\/www.imakeyousmile.se\/es\/wp-json\/wp\/v2\/posts\/23406"}],"collection":[{"href":"https:\/\/www.imakeyousmile.se\/es\/wp-json\/wp\/v2\/posts"}],"about":[{"href":"https:\/\/www.imakeyousmile.se\/es\/wp-json\/wp\/v2\/types\/post"}],"author":[{"embeddable":true,"href":"https:\/\/www.imakeyousmile.se\/es\/wp-json\/wp\/v2\/users\/30"}],"replies":[{"embeddable":true,"href":"https:\/\/www.imakeyousmile.se\/es\/wp-json\/wp\/v2\/comments?post=23406"}],"version-history":[{"count":1,"href":"https:\/\/www.imakeyousmile.se\/es\/wp-json\/wp\/v2\/posts\/23406\/revisions"}],"predecessor-version":[{"id":23407,"href":"https:\/\/www.imakeyousmile.se\/es\/wp-json\/wp\/v2\/posts\/23406\/revisions\/23407"}],"wp:attachment":[{"href":"https:\/\/www.imakeyousmile.se\/es\/wp-json\/wp\/v2\/media?parent=23406"}],"wp:term":[{"taxonomy":"category","embeddable":true,"href":"https:\/\/www.imakeyousmile.se\/es\/wp-json\/wp\/v2\/categories?post=23406"},{"taxonomy":"post_tag","embeddable":true,"href":"https:\/\/www.imakeyousmile.se\/es\/wp-json\/wp\/v2\/tags?post=23406"}],"curies":[{"name":"wp","href":"https:\/\/api.w.org\/{rel}","templated":true}]}}