{"id":23521,"date":"2014-07-20T21:38:50","date_gmt":"2014-07-20T19:38:50","guid":{"rendered":"http:\/\/www.imakeyousmile.se\/?p=23521"},"modified":"2015-12-20T21:39:04","modified_gmt":"2015-12-20T20:39:04","slug":"kajal-som-haller-hela-dagen","status":"publish","type":"post","link":"https:\/\/www.imakeyousmile.se\/es\/kajal-som-haller-todo-el-dia\/","title":{"rendered":"Kajal que dura todo el dia"},"content":{"rendered":"<p>A veces tengo d\u00edas en los que mis ojos son extra sensibles, no s\u00e9 por qu\u00e9 pero si salgo tengo que usar lentes de sol tanto contra la luz como contra el viento para que los ojos dejen de correr (lo que no hacen de todos modos) y tambi\u00e9n todos mirando la pantalla del ordenador cuando me Trabajar se vuelve estresante para los ojos que derraman l\u00e1grimas en el barrio.<\/p>\n<p>\u00a1Pero lo positivo es que estos d\u00edas realmente puedo poner mi maquillaje a prueba! Hoy fue el delineador de ojos de Paese\u00a0<a href=\"http:\/\/creativemakeup.se\/produkt\/paese-linea-automatic-eyeliner\/\" target=\"_blank\">L\u00ednea autom\u00e1tica delineador de ojos<\/a>\u00a0que consigui\u00f3 mostrar lo que representa.<\/p>\n<p>Enmarqu\u00e9 el ojo con ese delineador de ojos de hoy\u00a0<a href=\"http:\/\/www.imakeyousmile.se\/es\/smokey-eyes-4\/\" target=\"_blank\">ojos ahumados<\/a>, incluso a lo largo de la l\u00ednea de flotaci\u00f3n, \u00a1y ahora iba a mostrar c\u00f3mo se ve despu\u00e9s de todo un d\u00eda con los ojos llorosos! :)<\/p>\n<p><a href=\"http:\/\/modernmom.se\/skonhet\/wp-content\/uploads\/sites\/13\/2014\/07\/kajalpenna-som-sitter-p\u00e5-vattenlinjen.jpg\"><img loading=\"lazy\" decoding=\"async\" class=\"alignnone size-large wp-image-6667\" src=\"http:\/\/modernmom.se\/skonhet\/wp-content\/uploads\/sites\/13\/2014\/07\/kajalpenna-som-sitter-p\u00e5-vattenlinjen-670x307.jpg\" alt=\"delineador de ojos sentado en la l\u00ednea de flotaci\u00f3n\" width=\"670\" height=\"307\" \/><\/a><\/p>\n<p>Bueno, \u00bfno? :)<\/p>\n<p>No es posible obtener tanta luz y nitidez en la imagen cuando ha empezado a oscurecer afuera, pero \u00bfves lo bueno que es el delineador de ojos tambi\u00e9n a lo largo de la l\u00ednea de flotaci\u00f3n? Un poco en la esquina exterior del ojo est\u00e1 &quot;arruinado&quot; pero all\u00ed incluso me he secado las l\u00e1grimas con una tapa, \u00a1as\u00ed que es bueno considerando las circunstancias!<\/p>\n<p><a href=\"http:\/\/modernmom.se\/skonhet\/wp-content\/uploads\/sites\/13\/2014\/07\/IMG_5664_111.jpg\"><img loading=\"lazy\" decoding=\"async\" class=\"alignnone size-large wp-image-6661\" src=\"http:\/\/modernmom.se\/skonhet\/wp-content\/uploads\/sites\/13\/2014\/07\/IMG_5664_111-670x536.jpg\" alt=\"IMG_5664_111\" width=\"670\" height=\"536\" \/><\/a><\/p>\n<p>El bol\u00edgrafo se vuelve intensamente negro y contiene peque\u00f1os granos de brillo que hacen que el delineador de ojos sea m\u00e1s agradable.<\/p>\n<p>La textura es cremosa y se desliza f\u00e1cilmente sobre la piel, pero se seca r\u00e1pidamente y luego se vuelve b\u00e1sicamente completamente resistente al roce. La f\u00f3rmula es resistente al agua y, por lo tanto, tambi\u00e9n se adapta a lo largo de la l\u00ednea de flotaci\u00f3n y en ojos sensibles.<\/p>\n<p>Resistente al agua e impermeable son cosas diferentes, pero esta es casi completamente impermeable. Si pinto una l\u00ednea en mi mano y froto con un dedo seco, la l\u00ednea es igual de bonita, pero el color se decolora un poco en el dedo. Y si pongo mi mano debajo del grifo y froto un rato, me deshago de todo.<\/p>\n<p>En otras palabras, no es a prueba de balas, pero es realmente muy duradero.<\/p>\n<p><a href=\"http:\/\/modernmom.se\/skonhet\/wp-content\/uploads\/sites\/13\/2014\/07\/linea-auto.jpg\"><img loading=\"lazy\" decoding=\"async\" class=\"alignnone size-large wp-image-6663\" src=\"http:\/\/modernmom.se\/skonhet\/wp-content\/uploads\/sites\/13\/2014\/07\/linea-auto-670x686.jpg\" alt=\"linea-auto\" width=\"670\" height=\"686\" \/><\/a><\/p>\n<p>&nbsp;<\/p>\n<p>El bol\u00edgrafo es un alfiler que est\u00e1 atornillado en lugar de afilado. En la parte superior hay una herramienta de desvanecimiento similar a la gomaespuma.<\/p>\n<p>Cuesta SEK 129 y est\u00e1 disponible para su compra\u00a0<a href=\"http:\/\/creativemakeup.se\/produkt\/paese-linea-automatic-eyeliner\/\" target=\"_blank\">\u00a1aqu\u00ed!<\/a><\/p>\n<p><a href=\"http:\/\/modernmom.se\/skonhet\/wp-content\/uploads\/sites\/13\/2014\/07\/paese-linea-automatic-eye-pencil.jpg\"><img loading=\"lazy\" decoding=\"async\" class=\"alignnone size-large wp-image-6664\" src=\"http:\/\/modernmom.se\/skonhet\/wp-content\/uploads\/sites\/13\/2014\/07\/paese-linea-automatic-eye-pencil-670x724.jpg\" alt=\"paese-linea-l\u00e1piz-de-ojos-automatico\" width=\"670\" height=\"724\" \/><\/a><\/p>\n<p>&nbsp;<\/p>\n<p>Disponible en cinco colores diferentes, mi mayorista actualmente solo ten\u00eda Black Glam, pero \u00bftienes hambre de los otros tonos si puedo arreglarlo? :)<\/p>","protected":false},"excerpt":{"rendered":"<p>Ibland har jag dagar d\u00e5 mina \u00f6gon \u00e4r extra k\u00e4nsliga, \u00a0jag vet inte varf\u00f6r men \u00e4r jag ute s\u00e5 m\u00e5ste jag ha solglas\u00f6gon mot b\u00e5de ljuset och bl\u00e5sten f\u00f6r att \u00f6gonen ska sluta rinna (vilket dom inte g\u00f6r \u00e4nd\u00e5) och \u00e4ven allt tittande p\u00e5 datask\u00e4rmen n\u00e4r jag jobbar blir p\u00e5frestande f\u00f6r \u00f6gonen som t\u00e5ras stup [&hellip;]<\/p>\n","protected":false},"author":30,"featured_media":0,"comment_status":"open","ping_status":"closed","sticky":false,"template":"","format":"standard","meta":{"footnotes":""},"categories":[3],"tags":[],"class_list":["post-23521","post","type-post","status-publish","format-standard","hentry","category-allmant"],"yoast_head":"<!-- This site is optimized with the Yoast SEO Premium plugin v14.9 - https:\/\/yoast.com\/wordpress\/plugins\/seo\/ -->\n<meta name=\"description\" content=\"Kajal som h\u00e5ller hela dagen | Helena Amiley - H\u00e4r hittar du senaste infromation om sk\u00f6nhet, livsstil, entrepren\u00f6rskap, makeup &amp; tips.\" \/>\n<meta name=\"robots\" content=\"index, follow, max-snippet:-1, max-image-preview:large, max-video-preview:-1\" \/>\n<link rel=\"canonical\" href=\"https:\/\/www.imakeyousmile.se\/es\/kajal-som-haller-hela-dagen\/\" \/>\n<meta property=\"og:locale\" content=\"es_ES\" \/>\n<meta property=\"og:type\" content=\"article\" \/>\n<meta property=\"og:title\" content=\"Kajal som h\u00e5ller hela dagen | Imakeyousmile.se\" \/>\n<meta property=\"og:description\" content=\"Kajal som h\u00e5ller hela dagen | Helena Amiley - H\u00e4r hittar du senaste infromation om sk\u00f6nhet, livsstil, entrepren\u00f6rskap, makeup &amp; tips.\" \/>\n<meta property=\"og:url\" content=\"https:\/\/www.imakeyousmile.se\/es\/kajal-som-haller-hela-dagen\/\" \/>\n<meta property=\"og:site_name\" content=\"Imakeyousmile.se\" \/>\n<meta property=\"article:author\" content=\"https:\/\/www.facebook.com\/imakeyousmile.se\" \/>\n<meta property=\"article:published_time\" content=\"2014-07-20T19:38:50+00:00\" \/>\n<meta property=\"article:modified_time\" content=\"2015-12-20T20:39:04+00:00\" \/>\n<meta property=\"og:image\" content=\"http:\/\/modernmom.se\/skonhet\/wp-content\/uploads\/sites\/13\/2014\/07\/kajalpenna-som-sitter-p\u00e5-vattenlinjen-670x307.jpg\" \/>\n<meta name=\"twitter:card\" content=\"summary_large_image\" \/>\n<script type=\"application\/ld+json\" class=\"yoast-schema-graph\">{\"@context\":\"https:\/\/schema.org\",\"@graph\":[{\"@type\":\"Organization\",\"@id\":\"https:\/\/www.imakeyousmile.se\/es\/#organization\",\"name\":\"Imakeyousmile\",\"url\":\"https:\/\/www.imakeyousmile.se\/es\/\",\"sameAs\":[],\"logo\":{\"@type\":\"ImageObject\",\"@id\":\"https:\/\/www.imakeyousmile.se\/es\/#logo\",\"inLanguage\":\"es\",\"url\":\"https:\/\/www.imakeyousmile.se\/wp-content\/uploads\/2020\/10\/HELENA-AMILEY_SVART-1-e1603367975324.png\",\"width\":280,\"height\":93,\"caption\":\"Imakeyousmile\"},\"image\":{\"@id\":\"https:\/\/www.imakeyousmile.se\/es\/#logo\"}},{\"@type\":\"WebSite\",\"@id\":\"https:\/\/www.imakeyousmile.se\/es\/#website\",\"url\":\"https:\/\/www.imakeyousmile.se\/es\/\",\"name\":\"Imakeyousmile.se\",\"description\":\"Helena Amiley - Beauty, Entrepreneur, Lifestyle\",\"publisher\":{\"@id\":\"https:\/\/www.imakeyousmile.se\/es\/#organization\"},\"potentialAction\":[{\"@type\":\"SearchAction\",\"target\":\"https:\/\/www.imakeyousmile.se\/es\/?s={search_term_string}\",\"query-input\":\"required name=search_term_string\"}],\"inLanguage\":\"es\"},{\"@type\":\"ImageObject\",\"@id\":\"https:\/\/www.imakeyousmile.se\/kajal-som-haller-hela-dagen\/#primaryimage\",\"inLanguage\":\"es\",\"url\":\"http:\/\/modernmom.se\/skonhet\/wp-content\/uploads\/sites\/13\/2014\/07\/kajalpenna-som-sitter-p\\u00e5-vattenlinjen-670x307.jpg\"},{\"@type\":\"WebPage\",\"@id\":\"https:\/\/www.imakeyousmile.se\/kajal-som-haller-hela-dagen\/#webpage\",\"url\":\"https:\/\/www.imakeyousmile.se\/kajal-som-haller-hela-dagen\/\",\"name\":\"Kajal som h\\u00e5ller hela dagen | Imakeyousmile.se\",\"isPartOf\":{\"@id\":\"https:\/\/www.imakeyousmile.se\/es\/#website\"},\"primaryImageOfPage\":{\"@id\":\"https:\/\/www.imakeyousmile.se\/kajal-som-haller-hela-dagen\/#primaryimage\"},\"datePublished\":\"2014-07-20T19:38:50+00:00\",\"dateModified\":\"2015-12-20T20:39:04+00:00\",\"description\":\"Kajal som h\\u00e5ller hela dagen | Helena Amiley - H\\u00e4r hittar du senaste infromation om sk\\u00f6nhet, livsstil, entrepren\\u00f6rskap, makeup & tips.\",\"inLanguage\":\"es\",\"potentialAction\":[{\"@type\":\"ReadAction\",\"target\":[\"https:\/\/www.imakeyousmile.se\/kajal-som-haller-hela-dagen\/\"]}]},{\"@type\":\"Article\",\"@id\":\"https:\/\/www.imakeyousmile.se\/kajal-som-haller-hela-dagen\/#article\",\"isPartOf\":{\"@id\":\"https:\/\/www.imakeyousmile.se\/kajal-som-haller-hela-dagen\/#webpage\"},\"author\":{\"@id\":\"https:\/\/www.imakeyousmile.se\/es\/#\/schema\/person\/b0fd43b1c6bb1c60cfd68bff9b4a10fb\"},\"headline\":\"Kajal som h\\u00e5ller hela dagen\",\"datePublished\":\"2014-07-20T19:38:50+00:00\",\"dateModified\":\"2015-12-20T20:39:04+00:00\",\"mainEntityOfPage\":{\"@id\":\"https:\/\/www.imakeyousmile.se\/kajal-som-haller-hela-dagen\/#webpage\"},\"commentCount\":0,\"publisher\":{\"@id\":\"https:\/\/www.imakeyousmile.se\/es\/#organization\"},\"image\":{\"@id\":\"https:\/\/www.imakeyousmile.se\/kajal-som-haller-hela-dagen\/#primaryimage\"},\"articleSection\":\"\\u00d6vrigt\",\"inLanguage\":\"es\",\"potentialAction\":[{\"@type\":\"CommentAction\",\"name\":\"Comment\",\"target\":[\"https:\/\/www.imakeyousmile.se\/kajal-som-haller-hela-dagen\/#respond\"]}]},{\"@type\":\"Person\",\"@id\":\"https:\/\/www.imakeyousmile.se\/es\/#\/schema\/person\/b0fd43b1c6bb1c60cfd68bff9b4a10fb\",\"name\":\"Helena Amiley\",\"image\":{\"@type\":\"ImageObject\",\"@id\":\"https:\/\/www.imakeyousmile.se\/es\/#personlogo\",\"inLanguage\":\"es\",\"url\":\"https:\/\/secure.gravatar.com\/avatar\/5645558e1e355457a23368d7e1b4c904?s=96&d=mm&r=g\",\"caption\":\"Helena Amiley\"},\"description\":\"Jag skriver mest om sk\\u00f6nhet men bjuder \\u00e4ven p\\u00e5 glimtar fr\\u00e5n entrepren\\u00f6rlivet och bygget av v\\u00e5r egen camper van. Vanlife here we come!\",\"sameAs\":[\"https:\/\/www.facebook.com\/imakeyousmile.se\",\"https:\/\/www.instagram.com\/helenaamiley\",\"https:\/\/www.youtube.com\/channel\/UCR5iB6rvpV6Yr8ZjpQfr5mg?view_as=subscriber\"]}]}<\/script>\n<!-- \/ Yoast SEO Premium plugin. -->","_links":{"self":[{"href":"https:\/\/www.imakeyousmile.se\/es\/wp-json\/wp\/v2\/posts\/23521"}],"collection":[{"href":"https:\/\/www.imakeyousmile.se\/es\/wp-json\/wp\/v2\/posts"}],"about":[{"href":"https:\/\/www.imakeyousmile.se\/es\/wp-json\/wp\/v2\/types\/post"}],"author":[{"embeddable":true,"href":"https:\/\/www.imakeyousmile.se\/es\/wp-json\/wp\/v2\/users\/30"}],"replies":[{"embeddable":true,"href":"https:\/\/www.imakeyousmile.se\/es\/wp-json\/wp\/v2\/comments?post=23521"}],"version-history":[{"count":1,"href":"https:\/\/www.imakeyousmile.se\/es\/wp-json\/wp\/v2\/posts\/23521\/revisions"}],"predecessor-version":[{"id":23522,"href":"https:\/\/www.imakeyousmile.se\/es\/wp-json\/wp\/v2\/posts\/23521\/revisions\/23522"}],"wp:attachment":[{"href":"https:\/\/www.imakeyousmile.se\/es\/wp-json\/wp\/v2\/media?parent=23521"}],"wp:term":[{"taxonomy":"category","embeddable":true,"href":"https:\/\/www.imakeyousmile.se\/es\/wp-json\/wp\/v2\/categories?post=23521"},{"taxonomy":"post_tag","embeddable":true,"href":"https:\/\/www.imakeyousmile.se\/es\/wp-json\/wp\/v2\/tags?post=23521"}],"curies":[{"name":"wp","href":"https:\/\/api.w.org\/{rel}","templated":true}]}}