{"id":24498,"date":"2016-02-06T18:03:53","date_gmt":"2016-02-06T17:03:53","guid":{"rendered":"http:\/\/www.imakeyousmile.se\/?p=24498"},"modified":"2021-10-06T11:51:11","modified_gmt":"2021-10-06T09:51:11","slug":"pixi-illuminating-tint-conceal-2","status":"publish","type":"post","link":"https:\/\/www.imakeyousmile.se\/es\/pixi-iluminador-tinte-ocultamiento-2\/","title":{"rendered":"\u00bfPiel apagada y sin vida? - Pixi Illuminating Tint &amp; Hide"},"content":{"rendered":"<p>Si tienes una tez seca, apagada y sin vida, que es m\u00e1s la regla que la excepci\u00f3n esta temporada, entonces <a href=\"https:\/\/ion.lyko.com\/t\/t?a=1117786221&amp;as=1548102449&amp;t=2&amp;tk=1&amp;epi=search-replace-pixitintc&amp;url=https:\/\/lyko.com\/sv\/pixi\/pixi-tint-conceal3-nude-glow\/\" target=\"_blank\" rel=\"noopener\">Pixi Iluminador Tinte y Ocultaci\u00f3n<\/a> \u00a1un producto absolutamente maravilloso! Sobre lo que me sesgu\u00e9 hace unos d\u00edas :)<\/p>\n<p>Esta es una crema de d\u00eda coloreada y un corrector en el mismo producto, perfecto si tienes una tez bastante uniforme, con solo peque\u00f1as \u00e1reas para cubrir o aclarar. \u00a1Y tambi\u00e9n le da a la piel un brillo radiante!<\/p>\n<p><a href=\"http:\/\/www.imakeyousmile.se\/wp-content\/uploads\/2016\/02\/IMG_0433_111.jpg\"><img loading=\"lazy\" decoding=\"async\" class=\"alignnone size-full wp-image-24501\" src=\"http:\/\/www.imakeyousmile.se\/wp-content\/uploads\/2016\/02\/IMG_0433_111.jpg\" alt=\"IMG_0433_111\" width=\"2500\" height=\"1703\" srcset=\"https:\/\/www.imakeyousmile.se\/wp-content\/uploads\/2016\/02\/IMG_0433_111.jpg 2500w, https:\/\/www.imakeyousmile.se\/wp-content\/uploads\/2016\/02\/IMG_0433_111-300x204.jpg 300w, https:\/\/www.imakeyousmile.se\/wp-content\/uploads\/2016\/02\/IMG_0433_111-1024x698.jpg 1024w, https:\/\/www.imakeyousmile.se\/wp-content\/uploads\/2016\/02\/IMG_0433_111-218x150.jpg 218w, https:\/\/www.imakeyousmile.se\/wp-content\/uploads\/2016\/02\/IMG_0433_111-696x474.jpg 696w, https:\/\/www.imakeyousmile.se\/wp-content\/uploads\/2016\/02\/IMG_0433_111-1068x728.jpg 1068w, https:\/\/www.imakeyousmile.se\/wp-content\/uploads\/2016\/02\/IMG_0433_111-617x420.jpg 617w\" sizes=\"(max-width: 2500px) 100vw, 2500px\" \/><\/a><\/p>\n<p>\u00a1A Miska le gusta mucho esto!<\/p>\n<p>En el tubo hay crema de d\u00eda coloreada con pigmento reflectante de luz y SPF 20. Y en la tapa hay un corrector de cobertura total.<\/p>\n<p><a href=\"http:\/\/www.imakeyousmile.se\/wp-content\/uploads\/2016\/02\/f\u00e4rgad-dagkr\u00e4m-m\u00e4n.jpg\"><img loading=\"lazy\" decoding=\"async\" class=\"alignnone size-full wp-image-24499\" src=\"http:\/\/www.imakeyousmile.se\/wp-content\/uploads\/2016\/02\/f\u00e4rgad-dagkr\u00e4m-m\u00e4n.jpg\" alt=\"hombre-crema-d\u00eda-color\" width=\"2500\" height=\"1848\" srcset=\"https:\/\/www.imakeyousmile.se\/wp-content\/uploads\/2016\/02\/f\u00e4rgad-dagkr\u00e4m-m\u00e4n.jpg 2500w, https:\/\/www.imakeyousmile.se\/wp-content\/uploads\/2016\/02\/f\u00e4rgad-dagkr\u00e4m-m\u00e4n-300x222.jpg 300w, https:\/\/www.imakeyousmile.se\/wp-content\/uploads\/2016\/02\/f\u00e4rgad-dagkr\u00e4m-m\u00e4n-1024x757.jpg 1024w, https:\/\/www.imakeyousmile.se\/wp-content\/uploads\/2016\/02\/f\u00e4rgad-dagkr\u00e4m-m\u00e4n-80x60.jpg 80w, https:\/\/www.imakeyousmile.se\/wp-content\/uploads\/2016\/02\/f\u00e4rgad-dagkr\u00e4m-m\u00e4n-696x514.jpg 696w, https:\/\/www.imakeyousmile.se\/wp-content\/uploads\/2016\/02\/f\u00e4rgad-dagkr\u00e4m-m\u00e4n-1068x789.jpg 1068w, https:\/\/www.imakeyousmile.se\/wp-content\/uploads\/2016\/02\/f\u00e4rgad-dagkr\u00e4m-m\u00e4n-568x420.jpg 568w\" sizes=\"(max-width: 2500px) 100vw, 2500px\" \/><\/a><\/p>\n<p>Bonito brillo, iluminado debajo de los ojos y sus peque\u00f1as imperfecciones (casi curadas) en la mejilla izquierda est\u00e1n encantadas :)<\/p>\n<p>Miska tiene el tono Bare Glow en la imagen, es un poco m\u00e1s oscuro que su tono de piel, pero si tambi\u00e9n lubrica un poco el cuello y tiene una camisa de manga larga, es bueno tener una piel un poco m\u00e1s oscura tambi\u00e9n :) Se ve muy natural con crema de d\u00eda de color si uno se compara con una base s\u00f3lida demasiado oscura.<\/p>\n<p>Por lo dem\u00e1s, los tonos se adaptan bien al tono de la piel porque la crema de d\u00eda coloreada no es particularmente opaca. Si no est\u00e1 seguro, es mejor elegir un poco demasiado claro (si no quiere oscurecerse un poco a prop\u00f3sito) porque el corrector es bueno tener que aclarar debajo de los ojos y en otras \u00e1reas oscuras, entonces es mejor con un poco, un poco m\u00e1s brillante :)<\/p>\n<p><a href=\"http:\/\/www.imakeyousmile.se\/wp-content\/uploads\/2016\/02\/IMG_0425_111.jpg\"><img loading=\"lazy\" decoding=\"async\" class=\"alignnone size-full wp-image-24500\" src=\"http:\/\/www.imakeyousmile.se\/wp-content\/uploads\/2016\/02\/IMG_0425_111.jpg\" alt=\"IMG_0425_111\" width=\"2484\" height=\"2814\" srcset=\"https:\/\/www.imakeyousmile.se\/wp-content\/uploads\/2016\/02\/IMG_0425_111.jpg 2260w, https:\/\/www.imakeyousmile.se\/wp-content\/uploads\/2016\/02\/IMG_0425_111-265x300.jpg 265w, https:\/\/www.imakeyousmile.se\/wp-content\/uploads\/2016\/02\/IMG_0425_111-904x1024.jpg 904w, https:\/\/www.imakeyousmile.se\/wp-content\/uploads\/2016\/02\/IMG_0425_111-696x788.jpg 696w, https:\/\/www.imakeyousmile.se\/wp-content\/uploads\/2016\/02\/IMG_0425_111-1068x1210.jpg 1068w, https:\/\/www.imakeyousmile.se\/wp-content\/uploads\/2016\/02\/IMG_0425_111-371x420.jpg 371w\" sizes=\"(max-width: 2484px) 100vw, 2484px\" \/><\/a><\/p>\n<p>\u00bfLindo, no? :) Se ve desma\u00f1ado, pero al mismo tiempo incre\u00edblemente suave y, sobre todo, \u00a1una tez fresca y viva!<\/p>\n<p>Y el corrector es muy eficaz, por lo que no es necesario <em>De Verdad<\/em> tan fina antes como la de Miska de forma natural, para obtener un buen resultado. Como corrector es muy eficaz contra los granos y las ojeras debajo de los ojos.<\/p>\n<p>Grita si tienes alguna pregunta. Y si quieres leer m\u00e1s o comprar, encontrar\u00e1s Pixi como siempre. <a href=\"https:\/\/ion.lyko.com\/t\/t?a=1117786221&amp;as=1548102449&amp;t=2&amp;tk=1&amp;epi=search-replace-pixitintc&amp;url=https:\/\/lyko.com\/sv\/pixi\/pixi-tint-conceal3-nude-glow\/\" target=\"_blank\" rel=\"noopener\">AQU\u00cd<\/a>!<\/p>\n<p>Abrazo de m\u00ed y Miska \u2665<\/p>","protected":false},"excerpt":{"rendered":"<p>Har man en torr, gl\u00e5mig och livl\u00f6s hy, vilket \u00e4r mer regel \u00e4n undantag den h\u00e4r \u00e5rstiden, s\u00e5 \u00e4r Pixi Illuminating Tint &amp; Conceal en helt underbar produkt! Som jag skev om f\u00f6r n\u00e5gra dagar sen :) Det h\u00e4r \u00e4r en f\u00e4rgad dagkr\u00e4m och en concealer i samma produkt, perfekt om man har en ganska [&hellip;]<\/p>\n","protected":false},"author":30,"featured_media":24501,"comment_status":"open","ping_status":"closed","sticky":false,"template":"","format":"standard","meta":{"footnotes":""},"categories":[24,40,59,3919],"tags":[4599,2899,3687,3728,3690,3730],"class_list":["post-24498","post","type-post","status-publish","format-standard","has-post-thumbnail","hentry","category-grundsmink","category-hudvard","category-recensioner-produkttips","category-sminktips","tag-glamig-hy","tag-hy-med-lyster","tag-pixi","tag-pixi-beauty","tag-pixi-by-petra","tag-pixi-illuminating-tint-conceal"],"yoast_head":"<!-- This site is optimized with the Yoast SEO Premium plugin v14.9 - https:\/\/yoast.com\/wordpress\/plugins\/seo\/ -->\n<meta name=\"description\" content=\"Gl\u00e5mig &amp; livl\u00f6s hy? - Pixi Illuminating Tint &amp; Conceal | Helena Amiley - H\u00e4r hittar du senaste infromation om sk\u00f6nhet, livsstil, entrepren\u00f6rskap, makeup &amp; tips.\" \/>\n<meta name=\"robots\" content=\"index, follow, max-snippet:-1, max-image-preview:large, max-video-preview:-1\" \/>\n<link rel=\"canonical\" href=\"https:\/\/www.imakeyousmile.se\/es\/pixi-illuminating-tint-conceal-2\/\" \/>\n<meta property=\"og:locale\" content=\"es_ES\" \/>\n<meta property=\"og:type\" content=\"article\" \/>\n<meta property=\"og:title\" content=\"Gl\u00e5mig &amp; livl\u00f6s hy? - Pixi Illuminating Tint &amp; Conceal | Imakeyousmile.se\" \/>\n<meta property=\"og:description\" content=\"Gl\u00e5mig &amp; livl\u00f6s hy? - Pixi Illuminating Tint &amp; Conceal | Helena Amiley - H\u00e4r hittar du senaste infromation om sk\u00f6nhet, livsstil, entrepren\u00f6rskap, makeup &amp; tips.\" \/>\n<meta property=\"og:url\" content=\"https:\/\/www.imakeyousmile.se\/es\/pixi-illuminating-tint-conceal-2\/\" \/>\n<meta property=\"og:site_name\" content=\"Imakeyousmile.se\" \/>\n<meta property=\"article:author\" content=\"https:\/\/www.facebook.com\/imakeyousmile.se\" \/>\n<meta property=\"article:published_time\" content=\"2016-02-06T17:03:53+00:00\" \/>\n<meta property=\"article:modified_time\" content=\"2021-10-06T09:51:11+00:00\" \/>\n<meta property=\"og:image\" content=\"https:\/\/www.imakeyousmile.se\/wp-content\/uploads\/2016\/02\/IMG_0433_111.jpg\" \/>\n\t<meta property=\"og:image:width\" content=\"2500\" \/>\n\t<meta property=\"og:image:height\" content=\"1703\" \/>\n<meta name=\"twitter:card\" content=\"summary_large_image\" \/>\n<script type=\"application\/ld+json\" class=\"yoast-schema-graph\">{\"@context\":\"https:\/\/schema.org\",\"@graph\":[{\"@type\":\"Organization\",\"@id\":\"https:\/\/www.imakeyousmile.se\/es\/#organization\",\"name\":\"Imakeyousmile\",\"url\":\"https:\/\/www.imakeyousmile.se\/es\/\",\"sameAs\":[],\"logo\":{\"@type\":\"ImageObject\",\"@id\":\"https:\/\/www.imakeyousmile.se\/es\/#logo\",\"inLanguage\":\"es\",\"url\":\"https:\/\/www.imakeyousmile.se\/wp-content\/uploads\/2020\/10\/HELENA-AMILEY_SVART-1-e1603367975324.png\",\"width\":280,\"height\":93,\"caption\":\"Imakeyousmile\"},\"image\":{\"@id\":\"https:\/\/www.imakeyousmile.se\/es\/#logo\"}},{\"@type\":\"WebSite\",\"@id\":\"https:\/\/www.imakeyousmile.se\/es\/#website\",\"url\":\"https:\/\/www.imakeyousmile.se\/es\/\",\"name\":\"Imakeyousmile.se\",\"description\":\"Helena Amiley - Beauty, Entrepreneur, Lifestyle\",\"publisher\":{\"@id\":\"https:\/\/www.imakeyousmile.se\/es\/#organization\"},\"potentialAction\":[{\"@type\":\"SearchAction\",\"target\":\"https:\/\/www.imakeyousmile.se\/es\/?s={search_term_string}\",\"query-input\":\"required name=search_term_string\"}],\"inLanguage\":\"es\"},{\"@type\":\"ImageObject\",\"@id\":\"https:\/\/www.imakeyousmile.se\/pixi-illuminating-tint-conceal-2\/#primaryimage\",\"inLanguage\":\"es\",\"url\":\"https:\/\/www.imakeyousmile.se\/wp-content\/uploads\/2016\/02\/IMG_0433_111.jpg\",\"width\":2500,\"height\":1703},{\"@type\":\"WebPage\",\"@id\":\"https:\/\/www.imakeyousmile.se\/pixi-illuminating-tint-conceal-2\/#webpage\",\"url\":\"https:\/\/www.imakeyousmile.se\/pixi-illuminating-tint-conceal-2\/\",\"name\":\"Gl\\u00e5mig & livl\\u00f6s hy? - Pixi Illuminating Tint & Conceal | Imakeyousmile.se\",\"isPartOf\":{\"@id\":\"https:\/\/www.imakeyousmile.se\/es\/#website\"},\"primaryImageOfPage\":{\"@id\":\"https:\/\/www.imakeyousmile.se\/pixi-illuminating-tint-conceal-2\/#primaryimage\"},\"datePublished\":\"2016-02-06T17:03:53+00:00\",\"dateModified\":\"2021-10-06T09:51:11+00:00\",\"description\":\"Gl\\u00e5mig & livl\\u00f6s hy? - Pixi Illuminating Tint & Conceal | Helena Amiley - H\\u00e4r hittar du senaste infromation om sk\\u00f6nhet, livsstil, entrepren\\u00f6rskap, makeup & tips.\",\"inLanguage\":\"es\",\"potentialAction\":[{\"@type\":\"ReadAction\",\"target\":[\"https:\/\/www.imakeyousmile.se\/pixi-illuminating-tint-conceal-2\/\"]}]},{\"@type\":\"Article\",\"@id\":\"https:\/\/www.imakeyousmile.se\/pixi-illuminating-tint-conceal-2\/#article\",\"isPartOf\":{\"@id\":\"https:\/\/www.imakeyousmile.se\/pixi-illuminating-tint-conceal-2\/#webpage\"},\"author\":{\"@id\":\"https:\/\/www.imakeyousmile.se\/es\/#\/schema\/person\/b0fd43b1c6bb1c60cfd68bff9b4a10fb\"},\"headline\":\"Gl\\u00e5mig &#038; livl\\u00f6s hy? &#8211; Pixi Illuminating Tint &#038; Conceal\",\"datePublished\":\"2016-02-06T17:03:53+00:00\",\"dateModified\":\"2021-10-06T09:51:11+00:00\",\"mainEntityOfPage\":{\"@id\":\"https:\/\/www.imakeyousmile.se\/pixi-illuminating-tint-conceal-2\/#webpage\"},\"commentCount\":0,\"publisher\":{\"@id\":\"https:\/\/www.imakeyousmile.se\/es\/#organization\"},\"image\":{\"@id\":\"https:\/\/www.imakeyousmile.se\/pixi-illuminating-tint-conceal-2\/#primaryimage\"},\"keywords\":\"gl\\u00e5mig hy,hy med lyster,pixi,pixi beauty,pixi by petra,Pixi Illuminating Tint &amp; Conceal\",\"articleSection\":\"Bassmink,Hudv\\u00e5rd,Recensioner &amp; Produkttips,Sminktips\",\"inLanguage\":\"es\",\"potentialAction\":[{\"@type\":\"CommentAction\",\"name\":\"Comment\",\"target\":[\"https:\/\/www.imakeyousmile.se\/pixi-illuminating-tint-conceal-2\/#respond\"]}]},{\"@type\":\"Person\",\"@id\":\"https:\/\/www.imakeyousmile.se\/es\/#\/schema\/person\/b0fd43b1c6bb1c60cfd68bff9b4a10fb\",\"name\":\"Helena Amiley\",\"image\":{\"@type\":\"ImageObject\",\"@id\":\"https:\/\/www.imakeyousmile.se\/es\/#personlogo\",\"inLanguage\":\"es\",\"url\":\"https:\/\/secure.gravatar.com\/avatar\/5645558e1e355457a23368d7e1b4c904?s=96&d=mm&r=g\",\"caption\":\"Helena Amiley\"},\"description\":\"Jag skriver mest om sk\\u00f6nhet men bjuder \\u00e4ven p\\u00e5 glimtar fr\\u00e5n entrepren\\u00f6rlivet och bygget av v\\u00e5r egen camper van. Vanlife here we come!\",\"sameAs\":[\"https:\/\/www.facebook.com\/imakeyousmile.se\",\"https:\/\/www.instagram.com\/helenaamiley\",\"https:\/\/www.youtube.com\/channel\/UCR5iB6rvpV6Yr8ZjpQfr5mg?view_as=subscriber\"]}]}<\/script>\n<!-- \/ Yoast SEO Premium plugin. -->","_links":{"self":[{"href":"https:\/\/www.imakeyousmile.se\/es\/wp-json\/wp\/v2\/posts\/24498"}],"collection":[{"href":"https:\/\/www.imakeyousmile.se\/es\/wp-json\/wp\/v2\/posts"}],"about":[{"href":"https:\/\/www.imakeyousmile.se\/es\/wp-json\/wp\/v2\/types\/post"}],"author":[{"embeddable":true,"href":"https:\/\/www.imakeyousmile.se\/es\/wp-json\/wp\/v2\/users\/30"}],"replies":[{"embeddable":true,"href":"https:\/\/www.imakeyousmile.se\/es\/wp-json\/wp\/v2\/comments?post=24498"}],"version-history":[{"count":3,"href":"https:\/\/www.imakeyousmile.se\/es\/wp-json\/wp\/v2\/posts\/24498\/revisions"}],"predecessor-version":[{"id":41733,"href":"https:\/\/www.imakeyousmile.se\/es\/wp-json\/wp\/v2\/posts\/24498\/revisions\/41733"}],"wp:featuredmedia":[{"embeddable":true,"href":"https:\/\/www.imakeyousmile.se\/es\/wp-json\/wp\/v2\/media\/24501"}],"wp:attachment":[{"href":"https:\/\/www.imakeyousmile.se\/es\/wp-json\/wp\/v2\/media?parent=24498"}],"wp:term":[{"taxonomy":"category","embeddable":true,"href":"https:\/\/www.imakeyousmile.se\/es\/wp-json\/wp\/v2\/categories?post=24498"},{"taxonomy":"post_tag","embeddable":true,"href":"https:\/\/www.imakeyousmile.se\/es\/wp-json\/wp\/v2\/tags?post=24498"}],"curies":[{"name":"wp","href":"https:\/\/api.w.org\/{rel}","templated":true}]}}