{"id":25372,"date":"2016-03-31T15:07:34","date_gmt":"2016-03-31T13:07:34","guid":{"rendered":"http:\/\/www.imakeyousmile.se\/?p=25372"},"modified":"2016-03-31T12:09:23","modified_gmt":"2016-03-31T10:09:23","slug":"dagens-bas-naturlig-till-varen","status":"publish","type":"post","link":"https:\/\/www.imakeyousmile.se\/es\/hoy-base-natural-a-ser\/","title":{"rendered":"La base de hoy: natural para la primavera"},"content":{"rendered":"<p>Recib\u00ed este correo electr\u00f3nico el otro d\u00eda:<\/p>\n<p><em><strong>\u00a1Me encant\u00f3 tu publicaci\u00f3n sobre &quot;Today&#039;s Bass&quot; donde mostraste tu maquillaje de bajo con la base integral de Pixi! Divertido no solo mirar el antes y el despu\u00e9s con un determinado producto, sino todo el paso a paso hasta el resultado final. \u00a1Inspira! :) \u00bfSe pregunta si puede hacer una publicaci\u00f3n similar con Pixi Illuminating Tint &amp; Conceal? He decidido solicitar uno antes de la primavera, pero me gustar\u00eda ver exactamente c\u00f3mo lo usa si voy a comprar m\u00e1s productos. Tiene una tez similar a la tuya, un poco de enrojecimiento y manchas aqu\u00ed y all\u00e1, pero por lo dem\u00e1s bastante uniforme &quot;.<\/strong><\/em><\/p>\n<p>\u00a1Me alegro de que haya sido apreciado! :) Ustedes que no han le\u00eddo mi publicaci\u00f3n anterior con &quot;base de hoy - poros grandes&quot; lo encontrar\u00e1n <a href=\"http:\/\/www.imakeyousmile.se\/es\/dagens-bas-stora-porer\/\" target=\"_blank\">aqu\u00ed<\/a>!<\/p>\n<p><a href=\"https:\/\/ion.lyko.com\/t\/t?a=1117786221&#038;as=1548102449&#038;t=2&#038;tk=1&#038;epi=search-replace-pixitintc&#038;url=https:\/\/lyko.com\/sv\/pixi\/pixi-tint-conceal3-nude-glow\/\" target=\"_blank\">Pixi Illuminatint Tinte y ocultaci\u00f3n<\/a> es un multiproducto perfecto ahora para la primavera, ya que brinda una cobertura natural, un brillo agradable, spf 20 y un corrector que evoca imperfecciones e irregularidades.<\/p>\n<p>Solo \u00fasala para un look deshecho, pero al mismo tiempo rudamente fresco;) \u00a1O haz un maquillaje completo con contornos, cejas, labios y todo el kit que te mostrar\u00e9 hoy! Entonces, esto puede ser una gran diferencia:<\/p>\n<p><a href=\"http:\/\/www.imakeyousmile.se\/wp-content\/uploads\/2016\/03\/IMG_7368_111.jpg\"><img loading=\"lazy\" decoding=\"async\" class=\"alignnone size-full wp-image-25373\" src=\"http:\/\/www.imakeyousmile.se\/wp-content\/uploads\/2016\/03\/IMG_7368_111.jpg\" alt=\"IMG_7368_111\" width=\"2700\" height=\"1923\" srcset=\"https:\/\/www.imakeyousmile.se\/wp-content\/uploads\/2016\/03\/IMG_7368_111.jpg 2560w, https:\/\/www.imakeyousmile.se\/wp-content\/uploads\/2016\/03\/IMG_7368_111-300x214.jpg 300w, https:\/\/www.imakeyousmile.se\/wp-content\/uploads\/2016\/03\/IMG_7368_111-1024x729.jpg 1024w, https:\/\/www.imakeyousmile.se\/wp-content\/uploads\/2016\/03\/IMG_7368_111-100x70.jpg 100w, https:\/\/www.imakeyousmile.se\/wp-content\/uploads\/2016\/03\/IMG_7368_111-696x496.jpg 696w, https:\/\/www.imakeyousmile.se\/wp-content\/uploads\/2016\/03\/IMG_7368_111-1068x761.jpg 1068w, https:\/\/www.imakeyousmile.se\/wp-content\/uploads\/2016\/03\/IMG_7368_111-590x420.jpg 590w\" sizes=\"(max-width: 2700px) 100vw, 2700px\" \/><\/a><\/p>\n<p>Un maquillaje de graves completo, aunque en realidad no hay mucha cobertura. En toda la cara, es solo una crema de d\u00eda coloreada, luego la \u00fanica cobertura en las imperfecciones sobre las que apliqu\u00e9 el corrector. De lo contrario, solo los productos que neutralizan los tonos rojos, y luego el contorno, el rubor, las cejas y los labios para un conjunto agradable :)<\/p>\n<p><a href=\"http:\/\/www.imakeyousmile.se\/wp-content\/uploads\/2016\/03\/IMG_7376_111.jpg\"><img loading=\"lazy\" decoding=\"async\" class=\"alignnone size-full wp-image-25374\" src=\"http:\/\/www.imakeyousmile.se\/wp-content\/uploads\/2016\/03\/IMG_7376_111.jpg\" alt=\"IMG_7376_111\" width=\"2800\" height=\"2166\" srcset=\"https:\/\/www.imakeyousmile.se\/wp-content\/uploads\/2016\/03\/IMG_7376_111.jpg 2560w, https:\/\/www.imakeyousmile.se\/wp-content\/uploads\/2016\/03\/IMG_7376_111-300x232.jpg 300w, https:\/\/www.imakeyousmile.se\/wp-content\/uploads\/2016\/03\/IMG_7376_111-1024x792.jpg 1024w, https:\/\/www.imakeyousmile.se\/wp-content\/uploads\/2016\/03\/IMG_7376_111-696x538.jpg 696w, https:\/\/www.imakeyousmile.se\/wp-content\/uploads\/2016\/03\/IMG_7376_111-1068x826.jpg 1068w, https:\/\/www.imakeyousmile.se\/wp-content\/uploads\/2016\/03\/IMG_7376_111-543x420.jpg 543w\" sizes=\"(max-width: 2800px) 100vw, 2800px\" \/><\/a><\/p>\n<p>Gran diferencia \u00bfeh? :)<\/p>\n<p>Esto es lo que hice:<\/p>\n<p><a href=\"http:\/\/www.imakeyousmile.se\/wp-content\/uploads\/2016\/03\/IMG_7379_111.jpg\"><img loading=\"lazy\" decoding=\"async\" class=\"alignnone size-full wp-image-25375\" src=\"http:\/\/www.imakeyousmile.se\/wp-content\/uploads\/2016\/03\/IMG_7379_111.jpg\" alt=\"IMG_7379_111\" width=\"2600\" height=\"2353\" srcset=\"https:\/\/www.imakeyousmile.se\/wp-content\/uploads\/2016\/03\/IMG_7379_111.jpg 2560w, https:\/\/www.imakeyousmile.se\/wp-content\/uploads\/2016\/03\/IMG_7379_111-300x272.jpg 300w, https:\/\/www.imakeyousmile.se\/wp-content\/uploads\/2016\/03\/IMG_7379_111-1024x927.jpg 1024w, https:\/\/www.imakeyousmile.se\/wp-content\/uploads\/2016\/03\/IMG_7379_111-696x630.jpg 696w, https:\/\/www.imakeyousmile.se\/wp-content\/uploads\/2016\/03\/IMG_7379_111-1068x967.jpg 1068w, https:\/\/www.imakeyousmile.se\/wp-content\/uploads\/2016\/03\/IMG_7379_111-464x420.jpg 464w\" sizes=\"(max-width: 2600px) 100vw, 2600px\" \/><\/a><\/p>\n<p><strong> 1. Prebase facial - <a href=\"https:\/\/ion.lyko.com\/t\/t?a=1117786221&#038;as=1548102449&#038;t=2&#038;tk=1&#038;epi=search-replace-pixi-redness&#038;url=https:\/\/lyko.com\/sv\/sok?q=pixi+primer\/\" target=\"_blank\">Prebase reductora de enrojecimiento Pixi<\/a><\/strong><br \/>\nPrebase facial que unifica la piel y aporta una superficie lisa sobre la que aplicar el maquillaje. No proporciona cobertura pero tiene pigmentos verdes que neutralizan el rojo. \u00a1Entonces ya hay una gran diferencia!<\/p>\n<p>Aplico esto con los dedos limpios y lo masajeo a fondo en la piel.<\/p>\n<p><a href=\"http:\/\/www.imakeyousmile.se\/wp-content\/uploads\/2016\/03\/IMG_7395_111.jpg\"><img loading=\"lazy\" decoding=\"async\" class=\"alignnone size-full wp-image-25376\" src=\"http:\/\/www.imakeyousmile.se\/wp-content\/uploads\/2016\/03\/IMG_7395_111.jpg\" alt=\"IMG_7395_111\" width=\"2700\" height=\"2379\" srcset=\"https:\/\/www.imakeyousmile.se\/wp-content\/uploads\/2016\/03\/IMG_7395_111.jpg 2560w, https:\/\/www.imakeyousmile.se\/wp-content\/uploads\/2016\/03\/IMG_7395_111-300x264.jpg 300w, https:\/\/www.imakeyousmile.se\/wp-content\/uploads\/2016\/03\/IMG_7395_111-1024x902.jpg 1024w, https:\/\/www.imakeyousmile.se\/wp-content\/uploads\/2016\/03\/IMG_7395_111-696x613.jpg 696w, https:\/\/www.imakeyousmile.se\/wp-content\/uploads\/2016\/03\/IMG_7395_111-1068x941.jpg 1068w, https:\/\/www.imakeyousmile.se\/wp-content\/uploads\/2016\/03\/IMG_7395_111-477x420.jpg 477w\" sizes=\"(max-width: 2700px) 100vw, 2700px\" \/><\/a><\/p>\n<p><strong> 2. Crema de d\u00eda de color, protector solar y brillo - <a href=\"https:\/\/ion.lyko.com\/t\/t?a=1117786221&#038;as=1548102449&#038;t=2&#038;tk=1&#038;epi=search-replace-pixitintc&#038;url=https:\/\/lyko.com\/sv\/pixi\/pixi-tint-conceal3-nude-glow\/\" target=\"_blank\">Pixi Iluminador Tinte y Ocultaci\u00f3n<\/a><\/strong><br \/>\nY aqu\u00ed conseguimos un color m\u00e1s suave y fino en el rostro con la crema de d\u00eda de color. Contiene spf 20 y pigmentos que reflejan la luz que le dan a la piel un brillo agradable. Normalmente tambi\u00e9n lo aplico con los dedos limpios, como una crema de d\u00eda normal.<\/p>\n<p>He usado el tono Bare Glow que es el m\u00e1s claro.<\/p>\n<p><a href=\"http:\/\/www.imakeyousmile.se\/wp-content\/uploads\/2016\/03\/IMG_7406_111.jpg\"><img loading=\"lazy\" decoding=\"async\" class=\"alignnone size-full wp-image-25377\" src=\"http:\/\/www.imakeyousmile.se\/wp-content\/uploads\/2016\/03\/IMG_7406_111.jpg\" alt=\"IMG_7406_111\" width=\"2700\" height=\"2700\" srcset=\"https:\/\/www.imakeyousmile.se\/wp-content\/uploads\/2016\/03\/IMG_7406_111.jpg 2560w, https:\/\/www.imakeyousmile.se\/wp-content\/uploads\/2016\/03\/IMG_7406_111-150x150.jpg 150w, https:\/\/www.imakeyousmile.se\/wp-content\/uploads\/2016\/03\/IMG_7406_111-300x300.jpg 300w, https:\/\/www.imakeyousmile.se\/wp-content\/uploads\/2016\/03\/IMG_7406_111-1024x1024.jpg 1024w, https:\/\/www.imakeyousmile.se\/wp-content\/uploads\/2016\/03\/IMG_7406_111-696x696.jpg 696w, https:\/\/www.imakeyousmile.se\/wp-content\/uploads\/2016\/03\/IMG_7406_111-1068x1068.jpg 1068w, https:\/\/www.imakeyousmile.se\/wp-content\/uploads\/2016\/03\/IMG_7406_111-420x420.jpg 420w\" sizes=\"(max-width: 2700px) 100vw, 2700px\" \/><\/a><\/p>\n<p><strong> 3. Corrector -\u00a0<a href=\"https:\/\/ion.lyko.com\/t\/t?a=1117786221&#038;as=1548102449&#038;t=2&#038;tk=1&#038;epi=search-replace-pixitintc&#038;url=https:\/\/lyko.com\/sv\/pixi\/pixi-tint-conceal3-nude-glow\/\" target=\"_blank\">Pixi Iluminador Tinte y Ocultaci\u00f3n<\/a><\/strong><br \/>\nVuelva a enroscar la tapa (que contiene un corrector) y aplique el corrector sobre las imperfecciones e irregularidades que desee cubrir. Luego esparce la pintura con la yema del dedo o con un pincel.<\/p>\n<p><a href=\"http:\/\/www.imakeyousmile.se\/wp-content\/uploads\/2016\/03\/IMG_7414_111.jpg\"><img loading=\"lazy\" decoding=\"async\" class=\"alignnone size-full wp-image-25378\" src=\"http:\/\/www.imakeyousmile.se\/wp-content\/uploads\/2016\/03\/IMG_7414_111.jpg\" alt=\"IMG_7414_111\" width=\"2700\" height=\"1910\" srcset=\"https:\/\/www.imakeyousmile.se\/wp-content\/uploads\/2016\/03\/IMG_7414_111.jpg 2560w, https:\/\/www.imakeyousmile.se\/wp-content\/uploads\/2016\/03\/IMG_7414_111-300x212.jpg 300w, https:\/\/www.imakeyousmile.se\/wp-content\/uploads\/2016\/03\/IMG_7414_111-1024x724.jpg 1024w, https:\/\/www.imakeyousmile.se\/wp-content\/uploads\/2016\/03\/IMG_7414_111-100x70.jpg 100w, https:\/\/www.imakeyousmile.se\/wp-content\/uploads\/2016\/03\/IMG_7414_111-696x492.jpg 696w, https:\/\/www.imakeyousmile.se\/wp-content\/uploads\/2016\/03\/IMG_7414_111-1068x756.jpg 1068w, https:\/\/www.imakeyousmile.se\/wp-content\/uploads\/2016\/03\/IMG_7414_111-594x420.jpg 594w\" sizes=\"(max-width: 2700px) 100vw, 2700px\" \/><\/a><\/p>\n<p><strong> 4. Polvo que neutraliza las rojeces - <a href=\"https:\/\/ion.lyko.com\/t\/t?a=1117786221&#038;as=1548102449&#038;t=2&#038;tk=1&#038;epi=search-replace-rednessrelief&#038;url=https:\/\/lyko.com\/sv\/glo-skin-beauty\/glo-skin-bea-rednessrelief-powder\/\" target=\"_blank\">polvo para aliviar el enrojecimiento de gloMinerals<\/a><\/strong><br \/>\nEl producto milagroso para nosotras con mucho enrojecimiento que quiere brillar, un polvo para el cuidado de la piel que no da cobertura sino un tenue tono amarillo que neutraliza los tonos rojos. Es de base mineral y contiene cafe\u00edna y extracto de regaliz que entra en los vasos sangu\u00edneos y los aprieta un poco, para que te pongas menos rojo tanto cosm\u00e9ticamente como debajo del maquillaje.<\/p>\n<p>T\u00fa que no tienes mucho enrojecimiento en la piel no necesitas terminar la base con polvos.<\/p>\n<p><strong>5. Contorno, rubor, cejas y labios<\/strong><br \/>\nEntonces us\u00e9<a href=\"https:\/\/ion.lyko.com\/t\/t?a=1117786221&#038;as=1548102449&#038;t=2&#038;tk=1&#038;epi=search-replace-brow-duo&#038;url=https:\/\/lyko.com\/sv\/pixi\/pixi-natural-brow-duo-natural-brown\/\" target=\"_blank\"> Pixi Natural Brow Duo (Morena profunda)<\/a>, <a href=\"https:\/\/ion.lyko.com\/t\/t?a=1117786221&#038;as=1548102449&#038;t=2&#038;tk=1&#038;epi=search-replace-pixipalette&#038;url=https:\/\/lyko.com\/sv\/sok?q=pixi+palette\/\" target=\"_blank\">Creador Pixi Contour<\/a> y <a href=\"https:\/\/ion.lyko.com\/t\/t?a=1117786221&#038;as=1548102449&#038;t=2&#038;tk=1&#038;epi=search-replace-globlush&#038;url=https:\/\/lyko.com\/sv\/glo-skin-beauty\/glominerals-blush-sweet\" target=\"_blank\">rubor gloMinerals (papaya) <\/a>para darle m\u00e1s color y forma al rostro, y entonces toda la base est\u00e1 lista:<\/p>\n<p><a href=\"http:\/\/www.imakeyousmile.se\/wp-content\/uploads\/2016\/03\/IMG_7442_111.jpg\"><img loading=\"lazy\" decoding=\"async\" class=\"alignnone size-full wp-image-25379\" src=\"http:\/\/www.imakeyousmile.se\/wp-content\/uploads\/2016\/03\/IMG_7442_111.jpg\" alt=\"IMG_7442_111\" width=\"2700\" height=\"2291\" srcset=\"https:\/\/www.imakeyousmile.se\/wp-content\/uploads\/2016\/03\/IMG_7442_111.jpg 2560w, https:\/\/www.imakeyousmile.se\/wp-content\/uploads\/2016\/03\/IMG_7442_111-300x255.jpg 300w, https:\/\/www.imakeyousmile.se\/wp-content\/uploads\/2016\/03\/IMG_7442_111-1024x869.jpg 1024w, https:\/\/www.imakeyousmile.se\/wp-content\/uploads\/2016\/03\/IMG_7442_111-696x591.jpg 696w, https:\/\/www.imakeyousmile.se\/wp-content\/uploads\/2016\/03\/IMG_7442_111-1068x906.jpg 1068w, https:\/\/www.imakeyousmile.se\/wp-content\/uploads\/2016\/03\/IMG_7442_111-495x420.jpg 495w\" sizes=\"(max-width: 2700px) 100vw, 2700px\" \/><\/a><\/p>\n<p>\u00a1Espero que la publicaci\u00f3n haya sido \u00fatil! Ama cuando vienes con deseos sobre lo que quieres ver m\u00e1s, si\u00e9ntete libre de continuar :)<\/p>\n<p>\u00a1Abrazo! \u2665<\/p>","protected":false},"excerpt":{"rendered":"<p>Fick detta mail h\u00e4r om dagen: &#8221;Jag \u00e4lskade ditt inl\u00e4gg om &#8221;dagens bas&#8221; d\u00e4r du visade din bassminkning med Pixis helt\u00e4ckande foundation! Kul att inte bara se f\u00f6re och efter med en viss produkt, utan hela steg f\u00f6r stegen till f\u00e4rdigt resultat. Det inspirerar! :) Undrar om du kan g\u00f6ra ett liknande inl\u00e4gg fast med [&hellip;]<\/p>\n","protected":false},"author":30,"featured_media":25373,"comment_status":"open","ping_status":"closed","sticky":false,"template":"","format":"standard","meta":{"footnotes":""},"categories":[24,59,3919],"tags":[4827,19,4029,4828,3687,3728,4829,3012,54,72,2312],"class_list":["post-25372","post","type-post","status-publish","format-standard","has-post-thumbnail","hentry","category-grundsmink","category-recensioner-produkttips","category-sminktips","tag-bassmink","tag-glominerals","tag-grundsmink","tag-naturlig-bassmink","tag-pixi","tag-pixi-beauty","tag-skonhetstips","tag-sminka-rod-hy","tag-sminkblogg","tag-sminktips","tag-sommarsmink"],"yoast_head":"<!-- This site is optimized with the Yoast SEO Premium plugin v14.9 - https:\/\/yoast.com\/wordpress\/plugins\/seo\/ -->\n<meta name=\"description\" content=\"Dagens bas - Naturlig till v\u00e5ren | Helena Amiley - H\u00e4r hittar du senaste infromation om sk\u00f6nhet, livsstil, entrepren\u00f6rskap, makeup &amp; tips.\" \/>\n<meta name=\"robots\" content=\"index, follow, max-snippet:-1, max-image-preview:large, max-video-preview:-1\" \/>\n<link rel=\"canonical\" href=\"https:\/\/www.imakeyousmile.se\/es\/dagens-bas-naturlig-till-varen\/\" \/>\n<meta property=\"og:locale\" content=\"es_ES\" \/>\n<meta property=\"og:type\" content=\"article\" \/>\n<meta property=\"og:title\" content=\"Dagens bas - Naturlig till v\u00e5ren | Imakeyousmile.se\" \/>\n<meta property=\"og:description\" content=\"Dagens bas - Naturlig till v\u00e5ren | Helena Amiley - H\u00e4r hittar du senaste infromation om sk\u00f6nhet, livsstil, entrepren\u00f6rskap, makeup &amp; tips.\" \/>\n<meta property=\"og:url\" content=\"https:\/\/www.imakeyousmile.se\/es\/dagens-bas-naturlig-till-varen\/\" \/>\n<meta property=\"og:site_name\" content=\"Imakeyousmile.se\" \/>\n<meta property=\"article:author\" content=\"https:\/\/www.facebook.com\/imakeyousmile.se\" \/>\n<meta property=\"article:published_time\" content=\"2016-03-31T13:07:34+00:00\" \/>\n<meta property=\"article:modified_time\" content=\"2016-03-31T10:09:23+00:00\" \/>\n<meta property=\"og:image\" content=\"https:\/\/www.imakeyousmile.se\/wp-content\/uploads\/2016\/03\/IMG_7368_111.jpg\" \/>\n\t<meta property=\"og:image:width\" content=\"2560\" \/>\n\t<meta property=\"og:image:height\" content=\"1823\" \/>\n<meta name=\"twitter:card\" content=\"summary_large_image\" \/>\n<script type=\"application\/ld+json\" class=\"yoast-schema-graph\">{\"@context\":\"https:\/\/schema.org\",\"@graph\":[{\"@type\":\"Organization\",\"@id\":\"https:\/\/www.imakeyousmile.se\/es\/#organization\",\"name\":\"Imakeyousmile\",\"url\":\"https:\/\/www.imakeyousmile.se\/es\/\",\"sameAs\":[],\"logo\":{\"@type\":\"ImageObject\",\"@id\":\"https:\/\/www.imakeyousmile.se\/es\/#logo\",\"inLanguage\":\"es\",\"url\":\"https:\/\/www.imakeyousmile.se\/wp-content\/uploads\/2020\/10\/HELENA-AMILEY_SVART-1-e1603367975324.png\",\"width\":280,\"height\":93,\"caption\":\"Imakeyousmile\"},\"image\":{\"@id\":\"https:\/\/www.imakeyousmile.se\/es\/#logo\"}},{\"@type\":\"WebSite\",\"@id\":\"https:\/\/www.imakeyousmile.se\/es\/#website\",\"url\":\"https:\/\/www.imakeyousmile.se\/es\/\",\"name\":\"Imakeyousmile.se\",\"description\":\"Helena Amiley - Beauty, Entrepreneur, Lifestyle\",\"publisher\":{\"@id\":\"https:\/\/www.imakeyousmile.se\/es\/#organization\"},\"potentialAction\":[{\"@type\":\"SearchAction\",\"target\":\"https:\/\/www.imakeyousmile.se\/es\/?s={search_term_string}\",\"query-input\":\"required name=search_term_string\"}],\"inLanguage\":\"es\"},{\"@type\":\"ImageObject\",\"@id\":\"https:\/\/www.imakeyousmile.se\/dagens-bas-naturlig-till-varen\/#primaryimage\",\"inLanguage\":\"es\",\"url\":\"https:\/\/www.imakeyousmile.se\/wp-content\/uploads\/2016\/03\/IMG_7368_111.jpg\",\"width\":2560,\"height\":1823},{\"@type\":\"WebPage\",\"@id\":\"https:\/\/www.imakeyousmile.se\/dagens-bas-naturlig-till-varen\/#webpage\",\"url\":\"https:\/\/www.imakeyousmile.se\/dagens-bas-naturlig-till-varen\/\",\"name\":\"Dagens bas - Naturlig till v\\u00e5ren | Imakeyousmile.se\",\"isPartOf\":{\"@id\":\"https:\/\/www.imakeyousmile.se\/es\/#website\"},\"primaryImageOfPage\":{\"@id\":\"https:\/\/www.imakeyousmile.se\/dagens-bas-naturlig-till-varen\/#primaryimage\"},\"datePublished\":\"2016-03-31T13:07:34+00:00\",\"dateModified\":\"2016-03-31T10:09:23+00:00\",\"description\":\"Dagens bas - Naturlig till v\\u00e5ren | Helena Amiley - H\\u00e4r hittar du senaste infromation om sk\\u00f6nhet, livsstil, entrepren\\u00f6rskap, makeup & tips.\",\"inLanguage\":\"es\",\"potentialAction\":[{\"@type\":\"ReadAction\",\"target\":[\"https:\/\/www.imakeyousmile.se\/dagens-bas-naturlig-till-varen\/\"]}]},{\"@type\":\"Article\",\"@id\":\"https:\/\/www.imakeyousmile.se\/dagens-bas-naturlig-till-varen\/#article\",\"isPartOf\":{\"@id\":\"https:\/\/www.imakeyousmile.se\/dagens-bas-naturlig-till-varen\/#webpage\"},\"author\":{\"@id\":\"https:\/\/www.imakeyousmile.se\/es\/#\/schema\/person\/b0fd43b1c6bb1c60cfd68bff9b4a10fb\"},\"headline\":\"Dagens bas &#8211; Naturlig till v\\u00e5ren\",\"datePublished\":\"2016-03-31T13:07:34+00:00\",\"dateModified\":\"2016-03-31T10:09:23+00:00\",\"mainEntityOfPage\":{\"@id\":\"https:\/\/www.imakeyousmile.se\/dagens-bas-naturlig-till-varen\/#webpage\"},\"commentCount\":1,\"publisher\":{\"@id\":\"https:\/\/www.imakeyousmile.se\/es\/#organization\"},\"image\":{\"@id\":\"https:\/\/www.imakeyousmile.se\/dagens-bas-naturlig-till-varen\/#primaryimage\"},\"keywords\":\"bassmink,gloMinerals,Grundsmink,naturlig bassmink,pixi,pixi beauty,sk\\u00f6nhetstips,sminka r\\u00f6d hy,sminkblogg,sminktips,sommarsmink\",\"articleSection\":\"Bassmink,Recensioner &amp; Produkttips,Sminktips\",\"inLanguage\":\"es\",\"potentialAction\":[{\"@type\":\"CommentAction\",\"name\":\"Comment\",\"target\":[\"https:\/\/www.imakeyousmile.se\/dagens-bas-naturlig-till-varen\/#respond\"]}]},{\"@type\":\"Person\",\"@id\":\"https:\/\/www.imakeyousmile.se\/es\/#\/schema\/person\/b0fd43b1c6bb1c60cfd68bff9b4a10fb\",\"name\":\"Helena Amiley\",\"image\":{\"@type\":\"ImageObject\",\"@id\":\"https:\/\/www.imakeyousmile.se\/es\/#personlogo\",\"inLanguage\":\"es\",\"url\":\"https:\/\/secure.gravatar.com\/avatar\/5645558e1e355457a23368d7e1b4c904?s=96&d=mm&r=g\",\"caption\":\"Helena Amiley\"},\"description\":\"Jag skriver mest om sk\\u00f6nhet men bjuder \\u00e4ven p\\u00e5 glimtar fr\\u00e5n entrepren\\u00f6rlivet och bygget av v\\u00e5r egen camper van. Vanlife here we come!\",\"sameAs\":[\"https:\/\/www.facebook.com\/imakeyousmile.se\",\"https:\/\/www.instagram.com\/helenaamiley\",\"https:\/\/www.youtube.com\/channel\/UCR5iB6rvpV6Yr8ZjpQfr5mg?view_as=subscriber\"]}]}<\/script>\n<!-- \/ Yoast SEO Premium plugin. -->","_links":{"self":[{"href":"https:\/\/www.imakeyousmile.se\/es\/wp-json\/wp\/v2\/posts\/25372"}],"collection":[{"href":"https:\/\/www.imakeyousmile.se\/es\/wp-json\/wp\/v2\/posts"}],"about":[{"href":"https:\/\/www.imakeyousmile.se\/es\/wp-json\/wp\/v2\/types\/post"}],"author":[{"embeddable":true,"href":"https:\/\/www.imakeyousmile.se\/es\/wp-json\/wp\/v2\/users\/30"}],"replies":[{"embeddable":true,"href":"https:\/\/www.imakeyousmile.se\/es\/wp-json\/wp\/v2\/comments?post=25372"}],"version-history":[{"count":2,"href":"https:\/\/www.imakeyousmile.se\/es\/wp-json\/wp\/v2\/posts\/25372\/revisions"}],"predecessor-version":[{"id":25381,"href":"https:\/\/www.imakeyousmile.se\/es\/wp-json\/wp\/v2\/posts\/25372\/revisions\/25381"}],"wp:featuredmedia":[{"embeddable":true,"href":"https:\/\/www.imakeyousmile.se\/es\/wp-json\/wp\/v2\/media\/25373"}],"wp:attachment":[{"href":"https:\/\/www.imakeyousmile.se\/es\/wp-json\/wp\/v2\/media?parent=25372"}],"wp:term":[{"taxonomy":"category","embeddable":true,"href":"https:\/\/www.imakeyousmile.se\/es\/wp-json\/wp\/v2\/categories?post=25372"},{"taxonomy":"post_tag","embeddable":true,"href":"https:\/\/www.imakeyousmile.se\/es\/wp-json\/wp\/v2\/tags?post=25372"}],"curies":[{"name":"wp","href":"https:\/\/api.w.org\/{rel}","templated":true}]}}