{"id":25403,"date":"2016-04-02T10:54:29","date_gmt":"2016-04-02T08:54:29","guid":{"rendered":"http:\/\/www.imakeyousmile.se\/?p=25403"},"modified":"2020-10-22T16:59:46","modified_gmt":"2020-10-22T14:59:46","slug":"sminkning-mogen-hy-fore-och-efter","status":"publish","type":"post","link":"https:\/\/www.imakeyousmile.se\/es\/maquillaje-piel-madura-antes-y-despues\/","title":{"rendered":"Maquillaje piel madura antes y despu\u00e9s"},"content":{"rendered":"<p>Ayer tuve una clienta de tal maquillaje que me encanta tener en el sill\u00f3n de maquillaje, una persona que al principio es como cualquier otra persona, una postura un poco tensa y un poco inc\u00f3moda frente a la c\u00e1mara, pero que se va de aqu\u00ed como una mujer fuerte con postura erguida, confianza en s\u00ed misma la mirada y un carisma increible!<\/p>\n<p>Una persona as\u00ed en la que no es principalmente el maquillaje lo que marca la gran diferencia, \u00a1sino c\u00f3mo la belleza interior de la persona tambi\u00e9n brilla! \u00a1Me hace tan feliz! :)<\/p>\n<p>Ayer comenc\u00e9 el d\u00eda con tal consulta de maquillaje, mira que diferencia:<\/p>\n<p><a href=\"http:\/\/www.imakeyousmile.se\/wp-content\/uploads\/2016\/04\/IMG_8099_111.jpg\"><img loading=\"lazy\" decoding=\"async\" class=\"alignnone size-full wp-image-25404\" src=\"http:\/\/www.imakeyousmile.se\/wp-content\/uploads\/2016\/04\/IMG_8099_111.jpg\" alt=\"el puede hacer las paces\" width=\"2700\" height=\"1696\" srcset=\"https:\/\/www.imakeyousmile.se\/wp-content\/uploads\/2016\/04\/IMG_8099_111.jpg 2560w, https:\/\/www.imakeyousmile.se\/wp-content\/uploads\/2016\/04\/IMG_8099_111-300x188.jpg 300w, https:\/\/www.imakeyousmile.se\/wp-content\/uploads\/2016\/04\/IMG_8099_111-1024x643.jpg 1024w, https:\/\/www.imakeyousmile.se\/wp-content\/uploads\/2016\/04\/IMG_8099_111-696x437.jpg 696w, https:\/\/www.imakeyousmile.se\/wp-content\/uploads\/2016\/04\/IMG_8099_111-1068x671.jpg 1068w, https:\/\/www.imakeyousmile.se\/wp-content\/uploads\/2016\/04\/IMG_8099_111-669x420.jpg 669w\" sizes=\"(max-width: 2700px) 100vw, 2700px\" \/><\/a><\/p>\n<p>\u00a1Vaya, solo digo! \u00a1Tan hermosa!<\/p>\n<p>Quer\u00eda aprender un maquillaje diario sencillo que, sobre todo, iluminara sus ojos y la hiciera lucir m\u00e1s alerta. Y creo que lo logramos, un look cotidiano pero muy estimulante.<\/p>\n<p>Cuanto m\u00e1s uso Pixi H2O Skintint, m\u00e1s me encanta, especialmente para una piel m\u00e1s madura. \u00a1Junto con Paese Makeup Base Smoothing da un resultado muy suave y agradable! Ella misma dijo tan pronto como aplicamos la base &quot;<em>qu\u00e9 piel mucho m\u00e1s tersa se ve ahora<\/em>\u201dAs\u00ed que no soy solo yo quien lo ve :)<\/p>\n<p>Usamos la menor cantidad de productos posible y mantuvimos todo muy simple, por lo que las sombras de ojos son casi exclusivamente las mismas sombras que el contorno (pero con prebase de sombra de ojos debajo) y no tocamos las cejas en absoluto porque ella estaba feliz con ellas.<\/p>\n<p><strong>Cara<\/strong><br \/>\nPrebase facial -<a href=\"http:\/\/creativemakeup.se\/produkt\/paese-makeup-base\/\" target=\"_blank\" rel=\"noopener noreferrer\"> Base de maquillaje Paese (suavizante)<\/a><br \/>\nFundaci\u00f3n -\u00a0<a href=\"https:\/\/ion.lyko.com\/t\/t?a=1117786221&#038;as=1548102449&#038;t=2&#038;tk=1&#038;epi=search-replace-skintint&#038;url=https:\/\/lyko.com\/sv\/pixi\/pixi-h2o-skintint-2nude\" target=\"_blank\" rel=\"noopener noreferrer\">Pixi H2O skintint\u00a0<\/a>(3 c\u00e1lido)<br \/>\nContorneado -\u00a0<a href=\"https:\/\/ion.lyko.com\/t\/t?a=1117786221&#038;as=1548102449&#038;t=2&#038;tk=1&#038;epi=search-replace-pixipalette&#038;url=https:\/\/lyko.com\/sv\/sok?q=pixi+palette\/\" target=\"_blank\" rel=\"noopener noreferrer\">Pixi Book of beauty Contour Creator Palette<br \/>\n<\/a>- (Us\u00f3 la sombra m\u00e1s clara debajo de los ojos)<br \/>\nColorete -\u00a0<a href=\"https:\/\/ion.lyko.com\/t\/t?a=1117786221&#038;as=1548102449&#038;t=2&#038;tk=1&#038;epi=search-replace-globlush&#038;url=https:\/\/lyko.com\/sv\/glo-skin-beauty\/glominerals-blush-sweet\" target=\"_blank\" rel=\"noopener noreferrer\">rubor gloMinerals<\/a>\u00a0(Dulce)<br \/>\nBruma fijadora de maquillaje - <a href=\"https:\/\/ion.lyko.com\/t\/t?a=1117786221&#038;as=1548102449&#038;t=2&#038;tk=1&#038;epi=search-replace-fixingmist&#038;url=https:\/\/lyko.com\/sv\/pixi\/pixi-makeup-fixing-mist\" target=\"_blank\" rel=\"noopener noreferrer\">Bruma fijadora de maquillaje Pixi<\/a><\/p>\n<p><strong>Ceja<\/strong>\u00a0- Se ha tatuado las cejas en Annika aqu\u00ed en el sal\u00f3n, pero eso fue hace unos 4 a\u00f1os, dijo. As\u00ed que no los tocamos en absoluto.<br \/>\n<strong>Labios<\/strong>\u00a0- <a href=\"https:\/\/ion.lyko.com\/t\/t?a=1117786221&#038;as=1548102449&#038;t=2&#038;tk=1&#038;epi=search-replace-glosuede&#038;url=https:\/\/lyko.com\/sv\/glo-skin-beauty\/glominerals-glosuedematte-crayon-tradema\" target=\"_blank\" rel=\"noopener noreferrer\">gloMinerals Suede Matte Crayon (marca registrada)<\/a><\/p>\n<p><strong>Ojos<\/strong><br \/>\nImprimaci\u00f3n de sombra de ojos -\u00a0<a href=\"https:\/\/ion.lyko.com\/t\/t?a=1117786221&#038;as=1548102449&#038;t=2&#038;tk=1&#038;epi=search-replace-pixiprimer&#038;url=https:\/\/lyko.com\/sv\/sok?q=pixi+primer\" target=\"_blank\" rel=\"noopener noreferrer\">Prebase brillante para ojos Pixi<\/a><br \/>\nDelineador de ojos claro a lo largo de la l\u00ednea de flotaci\u00f3n -\u00a0<a href=\"https:\/\/ion.jordklok.se\/t\/t?a=1236848151&#038;as=1548102449&#038;t=2&#038;tk=1&#038;epi=search-replace-benecoskajal&#038;url=https:\/\/www.jordklok.se\/sv\/articles\/2.80.3594\/benecos-natural-kajalpenna-113-g?q=Benecos%20Natural%20Kajalpenna,%201,13%20g\/\" target=\"_blank\" rel=\"noopener noreferrer\">Benecos Blanco natural kajal<\/a><br \/>\nSombra de ojos clara en la parte interior del p\u00e1rpado, sombra de brillo en el medio del p\u00e1rpado, sombra de ojos marr\u00f3n en la parte exterior del p\u00e1rpado y a lo largo de la l\u00ednea del pliegue, lo mismo que el contorno de la cara<br \/>\nSombra marr\u00f3n en la parte inferior del p\u00e1rpado y a lo largo de la l\u00ednea de las pesta\u00f1as inferiores,\u00a0<a href=\"http:\/\/creativemakeup.se\/produkt\/paese-kasmir-matte-black-eyeshadow\/\" target=\"_blank\" rel=\"noopener noreferrer\">Sombra de ojos de cachemira paese<\/a>\u00a0(604)<br \/>\nLashliner - Tatuado por Amir aqu\u00ed en el sal\u00f3n<br \/>\nR\u00edmel -\u00a0<a href=\"http:\/\/creativemakeup.se\/produkt\/santhilea-magnetic-lash-mascara\/\" target=\"_blank\" rel=\"noopener noreferrer\">M\u00e1scara de pesta\u00f1as magn\u00e9ticas<\/a><\/p>\n<p>Todos los productos est\u00e1n disponibles para su compra.<a href=\"http:\/\/creativemakeup.se\/\" target=\"_blank\" rel=\"noopener noreferrer\">\u00a0Byher.se<\/a>!<\/p>\n<p><a href=\"http:\/\/www.imakeyousmile.se\/wp-content\/uploads\/2016\/04\/IMG_8104_111.jpg\"><img loading=\"lazy\" decoding=\"async\" class=\"alignnone size-full wp-image-25405\" src=\"http:\/\/www.imakeyousmile.se\/wp-content\/uploads\/2016\/04\/IMG_8104_111.jpg\" alt=\"maquillaje piel madura uppsala\" width=\"2700\" height=\"2477\" srcset=\"https:\/\/www.imakeyousmile.se\/wp-content\/uploads\/2016\/04\/IMG_8104_111.jpg 2560w, https:\/\/www.imakeyousmile.se\/wp-content\/uploads\/2016\/04\/IMG_8104_111-300x275.jpg 300w, https:\/\/www.imakeyousmile.se\/wp-content\/uploads\/2016\/04\/IMG_8104_111-1024x939.jpg 1024w, https:\/\/www.imakeyousmile.se\/wp-content\/uploads\/2016\/04\/IMG_8104_111-696x639.jpg 696w, https:\/\/www.imakeyousmile.se\/wp-content\/uploads\/2016\/04\/IMG_8104_111-1068x980.jpg 1068w, https:\/\/www.imakeyousmile.se\/wp-content\/uploads\/2016\/04\/IMG_8104_111-458x420.jpg 458w\" sizes=\"(max-width: 2700px) 100vw, 2700px\" \/><\/a><\/p>\n<p>Solo grita si tienes alguna pregunta sobre los productos o similar :)<\/p>\n<p>Reserve una consulta de maquillaje con nosotros directamente en <a href=\"http:\/\/creativemakeup.se\" target=\"_blank\" rel=\"noopener noreferrer\">nuestra pagina de inicio<\/a>\u00a1Cuesta 795 SEK y luego se incluyen productos opcionales por la suma total!<\/p>\n<p>\u00a1Abrazo! \u2665<\/p>","protected":false},"excerpt":{"rendered":"<p>Ig\u00e5r hade jag en s\u00e5dan sminkkund som jag bara \u00e4lskar att ha i sminkstolen &#8211; en person som i b\u00f6rjan \u00e4r som vilken person som helst, lite sp\u00e4nd h\u00e5llning och svagt obekv\u00e4m framf\u00f6r kameran, men som g\u00e5r h\u00e4rifr\u00e5n som en stark kvinna med uppstr\u00e4ckt h\u00e5llning, sj\u00e4lvf\u00f6rtroende i blicken och en otrolig utstr\u00e5lning! En s\u00e5dan person [&hellip;]<\/p>\n","protected":false},"author":30,"featured_media":25404,"comment_status":"open","ping_status":"closed","sticky":false,"template":"","format":"standard","meta":{"footnotes":""},"categories":[24,7003,2827,3919],"tags":[4001,4841,3934,3936,3192,3935,4075,72,4842,629,4840],"class_list":["post-25403","post","type-post","status-publish","format-standard","has-post-thumbnail","hentry","category-grundsmink","category-fore-efter-kunder","category-vardagssminkningar","category-sminktips","tag-creative-makeup-by-her","tag-makeup-mogen-hy","tag-makeup-uppsala","tag-makeupartist-uppsala","tag-smink-fore-efter","tag-smink-uppsala","tag-sminkkonsultation-uppsala","tag-sminktips","tag-sminktips-ljusare-runt-ogonen","tag-vardagssminkning","tag-vardagssminkning-mogen-hy"],"yoast_head":"<!-- This site is optimized with the Yoast SEO Premium plugin v14.9 - https:\/\/yoast.com\/wordpress\/plugins\/seo\/ -->\n<meta name=\"description\" content=\"Sminkning mogen hy f\u00f6re och efter | Helena Amiley - H\u00e4r hittar du senaste infromation om sk\u00f6nhet, livsstil, entrepren\u00f6rskap, makeup &amp; tips.\" \/>\n<meta name=\"robots\" content=\"index, follow, max-snippet:-1, max-image-preview:large, max-video-preview:-1\" \/>\n<link rel=\"canonical\" href=\"https:\/\/www.imakeyousmile.se\/es\/sminkning-mogen-hy-fore-och-efter\/\" \/>\n<meta property=\"og:locale\" content=\"es_ES\" \/>\n<meta property=\"og:type\" content=\"article\" \/>\n<meta property=\"og:title\" content=\"Sminkning mogen hy f\u00f6re och efter | Imakeyousmile.se\" \/>\n<meta property=\"og:description\" content=\"Sminkning mogen hy f\u00f6re och efter | Helena Amiley - H\u00e4r hittar du senaste infromation om sk\u00f6nhet, livsstil, entrepren\u00f6rskap, makeup &amp; tips.\" \/>\n<meta property=\"og:url\" content=\"https:\/\/www.imakeyousmile.se\/es\/sminkning-mogen-hy-fore-och-efter\/\" \/>\n<meta property=\"og:site_name\" content=\"Imakeyousmile.se\" \/>\n<meta property=\"article:author\" content=\"https:\/\/www.facebook.com\/imakeyousmile.se\" \/>\n<meta property=\"article:published_time\" content=\"2016-04-02T08:54:29+00:00\" \/>\n<meta property=\"article:modified_time\" content=\"2020-10-22T14:59:46+00:00\" \/>\n<meta property=\"og:image\" content=\"https:\/\/www.imakeyousmile.se\/wp-content\/uploads\/2016\/04\/IMG_8099_111.jpg\" \/>\n\t<meta property=\"og:image:width\" content=\"2560\" \/>\n\t<meta property=\"og:image:height\" content=\"1608\" \/>\n<meta name=\"twitter:card\" content=\"summary_large_image\" \/>\n<script type=\"application\/ld+json\" class=\"yoast-schema-graph\">{\"@context\":\"https:\/\/schema.org\",\"@graph\":[{\"@type\":\"Organization\",\"@id\":\"https:\/\/www.imakeyousmile.se\/es\/#organization\",\"name\":\"Imakeyousmile\",\"url\":\"https:\/\/www.imakeyousmile.se\/es\/\",\"sameAs\":[],\"logo\":{\"@type\":\"ImageObject\",\"@id\":\"https:\/\/www.imakeyousmile.se\/es\/#logo\",\"inLanguage\":\"es\",\"url\":\"https:\/\/www.imakeyousmile.se\/wp-content\/uploads\/2020\/10\/HELENA-AMILEY_SVART-1-e1603367975324.png\",\"width\":280,\"height\":93,\"caption\":\"Imakeyousmile\"},\"image\":{\"@id\":\"https:\/\/www.imakeyousmile.se\/es\/#logo\"}},{\"@type\":\"WebSite\",\"@id\":\"https:\/\/www.imakeyousmile.se\/es\/#website\",\"url\":\"https:\/\/www.imakeyousmile.se\/es\/\",\"name\":\"Imakeyousmile.se\",\"description\":\"Helena Amiley - Beauty, Entrepreneur, Lifestyle\",\"publisher\":{\"@id\":\"https:\/\/www.imakeyousmile.se\/es\/#organization\"},\"potentialAction\":[{\"@type\":\"SearchAction\",\"target\":\"https:\/\/www.imakeyousmile.se\/es\/?s={search_term_string}\",\"query-input\":\"required name=search_term_string\"}],\"inLanguage\":\"es\"},{\"@type\":\"ImageObject\",\"@id\":\"https:\/\/www.imakeyousmile.se\/sminkning-mogen-hy-fore-och-efter\/#primaryimage\",\"inLanguage\":\"es\",\"url\":\"https:\/\/www.imakeyousmile.se\/wp-content\/uploads\/2016\/04\/IMG_8099_111.jpg\",\"width\":2560,\"height\":1608},{\"@type\":\"WebPage\",\"@id\":\"https:\/\/www.imakeyousmile.se\/sminkning-mogen-hy-fore-och-efter\/#webpage\",\"url\":\"https:\/\/www.imakeyousmile.se\/sminkning-mogen-hy-fore-och-efter\/\",\"name\":\"Sminkning mogen hy f\\u00f6re och efter | Imakeyousmile.se\",\"isPartOf\":{\"@id\":\"https:\/\/www.imakeyousmile.se\/es\/#website\"},\"primaryImageOfPage\":{\"@id\":\"https:\/\/www.imakeyousmile.se\/sminkning-mogen-hy-fore-och-efter\/#primaryimage\"},\"datePublished\":\"2016-04-02T08:54:29+00:00\",\"dateModified\":\"2020-10-22T14:59:46+00:00\",\"description\":\"Sminkning mogen hy f\\u00f6re och efter | Helena Amiley - H\\u00e4r hittar du senaste infromation om sk\\u00f6nhet, livsstil, entrepren\\u00f6rskap, makeup & tips.\",\"inLanguage\":\"es\",\"potentialAction\":[{\"@type\":\"ReadAction\",\"target\":[\"https:\/\/www.imakeyousmile.se\/sminkning-mogen-hy-fore-och-efter\/\"]}]},{\"@type\":\"Article\",\"@id\":\"https:\/\/www.imakeyousmile.se\/sminkning-mogen-hy-fore-och-efter\/#article\",\"isPartOf\":{\"@id\":\"https:\/\/www.imakeyousmile.se\/sminkning-mogen-hy-fore-och-efter\/#webpage\"},\"author\":{\"@id\":\"https:\/\/www.imakeyousmile.se\/es\/#\/schema\/person\/b0fd43b1c6bb1c60cfd68bff9b4a10fb\"},\"headline\":\"Sminkning mogen hy f\\u00f6re och efter\",\"datePublished\":\"2016-04-02T08:54:29+00:00\",\"dateModified\":\"2020-10-22T14:59:46+00:00\",\"mainEntityOfPage\":{\"@id\":\"https:\/\/www.imakeyousmile.se\/sminkning-mogen-hy-fore-och-efter\/#webpage\"},\"commentCount\":2,\"publisher\":{\"@id\":\"https:\/\/www.imakeyousmile.se\/es\/#organization\"},\"image\":{\"@id\":\"https:\/\/www.imakeyousmile.se\/sminkning-mogen-hy-fore-och-efter\/#primaryimage\"},\"keywords\":\"creative makeup by her,makeup mogen hy,makeup uppsala,makeupartist uppsala,smink f\\u00f6re efter,smink uppsala,sminkkonsultation uppsala,sminktips,sminktips ljusare runt \\u00f6gonen,vardagssminkning,vardagssminkning mogen hy\",\"articleSection\":\"Bassmink,F\\u00f6re &amp; efter (kundjobb),Neutrala \/ milda sminkningar,Sminktips\",\"inLanguage\":\"es\",\"potentialAction\":[{\"@type\":\"CommentAction\",\"name\":\"Comment\",\"target\":[\"https:\/\/www.imakeyousmile.se\/sminkning-mogen-hy-fore-och-efter\/#respond\"]}]},{\"@type\":\"Person\",\"@id\":\"https:\/\/www.imakeyousmile.se\/es\/#\/schema\/person\/b0fd43b1c6bb1c60cfd68bff9b4a10fb\",\"name\":\"Helena Amiley\",\"image\":{\"@type\":\"ImageObject\",\"@id\":\"https:\/\/www.imakeyousmile.se\/es\/#personlogo\",\"inLanguage\":\"es\",\"url\":\"https:\/\/secure.gravatar.com\/avatar\/5645558e1e355457a23368d7e1b4c904?s=96&d=mm&r=g\",\"caption\":\"Helena Amiley\"},\"description\":\"Jag skriver mest om sk\\u00f6nhet men bjuder \\u00e4ven p\\u00e5 glimtar fr\\u00e5n entrepren\\u00f6rlivet och bygget av v\\u00e5r egen camper van. Vanlife here we come!\",\"sameAs\":[\"https:\/\/www.facebook.com\/imakeyousmile.se\",\"https:\/\/www.instagram.com\/helenaamiley\",\"https:\/\/www.youtube.com\/channel\/UCR5iB6rvpV6Yr8ZjpQfr5mg?view_as=subscriber\"]}]}<\/script>\n<!-- \/ Yoast SEO Premium plugin. -->","_links":{"self":[{"href":"https:\/\/www.imakeyousmile.se\/es\/wp-json\/wp\/v2\/posts\/25403"}],"collection":[{"href":"https:\/\/www.imakeyousmile.se\/es\/wp-json\/wp\/v2\/posts"}],"about":[{"href":"https:\/\/www.imakeyousmile.se\/es\/wp-json\/wp\/v2\/types\/post"}],"author":[{"embeddable":true,"href":"https:\/\/www.imakeyousmile.se\/es\/wp-json\/wp\/v2\/users\/30"}],"replies":[{"embeddable":true,"href":"https:\/\/www.imakeyousmile.se\/es\/wp-json\/wp\/v2\/comments?post=25403"}],"version-history":[{"count":3,"href":"https:\/\/www.imakeyousmile.se\/es\/wp-json\/wp\/v2\/posts\/25403\/revisions"}],"predecessor-version":[{"id":37557,"href":"https:\/\/www.imakeyousmile.se\/es\/wp-json\/wp\/v2\/posts\/25403\/revisions\/37557"}],"wp:featuredmedia":[{"embeddable":true,"href":"https:\/\/www.imakeyousmile.se\/es\/wp-json\/wp\/v2\/media\/25404"}],"wp:attachment":[{"href":"https:\/\/www.imakeyousmile.se\/es\/wp-json\/wp\/v2\/media?parent=25403"}],"wp:term":[{"taxonomy":"category","embeddable":true,"href":"https:\/\/www.imakeyousmile.se\/es\/wp-json\/wp\/v2\/categories?post=25403"},{"taxonomy":"post_tag","embeddable":true,"href":"https:\/\/www.imakeyousmile.se\/es\/wp-json\/wp\/v2\/tags?post=25403"}],"curies":[{"name":"wp","href":"https:\/\/api.w.org\/{rel}","templated":true}]}}