{"id":25442,"date":"2016-04-05T16:10:41","date_gmt":"2016-04-05T14:10:41","guid":{"rendered":"http:\/\/www.imakeyousmile.se\/?p=25442"},"modified":"2016-04-05T16:10:41","modified_gmt":"2016-04-05T14:10:41","slug":"nyfargat-har","status":"publish","type":"post","link":"https:\/\/www.imakeyousmile.se\/es\/recien-tenido\/","title":{"rendered":"\u00a1Cabello reci\u00e9n te\u00f1ido!"},"content":{"rendered":"<p>\u00a1Ya termin\u00e9 en la peluquer\u00eda! T\u00fa que sigues a mi peluquera Monica en Periscope (@msmonicawerner) o en su p\u00e1gina de Facebook <a href=\"https:\/\/www.facebook.com\/FrisorMonicaWerner\/?fref=ts\" target=\"_blank\">Peluquer\u00eda Monica Werner<\/a> Probablemente ya haya visto un poco cuando film\u00f3 en vivo directamente desde el sal\u00f3n tambi\u00e9n :)<\/p>\n<p>El color de cabello ahora tiene un tono m\u00e1s suave, m\u00e1s fresco, y hemos &quot;preparado los colores&quot; para poder decolorar el rosa m\u00e1s claro a principios de verano y tener una mejor posici\u00f3n de partida entonces.<\/p>\n<p><a href=\"http:\/\/www.imakeyousmile.se\/wp-content\/uploads\/2016\/04\/IMG_8738_111.jpg\"><img loading=\"lazy\" decoding=\"async\" class=\"alignnone size-full wp-image-25443\" src=\"http:\/\/www.imakeyousmile.se\/wp-content\/uploads\/2016\/04\/IMG_8738_111.jpg\" alt=\"IMG_8738_111\" width=\"2800\" height=\"2387\" srcset=\"https:\/\/www.imakeyousmile.se\/wp-content\/uploads\/2016\/04\/IMG_8738_111.jpg 2560w, https:\/\/www.imakeyousmile.se\/wp-content\/uploads\/2016\/04\/IMG_8738_111-300x256.jpg 300w, https:\/\/www.imakeyousmile.se\/wp-content\/uploads\/2016\/04\/IMG_8738_111-1024x873.jpg 1024w, https:\/\/www.imakeyousmile.se\/wp-content\/uploads\/2016\/04\/IMG_8738_111-696x593.jpg 696w, https:\/\/www.imakeyousmile.se\/wp-content\/uploads\/2016\/04\/IMG_8738_111-1068x910.jpg 1068w, https:\/\/www.imakeyousmile.se\/wp-content\/uploads\/2016\/04\/IMG_8738_111-493x420.jpg 493w\" sizes=\"(max-width: 2800px) 100vw, 2800px\" \/><\/a><\/p>\n<p>Fint va? :) Sin gran cambio, \u00a1pero me encanta el tono del nuevo color!<\/p>\n<p><strong>Posici\u00f3n inicial<\/strong><br \/>\nComo mencion\u00e9 ayer, he estado ansioso por ser un poco m\u00e1s brillante, pero a\u00fan en la direcci\u00f3n rosa. Cuando mi anterior color rosa brillante se lanz\u00f3 en la ducha, el tono se volvi\u00f3 m\u00e1s rosa pastel, \u00a1lo que me gust\u00f3! Creo que las partes superiores de mi color eran geniales antes.<\/p>\n<p>As\u00ed que esta vez decidimos hacer mi color actual un poco m\u00e1s suave, m\u00e1s fr\u00edo y m\u00e1s pastel, y blanquear el rosa m\u00e1s claro la pr\u00f3xima vez porque entonces tanto el color base como las longitudes tendr\u00edan mejores condiciones para verse bien.<\/p>\n<p><strong>El color base<\/strong><br \/>\nTodav\u00eda quedaba bastante oscuridad de la coloraci\u00f3n de la excrecencia anterior, lo que hizo que mi excrecencia ahora fuera m\u00e1s clara, luego apareci\u00f3 una &quot;banda&quot; con un color rojo m\u00e1s oscuro y luego se volvi\u00f3 m\u00e1s claro nuevamente. As\u00ed que la imprimaci\u00f3n anterior debe lavarse a\u00fan m\u00e1s antes de que podamos aclarar el cabello.<\/p>\n<p>As\u00ed que eligi\u00f3 un tinte para el cuero cabelludo que se lavar\u00e1 m\u00e1s r\u00e1pido y, adem\u00e1s, es un color rojo violeta mezclado con un marr\u00f3n fr\u00edo para que no sea tan rojo brillante como solemos ser. Entonces, en la pr\u00f3xima visita a la peluquer\u00eda, mi crecimiento de color de rata no estar\u00e1 un poco marcado ya que de vez en cuando puedes aclarar tu cabello a\u00fan m\u00e1s.<\/p>\n<p><strong>Luggen<\/strong><br \/>\nMonica tambi\u00e9n puso unas lazadas en un color coral claro en la parte delantera m\u00e1s cercana al rostro, es un color que por alguna raz\u00f3n (prima para m\u00ed) aclara un poco el cabello sin ser decolorante. As\u00ed que el flequillo se ha vuelto un poco m\u00e1s claro que antes tambi\u00e9n, no mucho pero un poco todav\u00eda hace una gran diferencia, creo :)<\/p>\n<p><strong>Las longitudes<\/strong><br \/>\nEl resto de las longitudes las te\u00f1imos con un tono rosa pastel, fue un poco dif\u00edcil de adherir a la parte superior, pero todo el cabello obtuvo un tono rosado m\u00e1s agradable que creo que es incomparablemente agradable. M\u00e1s &quot;rosa pastel bien pensado&quot; en lugar de &quot;rosa brillante descolorido&quot; jeje.<\/p>\n<p><strong>Bucle amarillo como prueba<\/strong><br \/>\nM\u00f3nica estaba muy ansiosa por mezclar algunos bucles amarillos, por lo que fui un poco cobarde jaja. Pero hicimos un bucle como prueba para ver si quiero hacer m\u00e1s la pr\u00f3xima vez o si deber\u00edamos colorearlo entonces. Pero tambi\u00e9n para probar la facilidad con la que se aclara el cabello (ya que es un color que tambi\u00e9n se decolora un poco) lo cual lo hac\u00eda muy f\u00e1cilmente por lo que tambi\u00e9n es bueno saber antes de la siguiente coloraci\u00f3n cuando aclararemos m\u00e1s.<\/p>\n<p><strong>En otras palabras -\u00a0<\/strong>\u00a1Hab\u00eda cuatro colores diferentes en total! Y dado que el crecimiento ser\u00e1 m\u00e1s suave en la pr\u00f3xima visita a la peluquer\u00eda y todo el cabello tiene un tono rosa m\u00e1s suave, ser\u00e1 un resultado m\u00e1s agradable en junio que cuando (si nos atenemos al plan) decoloraremos el cabello primero y luego volveremos a poner un color rosa pastel :)<a href=\"http:\/\/www.imakeyousmile.se\/wp-content\/uploads\/2016\/04\/IMG_8738_111.jpg\"><br \/>\n<\/a> <a href=\"http:\/\/www.imakeyousmile.se\/wp-content\/uploads\/2016\/04\/IMG_8777_111.jpg\"><br \/>\n<\/a> <a href=\"http:\/\/www.imakeyousmile.se\/wp-content\/uploads\/2016\/04\/IMG_8777_1111.jpg\"><img loading=\"lazy\" decoding=\"async\" class=\"alignnone size-full wp-image-25445\" src=\"http:\/\/www.imakeyousmile.se\/wp-content\/uploads\/2016\/04\/IMG_8777_1111.jpg\" alt=\"IMG_8777_1111\" width=\"876\" height=\"930\" srcset=\"https:\/\/www.imakeyousmile.se\/wp-content\/uploads\/2016\/04\/IMG_8777_1111.jpg 876w, https:\/\/www.imakeyousmile.se\/wp-content\/uploads\/2016\/04\/IMG_8777_1111-283x300.jpg 283w, https:\/\/www.imakeyousmile.se\/wp-content\/uploads\/2016\/04\/IMG_8777_1111-696x739.jpg 696w, https:\/\/www.imakeyousmile.se\/wp-content\/uploads\/2016\/04\/IMG_8777_1111-396x420.jpg 396w\" sizes=\"(max-width: 876px) 100vw, 876px\" \/><\/a><\/p>\n<p>\u00a1Aqu\u00ed puedes ver un poco mejor el color rosa claro en las longitudes!<\/p>\n<p>Y tambi\u00e9n ves un peque\u00f1o destello del lazo amarillo, \u00bfves? Apenas es visible cuando se mezcla con todo el cabello rosado, pero luego veo en parte c\u00f3mo quedar\u00e1 en mi cabello pero tambi\u00e9n c\u00f3mo cambia despu\u00e9s de una ducha unas cuantas veces :)<\/p>\n<p><a href=\"http:\/\/www.imakeyousmile.se\/wp-content\/uploads\/2016\/04\/IMG_8811_111.jpg\"><img loading=\"lazy\" decoding=\"async\" class=\"alignnone size-full wp-image-25446\" src=\"http:\/\/www.imakeyousmile.se\/wp-content\/uploads\/2016\/04\/IMG_8811_111.jpg\" alt=\"IMG_8811_111\" width=\"1215\" height=\"1176\" srcset=\"https:\/\/www.imakeyousmile.se\/wp-content\/uploads\/2016\/04\/IMG_8811_111.jpg 1215w, https:\/\/www.imakeyousmile.se\/wp-content\/uploads\/2016\/04\/IMG_8811_111-300x290.jpg 300w, https:\/\/www.imakeyousmile.se\/wp-content\/uploads\/2016\/04\/IMG_8811_111-1024x991.jpg 1024w, https:\/\/www.imakeyousmile.se\/wp-content\/uploads\/2016\/04\/IMG_8811_111-696x674.jpg 696w, https:\/\/www.imakeyousmile.se\/wp-content\/uploads\/2016\/04\/IMG_8811_111-1068x1034.jpg 1068w, https:\/\/www.imakeyousmile.se\/wp-content\/uploads\/2016\/04\/IMG_8811_111-434x420.jpg 434w\" sizes=\"(max-width: 1215px) 100vw, 1215px\" \/><\/a><\/p>\n<p>Y aqu\u00ed ves el color del flequillo contra el tono m\u00e1s oscuro del cuero cabelludo, mucho m\u00e1s claro :)<\/p>\n<p><a href=\"http:\/\/www.imakeyousmile.se\/wp-content\/uploads\/2016\/04\/IMG_8777_111.jpg\"><img loading=\"lazy\" decoding=\"async\" class=\"alignnone size-full wp-image-25444\" src=\"http:\/\/www.imakeyousmile.se\/wp-content\/uploads\/2016\/04\/IMG_8777_111.jpg\" alt=\"IMG_8777_111\" width=\"2056\" height=\"3334\" srcset=\"https:\/\/www.imakeyousmile.se\/wp-content\/uploads\/2016\/04\/IMG_8777_111.jpg 1579w, https:\/\/www.imakeyousmile.se\/wp-content\/uploads\/2016\/04\/IMG_8777_111-185x300.jpg 185w, https:\/\/www.imakeyousmile.se\/wp-content\/uploads\/2016\/04\/IMG_8777_111-631x1024.jpg 631w, https:\/\/www.imakeyousmile.se\/wp-content\/uploads\/2016\/04\/IMG_8777_111-696x1129.jpg 696w, https:\/\/www.imakeyousmile.se\/wp-content\/uploads\/2016\/04\/IMG_8777_111-1068x1732.jpg 1068w, https:\/\/www.imakeyousmile.se\/wp-content\/uploads\/2016\/04\/IMG_8777_111-259x420.jpg 259w\" sizes=\"(max-width: 2056px) 100vw, 2056px\" \/><\/a><\/p>\n<p>\u00bfQu\u00e9 piensas? :)<\/p>\n<p>En el nuevo sitio web de Monica <a href=\"http:\/\/monicawerner.se\" target=\"_blank\">Monicawerner.se<\/a> para que puedas hacer una consulta online antes de reservar una cita con ella, para saber qu\u00e9 se puede hacer con el cabello, cu\u00e1nto tiempo debes reservar y cu\u00e1nto te costar\u00e1.<\/p>\n<p>\u00a1Los abrazos son! \u2665<\/p>","protected":false},"excerpt":{"rendered":"<p>Nu \u00e4r jag klar hos fris\u00f6ren! Ni som f\u00f6ljer min fris\u00f6r Monica p\u00e5 Periscope (@msmonicawerner ) eller p\u00e5 hennes Facebooksida Fris\u00f6r Monica Werner har s\u00e4kert sett lite redan d\u00e5 hon filmade live direkt fr\u00e5n salongen ocks\u00e5 :) H\u00e5rf\u00e4rgen har nu en mildare, kallare ton, och s\u00e5 har vi &#8221;f\u00f6rberett f\u00e4rgerna&#8221; f\u00f6r att kunna bleka upp [&hellip;]<\/p>\n","protected":false},"author":30,"featured_media":25445,"comment_status":"open","ping_status":"closed","sticky":false,"template":"","format":"standard","meta":{"footnotes":""},"categories":[2862],"tags":[4847,1255,2797,4848,3910],"class_list":["post-25442","post","type-post","status-publish","format-standard","has-post-thumbnail","hentry","category-har","tag-frisor-monica-werner","tag-frisor-uppsala","tag-monica-werner","tag-pastellrosa-har","tag-rosa-har"],"yoast_head":"<!-- This site is optimized with the Yoast SEO Premium plugin v14.9 - https:\/\/yoast.com\/wordpress\/plugins\/seo\/ -->\n<meta name=\"description\" content=\"Nyf\u00e4rgat h\u00e5r! | Helena Amiley - H\u00e4r hittar du senaste infromation om sk\u00f6nhet, livsstil, entrepren\u00f6rskap, makeup &amp; tips.\" \/>\n<meta name=\"robots\" content=\"index, follow, max-snippet:-1, max-image-preview:large, max-video-preview:-1\" \/>\n<link rel=\"canonical\" href=\"https:\/\/www.imakeyousmile.se\/es\/nyfargat-har\/\" \/>\n<meta property=\"og:locale\" content=\"es_ES\" \/>\n<meta property=\"og:type\" content=\"article\" \/>\n<meta property=\"og:title\" content=\"Nyf\u00e4rgat h\u00e5r! | Imakeyousmile.se\" \/>\n<meta property=\"og:description\" content=\"Nyf\u00e4rgat h\u00e5r! | Helena Amiley - H\u00e4r hittar du senaste infromation om sk\u00f6nhet, livsstil, entrepren\u00f6rskap, makeup &amp; tips.\" \/>\n<meta property=\"og:url\" content=\"https:\/\/www.imakeyousmile.se\/es\/nyfargat-har\/\" \/>\n<meta property=\"og:site_name\" content=\"Imakeyousmile.se\" \/>\n<meta property=\"article:author\" content=\"https:\/\/www.facebook.com\/imakeyousmile.se\" \/>\n<meta property=\"article:published_time\" content=\"2016-04-05T14:10:41+00:00\" \/>\n<meta property=\"og:image\" content=\"https:\/\/www.imakeyousmile.se\/wp-content\/uploads\/2016\/04\/IMG_8777_1111.jpg\" \/>\n\t<meta property=\"og:image:width\" content=\"876\" \/>\n\t<meta property=\"og:image:height\" content=\"930\" \/>\n<meta name=\"twitter:card\" content=\"summary_large_image\" \/>\n<script type=\"application\/ld+json\" class=\"yoast-schema-graph\">{\"@context\":\"https:\/\/schema.org\",\"@graph\":[{\"@type\":\"Organization\",\"@id\":\"https:\/\/www.imakeyousmile.se\/es\/#organization\",\"name\":\"Imakeyousmile\",\"url\":\"https:\/\/www.imakeyousmile.se\/es\/\",\"sameAs\":[],\"logo\":{\"@type\":\"ImageObject\",\"@id\":\"https:\/\/www.imakeyousmile.se\/es\/#logo\",\"inLanguage\":\"es\",\"url\":\"https:\/\/www.imakeyousmile.se\/wp-content\/uploads\/2020\/10\/HELENA-AMILEY_SVART-1-e1603367975324.png\",\"width\":280,\"height\":93,\"caption\":\"Imakeyousmile\"},\"image\":{\"@id\":\"https:\/\/www.imakeyousmile.se\/es\/#logo\"}},{\"@type\":\"WebSite\",\"@id\":\"https:\/\/www.imakeyousmile.se\/es\/#website\",\"url\":\"https:\/\/www.imakeyousmile.se\/es\/\",\"name\":\"Imakeyousmile.se\",\"description\":\"Helena Amiley - Beauty, Entrepreneur, Lifestyle\",\"publisher\":{\"@id\":\"https:\/\/www.imakeyousmile.se\/es\/#organization\"},\"potentialAction\":[{\"@type\":\"SearchAction\",\"target\":\"https:\/\/www.imakeyousmile.se\/es\/?s={search_term_string}\",\"query-input\":\"required name=search_term_string\"}],\"inLanguage\":\"es\"},{\"@type\":\"ImageObject\",\"@id\":\"https:\/\/www.imakeyousmile.se\/nyfargat-har\/#primaryimage\",\"inLanguage\":\"es\",\"url\":\"https:\/\/www.imakeyousmile.se\/wp-content\/uploads\/2016\/04\/IMG_8777_1111.jpg\",\"width\":876,\"height\":930},{\"@type\":\"WebPage\",\"@id\":\"https:\/\/www.imakeyousmile.se\/nyfargat-har\/#webpage\",\"url\":\"https:\/\/www.imakeyousmile.se\/nyfargat-har\/\",\"name\":\"Nyf\\u00e4rgat h\\u00e5r! | Imakeyousmile.se\",\"isPartOf\":{\"@id\":\"https:\/\/www.imakeyousmile.se\/es\/#website\"},\"primaryImageOfPage\":{\"@id\":\"https:\/\/www.imakeyousmile.se\/nyfargat-har\/#primaryimage\"},\"datePublished\":\"2016-04-05T14:10:41+00:00\",\"dateModified\":\"2016-04-05T14:10:41+00:00\",\"description\":\"Nyf\\u00e4rgat h\\u00e5r! | Helena Amiley - H\\u00e4r hittar du senaste infromation om sk\\u00f6nhet, livsstil, entrepren\\u00f6rskap, makeup & tips.\",\"inLanguage\":\"es\",\"potentialAction\":[{\"@type\":\"ReadAction\",\"target\":[\"https:\/\/www.imakeyousmile.se\/nyfargat-har\/\"]}]},{\"@type\":\"Article\",\"@id\":\"https:\/\/www.imakeyousmile.se\/nyfargat-har\/#article\",\"isPartOf\":{\"@id\":\"https:\/\/www.imakeyousmile.se\/nyfargat-har\/#webpage\"},\"author\":{\"@id\":\"https:\/\/www.imakeyousmile.se\/es\/#\/schema\/person\/b0fd43b1c6bb1c60cfd68bff9b4a10fb\"},\"headline\":\"Nyf\\u00e4rgat h\\u00e5r!\",\"datePublished\":\"2016-04-05T14:10:41+00:00\",\"dateModified\":\"2016-04-05T14:10:41+00:00\",\"mainEntityOfPage\":{\"@id\":\"https:\/\/www.imakeyousmile.se\/nyfargat-har\/#webpage\"},\"commentCount\":0,\"publisher\":{\"@id\":\"https:\/\/www.imakeyousmile.se\/es\/#organization\"},\"image\":{\"@id\":\"https:\/\/www.imakeyousmile.se\/nyfargat-har\/#primaryimage\"},\"keywords\":\"fris\\u00f6r monica werner,fris\\u00f6r uppsala,monica werner,pastellrosa h\\u00e5r,rosa h\\u00e5r\",\"articleSection\":\"H\\u00e5r\",\"inLanguage\":\"es\",\"potentialAction\":[{\"@type\":\"CommentAction\",\"name\":\"Comment\",\"target\":[\"https:\/\/www.imakeyousmile.se\/nyfargat-har\/#respond\"]}]},{\"@type\":\"Person\",\"@id\":\"https:\/\/www.imakeyousmile.se\/es\/#\/schema\/person\/b0fd43b1c6bb1c60cfd68bff9b4a10fb\",\"name\":\"Helena Amiley\",\"image\":{\"@type\":\"ImageObject\",\"@id\":\"https:\/\/www.imakeyousmile.se\/es\/#personlogo\",\"inLanguage\":\"es\",\"url\":\"https:\/\/secure.gravatar.com\/avatar\/5645558e1e355457a23368d7e1b4c904?s=96&d=mm&r=g\",\"caption\":\"Helena Amiley\"},\"description\":\"Jag skriver mest om sk\\u00f6nhet men bjuder \\u00e4ven p\\u00e5 glimtar fr\\u00e5n entrepren\\u00f6rlivet och bygget av v\\u00e5r egen camper van. Vanlife here we come!\",\"sameAs\":[\"https:\/\/www.facebook.com\/imakeyousmile.se\",\"https:\/\/www.instagram.com\/helenaamiley\",\"https:\/\/www.youtube.com\/channel\/UCR5iB6rvpV6Yr8ZjpQfr5mg?view_as=subscriber\"]}]}<\/script>\n<!-- \/ Yoast SEO Premium plugin. -->","_links":{"self":[{"href":"https:\/\/www.imakeyousmile.se\/es\/wp-json\/wp\/v2\/posts\/25442"}],"collection":[{"href":"https:\/\/www.imakeyousmile.se\/es\/wp-json\/wp\/v2\/posts"}],"about":[{"href":"https:\/\/www.imakeyousmile.se\/es\/wp-json\/wp\/v2\/types\/post"}],"author":[{"embeddable":true,"href":"https:\/\/www.imakeyousmile.se\/es\/wp-json\/wp\/v2\/users\/30"}],"replies":[{"embeddable":true,"href":"https:\/\/www.imakeyousmile.se\/es\/wp-json\/wp\/v2\/comments?post=25442"}],"version-history":[{"count":3,"href":"https:\/\/www.imakeyousmile.se\/es\/wp-json\/wp\/v2\/posts\/25442\/revisions"}],"predecessor-version":[{"id":25449,"href":"https:\/\/www.imakeyousmile.se\/es\/wp-json\/wp\/v2\/posts\/25442\/revisions\/25449"}],"wp:featuredmedia":[{"embeddable":true,"href":"https:\/\/www.imakeyousmile.se\/es\/wp-json\/wp\/v2\/media\/25445"}],"wp:attachment":[{"href":"https:\/\/www.imakeyousmile.se\/es\/wp-json\/wp\/v2\/media?parent=25442"}],"wp:term":[{"taxonomy":"category","embeddable":true,"href":"https:\/\/www.imakeyousmile.se\/es\/wp-json\/wp\/v2\/categories?post=25442"},{"taxonomy":"post_tag","embeddable":true,"href":"https:\/\/www.imakeyousmile.se\/es\/wp-json\/wp\/v2\/tags?post=25442"}],"curies":[{"name":"wp","href":"https:\/\/api.w.org\/{rel}","templated":true}]}}