{"id":25520,"date":"2016-04-11T15:18:38","date_gmt":"2016-04-11T13:18:38","guid":{"rendered":"http:\/\/www.imakeyousmile.se\/?p=25520"},"modified":"2020-10-22T11:13:02","modified_gmt":"2020-10-22T09:13:02","slug":"beauty-hack-stram-tofs-utan-flygiga-harstran","status":"publish","type":"post","link":"https:\/\/www.imakeyousmile.se\/es\/belleza-hack-tight-borla-sin-arnes-volador\/","title":{"rendered":"Truco de belleza: borla ajustada sin pelos esponjosos"},"content":{"rendered":"<p>Muy a menudo tengo mi cabello en una borla apretada o en un nudo, es agradable con una configuraci\u00f3n &quot;descuidada&quot;, pero generalmente quiero que la borla est\u00e9 lo m\u00e1s ajustada posible. Pero lo que es perturbador son todos los peque\u00f1os pelos que se pegan aqu\u00ed y all\u00e1, especialmente los flequillos de beb\u00e9 frente a la l\u00ednea del cabello, que son completamente desesperados y permanecen en diferentes direcciones todo el tiempo.<\/p>\n<p>Pero ahora he encontrado la mejor soluci\u00f3n, no peines los mechones peque\u00f1os con un peine o un cepillo, \u00a1usa un cepillo de r\u00edmel limpio! :)<br \/>\n<a href=\"http:\/\/www.imakeyousmile.se\/wp-content\/uploads\/2016\/04\/IMG_8971_111.jpg\"><br \/>\n<\/a> <a href=\"http:\/\/www.imakeyousmile.se\/wp-content\/uploads\/2016\/04\/IMG_8975_111.jpg\"><img loading=\"lazy\" decoding=\"async\" class=\"alignnone size-full wp-image-25522\" src=\"http:\/\/www.imakeyousmile.se\/wp-content\/uploads\/2016\/04\/IMG_8975_111.jpg\" alt=\"IMG_8975_111\" width=\"2500\" height=\"1900\" srcset=\"https:\/\/www.imakeyousmile.se\/wp-content\/uploads\/2016\/04\/IMG_8975_111.jpg 2500w, https:\/\/www.imakeyousmile.se\/wp-content\/uploads\/2016\/04\/IMG_8975_111-300x228.jpg 300w, https:\/\/www.imakeyousmile.se\/wp-content\/uploads\/2016\/04\/IMG_8975_111-1024x778.jpg 1024w, https:\/\/www.imakeyousmile.se\/wp-content\/uploads\/2016\/04\/IMG_8975_111-80x60.jpg 80w, https:\/\/www.imakeyousmile.se\/wp-content\/uploads\/2016\/04\/IMG_8975_111-696x529.jpg 696w, https:\/\/www.imakeyousmile.se\/wp-content\/uploads\/2016\/04\/IMG_8975_111-1068x812.jpg 1068w, https:\/\/www.imakeyousmile.se\/wp-content\/uploads\/2016\/04\/IMG_8975_111-553x420.jpg 553w\" sizes=\"(max-width: 2500px) 100vw, 2500px\" \/><\/a><\/p>\n<p>\u00a1Este peque\u00f1o brib\u00f3n es el salvador que me necesita! Peina los cabellos m\u00e1s peque\u00f1os :) Ya casi no se necesita laca, pero solo se usa en los d\u00edas en que los cabellos son realmente obsesivos.<\/p>\n<p><a href=\"http:\/\/www.imakeyousmile.se\/wp-content\/uploads\/2016\/04\/IMG_8992_111.jpg\"><img loading=\"lazy\" decoding=\"async\" class=\"alignnone size-full wp-image-25523\" src=\"http:\/\/www.imakeyousmile.se\/wp-content\/uploads\/2016\/04\/IMG_8992_111.jpg\" alt=\"IMG_8992_111\" width=\"2500\" height=\"1905\" srcset=\"https:\/\/www.imakeyousmile.se\/wp-content\/uploads\/2016\/04\/IMG_8992_111.jpg 2500w, https:\/\/www.imakeyousmile.se\/wp-content\/uploads\/2016\/04\/IMG_8992_111-300x229.jpg 300w, https:\/\/www.imakeyousmile.se\/wp-content\/uploads\/2016\/04\/IMG_8992_111-1024x780.jpg 1024w, https:\/\/www.imakeyousmile.se\/wp-content\/uploads\/2016\/04\/IMG_8992_111-80x60.jpg 80w, https:\/\/www.imakeyousmile.se\/wp-content\/uploads\/2016\/04\/IMG_8992_111-696x530.jpg 696w, https:\/\/www.imakeyousmile.se\/wp-content\/uploads\/2016\/04\/IMG_8992_111-1068x814.jpg 1068w, https:\/\/www.imakeyousmile.se\/wp-content\/uploads\/2016\/04\/IMG_8992_111-551x420.jpg 551w\" sizes=\"(max-width: 2500px) 100vw, 2500px\" \/><\/a><\/p>\n<p>Lev\u00e1ntese el cabello, peine los peque\u00f1os mechones que sobresalgan.<br \/>\nTermina con laca para el cabello si es necesario.<\/p>\n<p>Busenkelt :)<\/p>\n<p><a href=\"http:\/\/www.imakeyousmile.se\/wp-content\/uploads\/2016\/04\/IMG_8971_111.jpg\"><img loading=\"lazy\" decoding=\"async\" class=\"alignnone size-full wp-image-25521\" src=\"http:\/\/www.imakeyousmile.se\/wp-content\/uploads\/2016\/04\/IMG_8971_111.jpg\" alt=\"IMG_8971_111\" width=\"2500\" height=\"1936\" srcset=\"https:\/\/www.imakeyousmile.se\/wp-content\/uploads\/2016\/04\/IMG_8971_111.jpg 2500w, https:\/\/www.imakeyousmile.se\/wp-content\/uploads\/2016\/04\/IMG_8971_111-300x232.jpg 300w, https:\/\/www.imakeyousmile.se\/wp-content\/uploads\/2016\/04\/IMG_8971_111-1024x793.jpg 1024w, https:\/\/www.imakeyousmile.se\/wp-content\/uploads\/2016\/04\/IMG_8971_111-696x539.jpg 696w, https:\/\/www.imakeyousmile.se\/wp-content\/uploads\/2016\/04\/IMG_8971_111-1068x827.jpg 1068w, https:\/\/www.imakeyousmile.se\/wp-content\/uploads\/2016\/04\/IMG_8971_111-542x420.jpg 542w\" sizes=\"(max-width: 2500px) 100vw, 2500px\" \/><\/a><\/p>\n<p>Y si adem\u00e1s tienes cabello el\u00e9ctrico, \u00a1el spray de agua salada es genial!<\/p>\n<p>El cabello consta de varios puentes diferentes, incluidos los puentes de sal, son los puentes de sal en el cabello los que hacen que el cabello se abra cuando te duchas, ya que el valor del pH se ve afectado. Estos puentes pueden cargarse el\u00e9ctricamente y se reparan con la ayuda de magnesio, que es un tipo de sal y se encuentra p. en H\u00e5rologis spray de agua salada Beach Look. Por lo tanto, el cabello se vuelve menos est\u00e1tico cuando se roc\u00eda con agua salada.<\/p>\n<p>Si desea a\u00fan m\u00e1s efecto de su spray de agua salada, tambi\u00e9n podemos mezclar magnesio adicional en nuestro sal\u00f3n en Uppsala :)<\/p>\n<p><a href=\"http:\/\/www.imakeyousmile.se\/wp-content\/uploads\/2016\/04\/IMG_8995_111.jpg\"><img loading=\"lazy\" decoding=\"async\" class=\"alignnone size-full wp-image-25524\" src=\"http:\/\/www.imakeyousmile.se\/wp-content\/uploads\/2016\/04\/IMG_8995_111.jpg\" alt=\"IMG_8995_111\" width=\"2500\" height=\"2038\" srcset=\"https:\/\/www.imakeyousmile.se\/wp-content\/uploads\/2016\/04\/IMG_8995_111.jpg 2500w, https:\/\/www.imakeyousmile.se\/wp-content\/uploads\/2016\/04\/IMG_8995_111-300x245.jpg 300w, https:\/\/www.imakeyousmile.se\/wp-content\/uploads\/2016\/04\/IMG_8995_111-1024x835.jpg 1024w, https:\/\/www.imakeyousmile.se\/wp-content\/uploads\/2016\/04\/IMG_8995_111-696x567.jpg 696w, https:\/\/www.imakeyousmile.se\/wp-content\/uploads\/2016\/04\/IMG_8995_111-1068x871.jpg 1068w, https:\/\/www.imakeyousmile.se\/wp-content\/uploads\/2016\/04\/IMG_8995_111-515x420.jpg 515w\" sizes=\"(max-width: 2500px) 100vw, 2500px\" \/><\/a><\/p>\n<p>\u00a1Dos pulgares arriba! :)<\/p>","protected":false},"excerpt":{"rendered":"<p>Jag har v\u00e4ldigt ofta h\u00e5ret i en stram tofs eller knut,\u00a0det \u00e4r snyggt med &#8221;slarvigt&#8221; uppsatt men oftast brukar jag vilja ha tofsen s\u00e5 stram som m\u00f6jligt. Men det som \u00e4r st\u00f6rande med det \u00e4r alla sm\u00e5 h\u00e5rstr\u00e5n som sticker upp h\u00e4r och var, speciellt baby-fjunen framme vid h\u00e5rf\u00e4stet, som \u00e4r ju helt hoppl\u00f6sa och [&hellip;]<\/p>\n","protected":false},"author":30,"featured_media":25523,"comment_status":"open","ping_status":"closed","sticky":false,"template":"","format":"standard","meta":{"footnotes":""},"categories":[2862,59],"tags":[],"class_list":["post-25520","post","type-post","status-publish","format-standard","has-post-thumbnail","hentry","category-har","category-recensioner-produkttips"],"yoast_head":"<!-- This site is optimized with the Yoast SEO Premium plugin v14.9 - https:\/\/yoast.com\/wordpress\/plugins\/seo\/ -->\n<meta name=\"description\" content=\"Beauty hack - Stram tofs utan flygiga h\u00e5rstr\u00e5n | Helena Amiley - H\u00e4r hittar du senaste infromation om sk\u00f6nhet, livsstil, entrepren\u00f6rskap, makeup &amp; tips.\" \/>\n<meta name=\"robots\" content=\"index, follow, max-snippet:-1, max-image-preview:large, max-video-preview:-1\" \/>\n<link rel=\"canonical\" href=\"https:\/\/www.imakeyousmile.se\/es\/beauty-hack-stram-tofs-utan-flygiga-harstran\/\" \/>\n<meta property=\"og:locale\" content=\"es_ES\" \/>\n<meta property=\"og:type\" content=\"article\" \/>\n<meta property=\"og:title\" content=\"Beauty hack - Stram tofs utan flygiga h\u00e5rstr\u00e5n | Imakeyousmile.se\" \/>\n<meta property=\"og:description\" content=\"Beauty hack - Stram tofs utan flygiga h\u00e5rstr\u00e5n | Helena Amiley - H\u00e4r hittar du senaste infromation om sk\u00f6nhet, livsstil, entrepren\u00f6rskap, makeup &amp; tips.\" \/>\n<meta property=\"og:url\" content=\"https:\/\/www.imakeyousmile.se\/es\/beauty-hack-stram-tofs-utan-flygiga-harstran\/\" \/>\n<meta property=\"og:site_name\" content=\"Imakeyousmile.se\" \/>\n<meta property=\"article:author\" content=\"https:\/\/www.facebook.com\/imakeyousmile.se\" \/>\n<meta property=\"article:published_time\" content=\"2016-04-11T13:18:38+00:00\" \/>\n<meta property=\"article:modified_time\" content=\"2020-10-22T09:13:02+00:00\" \/>\n<meta property=\"og:image\" content=\"https:\/\/www.imakeyousmile.se\/wp-content\/uploads\/2016\/04\/IMG_8992_111.jpg\" \/>\n\t<meta property=\"og:image:width\" content=\"2500\" \/>\n\t<meta property=\"og:image:height\" content=\"1905\" \/>\n<meta name=\"twitter:card\" content=\"summary_large_image\" \/>\n<script type=\"application\/ld+json\" class=\"yoast-schema-graph\">{\"@context\":\"https:\/\/schema.org\",\"@graph\":[{\"@type\":\"Organization\",\"@id\":\"https:\/\/www.imakeyousmile.se\/es\/#organization\",\"name\":\"Imakeyousmile\",\"url\":\"https:\/\/www.imakeyousmile.se\/es\/\",\"sameAs\":[],\"logo\":{\"@type\":\"ImageObject\",\"@id\":\"https:\/\/www.imakeyousmile.se\/es\/#logo\",\"inLanguage\":\"es\",\"url\":\"https:\/\/www.imakeyousmile.se\/wp-content\/uploads\/2020\/10\/HELENA-AMILEY_SVART-1-e1603367975324.png\",\"width\":280,\"height\":93,\"caption\":\"Imakeyousmile\"},\"image\":{\"@id\":\"https:\/\/www.imakeyousmile.se\/es\/#logo\"}},{\"@type\":\"WebSite\",\"@id\":\"https:\/\/www.imakeyousmile.se\/es\/#website\",\"url\":\"https:\/\/www.imakeyousmile.se\/es\/\",\"name\":\"Imakeyousmile.se\",\"description\":\"Helena Amiley - Beauty, Entrepreneur, Lifestyle\",\"publisher\":{\"@id\":\"https:\/\/www.imakeyousmile.se\/es\/#organization\"},\"potentialAction\":[{\"@type\":\"SearchAction\",\"target\":\"https:\/\/www.imakeyousmile.se\/es\/?s={search_term_string}\",\"query-input\":\"required name=search_term_string\"}],\"inLanguage\":\"es\"},{\"@type\":\"ImageObject\",\"@id\":\"https:\/\/www.imakeyousmile.se\/beauty-hack-stram-tofs-utan-flygiga-harstran\/#primaryimage\",\"inLanguage\":\"es\",\"url\":\"https:\/\/www.imakeyousmile.se\/wp-content\/uploads\/2016\/04\/IMG_8992_111.jpg\",\"width\":2500,\"height\":1905},{\"@type\":\"WebPage\",\"@id\":\"https:\/\/www.imakeyousmile.se\/beauty-hack-stram-tofs-utan-flygiga-harstran\/#webpage\",\"url\":\"https:\/\/www.imakeyousmile.se\/beauty-hack-stram-tofs-utan-flygiga-harstran\/\",\"name\":\"Beauty hack - Stram tofs utan flygiga h\\u00e5rstr\\u00e5n | Imakeyousmile.se\",\"isPartOf\":{\"@id\":\"https:\/\/www.imakeyousmile.se\/es\/#website\"},\"primaryImageOfPage\":{\"@id\":\"https:\/\/www.imakeyousmile.se\/beauty-hack-stram-tofs-utan-flygiga-harstran\/#primaryimage\"},\"datePublished\":\"2016-04-11T13:18:38+00:00\",\"dateModified\":\"2020-10-22T09:13:02+00:00\",\"description\":\"Beauty hack - Stram tofs utan flygiga h\\u00e5rstr\\u00e5n | Helena Amiley - H\\u00e4r hittar du senaste infromation om sk\\u00f6nhet, livsstil, entrepren\\u00f6rskap, makeup & tips.\",\"inLanguage\":\"es\",\"potentialAction\":[{\"@type\":\"ReadAction\",\"target\":[\"https:\/\/www.imakeyousmile.se\/beauty-hack-stram-tofs-utan-flygiga-harstran\/\"]}]},{\"@type\":\"Article\",\"@id\":\"https:\/\/www.imakeyousmile.se\/beauty-hack-stram-tofs-utan-flygiga-harstran\/#article\",\"isPartOf\":{\"@id\":\"https:\/\/www.imakeyousmile.se\/beauty-hack-stram-tofs-utan-flygiga-harstran\/#webpage\"},\"author\":{\"@id\":\"https:\/\/www.imakeyousmile.se\/es\/#\/schema\/person\/b0fd43b1c6bb1c60cfd68bff9b4a10fb\"},\"headline\":\"Beauty hack &#8211; Stram tofs utan flygiga h\\u00e5rstr\\u00e5n\",\"datePublished\":\"2016-04-11T13:18:38+00:00\",\"dateModified\":\"2020-10-22T09:13:02+00:00\",\"mainEntityOfPage\":{\"@id\":\"https:\/\/www.imakeyousmile.se\/beauty-hack-stram-tofs-utan-flygiga-harstran\/#webpage\"},\"commentCount\":1,\"publisher\":{\"@id\":\"https:\/\/www.imakeyousmile.se\/es\/#organization\"},\"image\":{\"@id\":\"https:\/\/www.imakeyousmile.se\/beauty-hack-stram-tofs-utan-flygiga-harstran\/#primaryimage\"},\"articleSection\":\"H\\u00e5r,Recensioner &amp; Produkttips\",\"inLanguage\":\"es\",\"potentialAction\":[{\"@type\":\"CommentAction\",\"name\":\"Comment\",\"target\":[\"https:\/\/www.imakeyousmile.se\/beauty-hack-stram-tofs-utan-flygiga-harstran\/#respond\"]}]},{\"@type\":\"Person\",\"@id\":\"https:\/\/www.imakeyousmile.se\/es\/#\/schema\/person\/b0fd43b1c6bb1c60cfd68bff9b4a10fb\",\"name\":\"Helena Amiley\",\"image\":{\"@type\":\"ImageObject\",\"@id\":\"https:\/\/www.imakeyousmile.se\/es\/#personlogo\",\"inLanguage\":\"es\",\"url\":\"https:\/\/secure.gravatar.com\/avatar\/5645558e1e355457a23368d7e1b4c904?s=96&d=mm&r=g\",\"caption\":\"Helena Amiley\"},\"description\":\"Jag skriver mest om sk\\u00f6nhet men bjuder \\u00e4ven p\\u00e5 glimtar fr\\u00e5n entrepren\\u00f6rlivet och bygget av v\\u00e5r egen camper van. Vanlife here we come!\",\"sameAs\":[\"https:\/\/www.facebook.com\/imakeyousmile.se\",\"https:\/\/www.instagram.com\/helenaamiley\",\"https:\/\/www.youtube.com\/channel\/UCR5iB6rvpV6Yr8ZjpQfr5mg?view_as=subscriber\"]}]}<\/script>\n<!-- \/ Yoast SEO Premium plugin. -->","_links":{"self":[{"href":"https:\/\/www.imakeyousmile.se\/es\/wp-json\/wp\/v2\/posts\/25520"}],"collection":[{"href":"https:\/\/www.imakeyousmile.se\/es\/wp-json\/wp\/v2\/posts"}],"about":[{"href":"https:\/\/www.imakeyousmile.se\/es\/wp-json\/wp\/v2\/types\/post"}],"author":[{"embeddable":true,"href":"https:\/\/www.imakeyousmile.se\/es\/wp-json\/wp\/v2\/users\/30"}],"replies":[{"embeddable":true,"href":"https:\/\/www.imakeyousmile.se\/es\/wp-json\/wp\/v2\/comments?post=25520"}],"version-history":[{"count":1,"href":"https:\/\/www.imakeyousmile.se\/es\/wp-json\/wp\/v2\/posts\/25520\/revisions"}],"predecessor-version":[{"id":25525,"href":"https:\/\/www.imakeyousmile.se\/es\/wp-json\/wp\/v2\/posts\/25520\/revisions\/25525"}],"wp:featuredmedia":[{"embeddable":true,"href":"https:\/\/www.imakeyousmile.se\/es\/wp-json\/wp\/v2\/media\/25523"}],"wp:attachment":[{"href":"https:\/\/www.imakeyousmile.se\/es\/wp-json\/wp\/v2\/media?parent=25520"}],"wp:term":[{"taxonomy":"category","embeddable":true,"href":"https:\/\/www.imakeyousmile.se\/es\/wp-json\/wp\/v2\/categories?post=25520"},{"taxonomy":"post_tag","embeddable":true,"href":"https:\/\/www.imakeyousmile.se\/es\/wp-json\/wp\/v2\/tags?post=25520"}],"curies":[{"name":"wp","href":"https:\/\/api.w.org\/{rel}","templated":true}]}}