{"id":26064,"date":"2016-05-30T09:15:53","date_gmt":"2016-05-30T07:15:53","guid":{"rendered":"http:\/\/www.imakeyousmile.se\/?p=26064"},"modified":"2016-05-30T09:15:53","modified_gmt":"2016-05-30T07:15:53","slug":"today-im-wearing-my-big-eyeliner","status":"publish","type":"post","link":"https:\/\/www.imakeyousmile.se\/es\/hoy-estoy-usando-mi-delineador-de-ojos-grande\/","title":{"rendered":"Hoy llevo mi delineador de ojos grande"},"content":{"rendered":"<p>\u00a1Aqu\u00ed viene el maquillaje de hoy con un eficaz delineador de ojos ancho con ala!<\/p>\n<p>Espero que les guste el look :)<\/p>\n<p><img loading=\"lazy\" decoding=\"async\" class=\"alignnone size-full wp-image-26206\" src=\"http:\/\/www.imakeyousmile.se\/wp-content\/uploads\/2016\/05\/IMG_4635_111-1.jpg\" alt=\"IMG_4635_111\" width=\"2300\" height=\"2982\" srcset=\"https:\/\/www.imakeyousmile.se\/wp-content\/uploads\/2016\/05\/IMG_4635_111-1.jpg 1975w, https:\/\/www.imakeyousmile.se\/wp-content\/uploads\/2016\/05\/IMG_4635_111-1-231x300.jpg 231w, https:\/\/www.imakeyousmile.se\/wp-content\/uploads\/2016\/05\/IMG_4635_111-1-768x996.jpg 768w, https:\/\/www.imakeyousmile.se\/wp-content\/uploads\/2016\/05\/IMG_4635_111-1-790x1024.jpg 790w, https:\/\/www.imakeyousmile.se\/wp-content\/uploads\/2016\/05\/IMG_4635_111-1-696x902.jpg 696w, https:\/\/www.imakeyousmile.se\/wp-content\/uploads\/2016\/05\/IMG_4635_111-1-1068x1385.jpg 1068w, https:\/\/www.imakeyousmile.se\/wp-content\/uploads\/2016\/05\/IMG_4635_111-1-324x420.jpg 324w\" sizes=\"(max-width: 2300px) 100vw, 2300px\" \/><\/p>\n<p><strong>Bassmink:<\/strong><\/p>\n<p>Prebase facial -\u00a0<a href=\"http:\/\/creativemakeup.se\/produkt\/paese-makeup-base\/\" target=\"_blank\">Base de maquillaje Paese<\/a>\u00a0(Mate)<br \/>\nFundaci\u00f3n - <a href=\"https:\/\/ion.lyko.com\/t\/t?a=1117786221&#038;as=1548102449&#038;t=2&#038;tk=1&#038;epi=search-replace-skintint&#038;url=https:\/\/lyko.com\/sv\/pixi\/pixi-h2o-skintint-2nude\" target=\"_blank\">Pixi H2O Skintint<\/a> (Crema)<br \/>\nPolvo que neutraliza el rojo -\u00a0<a href=\"https:\/\/ion.lyko.com\/t\/t?a=1117786221&#038;as=1548102449&#038;t=2&#038;tk=1&#038;epi=search-replace-rednessrelief&#038;url=https:\/\/lyko.com\/sv\/glo-skin-beauty\/glo-skin-bea-rednessrelief-powder\/\">polvo para aliviar el enrojecimiento de gloMinerals<br \/>\n<\/a>Contorneado -\u00a0<a href=\"https:\/\/ion.lyko.com\/t\/t?a=1117786221&#038;as=1548102449&#038;t=2&#038;tk=1&#038;epi=search-replace-pixipalette&#038;url=https:\/\/lyko.com\/sv\/sok?q=pixi+palette\/\">Pixi Book Of Beauty Contour Creator<br \/>\n<\/a><a href=\"https:\/\/ion.lyko.com\/t\/t?a=1117786221&#038;as=1548102449&#038;t=2&#038;tk=1&#038;epi=search-replace-pixipalette&#038;url=https:\/\/lyko.com\/sv\/sok?q=pixi+palette\/\">\u2028<\/a>Colorete -\u00a0<a href=\"https:\/\/ion.lyko.com\/t\/t?a=1117786221&#038;as=1548102449&#038;t=2&#038;tk=1&#038;epi=search-replace-globlush&#038;url=https:\/\/lyko.com\/sv\/glo-skin-beauty\/glominerals-blush-sweet\">Colorete en polvo gloMinerals<\/a>\u00a0(Papaya)<br \/>\nPolvos deshidratantes -<a href=\"http:\/\/creativemakeup.se\/produkt\/paese-bamboo-silk-powder\/\">\u00a0Polvo de seda de bamb\u00fa Paese<br \/>\n<\/a>Niebla reparadora -\u00a0<a href=\"https:\/\/ion.lyko.com\/t\/t?a=1117786221&#038;as=1548102449&#038;t=2&#038;tk=1&#038;epi=search-replace-fixingmist&#038;url=https:\/\/lyko.com\/sv\/pixi\/pixi-makeup-fixing-mist\">Bruma fijadora de maquillaje Pixi<\/a><\/p>\n<p>Labios - Una mezcla de todo jaja. A veces puede ser as\u00ed.<\/p>\n<p><img loading=\"lazy\" decoding=\"async\" class=\"alignnone size-full wp-image-26209\" src=\"http:\/\/www.imakeyousmile.se\/wp-content\/uploads\/2016\/05\/\u00f6gon_111-1.jpg\" alt=\"eyes_111\" width=\"2435\" height=\"1350\" srcset=\"https:\/\/www.imakeyousmile.se\/wp-content\/uploads\/2016\/05\/\u00f6gon_111-1.jpg 2435w, https:\/\/www.imakeyousmile.se\/wp-content\/uploads\/2016\/05\/\u00f6gon_111-1-300x166.jpg 300w, https:\/\/www.imakeyousmile.se\/wp-content\/uploads\/2016\/05\/\u00f6gon_111-1-768x426.jpg 768w, https:\/\/www.imakeyousmile.se\/wp-content\/uploads\/2016\/05\/\u00f6gon_111-1-1024x568.jpg 1024w, https:\/\/www.imakeyousmile.se\/wp-content\/uploads\/2016\/05\/\u00f6gon_111-1-696x385.jpg 696w, https:\/\/www.imakeyousmile.se\/wp-content\/uploads\/2016\/05\/\u00f6gon_111-1-1068x592.jpg 1068w, https:\/\/www.imakeyousmile.se\/wp-content\/uploads\/2016\/05\/\u00f6gon_111-1-758x420.jpg 758w\" sizes=\"(max-width: 2435px) 100vw, 2435px\" \/><\/p>\n<p>Imprimaci\u00f3n de sombra de ojos, <a href=\"https:\/\/ion.lyko.com\/t\/t?a=1117786221&#038;as=1548102449&#038;t=2&#038;tk=1&#038;epi=search-replace-pixiprimer&#038;url=https:\/\/lyko.com\/sv\/sok?q=pixi+primer\" target=\"_blank\">Prebase brillante para ojos Pixi<\/a><br \/>\nDelineador de ojos negro, <a href=\"http:\/\/creativemakeup.se\/produkt\/paese-penliner\/\" target=\"_blank\">Paese Penliner<\/a><br \/>\nSombra de ojos blanca, <a href=\"http:\/\/creativemakeup.se\/produkt\/paese-kasmir-matte-black-eyeshadow\/\" target=\"_blank\">Sombra de ojos de cachemira paese <\/a>(601)<br \/>\nSombra de ojos dorada, <a href=\"https:\/\/click.adrecord.com?c=5979&#038;p=1041&#038;url=https%3A\/\/kissedbyeco.se\/brand\/yag\/\/\" target=\"_blank\">Sombra de ojos mineral Yag<\/a> (oro rosa)<br \/>\nSombra de ojos clara en el p\u00e1rpado, <a href=\"http:\/\/creativemakeup.se\/produkt\/paese-opal-eyeshadow\/\" target=\"_blank\">Sombra de ojos Paese Opal<\/a> (Cafe con leche)<br \/>\nSombra de ojos marr\u00f3n al final de la l\u00ednea de las pesta\u00f1as inferiores,<a href=\"http:\/\/creativemakeup.se\/produkt\/paese-kasmir-matte-black-eyeshadow\/\" target=\"_blank\"> Cachemira paese<\/a> (604)<br \/>\nSombra marr\u00f3n claro a lo largo de la l\u00ednea del globo, <a href=\"https:\/\/ion.lyko.com\/t\/t?a=1117786221&#038;as=1548102449&#038;t=2&#038;tk=1&#038;epi=search-replace-pixipalette&#038;url=https:\/\/lyko.com\/sv\/sok?q=pixi+palette\/\">Pixi Book Of Beauty Contour Creator<\/a><br \/>\nDelineador de ojos ligero a lo largo de la l\u00ednea de flotaci\u00f3n,<a href=\"https:\/\/ion.jordklok.se\/t\/t?a=1236848151&#038;as=1548102449&#038;t=2&#038;tk=1&#038;epi=search-replace-benecoskajal&#038;url=https:\/\/www.jordklok.se\/sv\/articles\/2.80.3594\/benecos-natural-kajalpenna-113-g?q=Benecos%20Natural%20Kajalpenna,%201,13%20g\/\" target=\"_blank\"> Benecos Natural Blanco Kajal<\/a><br \/>\nR\u00edmel negro, <a href=\"http:\/\/creativemakeup.se\/produkt\/santhilea-magnetic-lash-mascara\/\" target=\"_blank\">M\u00e1scara de pesta\u00f1as magn\u00e9ticas<\/a><\/p>\n<p><img loading=\"lazy\" decoding=\"async\" class=\"alignnone size-full wp-image-26207\" src=\"http:\/\/www.imakeyousmile.se\/wp-content\/uploads\/2016\/05\/IMG_4690_111-1.jpg\" alt=\"IMG_4690_111\" width=\"2500\" height=\"2990\" srcset=\"https:\/\/www.imakeyousmile.se\/wp-content\/uploads\/2016\/05\/IMG_4690_111-1.jpg 2140w, https:\/\/www.imakeyousmile.se\/wp-content\/uploads\/2016\/05\/IMG_4690_111-1-251x300.jpg 251w, https:\/\/www.imakeyousmile.se\/wp-content\/uploads\/2016\/05\/IMG_4690_111-1-768x919.jpg 768w, https:\/\/www.imakeyousmile.se\/wp-content\/uploads\/2016\/05\/IMG_4690_111-1-856x1024.jpg 856w, https:\/\/www.imakeyousmile.se\/wp-content\/uploads\/2016\/05\/IMG_4690_111-1-696x832.jpg 696w, https:\/\/www.imakeyousmile.se\/wp-content\/uploads\/2016\/05\/IMG_4690_111-1-1068x1277.jpg 1068w, https:\/\/www.imakeyousmile.se\/wp-content\/uploads\/2016\/05\/IMG_4690_111-1-351x420.jpg 351w\" sizes=\"(max-width: 2500px) 100vw, 2500px\" \/> <img loading=\"lazy\" decoding=\"async\" class=\"alignnone size-full wp-image-26081\" src=\"http:\/\/www.imakeyousmile.se\/wp-content\/uploads\/2016\/05\/IMG_4669_111.jpg\" alt=\"IMG_4669_111\" width=\"2500\" height=\"2747\" srcset=\"https:\/\/www.imakeyousmile.se\/wp-content\/uploads\/2016\/05\/IMG_4669_111.jpg 2330w, https:\/\/www.imakeyousmile.se\/wp-content\/uploads\/2016\/05\/IMG_4669_111-273x300.jpg 273w, https:\/\/www.imakeyousmile.se\/wp-content\/uploads\/2016\/05\/IMG_4669_111-768x844.jpg 768w, https:\/\/www.imakeyousmile.se\/wp-content\/uploads\/2016\/05\/IMG_4669_111-932x1024.jpg 932w, https:\/\/www.imakeyousmile.se\/wp-content\/uploads\/2016\/05\/IMG_4669_111-696x765.jpg 696w, https:\/\/www.imakeyousmile.se\/wp-content\/uploads\/2016\/05\/IMG_4669_111-1068x1174.jpg 1068w, https:\/\/www.imakeyousmile.se\/wp-content\/uploads\/2016\/05\/IMG_4669_111-382x420.jpg 382w\" sizes=\"(max-width: 2500px) 100vw, 2500px\" \/> <img loading=\"lazy\" decoding=\"async\" class=\"alignnone size-full wp-image-26208\" src=\"http:\/\/www.imakeyousmile.se\/wp-content\/uploads\/2016\/05\/IMG_4693_111-1.jpg\" alt=\"IMG_4693_111\" width=\"2500\" height=\"2118\" srcset=\"https:\/\/www.imakeyousmile.se\/wp-content\/uploads\/2016\/05\/IMG_4693_111-1.jpg 2500w, https:\/\/www.imakeyousmile.se\/wp-content\/uploads\/2016\/05\/IMG_4693_111-1-300x254.jpg 300w, https:\/\/www.imakeyousmile.se\/wp-content\/uploads\/2016\/05\/IMG_4693_111-1-768x651.jpg 768w, https:\/\/www.imakeyousmile.se\/wp-content\/uploads\/2016\/05\/IMG_4693_111-1-1024x868.jpg 1024w, https:\/\/www.imakeyousmile.se\/wp-content\/uploads\/2016\/05\/IMG_4693_111-1-696x590.jpg 696w, https:\/\/www.imakeyousmile.se\/wp-content\/uploads\/2016\/05\/IMG_4693_111-1-1068x905.jpg 1068w, https:\/\/www.imakeyousmile.se\/wp-content\/uploads\/2016\/05\/IMG_4693_111-1-496x420.jpg 496w\" sizes=\"(max-width: 2500px) 100vw, 2500px\" \/> Los abrazos son \u2665<\/p>","protected":false},"excerpt":{"rendered":"<p>H\u00e4r kommer dagens sminkning med en effektfull bred eyeliner med vinge! Hoppas ni gillar looken :) Bassmink: Ansiktsprimer \u2013\u00a0Paese Makeup Base\u00a0(Matte) Foundation \u2013 Pixi H2O Skintint (Cream) Puder som neutraliserar r\u00f6tt \u2013\u00a0gloMinerals Redness Relief Powder Contouring \u2013\u00a0Pixi Book Of Beauty Contour Creator \u2028Rouge \u2013\u00a0gloMinerals Powder blush\u00a0(Papaya) Nedmattande puder \u2013\u00a0Paese Bamboo Silk Powder Fixing Mist \u2013\u00a0Pixi [&hellip;]<\/p>\n","protected":false},"author":30,"featured_media":0,"comment_status":"open","ping_status":"closed","sticky":false,"template":"","format":"standard","meta":{"footnotes":""},"categories":[9],"tags":[4045,4479,509,525,4817,4299,1864,1865,56,3974,2579,4386,3432,2573,386,15,4308,4619,3697,4315,4086,433,54,3810,2832],"class_list":["post-26064","post","type-post","status-publish","format-standard","hentry","category-partysminkningar","tag-beauty-blog","tag-benecos-natural-white-kajal","tag-eyeliner","tag-eyelinervinge","tag-glominerals-powder-blush","tag-glominerals-redness-relief-powder","tag-magnetic-lash","tag-magnetic-lash-mascara","tag-makeup-blog","tag-paese-bamboo-silk-powder","tag-paese-kashmir","tag-paese-makeup-base","tag-paese-opal","tag-paese-penliner","tag-party-makeup","tag-partysminkning","tag-pixi-book-of-beauty-contour-creator","tag-pixi-eyebright-primer","tag-pixi-h2o-skintint","tag-pixi-makeup-fixing-mist","tag-santhilea","tag-skonhetsblogg","tag-sminkblogg","tag-winged-eyeliner","tag-yag-eyeshadow"],"yoast_head":"<!-- This site is optimized with the Yoast SEO Premium plugin v14.9 - https:\/\/yoast.com\/wordpress\/plugins\/seo\/ -->\n<meta name=\"description\" content=\"Today I&#039;m wearing my big eyeliner | Helena Amiley - H\u00e4r hittar du senaste infromation om sk\u00f6nhet, livsstil, entrepren\u00f6rskap, makeup &amp; tips.\" \/>\n<meta name=\"robots\" content=\"index, follow, max-snippet:-1, max-image-preview:large, max-video-preview:-1\" \/>\n<link rel=\"canonical\" href=\"https:\/\/www.imakeyousmile.se\/es\/today-im-wearing-my-big-eyeliner\/\" \/>\n<meta property=\"og:locale\" content=\"es_ES\" \/>\n<meta property=\"og:type\" content=\"article\" \/>\n<meta property=\"og:title\" content=\"Today I&#039;m wearing my big eyeliner | Imakeyousmile.se\" \/>\n<meta property=\"og:description\" content=\"Today I&#039;m wearing my big eyeliner | Helena Amiley - H\u00e4r hittar du senaste infromation om sk\u00f6nhet, livsstil, entrepren\u00f6rskap, makeup &amp; tips.\" \/>\n<meta property=\"og:url\" content=\"https:\/\/www.imakeyousmile.se\/es\/today-im-wearing-my-big-eyeliner\/\" \/>\n<meta property=\"og:site_name\" content=\"Imakeyousmile.se\" \/>\n<meta property=\"article:author\" content=\"https:\/\/www.facebook.com\/imakeyousmile.se\" \/>\n<meta property=\"article:published_time\" content=\"2016-05-30T07:15:53+00:00\" \/>\n<meta property=\"og:image\" content=\"http:\/\/www.imakeyousmile.se\/wp-content\/uploads\/2016\/05\/IMG_4635_111-1.jpg\" \/>\n<meta name=\"twitter:card\" content=\"summary_large_image\" \/>\n<script type=\"application\/ld+json\" class=\"yoast-schema-graph\">{\"@context\":\"https:\/\/schema.org\",\"@graph\":[{\"@type\":\"Organization\",\"@id\":\"https:\/\/www.imakeyousmile.se\/es\/#organization\",\"name\":\"Imakeyousmile\",\"url\":\"https:\/\/www.imakeyousmile.se\/es\/\",\"sameAs\":[],\"logo\":{\"@type\":\"ImageObject\",\"@id\":\"https:\/\/www.imakeyousmile.se\/es\/#logo\",\"inLanguage\":\"es\",\"url\":\"https:\/\/www.imakeyousmile.se\/wp-content\/uploads\/2020\/10\/HELENA-AMILEY_SVART-1-e1603367975324.png\",\"width\":280,\"height\":93,\"caption\":\"Imakeyousmile\"},\"image\":{\"@id\":\"https:\/\/www.imakeyousmile.se\/es\/#logo\"}},{\"@type\":\"WebSite\",\"@id\":\"https:\/\/www.imakeyousmile.se\/es\/#website\",\"url\":\"https:\/\/www.imakeyousmile.se\/es\/\",\"name\":\"Imakeyousmile.se\",\"description\":\"Helena Amiley - Beauty, Entrepreneur, Lifestyle\",\"publisher\":{\"@id\":\"https:\/\/www.imakeyousmile.se\/es\/#organization\"},\"potentialAction\":[{\"@type\":\"SearchAction\",\"target\":\"https:\/\/www.imakeyousmile.se\/es\/?s={search_term_string}\",\"query-input\":\"required name=search_term_string\"}],\"inLanguage\":\"es\"},{\"@type\":\"ImageObject\",\"@id\":\"https:\/\/www.imakeyousmile.se\/today-im-wearing-my-big-eyeliner\/#primaryimage\",\"inLanguage\":\"es\",\"url\":\"http:\/\/www.imakeyousmile.se\/wp-content\/uploads\/2016\/05\/IMG_4635_111-1.jpg\"},{\"@type\":\"WebPage\",\"@id\":\"https:\/\/www.imakeyousmile.se\/today-im-wearing-my-big-eyeliner\/#webpage\",\"url\":\"https:\/\/www.imakeyousmile.se\/today-im-wearing-my-big-eyeliner\/\",\"name\":\"Today I'm wearing my big eyeliner | Imakeyousmile.se\",\"isPartOf\":{\"@id\":\"https:\/\/www.imakeyousmile.se\/es\/#website\"},\"primaryImageOfPage\":{\"@id\":\"https:\/\/www.imakeyousmile.se\/today-im-wearing-my-big-eyeliner\/#primaryimage\"},\"datePublished\":\"2016-05-30T07:15:53+00:00\",\"dateModified\":\"2016-05-30T07:15:53+00:00\",\"description\":\"Today I'm wearing my big eyeliner | Helena Amiley - H\\u00e4r hittar du senaste infromation om sk\\u00f6nhet, livsstil, entrepren\\u00f6rskap, makeup & tips.\",\"inLanguage\":\"es\",\"potentialAction\":[{\"@type\":\"ReadAction\",\"target\":[\"https:\/\/www.imakeyousmile.se\/today-im-wearing-my-big-eyeliner\/\"]}]},{\"@type\":\"Article\",\"@id\":\"https:\/\/www.imakeyousmile.se\/today-im-wearing-my-big-eyeliner\/#article\",\"isPartOf\":{\"@id\":\"https:\/\/www.imakeyousmile.se\/today-im-wearing-my-big-eyeliner\/#webpage\"},\"author\":{\"@id\":\"https:\/\/www.imakeyousmile.se\/es\/#\/schema\/person\/b0fd43b1c6bb1c60cfd68bff9b4a10fb\"},\"headline\":\"Today I&#8217;m wearing my big eyeliner\",\"datePublished\":\"2016-05-30T07:15:53+00:00\",\"dateModified\":\"2016-05-30T07:15:53+00:00\",\"mainEntityOfPage\":{\"@id\":\"https:\/\/www.imakeyousmile.se\/today-im-wearing-my-big-eyeliner\/#webpage\"},\"commentCount\":0,\"publisher\":{\"@id\":\"https:\/\/www.imakeyousmile.se\/es\/#organization\"},\"image\":{\"@id\":\"https:\/\/www.imakeyousmile.se\/today-im-wearing-my-big-eyeliner\/#primaryimage\"},\"keywords\":\"beauty blog,benecos natural white kajal,eyeliner,eyelinervinge,glominerals powder blush,glominerals redness relief powder,magnetic lash,magnetic lash mascara,makeup blog,paese bamboo silk powder,paese kashmir,paese makeup base,paese opal,paese penliner,party makeup,Partysminkning,pixi book of beauty contour creator,pixi eyebright primer,pixi h2o skintint,pixi makeup fixing mist,santhilea,sk\\u00f6nhetsblogg,sminkblogg,winged eyeliner,yag eyeshadow\",\"articleSection\":\"M\\u00f6rka \/ festliga sminkningar\",\"inLanguage\":\"es\",\"potentialAction\":[{\"@type\":\"CommentAction\",\"name\":\"Comment\",\"target\":[\"https:\/\/www.imakeyousmile.se\/today-im-wearing-my-big-eyeliner\/#respond\"]}]},{\"@type\":\"Person\",\"@id\":\"https:\/\/www.imakeyousmile.se\/es\/#\/schema\/person\/b0fd43b1c6bb1c60cfd68bff9b4a10fb\",\"name\":\"Helena Amiley\",\"image\":{\"@type\":\"ImageObject\",\"@id\":\"https:\/\/www.imakeyousmile.se\/es\/#personlogo\",\"inLanguage\":\"es\",\"url\":\"https:\/\/secure.gravatar.com\/avatar\/5645558e1e355457a23368d7e1b4c904?s=96&d=mm&r=g\",\"caption\":\"Helena Amiley\"},\"description\":\"Jag skriver mest om sk\\u00f6nhet men bjuder \\u00e4ven p\\u00e5 glimtar fr\\u00e5n entrepren\\u00f6rlivet och bygget av v\\u00e5r egen camper van. Vanlife here we come!\",\"sameAs\":[\"https:\/\/www.facebook.com\/imakeyousmile.se\",\"https:\/\/www.instagram.com\/helenaamiley\",\"https:\/\/www.youtube.com\/channel\/UCR5iB6rvpV6Yr8ZjpQfr5mg?view_as=subscriber\"]}]}<\/script>\n<!-- \/ Yoast SEO Premium plugin. -->","_links":{"self":[{"href":"https:\/\/www.imakeyousmile.se\/es\/wp-json\/wp\/v2\/posts\/26064"}],"collection":[{"href":"https:\/\/www.imakeyousmile.se\/es\/wp-json\/wp\/v2\/posts"}],"about":[{"href":"https:\/\/www.imakeyousmile.se\/es\/wp-json\/wp\/v2\/types\/post"}],"author":[{"embeddable":true,"href":"https:\/\/www.imakeyousmile.se\/es\/wp-json\/wp\/v2\/users\/30"}],"replies":[{"embeddable":true,"href":"https:\/\/www.imakeyousmile.se\/es\/wp-json\/wp\/v2\/comments?post=26064"}],"version-history":[{"count":6,"href":"https:\/\/www.imakeyousmile.se\/es\/wp-json\/wp\/v2\/posts\/26064\/revisions"}],"predecessor-version":[{"id":26210,"href":"https:\/\/www.imakeyousmile.se\/es\/wp-json\/wp\/v2\/posts\/26064\/revisions\/26210"}],"wp:attachment":[{"href":"https:\/\/www.imakeyousmile.se\/es\/wp-json\/wp\/v2\/media?parent=26064"}],"wp:term":[{"taxonomy":"category","embeddable":true,"href":"https:\/\/www.imakeyousmile.se\/es\/wp-json\/wp\/v2\/categories?post=26064"},{"taxonomy":"post_tag","embeddable":true,"href":"https:\/\/www.imakeyousmile.se\/es\/wp-json\/wp\/v2\/tags?post=26064"}],"curies":[{"name":"wp","href":"https:\/\/api.w.org\/{rel}","templated":true}]}}