{"id":26234,"date":"2016-06-02T11:12:53","date_gmt":"2016-06-02T09:12:53","guid":{"rendered":"http:\/\/www.imakeyousmile.se\/?p=26234"},"modified":"2017-03-30T17:08:20","modified_gmt":"2017-03-30T15:08:20","slug":"sminkning-pa-fraknig-hy","status":"publish","type":"post","link":"https:\/\/www.imakeyousmile.se\/es\/maquillaje-pa-fraknig-hy\/","title":{"rendered":"Maquillaje en piel pecosa"},"content":{"rendered":"<p>Este fin de semana realic\u00e9 una consulta de maquillaje con una futura novia que se maquillar\u00e1 ella misma en el gran d\u00eda de este verano. Van a una boda sin cita previa en Skansen y ella no tendr\u00e1 tiempo de ir a un maquillador y maquillarse antes.<\/p>\n<p>As\u00ed que hice un maquillaje de novia relativamente simple y le expliqu\u00e9 todos los pasos claramente, para que ella pudiera hacer lo mismo en casa m\u00e1s tarde :) Y luego compr\u00f3 con ella todos los productos que sinti\u00f3 que necesitaba para obtener un resultado igualmente agradable (valor de los productos SEK 795 est\u00e1 incluido en el precio al reservar una consulta de maquillaje).<\/p>\n<p>Tambi\u00e9n pude tomar fotos de antes y despu\u00e9s, me veo tan bien:<\/p>\n<p><img loading=\"lazy\" decoding=\"async\" class=\"alignnone size-full wp-image-26235\" src=\"http:\/\/www.imakeyousmile.se\/wp-content\/uploads\/2016\/06\/IMG_5606_111.jpg\" alt=\"IMG_5606_111\" width=\"2500\" height=\"2068\" srcset=\"https:\/\/www.imakeyousmile.se\/wp-content\/uploads\/2016\/06\/IMG_5606_111.jpg 2500w, https:\/\/www.imakeyousmile.se\/wp-content\/uploads\/2016\/06\/IMG_5606_111-300x248.jpg 300w, https:\/\/www.imakeyousmile.se\/wp-content\/uploads\/2016\/06\/IMG_5606_111-768x635.jpg 768w, https:\/\/www.imakeyousmile.se\/wp-content\/uploads\/2016\/06\/IMG_5606_111-1024x847.jpg 1024w, https:\/\/www.imakeyousmile.se\/wp-content\/uploads\/2016\/06\/IMG_5606_111-696x576.jpg 696w, https:\/\/www.imakeyousmile.se\/wp-content\/uploads\/2016\/06\/IMG_5606_111-1068x883.jpg 1068w, https:\/\/www.imakeyousmile.se\/wp-content\/uploads\/2016\/06\/IMG_5606_111-508x420.jpg 508w\" sizes=\"(max-width: 2500px) 100vw, 2500px\" \/><\/p>\n<p>Una base ligera que a\u00fan hace brillar las bonitas pecas y resalta sus bonitos rasgos faciales. Y un maquillaje dorado claro que hace que los ojos brillen maravillosamente bajo el sol y que se siente festivo al mismo tiempo que se adapta bien durante el d\u00eda. \u00a1Super bonito!<\/p>\n<p><strong>Cara:<\/strong><br \/>\nPrebase facial -\u00a0<a href=\"https:\/\/ion.lyko.com\/t\/t?a=1117786221&#038;as=1548102449&#038;t=2&#038;tk=1&#038;epi=search-replace-pixi-redness&#038;url=https:\/\/lyko.com\/sv\/sok?q=pixi+primer\/\" target=\"_blank\">Prebase reductora de enrojecimiento Pixi<\/a><br \/>\nFundaci\u00f3n -\u00a0<a href=\"https:\/\/ion.lyko.com\/t\/t?a=1117786221&#038;as=1548102449&#038;t=2&#038;tk=1&#038;epi=search-replace-skintint&#038;url=https:\/\/lyko.com\/sv\/pixi\/pixi-h2o-skintint-2nude\" target=\"_blank\">Pixi H2O skintint\u00a0<\/a>(Desnudo)<br \/>\nPolvos que neutralizan las zonas rojas -\u00a0<a href=\"https:\/\/ion.lyko.com\/t\/t?a=1117786221&#038;as=1548102449&#038;t=2&#038;tk=1&#038;epi=search-replace-rednessrelief&#038;url=https:\/\/lyko.com\/sv\/glo-skin-beauty\/glo-skin-bea-rednessrelief-powder\/\" target=\"_blank\">polvo para aliviar el enrojecimiento de gloMinerals<\/a><br \/>\nContorneado -\u00a0<a href=\"https:\/\/ion.lyko.com\/t\/t?a=1117786221&#038;as=1548102449&#038;t=2&#038;tk=1&#038;epi=search-replace-pixipalette&#038;url=https:\/\/lyko.com\/sv\/sok?q=pixi+palette\/\" target=\"_blank\">Pixi Book of beauty Contour Creator Palette<\/a><br \/>\nColorete -\u00a0<a href=\"https:\/\/ion.lyko.com\/t\/t?a=1117786221&#038;as=1548102449&#038;t=2&#038;tk=1&#038;epi=search-replace-globlush&#038;url=https:\/\/lyko.com\/sv\/glo-skin-beauty\/glominerals-blush-sweet\" target=\"_blank\">rubor gloMinerals<\/a>\u00a0(Papaya)<br \/>\nBruma fijadora de maquillaje -\u00a0<a href=\"https:\/\/ion.lyko.com\/t\/t?a=1117786221&#038;as=1548102449&#038;t=2&#038;tk=1&#038;epi=search-replace-fixingmist&#038;url=https:\/\/lyko.com\/sv\/pixi\/pixi-makeup-fixing-mist\" target=\"_blank\">Bruma fijadora de maquillaje Pixi<\/a><\/p>\n<p><strong>Ceja<\/strong>\u00a0-\u00a0<a href=\"https:\/\/ion.lyko.com\/t\/t?a=1117786221&#038;as=1548102449&#038;t=2&#038;tk=1&#038;epi=search-replace-brow-duo&#038;url=https:\/\/lyko.com\/sv\/pixi\/pixi-natural-brow-duo-natural-brown\/\" target=\"_blank\">Pixi Duo Brow\u00a0<\/a>(Marr\u00f3n natural)<br \/>\n<strong>Labios<\/strong>\u00a0- <a href=\"http:\/\/creativemakeup.se\/produkt\/paese-balm-lipgloss\/\" target=\"_blank\">Brillo de labios Paese Balm (621)<\/a><\/p>\n<p><strong>Ojos:<\/strong><br \/>\nImprimaci\u00f3n de sombra de ojos -\u00a0<a href=\"https:\/\/ion.lyko.com\/t\/t?a=1117786221&#038;as=1548102449&#038;t=2&#038;tk=1&#038;epi=search-replace-pixiprimer&#038;url=https:\/\/lyko.com\/sv\/sok?q=pixi+primer\" target=\"_blank\">Prebase brillante para ojos Pixi<\/a><br \/>\nDelineador de pesta\u00f1as negro -\u00a0<a href=\"http:\/\/creativemakeup.se\/produkt\/paese-kasmir-matte-black-eyeshadow\/\" target=\"_blank\">Sombra de ojos de cachemira paese<\/a>\u00a0(602)<br \/>\nSombra de ojos dorada -<a href=\"https:\/\/click.adrecord.com?c=5979&#038;p=1041&#038;url=https%3A\/\/kissedbyeco.se\/brand\/yag\/\/\" target=\"_blank\">\u00a0Sombra de ojos mineral Yag<\/a>\u00a0(Oro rosa)<br \/>\nSombra de ojos clara en el interior del p\u00e1rpado -\u00a0<a href=\"http:\/\/creativemakeup.se\/produkt\/paese-opal-eyeshadow\/\" target=\"_blank\">Sombra de ojos Paese Opal\u00a0<\/a>(Melba)<br \/>\nDelineador de ojos blanquecino a lo largo de la l\u00ednea de flotaci\u00f3n, <a href=\"https:\/\/ion.jordklok.se\/t\/t?a=1236848151&#038;as=1548102449&#038;t=2&#038;tk=1&#038;epi=search-replace-benecoskajal&#038;url=https:\/\/www.jordklok.se\/sv\/articles\/2.80.3594\/benecos-natural-kajalpenna-113-g?q=Benecos%20Natural%20Kajalpenna,%201,13%20g\/\" target=\"_blank\">Benecos Natural Blanco Kajal<\/a><a href=\"https:\/\/ion.jordklok.se\/t\/t?a=1236848151&#038;as=1548102449&#038;t=2&#038;tk=1&#038;epi=search-replace-benecoskajal&#038;url=https:\/\/www.jordklok.se\/sv\/articles\/2.80.3594\/benecos-natural-kajalpenna-113-g?q=Benecos%20Natural%20Kajalpenna,%201,13%20g\/\" target=\"_blank\"><br \/>\n<\/a>R\u00edmel negro -\u00a0<a href=\"http:\/\/creativemakeup.se\/produkt\/santhilea-magnetic-lash-mascara\/\" target=\"_blank\">M\u00e1scara de pesta\u00f1as magn\u00e9tica<\/a><\/p>\n<p>Y todo est\u00e1 disponible en Byher.se y en nuestra tienda \/ sal\u00f3n en Uppsala :)<\/p>\n<p><img loading=\"lazy\" decoding=\"async\" class=\"alignnone size-full wp-image-26236\" src=\"http:\/\/www.imakeyousmile.se\/wp-content\/uploads\/2016\/06\/IMG_5610_vattenst\u00e4mpel.jpg\" alt=\"IMG_5610_ marca de agua\" width=\"2500\" height=\"2636\" srcset=\"https:\/\/www.imakeyousmile.se\/wp-content\/uploads\/2016\/06\/IMG_5610_vattenst\u00e4mpel.jpg 2428w, https:\/\/www.imakeyousmile.se\/wp-content\/uploads\/2016\/06\/IMG_5610_vattenst\u00e4mpel-285x300.jpg 285w, https:\/\/www.imakeyousmile.se\/wp-content\/uploads\/2016\/06\/IMG_5610_vattenst\u00e4mpel-768x810.jpg 768w, https:\/\/www.imakeyousmile.se\/wp-content\/uploads\/2016\/06\/IMG_5610_vattenst\u00e4mpel-971x1024.jpg 971w, https:\/\/www.imakeyousmile.se\/wp-content\/uploads\/2016\/06\/IMG_5610_vattenst\u00e4mpel-696x734.jpg 696w, https:\/\/www.imakeyousmile.se\/wp-content\/uploads\/2016\/06\/IMG_5610_vattenst\u00e4mpel-1068x1126.jpg 1068w, https:\/\/www.imakeyousmile.se\/wp-content\/uploads\/2016\/06\/IMG_5610_vattenst\u00e4mpel-398x420.jpg 398w\" sizes=\"(max-width: 2500px) 100vw, 2500px\" \/>Hermosa \u00bfeh? :)<\/p>\n<p>\u00a1Grita si tienes alguna pregunta! La consulta de maquillaje se puede reservar directamente en nuestro sitio web <a href=\"http:\/\/creativemakeup.se\" target=\"_blank\">Creativemakeup.se<\/a>.<\/p>\n<p>Abrazo \u2665<\/p>","protected":false},"excerpt":{"rendered":"<p>I helgen s\u00e5 h\u00f6ll jag i en sminkkonsultation med en blivande brud som ska g\u00f6ra sin sminkning sj\u00e4lv p\u00e5 den stora dagen i sommar. Dom ska p\u00e5 dropin-br\u00f6llop p\u00e5 Skansen och hon kommer inte ha tid att g\u00e5 till en makeupartist och bli sminkad innan. S\u00e5 jag gjorde en relativt enkel brudsminkning och f\u00f6rklarade alla [&hellip;]<\/p>\n","protected":false},"author":30,"featured_media":26235,"comment_status":"open","ping_status":"closed","sticky":false,"template":"","format":"standard","meta":{"footnotes":""},"categories":[2827,2956,3919],"tags":[749,5026,5024,3935,5027,5025],"class_list":["post-26234","post","type-post","status-publish","format-standard","has-post-thumbnail","hentry","category-vardagssminkningar","category-sminkjobb","category-sminktips","tag-brudsminkning","tag-foundation-fraknar","tag-smink-fraknar","tag-smink-uppsala","tag-sminkning-rodlatt","tag-sminktips-faktning-hy"],"yoast_head":"<!-- This site is optimized with the Yoast SEO Premium plugin v14.9 - https:\/\/yoast.com\/wordpress\/plugins\/seo\/ -->\n<meta name=\"description\" content=\"Sminkning p\u00e5 fr\u00e4knig hy | Helena Amiley - H\u00e4r hittar du senaste infromation om sk\u00f6nhet, livsstil, entrepren\u00f6rskap, makeup &amp; tips.\" \/>\n<meta name=\"robots\" content=\"index, follow, max-snippet:-1, max-image-preview:large, max-video-preview:-1\" \/>\n<link rel=\"canonical\" href=\"https:\/\/www.imakeyousmile.se\/es\/sminkning-pa-fraknig-hy\/\" \/>\n<meta property=\"og:locale\" content=\"es_ES\" \/>\n<meta property=\"og:type\" content=\"article\" \/>\n<meta property=\"og:title\" content=\"Sminkning p\u00e5 fr\u00e4knig hy | Imakeyousmile.se\" \/>\n<meta property=\"og:description\" content=\"Sminkning p\u00e5 fr\u00e4knig hy | Helena Amiley - H\u00e4r hittar du senaste infromation om sk\u00f6nhet, livsstil, entrepren\u00f6rskap, makeup &amp; tips.\" \/>\n<meta property=\"og:url\" content=\"https:\/\/www.imakeyousmile.se\/es\/sminkning-pa-fraknig-hy\/\" \/>\n<meta property=\"og:site_name\" content=\"Imakeyousmile.se\" \/>\n<meta property=\"article:author\" content=\"https:\/\/www.facebook.com\/imakeyousmile.se\" \/>\n<meta property=\"article:published_time\" content=\"2016-06-02T09:12:53+00:00\" \/>\n<meta property=\"article:modified_time\" content=\"2017-03-30T15:08:20+00:00\" \/>\n<meta property=\"og:image\" content=\"https:\/\/www.imakeyousmile.se\/wp-content\/uploads\/2016\/06\/IMG_5606_111.jpg\" \/>\n\t<meta property=\"og:image:width\" content=\"2500\" \/>\n\t<meta property=\"og:image:height\" content=\"2068\" \/>\n<meta name=\"twitter:card\" content=\"summary_large_image\" \/>\n<script type=\"application\/ld+json\" class=\"yoast-schema-graph\">{\"@context\":\"https:\/\/schema.org\",\"@graph\":[{\"@type\":\"Organization\",\"@id\":\"https:\/\/www.imakeyousmile.se\/es\/#organization\",\"name\":\"Imakeyousmile\",\"url\":\"https:\/\/www.imakeyousmile.se\/es\/\",\"sameAs\":[],\"logo\":{\"@type\":\"ImageObject\",\"@id\":\"https:\/\/www.imakeyousmile.se\/es\/#logo\",\"inLanguage\":\"es\",\"url\":\"https:\/\/www.imakeyousmile.se\/wp-content\/uploads\/2020\/10\/HELENA-AMILEY_SVART-1-e1603367975324.png\",\"width\":280,\"height\":93,\"caption\":\"Imakeyousmile\"},\"image\":{\"@id\":\"https:\/\/www.imakeyousmile.se\/es\/#logo\"}},{\"@type\":\"WebSite\",\"@id\":\"https:\/\/www.imakeyousmile.se\/es\/#website\",\"url\":\"https:\/\/www.imakeyousmile.se\/es\/\",\"name\":\"Imakeyousmile.se\",\"description\":\"Helena Amiley - Beauty, Entrepreneur, Lifestyle\",\"publisher\":{\"@id\":\"https:\/\/www.imakeyousmile.se\/es\/#organization\"},\"potentialAction\":[{\"@type\":\"SearchAction\",\"target\":\"https:\/\/www.imakeyousmile.se\/es\/?s={search_term_string}\",\"query-input\":\"required name=search_term_string\"}],\"inLanguage\":\"es\"},{\"@type\":\"ImageObject\",\"@id\":\"https:\/\/www.imakeyousmile.se\/sminkning-pa-fraknig-hy\/#primaryimage\",\"inLanguage\":\"es\",\"url\":\"https:\/\/www.imakeyousmile.se\/wp-content\/uploads\/2016\/06\/IMG_5606_111.jpg\",\"width\":2500,\"height\":2068},{\"@type\":\"WebPage\",\"@id\":\"https:\/\/www.imakeyousmile.se\/sminkning-pa-fraknig-hy\/#webpage\",\"url\":\"https:\/\/www.imakeyousmile.se\/sminkning-pa-fraknig-hy\/\",\"name\":\"Sminkning p\\u00e5 fr\\u00e4knig hy | Imakeyousmile.se\",\"isPartOf\":{\"@id\":\"https:\/\/www.imakeyousmile.se\/es\/#website\"},\"primaryImageOfPage\":{\"@id\":\"https:\/\/www.imakeyousmile.se\/sminkning-pa-fraknig-hy\/#primaryimage\"},\"datePublished\":\"2016-06-02T09:12:53+00:00\",\"dateModified\":\"2017-03-30T15:08:20+00:00\",\"description\":\"Sminkning p\\u00e5 fr\\u00e4knig hy | Helena Amiley - H\\u00e4r hittar du senaste infromation om sk\\u00f6nhet, livsstil, entrepren\\u00f6rskap, makeup & tips.\",\"inLanguage\":\"es\",\"potentialAction\":[{\"@type\":\"ReadAction\",\"target\":[\"https:\/\/www.imakeyousmile.se\/sminkning-pa-fraknig-hy\/\"]}]},{\"@type\":\"Article\",\"@id\":\"https:\/\/www.imakeyousmile.se\/sminkning-pa-fraknig-hy\/#article\",\"isPartOf\":{\"@id\":\"https:\/\/www.imakeyousmile.se\/sminkning-pa-fraknig-hy\/#webpage\"},\"author\":{\"@id\":\"https:\/\/www.imakeyousmile.se\/es\/#\/schema\/person\/b0fd43b1c6bb1c60cfd68bff9b4a10fb\"},\"headline\":\"Sminkning p\\u00e5 fr\\u00e4knig hy\",\"datePublished\":\"2016-06-02T09:12:53+00:00\",\"dateModified\":\"2017-03-30T15:08:20+00:00\",\"mainEntityOfPage\":{\"@id\":\"https:\/\/www.imakeyousmile.se\/sminkning-pa-fraknig-hy\/#webpage\"},\"commentCount\":1,\"publisher\":{\"@id\":\"https:\/\/www.imakeyousmile.se\/es\/#organization\"},\"image\":{\"@id\":\"https:\/\/www.imakeyousmile.se\/sminkning-pa-fraknig-hy\/#primaryimage\"},\"keywords\":\"brudsminkning,foundation fr\\u00e4knar,smink fr\\u00e4knar,smink uppsala,sminkning r\\u00f6dl\\u00e4tt,sminktips f\\u00e4ktning hy\",\"articleSection\":\"Neutrala \/ milda sminkningar,Sminkjobb,Sminktips\",\"inLanguage\":\"es\",\"potentialAction\":[{\"@type\":\"CommentAction\",\"name\":\"Comment\",\"target\":[\"https:\/\/www.imakeyousmile.se\/sminkning-pa-fraknig-hy\/#respond\"]}]},{\"@type\":\"Person\",\"@id\":\"https:\/\/www.imakeyousmile.se\/es\/#\/schema\/person\/b0fd43b1c6bb1c60cfd68bff9b4a10fb\",\"name\":\"Helena Amiley\",\"image\":{\"@type\":\"ImageObject\",\"@id\":\"https:\/\/www.imakeyousmile.se\/es\/#personlogo\",\"inLanguage\":\"es\",\"url\":\"https:\/\/secure.gravatar.com\/avatar\/5645558e1e355457a23368d7e1b4c904?s=96&d=mm&r=g\",\"caption\":\"Helena Amiley\"},\"description\":\"Jag skriver mest om sk\\u00f6nhet men bjuder \\u00e4ven p\\u00e5 glimtar fr\\u00e5n entrepren\\u00f6rlivet och bygget av v\\u00e5r egen camper van. Vanlife here we come!\",\"sameAs\":[\"https:\/\/www.facebook.com\/imakeyousmile.se\",\"https:\/\/www.instagram.com\/helenaamiley\",\"https:\/\/www.youtube.com\/channel\/UCR5iB6rvpV6Yr8ZjpQfr5mg?view_as=subscriber\"]}]}<\/script>\n<!-- \/ Yoast SEO Premium plugin. -->","_links":{"self":[{"href":"https:\/\/www.imakeyousmile.se\/es\/wp-json\/wp\/v2\/posts\/26234"}],"collection":[{"href":"https:\/\/www.imakeyousmile.se\/es\/wp-json\/wp\/v2\/posts"}],"about":[{"href":"https:\/\/www.imakeyousmile.se\/es\/wp-json\/wp\/v2\/types\/post"}],"author":[{"embeddable":true,"href":"https:\/\/www.imakeyousmile.se\/es\/wp-json\/wp\/v2\/users\/30"}],"replies":[{"embeddable":true,"href":"https:\/\/www.imakeyousmile.se\/es\/wp-json\/wp\/v2\/comments?post=26234"}],"version-history":[{"count":1,"href":"https:\/\/www.imakeyousmile.se\/es\/wp-json\/wp\/v2\/posts\/26234\/revisions"}],"predecessor-version":[{"id":26237,"href":"https:\/\/www.imakeyousmile.se\/es\/wp-json\/wp\/v2\/posts\/26234\/revisions\/26237"}],"wp:featuredmedia":[{"embeddable":true,"href":"https:\/\/www.imakeyousmile.se\/es\/wp-json\/wp\/v2\/media\/26235"}],"wp:attachment":[{"href":"https:\/\/www.imakeyousmile.se\/es\/wp-json\/wp\/v2\/media?parent=26234"}],"wp:term":[{"taxonomy":"category","embeddable":true,"href":"https:\/\/www.imakeyousmile.se\/es\/wp-json\/wp\/v2\/categories?post=26234"},{"taxonomy":"post_tag","embeddable":true,"href":"https:\/\/www.imakeyousmile.se\/es\/wp-json\/wp\/v2\/tags?post=26234"}],"curies":[{"name":"wp","href":"https:\/\/api.w.org\/{rel}","templated":true}]}}