{"id":26556,"date":"2016-07-19T10:47:05","date_gmt":"2016-07-19T08:47:05","guid":{"rendered":"http:\/\/www.imakeyousmile.se\/?p=26556"},"modified":"2020-10-22T13:33:07","modified_gmt":"2020-10-22T11:33:07","slug":"brollopssminkning-fore-efter-2","status":"publish","type":"post","link":"https:\/\/www.imakeyousmile.se\/es\/maquillaje-de-boda-antes-despues-2\/","title":{"rendered":"Maquillaje de boda antes y despu\u00e9s"},"content":{"rendered":"<p>El viernes pasado tuve una consulta de maquillaje que inclu\u00eda productos con un cliente en el sal\u00f3n que fue incre\u00edblemente divertido de maquillar. Ella ha sido una clienta habitual con nosotros durante mucho tiempo, solo desde que Annika comenz\u00f3 Creative Make Up, creo, y me he depilado las cejas cada 3 semanas durante m\u00e1s de un a\u00f1o. Se vuelve un poco especial con las personas que vienen regularmente para mantenerse en forma todo el tiempo, los conoces con m\u00e1s frecuencia que muchos de tus amigos :)<\/p>\n<p>Ella va a la boda de su hermana en su ciudad natal y se maquillar\u00e1 ella misma ese d\u00eda, y quer\u00eda consejos sobre c\u00f3mo hacer un simple maquillaje de fiesta. Ella ya usa algunos productos de nuestra tienda (le encanta, entre otras cosas, la prebase de rostro deprimente de Paese y el polvo de bamb\u00fa para pieles grasas), \u00a1as\u00ed que fue divertido mostrar todo con nuestros productos!<\/p>\n<p>Aqu\u00ed est\u00e1 el resultado:<\/p>\n<p><img loading=\"lazy\" decoding=\"async\" class=\"alignnone size-full wp-image-26557\" src=\"http:\/\/www.imakeyousmile.se\/wp-content\/uploads\/2016\/07\/IMG_1199_vattenst\u00e4mpel.jpg\" alt=\"IMG_1199_ marca de agua\" width=\"3070\" height=\"2310\" srcset=\"https:\/\/www.imakeyousmile.se\/wp-content\/uploads\/2016\/07\/IMG_1199_vattenst\u00e4mpel.jpg 2560w, https:\/\/www.imakeyousmile.se\/wp-content\/uploads\/2016\/07\/IMG_1199_vattenst\u00e4mpel-300x226.jpg 300w, https:\/\/www.imakeyousmile.se\/wp-content\/uploads\/2016\/07\/IMG_1199_vattenst\u00e4mpel-768x578.jpg 768w, https:\/\/www.imakeyousmile.se\/wp-content\/uploads\/2016\/07\/IMG_1199_vattenst\u00e4mpel-1024x771.jpg 1024w, https:\/\/www.imakeyousmile.se\/wp-content\/uploads\/2016\/07\/IMG_1199_vattenst\u00e4mpel-80x60.jpg 80w, https:\/\/www.imakeyousmile.se\/wp-content\/uploads\/2016\/07\/IMG_1199_vattenst\u00e4mpel-265x198.jpg 265w, https:\/\/www.imakeyousmile.se\/wp-content\/uploads\/2016\/07\/IMG_1199_vattenst\u00e4mpel-696x524.jpg 696w, https:\/\/www.imakeyousmile.se\/wp-content\/uploads\/2016\/07\/IMG_1199_vattenst\u00e4mpel-1068x804.jpg 1068w, https:\/\/www.imakeyousmile.se\/wp-content\/uploads\/2016\/07\/IMG_1199_vattenst\u00e4mpel-558x420.jpg 558w\" sizes=\"(max-width: 3070px) 100vw, 3070px\" \/><\/p>\n<p><strong>BAS -<\/strong> Primero nos depilamos las cejas y luego elegimos productos b\u00e1sicos que se adaptan tanto a las pieles grasas como que cubren y neutralizan las rojeces de forma eficaz. Gran diferencia \u00bfeh? :)<\/p>\n<p><strong>OJOS -<\/strong> Luego hicimos un ojo marr\u00f3n ahumado que marca bien los ojos pero que a\u00fan es suave y no tan avanzado de hacer. Aplique sombra de ojos marr\u00f3n en todo el p\u00e1rpado y la l\u00ednea del pliegue y al final de la l\u00ednea de las pesta\u00f1as inferiores, difum\u00ednela suavemente. Aclare con una sombra de ojos clara en el medio del p\u00e1rpado, en la esquina del ojo y en la parte inferior de la l\u00ednea de las pesta\u00f1as inferiores. Termina con delineador de pesta\u00f1as y r\u00edmel.<\/p>\n<p><strong>LABIOS -<\/strong>\u00a0En la boda, usar\u00eda un vestido estampado con muchos colores diferentes, \u00a1y luego un color de labios como este es absolutamente perfecto! Quieres resaltar y resaltar unos labios tan llenos y bonitos, pero si no quieres combinar (o fallar) el vestido, elige un tono tan suave y discreto que sea como el propio color de los labios pero m\u00e1s oscuro. \u00a1Tan agradable! Adem\u00e1s, estas barras de labios mate son incre\u00edblemente duraderas, lo que tambi\u00e9n es una gran ventaja en las bodas.<\/p>\n<p>Productos que he usado:<\/p>\n<p><strong>Cara:<\/strong><br \/>\nPrebase facial -\u00a0<a href=\"http:\/\/creativemakeup.se\/produkt\/paese-makeup-base\/\" target=\"_blank\" rel=\"noopener noreferrer\">Base de maquillaje Paese (mate)<\/a><br \/>\nFundaci\u00f3n -\u00a0<a href=\"https:\/\/ion.lyko.com\/t\/t?a=1117786221&#038;as=1548102449&#038;t=2&#038;tk=1&#038;epi=search-replace-skintint&#038;url=https:\/\/lyko.com\/sv\/pixi\/pixi-h2o-skintint-2nude\" target=\"_blank\" rel=\"noopener noreferrer\">Pixi H2O skintint\u00a0<\/a>(2 Desnudo)<br \/>\nCorrector -\u00a0<a href=\"https:\/\/ion.lyko.com\/t\/t?a=1117786221&#038;as=1548102449&#038;t=2&#038;tk=1&#038;epi=search-replace-pixi-correction&#038;url=https:\/\/lyko.com\/sv\/pixi\/pixi-correction-concentrate\/\" target=\"_blank\" rel=\"noopener noreferrer\">Concentrado de correcci\u00f3n de pixi<\/a>\u00a0(diminuto en las \u00e1reas m\u00e1s rojas)<br \/>\nPolvos que neutralizan las zonas rojas -\u00a0<a href=\"https:\/\/ion.lyko.com\/t\/t?a=1117786221&#038;as=1548102449&#038;t=2&#038;tk=1&#038;epi=search-replace-rednessrelief&#038;url=https:\/\/lyko.com\/sv\/glo-skin-beauty\/glo-skin-bea-rednessrelief-powder\/\" target=\"_blank\" rel=\"noopener noreferrer\">polvo para aliviar el enrojecimiento de gloMinerals<\/a>\u00a0(bastante de esto)<br \/>\nContorneado -<a href=\"http:\/\/creativemakeup.se\/produkt\/paese-bronzing-powder\/\" target=\"_blank\" rel=\"noopener noreferrer\">\u00a0Polvo bronceador Paese (1M)<\/a><br \/>\nColorete -\u00a0<a href=\"https:\/\/ion.lyko.com\/t\/t?a=1117786221&#038;as=1548102449&#038;t=2&#038;tk=1&#038;epi=search-replace-globlush&#038;url=https:\/\/lyko.com\/sv\/glo-skin-beauty\/glominerals-blush-sweet\" target=\"_blank\" rel=\"noopener noreferrer\">rubor gloMinerals<\/a>\u00a0(Papaya)<br \/>\nBruma fijadora de maquillaje -\u00a0<a href=\"https:\/\/ion.lyko.com\/t\/t?a=1117786221&#038;as=1548102449&#038;t=2&#038;tk=1&#038;epi=search-replace-fixingmist&#038;url=https:\/\/lyko.com\/sv\/pixi\/pixi-makeup-fixing-mist\" target=\"_blank\" rel=\"noopener noreferrer\">Bruma fijadora de maquillaje Pixi<br \/>\n<\/a>Polvos deshidratantes - <a href=\"http:\/\/creativemakeup.se\/produkt\/paese-bamboo-silk-powder\/\" target=\"_blank\" rel=\"noopener noreferrer\">Polvo de seda de bamb\u00fa Paese<\/a><\/p>\n<p><strong>Ceja<\/strong>\u00a0-\u00a0<a href=\"https:\/\/ion.lyko.com\/t\/t?a=1117786221&#038;as=1548102449&#038;t=2&#038;tk=1&#038;epi=search-replace-brow-duo&#038;url=https:\/\/lyko.com\/sv\/pixi\/pixi-natural-brow-duo-natural-brown\/\" target=\"_blank\" rel=\"noopener noreferrer\">Pixi Duo Brow\u00a0<\/a>(Marr\u00f3n natural)<br \/>\n<strong>Labios<\/strong>\u00a0-\u00a0<a href=\"https:\/\/ion.lyko.com\/t\/t?a=1117786221&#038;as=1548102449&#038;t=2&#038;tk=1&#038;epi=search-replace-glosuede&#038;url=https:\/\/lyko.com\/sv\/glo-skin-beauty\/glominerals-glosuedematte-crayon-tradema\" target=\"_blank\" rel=\"noopener noreferrer\">gloMinerals Suede Matte Crayon (marca registrada)<\/a><\/p>\n<p><strong>Ojos:<\/strong><br \/>\nImprimaci\u00f3n de sombra de ojos -\u00a0<a href=\"https:\/\/ion.lyko.com\/t\/t?a=1117786221&#038;as=1548102449&#038;t=2&#038;tk=1&#038;epi=search-replace-pixiprimer&#038;url=https:\/\/lyko.com\/sv\/sok?q=pixi+primer\" target=\"_blank\" rel=\"noopener noreferrer\">Prebase brillante para ojos Pixi<\/a><br \/>\nSombras de ojos -\u00a0<a href=\"http:\/\/creativemakeup.se\/produkt\/paese-opal-eyeshadow\/\" target=\"_blank\" rel=\"noopener noreferrer\">Sombra de ojos Paese Opal\u00a0<\/a>(Colorado)<br \/>\nSombra de ojos negra (delineador de pesta\u00f1as) -\u00a0<a href=\"http:\/\/creativemakeup.se\/produkt\/paese-kasmir-matte-black-eyeshadow\/\" target=\"_blank\" rel=\"noopener noreferrer\">Sombra de ojos de cachemira paese<\/a>\u00a0(602)<br \/>\nDelineador de ojos blanquecino (l\u00ednea de flotaci\u00f3n) - <a href=\"https:\/\/ion.jordklok.se\/t\/t?a=1236848151&#038;as=1548102449&#038;t=2&#038;tk=1&#038;epi=search-replace-benecoskajal&#038;url=https:\/\/www.jordklok.se\/sv\/articles\/2.80.3594\/benecos-natural-kajalpenna-113-g?q=Benecos%20Natural%20Kajalpenna,%201,13%20g\/\" target=\"_blank\" rel=\"noopener noreferrer\">Benecos Natural Blanco Kajal<\/a><br \/>\nR\u00edmel negro - <a href=\"http:\/\/creativemakeup.se\/produkt\/santhilea-magnetic-lash-mascara\/\" target=\"_blank\" rel=\"noopener noreferrer\">M\u00e1scara de pesta\u00f1as magn\u00e9tica<\/a><\/p>\n<p><img loading=\"lazy\" decoding=\"async\" class=\"alignnone size-full wp-image-26558\" src=\"http:\/\/www.imakeyousmile.se\/wp-content\/uploads\/2016\/07\/IMG_1201_vattenst\u00e4mpel.jpg\" alt=\"IMG_1201_ marca de agua\" width=\"2500\" height=\"2760\" srcset=\"https:\/\/www.imakeyousmile.se\/wp-content\/uploads\/2016\/07\/IMG_1201_vattenst\u00e4mpel.jpg 2319w, https:\/\/www.imakeyousmile.se\/wp-content\/uploads\/2016\/07\/IMG_1201_vattenst\u00e4mpel-272x300.jpg 272w, https:\/\/www.imakeyousmile.se\/wp-content\/uploads\/2016\/07\/IMG_1201_vattenst\u00e4mpel-768x848.jpg 768w, https:\/\/www.imakeyousmile.se\/wp-content\/uploads\/2016\/07\/IMG_1201_vattenst\u00e4mpel-928x1024.jpg 928w, https:\/\/www.imakeyousmile.se\/wp-content\/uploads\/2016\/07\/IMG_1201_vattenst\u00e4mpel-696x768.jpg 696w, https:\/\/www.imakeyousmile.se\/wp-content\/uploads\/2016\/07\/IMG_1201_vattenst\u00e4mpel-1068x1179.jpg 1068w, https:\/\/www.imakeyousmile.se\/wp-content\/uploads\/2016\/07\/IMG_1201_vattenst\u00e4mpel-380x420.jpg 380w\" sizes=\"(max-width: 2500px) 100vw, 2500px\" \/><\/p>\n<p>QUIERO SU PELO !!!! \u2665<\/p>\n<p><img loading=\"lazy\" decoding=\"async\" class=\"alignnone size-full wp-image-26559\" src=\"http:\/\/www.imakeyousmile.se\/wp-content\/uploads\/2016\/07\/IMG_1207_vattenst\u00e4mpel.jpg\" alt=\"IMG_1207_ marca de agua\" width=\"2500\" height=\"1791\" srcset=\"https:\/\/www.imakeyousmile.se\/wp-content\/uploads\/2016\/07\/IMG_1207_vattenst\u00e4mpel.jpg 2500w, https:\/\/www.imakeyousmile.se\/wp-content\/uploads\/2016\/07\/IMG_1207_vattenst\u00e4mpel-300x215.jpg 300w, https:\/\/www.imakeyousmile.se\/wp-content\/uploads\/2016\/07\/IMG_1207_vattenst\u00e4mpel-768x550.jpg 768w, https:\/\/www.imakeyousmile.se\/wp-content\/uploads\/2016\/07\/IMG_1207_vattenst\u00e4mpel-1024x734.jpg 1024w, https:\/\/www.imakeyousmile.se\/wp-content\/uploads\/2016\/07\/IMG_1207_vattenst\u00e4mpel-696x499.jpg 696w, https:\/\/www.imakeyousmile.se\/wp-content\/uploads\/2016\/07\/IMG_1207_vattenst\u00e4mpel-1068x765.jpg 1068w, https:\/\/www.imakeyousmile.se\/wp-content\/uploads\/2016\/07\/IMG_1207_vattenst\u00e4mpel-586x420.jpg 586w\" sizes=\"(max-width: 2500px) 100vw, 2500px\" \/><\/p>\n<p>\u00a1Super bonito!<\/p>\n<p>Lo mejor de los clientes que vienen con regularidad es que tambi\u00e9n sabr\u00e9 exactamente c\u00f3mo fue el maquillaje cuando lo hizo ella misma y si fue divertido en la boda. \u00a1Esperamos la pr\u00f3xima reserva! :)<\/p>\n<p>Para aquellos de ustedes que est\u00e1n hambrientos de una consulta de maquillaje, cepillarse las cejas o simplemente obtener ayuda para comprar productos, estamos abiertos todo el verano, pero tenemos horarios de apertura m\u00e1s cortos. Pero es posible reservar todo lo que quieras\u00a0<a href=\"http:\/\/creativemakeup.se\" target=\"_blank\" rel=\"noopener noreferrer\"><strong>en l\u00ednea en el sitio web<\/strong><\/a>, y tiene alg\u00fan deseo espec\u00edfico, soy muy adaptable con los horarios adem\u00e1s de los horarios de apertura tambi\u00e9n y luego es posible reservar por tel\u00e9fono en 018 10 50 13.<\/p>\n<p>\u00a1Los abrazos son!<\/p>","protected":false},"excerpt":{"rendered":"<p>I fredags hade jag en sminkkonsultation inklusive produkter med en kund p\u00e5 salongen som var otroligt rolig att sminka! Hon \u00e4r n\u00e4mligen stamkund hos oss sedan v\u00e4ldigt l\u00e5ngt tillbaka, enda sen Annika startade Creative Make Up tror jag, och jag har plockat hennes bryn var 3:e vecka\u00a0i \u00f6ver ett \u00e5r nu.\u00a0Det blir ju lite speciellt [&hellip;]<\/p>\n","protected":false},"author":30,"featured_media":26557,"comment_status":"open","ping_status":"closed","sticky":false,"template":"","format":"standard","meta":{"footnotes":""},"categories":[24,7003,9,59,2956,3919],"tags":[3934,3936,5073,5072,4303,3935,5071,4722],"class_list":["post-26556","post","type-post","status-publish","format-standard","has-post-thumbnail","hentry","category-grundsmink","category-fore-efter-kunder","category-partysminkningar","category-recensioner-produkttips","category-sminkjobb","category-sminktips","tag-makeup-uppsala","tag-makeupartist-uppsala","tag-smink-brollop","tag-smink-eksem","tag-smink-rosacea","tag-smink-uppsala","tag-sminka-over-rodhet","tag-sminkradgivning"],"yoast_head":"<!-- This site is optimized with the Yoast SEO Premium plugin v14.9 - https:\/\/yoast.com\/wordpress\/plugins\/seo\/ -->\n<meta name=\"description\" content=\"Br\u00f6llopssminkning f\u00f6re &amp; efter | Helena Amiley - H\u00e4r hittar du senaste infromation om sk\u00f6nhet, livsstil, entrepren\u00f6rskap, makeup &amp; tips.\" \/>\n<meta name=\"robots\" content=\"index, follow, max-snippet:-1, max-image-preview:large, max-video-preview:-1\" \/>\n<link rel=\"canonical\" href=\"https:\/\/www.imakeyousmile.se\/es\/brollopssminkning-fore-efter-2\/\" \/>\n<meta property=\"og:locale\" content=\"es_ES\" \/>\n<meta property=\"og:type\" content=\"article\" \/>\n<meta property=\"og:title\" content=\"Br\u00f6llopssminkning f\u00f6re &amp; efter | Imakeyousmile.se\" \/>\n<meta property=\"og:description\" content=\"Br\u00f6llopssminkning f\u00f6re &amp; efter | Helena Amiley - H\u00e4r hittar du senaste infromation om sk\u00f6nhet, livsstil, entrepren\u00f6rskap, makeup &amp; tips.\" \/>\n<meta property=\"og:url\" content=\"https:\/\/www.imakeyousmile.se\/es\/brollopssminkning-fore-efter-2\/\" \/>\n<meta property=\"og:site_name\" content=\"Imakeyousmile.se\" \/>\n<meta property=\"article:author\" content=\"https:\/\/www.facebook.com\/imakeyousmile.se\" \/>\n<meta property=\"article:published_time\" content=\"2016-07-19T08:47:05+00:00\" \/>\n<meta property=\"article:modified_time\" content=\"2020-10-22T11:33:07+00:00\" \/>\n<meta property=\"og:image\" content=\"https:\/\/www.imakeyousmile.se\/wp-content\/uploads\/2016\/07\/IMG_1199_vattenst\u00e4mpel.jpg\" \/>\n\t<meta property=\"og:image:width\" content=\"2560\" \/>\n\t<meta property=\"og:image:height\" content=\"1926\" \/>\n<meta name=\"twitter:card\" content=\"summary_large_image\" \/>\n<script type=\"application\/ld+json\" class=\"yoast-schema-graph\">{\"@context\":\"https:\/\/schema.org\",\"@graph\":[{\"@type\":\"Organization\",\"@id\":\"https:\/\/www.imakeyousmile.se\/es\/#organization\",\"name\":\"Imakeyousmile\",\"url\":\"https:\/\/www.imakeyousmile.se\/es\/\",\"sameAs\":[],\"logo\":{\"@type\":\"ImageObject\",\"@id\":\"https:\/\/www.imakeyousmile.se\/es\/#logo\",\"inLanguage\":\"es\",\"url\":\"https:\/\/www.imakeyousmile.se\/wp-content\/uploads\/2020\/10\/HELENA-AMILEY_SVART-1-e1603367975324.png\",\"width\":280,\"height\":93,\"caption\":\"Imakeyousmile\"},\"image\":{\"@id\":\"https:\/\/www.imakeyousmile.se\/es\/#logo\"}},{\"@type\":\"WebSite\",\"@id\":\"https:\/\/www.imakeyousmile.se\/es\/#website\",\"url\":\"https:\/\/www.imakeyousmile.se\/es\/\",\"name\":\"Imakeyousmile.se\",\"description\":\"Helena Amiley - Beauty, Entrepreneur, Lifestyle\",\"publisher\":{\"@id\":\"https:\/\/www.imakeyousmile.se\/es\/#organization\"},\"potentialAction\":[{\"@type\":\"SearchAction\",\"target\":\"https:\/\/www.imakeyousmile.se\/es\/?s={search_term_string}\",\"query-input\":\"required name=search_term_string\"}],\"inLanguage\":\"es\"},{\"@type\":\"ImageObject\",\"@id\":\"https:\/\/www.imakeyousmile.se\/brollopssminkning-fore-efter-2\/#primaryimage\",\"inLanguage\":\"es\",\"url\":\"https:\/\/www.imakeyousmile.se\/wp-content\/uploads\/2016\/07\/IMG_1199_vattenst\\u00e4mpel.jpg\",\"width\":2560,\"height\":1926},{\"@type\":\"WebPage\",\"@id\":\"https:\/\/www.imakeyousmile.se\/brollopssminkning-fore-efter-2\/#webpage\",\"url\":\"https:\/\/www.imakeyousmile.se\/brollopssminkning-fore-efter-2\/\",\"name\":\"Br\\u00f6llopssminkning f\\u00f6re & efter | Imakeyousmile.se\",\"isPartOf\":{\"@id\":\"https:\/\/www.imakeyousmile.se\/es\/#website\"},\"primaryImageOfPage\":{\"@id\":\"https:\/\/www.imakeyousmile.se\/brollopssminkning-fore-efter-2\/#primaryimage\"},\"datePublished\":\"2016-07-19T08:47:05+00:00\",\"dateModified\":\"2020-10-22T11:33:07+00:00\",\"description\":\"Br\\u00f6llopssminkning f\\u00f6re & efter | Helena Amiley - H\\u00e4r hittar du senaste infromation om sk\\u00f6nhet, livsstil, entrepren\\u00f6rskap, makeup & tips.\",\"inLanguage\":\"es\",\"potentialAction\":[{\"@type\":\"ReadAction\",\"target\":[\"https:\/\/www.imakeyousmile.se\/brollopssminkning-fore-efter-2\/\"]}]},{\"@type\":\"Article\",\"@id\":\"https:\/\/www.imakeyousmile.se\/brollopssminkning-fore-efter-2\/#article\",\"isPartOf\":{\"@id\":\"https:\/\/www.imakeyousmile.se\/brollopssminkning-fore-efter-2\/#webpage\"},\"author\":{\"@id\":\"https:\/\/www.imakeyousmile.se\/es\/#\/schema\/person\/b0fd43b1c6bb1c60cfd68bff9b4a10fb\"},\"headline\":\"Br\\u00f6llopssminkning f\\u00f6re &#038; efter\",\"datePublished\":\"2016-07-19T08:47:05+00:00\",\"dateModified\":\"2020-10-22T11:33:07+00:00\",\"mainEntityOfPage\":{\"@id\":\"https:\/\/www.imakeyousmile.se\/brollopssminkning-fore-efter-2\/#webpage\"},\"commentCount\":1,\"publisher\":{\"@id\":\"https:\/\/www.imakeyousmile.se\/es\/#organization\"},\"image\":{\"@id\":\"https:\/\/www.imakeyousmile.se\/brollopssminkning-fore-efter-2\/#primaryimage\"},\"keywords\":\"makeup uppsala,makeupartist uppsala,smink br\\u00f6llop,smink eksem,smink rosacea,smink uppsala,sminka \\u00f6ver r\\u00f6dhet,sminkr\\u00e5dgivning\",\"articleSection\":\"Bassmink,F\\u00f6re &amp; efter (kundjobb),M\\u00f6rka \/ festliga sminkningar,Recensioner &amp; Produkttips,Sminkjobb,Sminktips\",\"inLanguage\":\"es\",\"potentialAction\":[{\"@type\":\"CommentAction\",\"name\":\"Comment\",\"target\":[\"https:\/\/www.imakeyousmile.se\/brollopssminkning-fore-efter-2\/#respond\"]}]},{\"@type\":\"Person\",\"@id\":\"https:\/\/www.imakeyousmile.se\/es\/#\/schema\/person\/b0fd43b1c6bb1c60cfd68bff9b4a10fb\",\"name\":\"Helena Amiley\",\"image\":{\"@type\":\"ImageObject\",\"@id\":\"https:\/\/www.imakeyousmile.se\/es\/#personlogo\",\"inLanguage\":\"es\",\"url\":\"https:\/\/secure.gravatar.com\/avatar\/5645558e1e355457a23368d7e1b4c904?s=96&d=mm&r=g\",\"caption\":\"Helena Amiley\"},\"description\":\"Jag skriver mest om sk\\u00f6nhet men bjuder \\u00e4ven p\\u00e5 glimtar fr\\u00e5n entrepren\\u00f6rlivet och bygget av v\\u00e5r egen camper van. Vanlife here we come!\",\"sameAs\":[\"https:\/\/www.facebook.com\/imakeyousmile.se\",\"https:\/\/www.instagram.com\/helenaamiley\",\"https:\/\/www.youtube.com\/channel\/UCR5iB6rvpV6Yr8ZjpQfr5mg?view_as=subscriber\"]}]}<\/script>\n<!-- \/ Yoast SEO Premium plugin. -->","_links":{"self":[{"href":"https:\/\/www.imakeyousmile.se\/es\/wp-json\/wp\/v2\/posts\/26556"}],"collection":[{"href":"https:\/\/www.imakeyousmile.se\/es\/wp-json\/wp\/v2\/posts"}],"about":[{"href":"https:\/\/www.imakeyousmile.se\/es\/wp-json\/wp\/v2\/types\/post"}],"author":[{"embeddable":true,"href":"https:\/\/www.imakeyousmile.se\/es\/wp-json\/wp\/v2\/users\/30"}],"replies":[{"embeddable":true,"href":"https:\/\/www.imakeyousmile.se\/es\/wp-json\/wp\/v2\/comments?post=26556"}],"version-history":[{"count":3,"href":"https:\/\/www.imakeyousmile.se\/es\/wp-json\/wp\/v2\/posts\/26556\/revisions"}],"predecessor-version":[{"id":37427,"href":"https:\/\/www.imakeyousmile.se\/es\/wp-json\/wp\/v2\/posts\/26556\/revisions\/37427"}],"wp:featuredmedia":[{"embeddable":true,"href":"https:\/\/www.imakeyousmile.se\/es\/wp-json\/wp\/v2\/media\/26557"}],"wp:attachment":[{"href":"https:\/\/www.imakeyousmile.se\/es\/wp-json\/wp\/v2\/media?parent=26556"}],"wp:term":[{"taxonomy":"category","embeddable":true,"href":"https:\/\/www.imakeyousmile.se\/es\/wp-json\/wp\/v2\/categories?post=26556"},{"taxonomy":"post_tag","embeddable":true,"href":"https:\/\/www.imakeyousmile.se\/es\/wp-json\/wp\/v2\/tags?post=26556"}],"curies":[{"name":"wp","href":"https:\/\/api.w.org\/{rel}","templated":true}]}}