{"id":26564,"date":"2016-07-20T06:00:29","date_gmt":"2016-07-20T04:00:29","guid":{"rendered":"http:\/\/www.imakeyousmile.se\/?p=26564"},"modified":"2021-09-15T11:01:11","modified_gmt":"2021-09-15T09:01:11","slug":"sminkning-som-lyfter-blicken","status":"publish","type":"post","link":"https:\/\/www.imakeyousmile.se\/es\/maquillaje-que-levanta-la-mirada\/","title":{"rendered":"Maquillaje que levanta la mirada"},"content":{"rendered":"<p>Pens\u00e9 en hacer una &quot;serie&quot; de maquillajes donde muestro c\u00f3mo se puede pensar en funci\u00f3n del efecto que se desee en los ojos - por ejemplo, si se quiere un maquillaje que levante los ojos, agrande los ojos, una mirada m\u00e1s intensa, etc.<\/p>\n<p>Y el primero de hoy es un maquillaje en el que muestro c\u00f3mo &quot;levantar la mirada&quot;, lo que te hace ver un poco m\u00e1s alerta, y se vuelve un poco m\u00e1s efectivo en personas con p\u00e1rpados un poco ca\u00eddos.<\/p>\n<p>En lo que normalmente pienso es que cuando pones mucha oscuridad, el enfoque termina de manera que el ojo se &quot;tira&quot; en esa direcci\u00f3n. As\u00ed que hoy les muestro un maquillaje con todo el foco en la parte superior del ojo, que atrae la mirada hacia arriba y se vuelve como un peque\u00f1o lifting :)<\/p>\n<p>Espero que entiendas lo que quiero decir y pienses que la publicaci\u00f3n es \u00fatil.<\/p>\n<p><img loading=\"lazy\" decoding=\"async\" class=\"alignnone size-full wp-image-26566\" src=\"http:\/\/www.imakeyousmile.se\/wp-content\/uploads\/2016\/07\/IMG_1464_111.jpg\" alt=\"IMG_1464_111\" width=\"2500\" height=\"2440\" srcset=\"https:\/\/www.imakeyousmile.se\/wp-content\/uploads\/2016\/07\/IMG_1464_111.jpg 2500w, https:\/\/www.imakeyousmile.se\/wp-content\/uploads\/2016\/07\/IMG_1464_111-300x293.jpg 300w, https:\/\/www.imakeyousmile.se\/wp-content\/uploads\/2016\/07\/IMG_1464_111-768x750.jpg 768w, https:\/\/www.imakeyousmile.se\/wp-content\/uploads\/2016\/07\/IMG_1464_111-1024x999.jpg 1024w, https:\/\/www.imakeyousmile.se\/wp-content\/uploads\/2016\/07\/IMG_1464_111-696x679.jpg 696w, https:\/\/www.imakeyousmile.se\/wp-content\/uploads\/2016\/07\/IMG_1464_111-1068x1042.jpg 1068w, https:\/\/www.imakeyousmile.se\/wp-content\/uploads\/2016\/07\/IMG_1464_111-430x420.jpg 430w\" sizes=\"(max-width: 2500px) 100vw, 2500px\" \/><\/p>\n<p><strong>Bassmink:<\/strong><br \/>\nFundaci\u00f3n -<a href=\"https:\/\/ion.lyko.com\/t\/t?a=1117786221&amp;as=1548102449&amp;t=2&amp;tk=1&amp;epi=search-replace-pressedbase&amp;url=https:\/\/lyko.com\/sv\/glo-skin-beauty\/glominerals-pressed-base-golden-medium\" target=\"_blank\" rel=\"noopener\">\u00a0Base de Maquillaje GloMinerals Pressed Base<\/a> (Medio dorado)<br \/>\nPolvo que neutraliza el rojo -\u00a0<a href=\"https:\/\/ion.lyko.com\/t\/t?a=1117786221&amp;as=1548102449&amp;t=2&amp;tk=1&amp;epi=search-replace-rednessrelief&amp;url=https:\/\/lyko.com\/sv\/glo-skin-beauty\/glo-skin-bea-rednessrelief-powder\/\">polvo para aliviar el enrojecimiento de gloMinerals<br \/>\n<\/a>Contorneado -<a href=\"http:\/\/creativemakeup.se\/produkt\/paese-bronzing-powder\/\" target=\"_blank\" rel=\"noopener\">\u00a0Polvo Bronceador Paese<\/a> (1 M)<a href=\"https:\/\/ion.lyko.com\/t\/t?a=1117786221&amp;as=1548102449&amp;t=2&amp;tk=1&amp;epi=search-replace-pixipalette&amp;url=https:\/\/lyko.com\/sv\/sok?q=pixi+palette\/\"><br \/>\n<\/a><a href=\"https:\/\/ion.lyko.com\/t\/t?a=1117786221&amp;as=1548102449&amp;t=2&amp;tk=1&amp;epi=search-replace-pixipalette&amp;url=https:\/\/lyko.com\/sv\/sok?q=pixi+palette\/\">\u2028<\/a>Colorete -\u00a0<a href=\"https:\/\/ion.lyko.com\/t\/t?a=1117786221&amp;as=1548102449&amp;t=2&amp;tk=1&amp;epi=search-replace-globlush&amp;url=https:\/\/lyko.com\/sv\/glo-skin-beauty\/glominerals-blush-sweet\" target=\"_blank\" rel=\"noopener\">rubor gloMinerals<\/a> (Papaya)<a href=\"http:\/\/creativemakeup.se\/produkt\/paese-bamboo-silk-powder\/\"><br \/>\n<\/a>Niebla reparadora -\u00a0<a href=\"https:\/\/ion.lyko.com\/t\/t?a=1117786221&amp;as=1548102449&amp;t=2&amp;tk=1&amp;epi=search-replace-fixingmist&amp;url=https:\/\/lyko.com\/sv\/pixi\/pixi-makeup-fixing-mist\">Bruma fijadora de maquillaje Pixi<\/a><\/p>\n<p><strong>Cejas -<\/strong><a href=\"https:\/\/ion.lyko.com\/t\/t?a=1117786221&amp;as=1548102449&amp;t=2&amp;tk=1&amp;epi=search-replace-brow-duo&amp;url=https:\/\/lyko.com\/sv\/pixi\/pixi-natural-brow-duo-natural-brown\/\" target=\"_blank\" rel=\"noopener\">\u00a0Pixi Natural Brow Duo\u00a0<\/a>(Marr\u00f3n natural)<br \/>\n<strong>Barra de labios mate -<\/strong>\u00a0Las noticias de Paese, que entrar\u00e1n en la tienda y en la tienda web a finales de verano \/ principios de oto\u00f1o, las han puesto a prueba y est\u00e1n muy contentas.<\/p>\n<p><img loading=\"lazy\" decoding=\"async\" class=\"alignnone size-full wp-image-26568\" src=\"http:\/\/www.imakeyousmile.se\/wp-content\/uploads\/2016\/07\/tutorialfjorton_111.jpg\" alt=\"tutorialfjorton_111\" width=\"2500\" height=\"2585\" srcset=\"https:\/\/www.imakeyousmile.se\/wp-content\/uploads\/2016\/07\/tutorialfjorton_111.jpg 2500w, https:\/\/www.imakeyousmile.se\/wp-content\/uploads\/2016\/07\/tutorialfjorton_111-290x300.jpg 290w, https:\/\/www.imakeyousmile.se\/wp-content\/uploads\/2016\/07\/tutorialfjorton_111-768x794.jpg 768w, https:\/\/www.imakeyousmile.se\/wp-content\/uploads\/2016\/07\/tutorialfjorton_111-990x1024.jpg 990w, https:\/\/www.imakeyousmile.se\/wp-content\/uploads\/2016\/07\/tutorialfjorton_111-696x720.jpg 696w, https:\/\/www.imakeyousmile.se\/wp-content\/uploads\/2016\/07\/tutorialfjorton_111-1068x1104.jpg 1068w, https:\/\/www.imakeyousmile.se\/wp-content\/uploads\/2016\/07\/tutorialfjorton_111-406x420.jpg 406w\" sizes=\"(max-width: 2500px) 100vw, 2500px\" \/><\/p>\n<ol>\n<li>Delineador de ojos blanquecino a lo largo de la l\u00ednea de las pesta\u00f1as inferiores, <a href=\"https:\/\/ion.jordklok.se\/t\/t?a=1236848151&amp;as=1548102449&amp;t=2&amp;tk=1&amp;epi=search-replace-benecoskajal&amp;url=https:\/\/www.jordklok.se\/sv\/articles\/2.80.3594\/benecos-natural-kajalpenna-113-g?q=Benecos%20Natural%20Kajalpenna,%201,13%20g\/\" target=\"_blank\" rel=\"noopener\">Benecos Natural Blanco Kajal<\/a><\/li>\n<li>Delineador de pesta\u00f1as negro \/ marcado de flecos,<a href=\"http:\/\/creativemakeup.se\/produkt\/paese-kasmir-matte-black-eyeshadow\/\" target=\"_blank\" rel=\"noopener\"> Sombra de ojos Paese Kashmir<\/a> (602)<\/li>\n<li>Marque el borde exterior del ojo con una l\u00ednea desde la esquina exterior del ojo y hacia afuera, preferiblemente en el mismo \u00e1ngulo \/ pendiente que la l\u00ednea de las pesta\u00f1as inferiores para lograr un efecto de elevaci\u00f3n lo m\u00e1s elevado posible.<\/li>\n<li>Aplica m\u00e1s sombra de ojos negra en el borde inferior del p\u00e1rpado y difumina un poco el borde.<\/li>\n<li>Mire al frente en el espejo, relaje la frente, aplique sombra de ojos marr\u00f3n sobre la l\u00ednea del pliegue para que la sombra de ojos marr\u00f3n sea visible incluso cuando mire hacia adelante, entonces obtendr\u00e1 un efecto de elevaci\u00f3n a\u00fan mayor.<a href=\"http:\/\/creativemakeup.se\/produkt\/paese-opal-eyeshadow\/\" target=\"_blank\" rel=\"noopener\"> Sombra de ojos Paese Opal <\/a>(Cafe con leche)<\/li>\n<li>Mire de nuevo todo el p\u00e1rpado y ver\u00e1 cu\u00e1nta piel hay &quot;dentro de la l\u00ednea del globo&quot; cuando mire al frente.<\/li>\n<li>Rellena todo el p\u00e1rpado con la misma sombra de ojos marr\u00f3n y difumina el negro en el borde inferior.<\/li>\n<li>Sombra de ojos clara en el rabillo del ojo,<a href=\"http:\/\/creativemakeup.se\/produkt\/paese-opal-eyeshadow\/\" target=\"_blank\" rel=\"noopener\">\u00a0Sombra de ojos Paese Opal<\/a> (Cafe con leche)<br \/>\nR\u00edmel negro en las pesta\u00f1as superiores (solo en la parte superior),<a href=\"http:\/\/creativemakeup.se\/produkt\/santhilea-magnetic-lash-mascara\/\" target=\"_blank\" rel=\"noopener\"> M\u00e1scara de pesta\u00f1as magn\u00e9tica<\/a><\/li>\n<\/ol>\n<p>\u00a1Claro!<\/p>\n<p><img loading=\"lazy\" decoding=\"async\" class=\"alignnone size-full wp-image-26569\" src=\"http:\/\/www.imakeyousmile.se\/wp-content\/uploads\/2016\/07\/IMG_1522_111.jpg\" alt=\"IMG_1522_111\" width=\"2500\" height=\"2612\" srcset=\"https:\/\/www.imakeyousmile.se\/wp-content\/uploads\/2016\/07\/IMG_1522_111.jpg 2450w, https:\/\/www.imakeyousmile.se\/wp-content\/uploads\/2016\/07\/IMG_1522_111-287x300.jpg 287w, https:\/\/www.imakeyousmile.se\/wp-content\/uploads\/2016\/07\/IMG_1522_111-768x802.jpg 768w, https:\/\/www.imakeyousmile.se\/wp-content\/uploads\/2016\/07\/IMG_1522_111-980x1024.jpg 980w, https:\/\/www.imakeyousmile.se\/wp-content\/uploads\/2016\/07\/IMG_1522_111-696x727.jpg 696w, https:\/\/www.imakeyousmile.se\/wp-content\/uploads\/2016\/07\/IMG_1522_111-1068x1116.jpg 1068w, https:\/\/www.imakeyousmile.se\/wp-content\/uploads\/2016\/07\/IMG_1522_111-402x420.jpg 402w\" sizes=\"(max-width: 2500px) 100vw, 2500px\" \/> <img loading=\"lazy\" decoding=\"async\" class=\"alignnone size-full wp-image-26570\" src=\"http:\/\/www.imakeyousmile.se\/wp-content\/uploads\/2016\/07\/IMG_1515_111.jpg\" alt=\"IMG_1515_111\" width=\"2500\" height=\"2980\" srcset=\"https:\/\/www.imakeyousmile.se\/wp-content\/uploads\/2016\/07\/IMG_1515_111.jpg 2148w, https:\/\/www.imakeyousmile.se\/wp-content\/uploads\/2016\/07\/IMG_1515_111-252x300.jpg 252w, https:\/\/www.imakeyousmile.se\/wp-content\/uploads\/2016\/07\/IMG_1515_111-768x915.jpg 768w, https:\/\/www.imakeyousmile.se\/wp-content\/uploads\/2016\/07\/IMG_1515_111-859x1024.jpg 859w, https:\/\/www.imakeyousmile.se\/wp-content\/uploads\/2016\/07\/IMG_1515_111-696x830.jpg 696w, https:\/\/www.imakeyousmile.se\/wp-content\/uploads\/2016\/07\/IMG_1515_111-1068x1273.jpg 1068w, https:\/\/www.imakeyousmile.se\/wp-content\/uploads\/2016\/07\/IMG_1515_111-352x420.jpg 352w\" sizes=\"(max-width: 2500px) 100vw, 2500px\" \/> <img loading=\"lazy\" decoding=\"async\" class=\"alignnone size-full wp-image-26571\" src=\"http:\/\/www.imakeyousmile.se\/wp-content\/uploads\/2016\/07\/IMG_1482_111.jpg\" alt=\"IMG_1482_111\" width=\"2500\" height=\"2773\" srcset=\"https:\/\/www.imakeyousmile.se\/wp-content\/uploads\/2016\/07\/IMG_1482_111.jpg 2308w, https:\/\/www.imakeyousmile.se\/wp-content\/uploads\/2016\/07\/IMG_1482_111-270x300.jpg 270w, https:\/\/www.imakeyousmile.se\/wp-content\/uploads\/2016\/07\/IMG_1482_111-768x852.jpg 768w, https:\/\/www.imakeyousmile.se\/wp-content\/uploads\/2016\/07\/IMG_1482_111-923x1024.jpg 923w, https:\/\/www.imakeyousmile.se\/wp-content\/uploads\/2016\/07\/IMG_1482_111-696x772.jpg 696w, https:\/\/www.imakeyousmile.se\/wp-content\/uploads\/2016\/07\/IMG_1482_111-1068x1185.jpg 1068w, https:\/\/www.imakeyousmile.se\/wp-content\/uploads\/2016\/07\/IMG_1482_111-379x420.jpg 379w\" sizes=\"(max-width: 2500px) 100vw, 2500px\" \/><\/p>\n<p>Grita si tienes alguna pregunta \u2665<\/p>","protected":false},"excerpt":{"rendered":"<p>Jag t\u00e4nkte g\u00f6ra en &#8221;serie&#8221; med sminkningar d\u00e4r jag visar hur man kan t\u00e4nka beroende p\u00e5 vad man vill ha f\u00f6r effekt p\u00e5 \u00f6gonen\u00a0&#8211; tillexempel om man vill ha en sminkning som lyfter \u00f6gonen, f\u00f6rstorar \u00f6gonen, en mer intensiv blick o.s.v. Och f\u00f6rst ut \u00e4r idag en sminkning d\u00e4r jag visar hur man kan &#8221;lyfta [&hellip;]<\/p>\n","protected":false},"author":30,"featured_media":26568,"comment_status":"open","ping_status":"closed","sticky":false,"template":"","format":"standard","meta":{"footnotes":""},"categories":[9,2827,3919],"tags":[4045,4479,4658,25,4299,1864,1865,56,2754,58,5074,2579,3432,15,3104,4315,3726,1939,4086,433,54,72,498,629],"class_list":{"0":"post-26564","1":"post","2":"type-post","3":"status-publish","4":"format-standard","5":"has-post-thumbnail","6":"hentry","7":"category-partysminkningar","8":"category-vardagssminkningar","9":"category-sminktips","10":"tag-beauty-blog","11":"tag-benecos-natural-white-kajal","12":"tag-glominerals-blush","13":"tag-glominerals-pressed-base","14":"tag-glominerals-redness-relief-powder","15":"tag-magnetic-lash","16":"tag-magnetic-lash-mascara","17":"tag-makeup-blog","18":"tag-makeup-pictorial","19":"tag-makeup-tutorial","20":"tag-paese-bronzing-powder","21":"tag-paese-kashmir","22":"tag-paese-opal","23":"tag-partysminkning","24":"tag-pink-lips","25":"tag-pixi-makeup-fixing-mist","27":"tag-rosa-lappar","28":"tag-santhilea","29":"tag-skonhetsblogg","30":"tag-sminkblogg","31":"tag-sminktips","32":"tag-smokey-eyes","33":"tag-vardagssminkning"},"yoast_head":"<!-- This site is optimized with the Yoast SEO Premium plugin v14.9 - https:\/\/yoast.com\/wordpress\/plugins\/seo\/ -->\n<meta name=\"description\" content=\"Sminkning som lyfter blicken | Helena Amiley - H\u00e4r hittar du senaste infromation om sk\u00f6nhet, livsstil, entrepren\u00f6rskap, makeup &amp; tips.\" \/>\n<meta name=\"robots\" content=\"index, follow, max-snippet:-1, max-image-preview:large, max-video-preview:-1\" \/>\n<link rel=\"canonical\" href=\"https:\/\/www.imakeyousmile.se\/es\/sminkning-som-lyfter-blicken\/\" \/>\n<meta property=\"og:locale\" content=\"es_ES\" \/>\n<meta property=\"og:type\" content=\"article\" \/>\n<meta property=\"og:title\" content=\"Sminkning som lyfter blicken | Imakeyousmile.se\" \/>\n<meta property=\"og:description\" content=\"Sminkning som lyfter blicken | Helena Amiley - H\u00e4r hittar du senaste infromation om sk\u00f6nhet, livsstil, entrepren\u00f6rskap, makeup &amp; tips.\" \/>\n<meta property=\"og:url\" content=\"https:\/\/www.imakeyousmile.se\/es\/sminkning-som-lyfter-blicken\/\" \/>\n<meta property=\"og:site_name\" content=\"Imakeyousmile.se\" \/>\n<meta property=\"article:author\" content=\"https:\/\/www.facebook.com\/imakeyousmile.se\" \/>\n<meta property=\"article:published_time\" content=\"2016-07-20T04:00:29+00:00\" \/>\n<meta property=\"article:modified_time\" content=\"2021-09-15T09:01:11+00:00\" \/>\n<meta property=\"og:image\" content=\"https:\/\/www.imakeyousmile.se\/wp-content\/uploads\/2016\/07\/tutorialfjorton_111.jpg\" \/>\n\t<meta property=\"og:image:width\" content=\"2500\" \/>\n\t<meta property=\"og:image:height\" content=\"2585\" \/>\n<meta name=\"twitter:card\" content=\"summary_large_image\" \/>\n<script type=\"application\/ld+json\" class=\"yoast-schema-graph\">{\"@context\":\"https:\/\/schema.org\",\"@graph\":[{\"@type\":\"Organization\",\"@id\":\"https:\/\/www.imakeyousmile.se\/es\/#organization\",\"name\":\"Imakeyousmile\",\"url\":\"https:\/\/www.imakeyousmile.se\/es\/\",\"sameAs\":[],\"logo\":{\"@type\":\"ImageObject\",\"@id\":\"https:\/\/www.imakeyousmile.se\/es\/#logo\",\"inLanguage\":\"es\",\"url\":\"https:\/\/www.imakeyousmile.se\/wp-content\/uploads\/2020\/10\/HELENA-AMILEY_SVART-1-e1603367975324.png\",\"width\":280,\"height\":93,\"caption\":\"Imakeyousmile\"},\"image\":{\"@id\":\"https:\/\/www.imakeyousmile.se\/es\/#logo\"}},{\"@type\":\"WebSite\",\"@id\":\"https:\/\/www.imakeyousmile.se\/es\/#website\",\"url\":\"https:\/\/www.imakeyousmile.se\/es\/\",\"name\":\"Imakeyousmile.se\",\"description\":\"Helena Amiley - Beauty, Entrepreneur, Lifestyle\",\"publisher\":{\"@id\":\"https:\/\/www.imakeyousmile.se\/es\/#organization\"},\"potentialAction\":[{\"@type\":\"SearchAction\",\"target\":\"https:\/\/www.imakeyousmile.se\/es\/?s={search_term_string}\",\"query-input\":\"required name=search_term_string\"}],\"inLanguage\":\"es\"},{\"@type\":\"ImageObject\",\"@id\":\"https:\/\/www.imakeyousmile.se\/sminkning-som-lyfter-blicken\/#primaryimage\",\"inLanguage\":\"es\",\"url\":\"https:\/\/www.imakeyousmile.se\/wp-content\/uploads\/2016\/07\/tutorialfjorton_111.jpg\",\"width\":2500,\"height\":2585},{\"@type\":\"WebPage\",\"@id\":\"https:\/\/www.imakeyousmile.se\/sminkning-som-lyfter-blicken\/#webpage\",\"url\":\"https:\/\/www.imakeyousmile.se\/sminkning-som-lyfter-blicken\/\",\"name\":\"Sminkning som lyfter blicken | Imakeyousmile.se\",\"isPartOf\":{\"@id\":\"https:\/\/www.imakeyousmile.se\/es\/#website\"},\"primaryImageOfPage\":{\"@id\":\"https:\/\/www.imakeyousmile.se\/sminkning-som-lyfter-blicken\/#primaryimage\"},\"datePublished\":\"2016-07-20T04:00:29+00:00\",\"dateModified\":\"2021-09-15T09:01:11+00:00\",\"description\":\"Sminkning som lyfter blicken | Helena Amiley - H\\u00e4r hittar du senaste infromation om sk\\u00f6nhet, livsstil, entrepren\\u00f6rskap, makeup & tips.\",\"inLanguage\":\"es\",\"potentialAction\":[{\"@type\":\"ReadAction\",\"target\":[\"https:\/\/www.imakeyousmile.se\/sminkning-som-lyfter-blicken\/\"]}]},{\"@type\":\"Article\",\"@id\":\"https:\/\/www.imakeyousmile.se\/sminkning-som-lyfter-blicken\/#article\",\"isPartOf\":{\"@id\":\"https:\/\/www.imakeyousmile.se\/sminkning-som-lyfter-blicken\/#webpage\"},\"author\":{\"@id\":\"https:\/\/www.imakeyousmile.se\/es\/#\/schema\/person\/b0fd43b1c6bb1c60cfd68bff9b4a10fb\"},\"headline\":\"Sminkning som lyfter blicken\",\"datePublished\":\"2016-07-20T04:00:29+00:00\",\"dateModified\":\"2021-09-15T09:01:11+00:00\",\"mainEntityOfPage\":{\"@id\":\"https:\/\/www.imakeyousmile.se\/sminkning-som-lyfter-blicken\/#webpage\"},\"commentCount\":0,\"publisher\":{\"@id\":\"https:\/\/www.imakeyousmile.se\/es\/#organization\"},\"image\":{\"@id\":\"https:\/\/www.imakeyousmile.se\/sminkning-som-lyfter-blicken\/#primaryimage\"},\"keywords\":\"beauty blog,benecos natural white kajal,glominerals blush,gloMinerals Pressed Base,glominerals redness relief powder,magnetic lash,magnetic lash mascara,makeup blog,makeup pictorial.,makeup tutorial,paese bronzing powder,paese kashmir,paese opal,Partysminkning,pink lips,pixi makeup fixing mist,Pixi Natural Brow Duo,rosa l\\u00e4ppar,santhilea,sk\\u00f6nhetsblogg,sminkblogg,sminktips,smokey eyes,vardagssminkning\",\"articleSection\":\"M\\u00f6rka \/ festliga sminkningar,Neutrala \/ milda sminkningar,Sminktips\",\"inLanguage\":\"es\",\"potentialAction\":[{\"@type\":\"CommentAction\",\"name\":\"Comment\",\"target\":[\"https:\/\/www.imakeyousmile.se\/sminkning-som-lyfter-blicken\/#respond\"]}]},{\"@type\":\"Person\",\"@id\":\"https:\/\/www.imakeyousmile.se\/es\/#\/schema\/person\/b0fd43b1c6bb1c60cfd68bff9b4a10fb\",\"name\":\"Helena Amiley\",\"image\":{\"@type\":\"ImageObject\",\"@id\":\"https:\/\/www.imakeyousmile.se\/es\/#personlogo\",\"inLanguage\":\"es\",\"url\":\"https:\/\/secure.gravatar.com\/avatar\/5645558e1e355457a23368d7e1b4c904?s=96&d=mm&r=g\",\"caption\":\"Helena Amiley\"},\"description\":\"Jag skriver mest om sk\\u00f6nhet men bjuder \\u00e4ven p\\u00e5 glimtar fr\\u00e5n entrepren\\u00f6rlivet och bygget av v\\u00e5r egen camper van. Vanlife here we come!\",\"sameAs\":[\"https:\/\/www.facebook.com\/imakeyousmile.se\",\"https:\/\/www.instagram.com\/helenaamiley\",\"https:\/\/www.youtube.com\/channel\/UCR5iB6rvpV6Yr8ZjpQfr5mg?view_as=subscriber\"]}]}<\/script>\n<!-- \/ Yoast SEO Premium plugin. -->","_links":{"self":[{"href":"https:\/\/www.imakeyousmile.se\/es\/wp-json\/wp\/v2\/posts\/26564"}],"collection":[{"href":"https:\/\/www.imakeyousmile.se\/es\/wp-json\/wp\/v2\/posts"}],"about":[{"href":"https:\/\/www.imakeyousmile.se\/es\/wp-json\/wp\/v2\/types\/post"}],"author":[{"embeddable":true,"href":"https:\/\/www.imakeyousmile.se\/es\/wp-json\/wp\/v2\/users\/30"}],"replies":[{"embeddable":true,"href":"https:\/\/www.imakeyousmile.se\/es\/wp-json\/wp\/v2\/comments?post=26564"}],"version-history":[{"count":4,"href":"https:\/\/www.imakeyousmile.se\/es\/wp-json\/wp\/v2\/posts\/26564\/revisions"}],"predecessor-version":[{"id":40901,"href":"https:\/\/www.imakeyousmile.se\/es\/wp-json\/wp\/v2\/posts\/26564\/revisions\/40901"}],"wp:featuredmedia":[{"embeddable":true,"href":"https:\/\/www.imakeyousmile.se\/es\/wp-json\/wp\/v2\/media\/26568"}],"wp:attachment":[{"href":"https:\/\/www.imakeyousmile.se\/es\/wp-json\/wp\/v2\/media?parent=26564"}],"wp:term":[{"taxonomy":"category","embeddable":true,"href":"https:\/\/www.imakeyousmile.se\/es\/wp-json\/wp\/v2\/categories?post=26564"},{"taxonomy":"post_tag","embeddable":true,"href":"https:\/\/www.imakeyousmile.se\/es\/wp-json\/wp\/v2\/tags?post=26564"}],"curies":[{"name":"wp","href":"https:\/\/api.w.org\/{rel}","templated":true}]}}