{"id":26675,"date":"2016-08-05T12:23:15","date_gmt":"2016-08-05T10:23:15","guid":{"rendered":"http:\/\/www.imakeyousmile.se\/?p=26675"},"modified":"2016-08-05T12:23:15","modified_gmt":"2016-08-05T10:23:15","slug":"nytt-utseende-botanicals-clay-mask","status":"publish","type":"post","link":"https:\/\/www.imakeyousmile.se\/es\/mascarilla-de-arcilla-botanicos-nuevos\/","title":{"rendered":"Nuevo look - Mascarilla de arcilla Botanicals"},"content":{"rendered":"<p>Botanicals ha desarrollado su apariencia en las m\u00e1scaras de arcilla incre\u00edblemente populares &quot;M\u00e1scara equilibradora&quot; y &quot;M\u00e1scara revitalizante&quot;, pero el contenido es exactamente la misma mascarilla facial impresionante :)<\/p>\n<p>El envase sigue siendo un peque\u00f1o tarro dulce como antes, pero un poco cambiado y sobre todo la mascarilla para pieles impuras es de otro color, \u00a1que los que trabajamos con las mascarillas pensamos que es muy bueno! Antes, eran tan similares que era dif\u00edcil separarlos al desempacar pedidos, etc. \u00a1Pero ahora est\u00e1 claro cu\u00e1l es cu\u00e1l!<\/p>\n<p>Adem\u00e1s, la Mascarilla Equilibrante ahora se llama &quot;Mascarilla Desintoxicante Equilibrante&quot;, que en mi opini\u00f3n tambi\u00e9n es un nombre m\u00e1s apropiado, realmente desintoxica la piel y elimina la suciedad y las impurezas de manera muy efectiva.<\/p>\n<p>As\u00ed es como se ven los frascos ahora:<\/p>\n<p><img loading=\"lazy\" decoding=\"async\" class=\"alignnone size-full wp-image-26678\" src=\"http:\/\/www.imakeyousmile.se\/wp-content\/uploads\/2016\/08\/IMG_2266_111.jpg\" alt=\"IMG_2266_111\" width=\"2500\" height=\"1366\" srcset=\"https:\/\/www.imakeyousmile.se\/wp-content\/uploads\/2016\/08\/IMG_2266_111.jpg 2500w, https:\/\/www.imakeyousmile.se\/wp-content\/uploads\/2016\/08\/IMG_2266_111-300x164.jpg 300w, https:\/\/www.imakeyousmile.se\/wp-content\/uploads\/2016\/08\/IMG_2266_111-768x420.jpg 768w, https:\/\/www.imakeyousmile.se\/wp-content\/uploads\/2016\/08\/IMG_2266_111-1024x560.jpg 1024w, https:\/\/www.imakeyousmile.se\/wp-content\/uploads\/2016\/08\/IMG_2266_111-696x380.jpg 696w, https:\/\/www.imakeyousmile.se\/wp-content\/uploads\/2016\/08\/IMG_2266_111-1068x584.jpg 1068w, https:\/\/www.imakeyousmile.se\/wp-content\/uploads\/2016\/08\/IMG_2266_111-769x420.jpg 769w\" sizes=\"(max-width: 2500px) 100vw, 2500px\" \/><\/p>\n<p>Fina va? Casi igual que antes, pero un poco mejor :)<\/p>\n<p><img loading=\"lazy\" decoding=\"async\" class=\"alignnone size-full wp-image-26679\" src=\"http:\/\/www.imakeyousmile.se\/wp-content\/uploads\/2016\/08\/IMG_2272_111.jpg\" alt=\"IMG_2272_111\" width=\"2500\" height=\"1779\" srcset=\"https:\/\/www.imakeyousmile.se\/wp-content\/uploads\/2016\/08\/IMG_2272_111.jpg 2500w, https:\/\/www.imakeyousmile.se\/wp-content\/uploads\/2016\/08\/IMG_2272_111-300x213.jpg 300w, https:\/\/www.imakeyousmile.se\/wp-content\/uploads\/2016\/08\/IMG_2272_111-768x547.jpg 768w, https:\/\/www.imakeyousmile.se\/wp-content\/uploads\/2016\/08\/IMG_2272_111-1024x729.jpg 1024w, https:\/\/www.imakeyousmile.se\/wp-content\/uploads\/2016\/08\/IMG_2272_111-100x70.jpg 100w, https:\/\/www.imakeyousmile.se\/wp-content\/uploads\/2016\/08\/IMG_2272_111-696x495.jpg 696w, https:\/\/www.imakeyousmile.se\/wp-content\/uploads\/2016\/08\/IMG_2272_111-1068x760.jpg 1068w, https:\/\/www.imakeyousmile.se\/wp-content\/uploads\/2016\/08\/IMG_2272_111-590x420.jpg 590w\" sizes=\"(max-width: 2500px) 100vw, 2500px\" \/><\/p>\n<p>Tambi\u00e9n han recibido el bonito logotipo en la tapa de la lata, que anteriormente era todo negro.<\/p>\n<p><img loading=\"lazy\" decoding=\"async\" class=\"alignnone size-full wp-image-26680\" src=\"http:\/\/www.imakeyousmile.se\/wp-content\/uploads\/2016\/08\/IMG_2278_111.jpg\" alt=\"IMG_2278_111\" width=\"2500\" height=\"1369\" srcset=\"https:\/\/www.imakeyousmile.se\/wp-content\/uploads\/2016\/08\/IMG_2278_111.jpg 2500w, https:\/\/www.imakeyousmile.se\/wp-content\/uploads\/2016\/08\/IMG_2278_111-300x164.jpg 300w, https:\/\/www.imakeyousmile.se\/wp-content\/uploads\/2016\/08\/IMG_2278_111-768x421.jpg 768w, https:\/\/www.imakeyousmile.se\/wp-content\/uploads\/2016\/08\/IMG_2278_111-1024x561.jpg 1024w, https:\/\/www.imakeyousmile.se\/wp-content\/uploads\/2016\/08\/IMG_2278_111-696x381.jpg 696w, https:\/\/www.imakeyousmile.se\/wp-content\/uploads\/2016\/08\/IMG_2278_111-1068x585.jpg 1068w, https:\/\/www.imakeyousmile.se\/wp-content\/uploads\/2016\/08\/IMG_2278_111-767x420.jpg 767w\" sizes=\"(max-width: 2500px) 100vw, 2500px\" \/><\/p>\n<p>Botanicals Clay Mask son m\u00e1scaras de arcilla para el rostro que son 100% natural y 70% org\u00e1nico. Adem\u00e1s de la arcilla, incluyen aceites de cuidado, manteca de karit\u00e9 y vitamina E. Ambos son hidratantes, emolientes y sobre todo limpiadores de la piel.<\/p>\n<p>La arcilla tiene muchas propiedades positivas para la piel:<\/p>\n<p><strong>Barro verde<\/strong>\u00a0Tiene enormes propiedades absorbentes, a menudo se dice que literalmente &quot;bebe&quot; toxinas, bacterias e impurezas de la piel y es un verdadero tratamiento detox. Absorbe grasas e impurezas, efecto astringente en los poros, desintoxica, es rico en minerales, reduce la inflamaci\u00f3n, equilibra la producci\u00f3n de sebo, equilibra el pH, unifica el tono de la piel y le da un brillo fresco. \u00a1Simplemente est\u00e1 hecho para una piel que tiene problemas de grasa y granos! La arcilla verde de las m\u00e1scaras de Botanical proviene de Sicilia.<\/p>\n<p><strong>Roslera francesa\u00a0<\/strong>es una arcilla de caol\u00edn suave (a veces llamada caol\u00edn rosa o arcilla rosa) que desintoxica la piel, exfolia (elimina las c\u00e9lulas muertas de la piel), reduce el enrojecimiento y la inflamaci\u00f3n e irritaci\u00f3n, tiene efecto astringente en los poros, equilibra el pH, aumenta la circulaci\u00f3n sangu\u00ednea, aumenta la producci\u00f3n de col\u00e1geno, ayuda a la renovaci\u00f3n celular, reduce las manchas de pigmento, le da a la piel un brillo agradable. No extrae aceite de la piel y es perfecto para pieles secas, sensibles y sobre todo maduras.<\/p>\n<p>La arcilla pura puede ser un poco deshidratante para la piel, especialmente la arcilla verde, que generalmente no se recomienda para pieles secas. Pero estas mascarillas faciales contienen ingredientes tan incre\u00edblemente hidratantes y de cuidado que ninguna de las mascarillas deshidrata. Por lo tanto, incluso la mascarilla con arcilla verde para pieles grasas e impuras se puede usar incluso si, por ejemplo, est\u00e1 seco pero tiene muchos problemas con los poros sucios.<\/p>\n<p><img loading=\"lazy\" decoding=\"async\" class=\"alignnone size-full wp-image-26682\" src=\"http:\/\/www.imakeyousmile.se\/wp-content\/uploads\/2016\/08\/IMG_2358_111.jpg\" alt=\"IMG_2358_111\" width=\"2500\" height=\"2013\" srcset=\"https:\/\/www.imakeyousmile.se\/wp-content\/uploads\/2016\/08\/IMG_2358_111.jpg 2500w, https:\/\/www.imakeyousmile.se\/wp-content\/uploads\/2016\/08\/IMG_2358_111-300x242.jpg 300w, https:\/\/www.imakeyousmile.se\/wp-content\/uploads\/2016\/08\/IMG_2358_111-768x618.jpg 768w, https:\/\/www.imakeyousmile.se\/wp-content\/uploads\/2016\/08\/IMG_2358_111-1024x825.jpg 1024w, https:\/\/www.imakeyousmile.se\/wp-content\/uploads\/2016\/08\/IMG_2358_111-696x560.jpg 696w, https:\/\/www.imakeyousmile.se\/wp-content\/uploads\/2016\/08\/IMG_2358_111-1068x860.jpg 1068w, https:\/\/www.imakeyousmile.se\/wp-content\/uploads\/2016\/08\/IMG_2358_111-522x420.jpg 522w\" sizes=\"(max-width: 2500px) 100vw, 2500px\" \/><\/p>\n<p><a href=\"http:\/\/creativemakeup.se\/produkt\/botanicals-clay-mask-rose-clay-rosehip\/\" target=\"_blank\">Mascarilla revitalizante de bot\u00e1nicos<\/a>\u00a0es una mascarilla facial adaptada para pieles cansadas, secas, sensibles y maduras.<\/p>\n<p>Adem\u00e1s de rosera, la mascarilla tambi\u00e9n contiene:<br \/>\n<strong>Rosolja -<\/strong>\u00a0Hidrata y repara la piel y se utiliza a menudo en el cuidado de la piel para pieles maduras.<br \/>\n<strong>Aceite de jojoba -<\/strong>\u00a0Es muy hidratante y nutritivo.<br \/>\n<strong>Aceite de camelia -<\/strong>\u00a0Reduce las l\u00edneas de expresi\u00f3n, hace que las estr\u00edas sean menos visibles y fortalece la piel.<br \/>\n<strong>Manteca de karit\u00e9 -<\/strong>\u00a0Calma la piel irritada y acelera el proceso de curaci\u00f3n.<\/p>\n<p><img loading=\"lazy\" decoding=\"async\" class=\"alignnone size-full wp-image-26681\" src=\"http:\/\/www.imakeyousmile.se\/wp-content\/uploads\/2016\/08\/IMG_2297_111.jpg\" alt=\"IMG_2297_111\" width=\"2500\" height=\"2232\" srcset=\"https:\/\/www.imakeyousmile.se\/wp-content\/uploads\/2016\/08\/IMG_2297_111.jpg 2500w, https:\/\/www.imakeyousmile.se\/wp-content\/uploads\/2016\/08\/IMG_2297_111-300x268.jpg 300w, https:\/\/www.imakeyousmile.se\/wp-content\/uploads\/2016\/08\/IMG_2297_111-768x686.jpg 768w, https:\/\/www.imakeyousmile.se\/wp-content\/uploads\/2016\/08\/IMG_2297_111-1024x914.jpg 1024w, https:\/\/www.imakeyousmile.se\/wp-content\/uploads\/2016\/08\/IMG_2297_111-696x621.jpg 696w, https:\/\/www.imakeyousmile.se\/wp-content\/uploads\/2016\/08\/IMG_2297_111-1068x954.jpg 1068w, https:\/\/www.imakeyousmile.se\/wp-content\/uploads\/2016\/08\/IMG_2297_111-470x420.jpg 470w\" sizes=\"(max-width: 2500px) 100vw, 2500px\" \/><\/p>\n<p><a href=\"https:\/\/ion.lyko.com\/t\/t?a=1117786221&#038;as=1548102449&#038;t=2&#038;tk=1&#038;epi=search-replace-claymask&#038;url=https:\/\/lyko.com\/sv\/sok?q=clay+mask\" target=\"_blank\">Mascarilla Detox Equilibrante Botanicals<\/a> es una mascarilla facial adaptada para pieles grasas e impuras que contraen acn\u00e9 f\u00e1cilmente. \u00a1La piel se vuelve limpia, clara e incre\u00edblemente suave y tersa!<\/p>\n<p>Adem\u00e1s de arcilla verde, la m\u00e1scara contiene, entre otras cosas:<br \/>\n<strong>Aceite de aguacate -<\/strong>Suaviza e hidrata y protege la piel, y tambi\u00e9n se adapta a pieles sensibles.<br \/>\n<strong>Aceite de jojoba -<\/strong> Calmante y de uso frecuente en el cuidado de la piel grasa, ya que equilibra la producci\u00f3n de sebo.<br \/>\n<strong>Cal\u00e9ndula -<\/strong>\u00a0Calma la piel irritada.<br \/>\n<strong>Limoncillo y mandarina -<\/strong> Mantiene la piel en equilibrio.<\/p>\n<p><img loading=\"lazy\" decoding=\"async\" class=\"alignnone size-full wp-image-26684\" src=\"http:\/\/www.imakeyousmile.se\/wp-content\/uploads\/2016\/08\/0.jpg\" alt=\"0\" width=\"2572\" height=\"1696\" srcset=\"https:\/\/www.imakeyousmile.se\/wp-content\/uploads\/2016\/08\/0.jpg 2572w, https:\/\/www.imakeyousmile.se\/wp-content\/uploads\/2016\/08\/0-300x198.jpg 300w, https:\/\/www.imakeyousmile.se\/wp-content\/uploads\/2016\/08\/0-768x506.jpg 768w, https:\/\/www.imakeyousmile.se\/wp-content\/uploads\/2016\/08\/0-1024x675.jpg 1024w, https:\/\/www.imakeyousmile.se\/wp-content\/uploads\/2016\/08\/0-696x459.jpg 696w, https:\/\/www.imakeyousmile.se\/wp-content\/uploads\/2016\/08\/0-1068x704.jpg 1068w, https:\/\/www.imakeyousmile.se\/wp-content\/uploads\/2016\/08\/0-637x420.jpg 637w\" sizes=\"(max-width: 2572px) 100vw, 2572px\" \/><\/p>\n<p>\u00a1VES literalmente c\u00f3mo se succiona por los poros gracias a la arcilla verde!<\/p>\n<p>Consigo esto visible solo alrededor de la nariz y un punto aqu\u00ed y all\u00e1 en la cara, pero sientes en la piel despu\u00e9s del uso regular que est\u00e1 m\u00e1s limpia en toda la cara, por lo que funciona incluso en \u00e1reas donde no es tanto que se ve bien.<\/p>\n<p>Soy una persona de la menstruaci\u00f3n con lo buena que soy cuidando mi piel, y ahora este verano he estado locamente mal y hace unas semanas cuando me pas\u00e9 la mascarilla por primera vez en mucho tiempo, era casi como una crema blanca en mi nariz:<\/p>\n<p><img loading=\"lazy\" decoding=\"async\" class=\"alignnone size-full wp-image-26685\" src=\"http:\/\/www.imakeyousmile.se\/wp-content\/uploads\/2016\/08\/13941017_10157196528830591_427464324_n.jpg\" alt=\"13941017_10157196528830591_427464324_n\" width=\"540\" height=\"492\" srcset=\"https:\/\/www.imakeyousmile.se\/wp-content\/uploads\/2016\/08\/13941017_10157196528830591_427464324_n.jpg 540w, https:\/\/www.imakeyousmile.se\/wp-content\/uploads\/2016\/08\/13941017_10157196528830591_427464324_n-300x273.jpg 300w, https:\/\/www.imakeyousmile.se\/wp-content\/uploads\/2016\/08\/13941017_10157196528830591_427464324_n-461x420.jpg 461w\" sizes=\"(max-width: 540px) 100vw, 540px\" \/><\/p>\n<p>Tom\u00e9 una pantalla de impresi\u00f3n de la pel\u00edcula que publiqu\u00e9 en mi historia en Snapchat esa noche, \u00a1nariz loca!<\/p>\n<p>Pero ahora he corrido con la m\u00e1scara 2 veces despu\u00e9s de eso + us\u00e9 mi cepillo de limpieza de <a href=\"http:\/\/creativemakeup.se\/?s=pulsaderm&amp;post_type=product\" target=\"_blank\">Pulsederm<\/a> (que perd\u00ed el cargador antes y no lo us\u00e9 durante aproximadamente 3 meses) y esta ma\u00f1ana, cuando us\u00e9 la mascarilla, apenas tuve algunas manchas en la nariz, solo algunas peque\u00f1as.<\/p>\n<p><img loading=\"lazy\" decoding=\"async\" class=\"alignnone size-full wp-image-26676\" src=\"http:\/\/www.imakeyousmile.se\/wp-content\/uploads\/2016\/08\/Sk\u00e4rmklipp-2016-08-05-10.00.49.png\" alt=\"Captura de pantalla 2016-08-05 10.00.49\" width=\"814\" height=\"609\" srcset=\"https:\/\/www.imakeyousmile.se\/wp-content\/uploads\/2016\/08\/Sk\u00e4rmklipp-2016-08-05-10.00.49.png 814w, https:\/\/www.imakeyousmile.se\/wp-content\/uploads\/2016\/08\/Sk\u00e4rmklipp-2016-08-05-10.00.49-300x224.png 300w, https:\/\/www.imakeyousmile.se\/wp-content\/uploads\/2016\/08\/Sk\u00e4rmklipp-2016-08-05-10.00.49-768x575.png 768w, https:\/\/www.imakeyousmile.se\/wp-content\/uploads\/2016\/08\/Sk\u00e4rmklipp-2016-08-05-10.00.49-80x60.png 80w, https:\/\/www.imakeyousmile.se\/wp-content\/uploads\/2016\/08\/Sk\u00e4rmklipp-2016-08-05-10.00.49-265x198.png 265w, https:\/\/www.imakeyousmile.se\/wp-content\/uploads\/2016\/08\/Sk\u00e4rmklipp-2016-08-05-10.00.49-696x521.png 696w, https:\/\/www.imakeyousmile.se\/wp-content\/uploads\/2016\/08\/Sk\u00e4rmklipp-2016-08-05-10.00.49-561x420.png 561w\" sizes=\"(max-width: 814px) 100vw, 814px\" \/><\/p>\n<p>\u00a1Muy divertido con las rese\u00f1as tambi\u00e9n! :)<\/p>\n<p>Las m\u00e1scaras faciales cuestan SEK 349 y est\u00e1n disponibles <a href=\"http:\/\/creativemakeup.se\/produkt-kategori\/hudvard\/ansiktsvard\/ansiktsmask\/\" target=\"_blank\">Byher.se<\/a>. Se agotar\u00e1n en una cinta transportadora, \u00a1pero actualmente hay muchos en stock nuevamente!<\/p>\n<p>Los abrazos son \u2665<\/p>","protected":false},"excerpt":{"rendered":"<p>Botanicals har utvecklat sitt utseende p\u00e5 de otroligt popul\u00e4ra lermaskerna &#8221;Balancing mask&#8221; och &#8221;Revitalising mask&#8221;\u00a0men inneh\u00e5llet \u00e4r exakt samma grymma ansiktsmask :) F\u00f6rpackningen \u00e4r fortfarande en liten s\u00f6t burk precis som innan, men lite f\u00f6r\u00e4ndrad och framf\u00f6r allt s\u00e5 \u00e4r masken f\u00f6r oren hy en annan f\u00e4rg vilket vi som jobbar med maskerna tycker \u00e4r [&hellip;]<\/p>\n","protected":false},"author":30,"featured_media":26681,"comment_status":"open","ping_status":"closed","sticky":false,"template":"","format":"standard","meta":{"footnotes":""},"categories":[40,59],"tags":[5090,3018,5091,3019,4021,5092,3020],"class_list":["post-26675","post","type-post","status-publish","format-standard","has-post-thumbnail","hentry","category-hudvard","category-recensioner-produkttips","tag-ansiktsmask-finnar","tag-ansiktsmask-porer","tag-ansiktsmask-pormaskar","tag-bli-av-med-pormaskar","tag-botanicals","tag-ekologisk-ansiktsmask","tag-orena-porer"],"yoast_head":"<!-- This site is optimized with the Yoast SEO Premium plugin v14.9 - https:\/\/yoast.com\/wordpress\/plugins\/seo\/ -->\n<meta name=\"description\" content=\"Nytt utseende - Botanicals Clay Mask | Helena Amiley - H\u00e4r hittar du senaste infromation om sk\u00f6nhet, livsstil, entrepren\u00f6rskap, makeup &amp; tips.\" \/>\n<meta name=\"robots\" content=\"index, follow, max-snippet:-1, max-image-preview:large, max-video-preview:-1\" \/>\n<link rel=\"canonical\" href=\"https:\/\/www.imakeyousmile.se\/es\/nytt-utseende-botanicals-clay-mask\/\" \/>\n<meta property=\"og:locale\" content=\"es_ES\" \/>\n<meta property=\"og:type\" content=\"article\" \/>\n<meta property=\"og:title\" content=\"Nytt utseende - Botanicals Clay Mask | Imakeyousmile.se\" \/>\n<meta property=\"og:description\" content=\"Nytt utseende - Botanicals Clay Mask | Helena Amiley - H\u00e4r hittar du senaste infromation om sk\u00f6nhet, livsstil, entrepren\u00f6rskap, makeup &amp; tips.\" \/>\n<meta property=\"og:url\" content=\"https:\/\/www.imakeyousmile.se\/es\/nytt-utseende-botanicals-clay-mask\/\" \/>\n<meta property=\"og:site_name\" content=\"Imakeyousmile.se\" \/>\n<meta property=\"article:author\" content=\"https:\/\/www.facebook.com\/imakeyousmile.se\" \/>\n<meta property=\"article:published_time\" content=\"2016-08-05T10:23:15+00:00\" \/>\n<meta property=\"og:image\" content=\"https:\/\/www.imakeyousmile.se\/wp-content\/uploads\/2016\/08\/IMG_2297_111.jpg\" \/>\n\t<meta property=\"og:image:width\" content=\"2500\" \/>\n\t<meta property=\"og:image:height\" content=\"2232\" \/>\n<meta name=\"twitter:card\" content=\"summary_large_image\" \/>\n<script type=\"application\/ld+json\" class=\"yoast-schema-graph\">{\"@context\":\"https:\/\/schema.org\",\"@graph\":[{\"@type\":\"Organization\",\"@id\":\"https:\/\/www.imakeyousmile.se\/es\/#organization\",\"name\":\"Imakeyousmile\",\"url\":\"https:\/\/www.imakeyousmile.se\/es\/\",\"sameAs\":[],\"logo\":{\"@type\":\"ImageObject\",\"@id\":\"https:\/\/www.imakeyousmile.se\/es\/#logo\",\"inLanguage\":\"es\",\"url\":\"https:\/\/www.imakeyousmile.se\/wp-content\/uploads\/2020\/10\/HELENA-AMILEY_SVART-1-e1603367975324.png\",\"width\":280,\"height\":93,\"caption\":\"Imakeyousmile\"},\"image\":{\"@id\":\"https:\/\/www.imakeyousmile.se\/es\/#logo\"}},{\"@type\":\"WebSite\",\"@id\":\"https:\/\/www.imakeyousmile.se\/es\/#website\",\"url\":\"https:\/\/www.imakeyousmile.se\/es\/\",\"name\":\"Imakeyousmile.se\",\"description\":\"Helena Amiley - Beauty, Entrepreneur, Lifestyle\",\"publisher\":{\"@id\":\"https:\/\/www.imakeyousmile.se\/es\/#organization\"},\"potentialAction\":[{\"@type\":\"SearchAction\",\"target\":\"https:\/\/www.imakeyousmile.se\/es\/?s={search_term_string}\",\"query-input\":\"required name=search_term_string\"}],\"inLanguage\":\"es\"},{\"@type\":\"ImageObject\",\"@id\":\"https:\/\/www.imakeyousmile.se\/nytt-utseende-botanicals-clay-mask\/#primaryimage\",\"inLanguage\":\"es\",\"url\":\"https:\/\/www.imakeyousmile.se\/wp-content\/uploads\/2016\/08\/IMG_2297_111.jpg\",\"width\":2500,\"height\":2232},{\"@type\":\"WebPage\",\"@id\":\"https:\/\/www.imakeyousmile.se\/nytt-utseende-botanicals-clay-mask\/#webpage\",\"url\":\"https:\/\/www.imakeyousmile.se\/nytt-utseende-botanicals-clay-mask\/\",\"name\":\"Nytt utseende - Botanicals Clay Mask | Imakeyousmile.se\",\"isPartOf\":{\"@id\":\"https:\/\/www.imakeyousmile.se\/es\/#website\"},\"primaryImageOfPage\":{\"@id\":\"https:\/\/www.imakeyousmile.se\/nytt-utseende-botanicals-clay-mask\/#primaryimage\"},\"datePublished\":\"2016-08-05T10:23:15+00:00\",\"dateModified\":\"2016-08-05T10:23:15+00:00\",\"description\":\"Nytt utseende - Botanicals Clay Mask | Helena Amiley - H\\u00e4r hittar du senaste infromation om sk\\u00f6nhet, livsstil, entrepren\\u00f6rskap, makeup & tips.\",\"inLanguage\":\"es\",\"potentialAction\":[{\"@type\":\"ReadAction\",\"target\":[\"https:\/\/www.imakeyousmile.se\/nytt-utseende-botanicals-clay-mask\/\"]}]},{\"@type\":\"Article\",\"@id\":\"https:\/\/www.imakeyousmile.se\/nytt-utseende-botanicals-clay-mask\/#article\",\"isPartOf\":{\"@id\":\"https:\/\/www.imakeyousmile.se\/nytt-utseende-botanicals-clay-mask\/#webpage\"},\"author\":{\"@id\":\"https:\/\/www.imakeyousmile.se\/es\/#\/schema\/person\/b0fd43b1c6bb1c60cfd68bff9b4a10fb\"},\"headline\":\"Nytt utseende &#8211; Botanicals Clay Mask\",\"datePublished\":\"2016-08-05T10:23:15+00:00\",\"dateModified\":\"2016-08-05T10:23:15+00:00\",\"mainEntityOfPage\":{\"@id\":\"https:\/\/www.imakeyousmile.se\/nytt-utseende-botanicals-clay-mask\/#webpage\"},\"commentCount\":0,\"publisher\":{\"@id\":\"https:\/\/www.imakeyousmile.se\/es\/#organization\"},\"image\":{\"@id\":\"https:\/\/www.imakeyousmile.se\/nytt-utseende-botanicals-clay-mask\/#primaryimage\"},\"keywords\":\"ansiktsmask finnar,ansiktsmask porer,ansiktsmask pormaskar,bli av med pormaskar,botanicals,ekologisk ansiktsmask,orena porer\",\"articleSection\":\"Hudv\\u00e5rd,Recensioner &amp; Produkttips\",\"inLanguage\":\"es\",\"potentialAction\":[{\"@type\":\"CommentAction\",\"name\":\"Comment\",\"target\":[\"https:\/\/www.imakeyousmile.se\/nytt-utseende-botanicals-clay-mask\/#respond\"]}]},{\"@type\":\"Person\",\"@id\":\"https:\/\/www.imakeyousmile.se\/es\/#\/schema\/person\/b0fd43b1c6bb1c60cfd68bff9b4a10fb\",\"name\":\"Helena Amiley\",\"image\":{\"@type\":\"ImageObject\",\"@id\":\"https:\/\/www.imakeyousmile.se\/es\/#personlogo\",\"inLanguage\":\"es\",\"url\":\"https:\/\/secure.gravatar.com\/avatar\/5645558e1e355457a23368d7e1b4c904?s=96&d=mm&r=g\",\"caption\":\"Helena Amiley\"},\"description\":\"Jag skriver mest om sk\\u00f6nhet men bjuder \\u00e4ven p\\u00e5 glimtar fr\\u00e5n entrepren\\u00f6rlivet och bygget av v\\u00e5r egen camper van. Vanlife here we come!\",\"sameAs\":[\"https:\/\/www.facebook.com\/imakeyousmile.se\",\"https:\/\/www.instagram.com\/helenaamiley\",\"https:\/\/www.youtube.com\/channel\/UCR5iB6rvpV6Yr8ZjpQfr5mg?view_as=subscriber\"]}]}<\/script>\n<!-- \/ Yoast SEO Premium plugin. -->","_links":{"self":[{"href":"https:\/\/www.imakeyousmile.se\/es\/wp-json\/wp\/v2\/posts\/26675"}],"collection":[{"href":"https:\/\/www.imakeyousmile.se\/es\/wp-json\/wp\/v2\/posts"}],"about":[{"href":"https:\/\/www.imakeyousmile.se\/es\/wp-json\/wp\/v2\/types\/post"}],"author":[{"embeddable":true,"href":"https:\/\/www.imakeyousmile.se\/es\/wp-json\/wp\/v2\/users\/30"}],"replies":[{"embeddable":true,"href":"https:\/\/www.imakeyousmile.se\/es\/wp-json\/wp\/v2\/comments?post=26675"}],"version-history":[{"count":4,"href":"https:\/\/www.imakeyousmile.se\/es\/wp-json\/wp\/v2\/posts\/26675\/revisions"}],"predecessor-version":[{"id":26689,"href":"https:\/\/www.imakeyousmile.se\/es\/wp-json\/wp\/v2\/posts\/26675\/revisions\/26689"}],"wp:featuredmedia":[{"embeddable":true,"href":"https:\/\/www.imakeyousmile.se\/es\/wp-json\/wp\/v2\/media\/26681"}],"wp:attachment":[{"href":"https:\/\/www.imakeyousmile.se\/es\/wp-json\/wp\/v2\/media?parent=26675"}],"wp:term":[{"taxonomy":"category","embeddable":true,"href":"https:\/\/www.imakeyousmile.se\/es\/wp-json\/wp\/v2\/categories?post=26675"},{"taxonomy":"post_tag","embeddable":true,"href":"https:\/\/www.imakeyousmile.se\/es\/wp-json\/wp\/v2\/tags?post=26675"}],"curies":[{"name":"wp","href":"https:\/\/api.w.org\/{rel}","templated":true}]}}