{"id":26745,"date":"2016-08-15T11:51:12","date_gmt":"2016-08-15T09:51:12","guid":{"rendered":"http:\/\/www.imakeyousmile.se\/?p=26745"},"modified":"2016-08-15T11:51:12","modified_gmt":"2016-08-15T09:51:12","slug":"essie-summer-collection-2016","status":"publish","type":"post","link":"https:\/\/www.imakeyousmile.se\/es\/essie-coleccion-verano-2016\/","title":{"rendered":"Colecci\u00f3n de verano Essie 2016"},"content":{"rendered":"<p>\u00a1Hace unas semanas recib\u00ed un comunicado de prensa con esmalte de u\u00f1as de la colecci\u00f3n de verano de Essie 2016! La colecci\u00f3n contiene 6 nuevos tonos, tanto mate como con un poco de brillo. Esto es lo que parecen:<\/p>\n<p><img loading=\"lazy\" decoding=\"async\" class=\"alignnone size-large wp-image-26746\" src=\"http:\/\/www.imakeyousmile.se\/wp-content\/uploads\/2016\/08\/IMG_2030_111-1024x743.jpg\" alt=\"IMG_2030_111\" width=\"640\" height=\"464\" srcset=\"https:\/\/www.imakeyousmile.se\/wp-content\/uploads\/2016\/08\/IMG_2030_111-1024x743.jpg 1024w, https:\/\/www.imakeyousmile.se\/wp-content\/uploads\/2016\/08\/IMG_2030_111-300x218.jpg 300w, https:\/\/www.imakeyousmile.se\/wp-content\/uploads\/2016\/08\/IMG_2030_111-768x557.jpg 768w, https:\/\/www.imakeyousmile.se\/wp-content\/uploads\/2016\/08\/IMG_2030_111-324x235.jpg 324w, https:\/\/www.imakeyousmile.se\/wp-content\/uploads\/2016\/08\/IMG_2030_111-696x505.jpg 696w, https:\/\/www.imakeyousmile.se\/wp-content\/uploads\/2016\/08\/IMG_2030_111-1068x775.jpg 1068w, https:\/\/www.imakeyousmile.se\/wp-content\/uploads\/2016\/08\/IMG_2030_111-579x420.jpg 579w\" sizes=\"(max-width: 640px) 100vw, 640px\" \/><\/p>\n<p>Fina va? Ven en una bonita caja :)<\/p>\n<p><img loading=\"lazy\" decoding=\"async\" class=\"alignnone size-large wp-image-26747\" src=\"http:\/\/www.imakeyousmile.se\/wp-content\/uploads\/2016\/08\/IMG_2038_111-1024x457.jpg\" alt=\"IMG_2038_111\" width=\"640\" height=\"286\" srcset=\"https:\/\/www.imakeyousmile.se\/wp-content\/uploads\/2016\/08\/IMG_2038_111-1024x457.jpg 1024w, https:\/\/www.imakeyousmile.se\/wp-content\/uploads\/2016\/08\/IMG_2038_111-300x134.jpg 300w, https:\/\/www.imakeyousmile.se\/wp-content\/uploads\/2016\/08\/IMG_2038_111-768x343.jpg 768w, https:\/\/www.imakeyousmile.se\/wp-content\/uploads\/2016\/08\/IMG_2038_111-696x310.jpg 696w, https:\/\/www.imakeyousmile.se\/wp-content\/uploads\/2016\/08\/IMG_2038_111-1068x476.jpg 1068w, https:\/\/www.imakeyousmile.se\/wp-content\/uploads\/2016\/08\/IMG_2038_111-942x420.jpg 942w\" sizes=\"(max-width: 640px) 100vw, 640px\" \/><\/p>\n<p><strong>Viva antigua -<\/strong> Un tono turquesa con brillo: se necesitan 2 capas<br \/>\n<strong>Cala de coco -<\/strong> Un tono blanco: se necesita 1 capa<br \/>\n<strong>Tesoros de bayas -<\/strong> Un tono rojo que va contra el rosa coral: se necesita 1 capa<br \/>\n<strong>Tacones de senderismo -<\/strong> Un tono rojo que se vuelve naranja: se necesitan 2 capas<br \/>\n<strong>Saquea el bot\u00edn -<\/strong> Un tono azul con brillo: se necesitan 2 capas<br \/>\n<strong>Estilos de prueba tribales -<\/strong> Un tono gris-negro con purpurina: se necesitan 2 capas<\/p>\n<p><img loading=\"lazy\" decoding=\"async\" class=\"alignnone size-large wp-image-26748\" src=\"http:\/\/www.imakeyousmile.se\/wp-content\/uploads\/2016\/08\/IMG_2041_111-1024x1006.jpg\" alt=\"IMG_2041_111\" width=\"640\" height=\"629\" srcset=\"https:\/\/www.imakeyousmile.se\/wp-content\/uploads\/2016\/08\/IMG_2041_111-1024x1006.jpg 1024w, https:\/\/www.imakeyousmile.se\/wp-content\/uploads\/2016\/08\/IMG_2041_111-300x295.jpg 300w, https:\/\/www.imakeyousmile.se\/wp-content\/uploads\/2016\/08\/IMG_2041_111-768x755.jpg 768w, https:\/\/www.imakeyousmile.se\/wp-content\/uploads\/2016\/08\/IMG_2041_111-696x684.jpg 696w, https:\/\/www.imakeyousmile.se\/wp-content\/uploads\/2016\/08\/IMG_2041_111-1068x1050.jpg 1068w, https:\/\/www.imakeyousmile.se\/wp-content\/uploads\/2016\/08\/IMG_2041_111-427x420.jpg 427w\" sizes=\"(max-width: 640px) 100vw, 640px\" \/><\/p>\n<p>\u00a1Me gusta much\u00edsimo el tono turquesa!<\/p>\n<p><img loading=\"lazy\" decoding=\"async\" class=\"alignnone size-large wp-image-26749\" src=\"http:\/\/www.imakeyousmile.se\/wp-content\/uploads\/2016\/08\/IMG_2695_111-1024x525.jpg\" alt=\"IMG_2695_111\" width=\"640\" height=\"328\" srcset=\"https:\/\/www.imakeyousmile.se\/wp-content\/uploads\/2016\/08\/IMG_2695_111-1024x525.jpg 1024w, https:\/\/www.imakeyousmile.se\/wp-content\/uploads\/2016\/08\/IMG_2695_111-300x154.jpg 300w, https:\/\/www.imakeyousmile.se\/wp-content\/uploads\/2016\/08\/IMG_2695_111-768x394.jpg 768w, https:\/\/www.imakeyousmile.se\/wp-content\/uploads\/2016\/08\/IMG_2695_111-696x357.jpg 696w, https:\/\/www.imakeyousmile.se\/wp-content\/uploads\/2016\/08\/IMG_2695_111-1068x548.jpg 1068w, https:\/\/www.imakeyousmile.se\/wp-content\/uploads\/2016\/08\/IMG_2695_111-819x420.jpg 819w\" sizes=\"(max-width: 640px) 100vw, 640px\" \/><\/p>\n<p>Aqu\u00ed puede ver c\u00f3mo se ven cuando he pintado u\u00f1as de prueba transparentes.<\/p>\n<p>Creo que son f\u00e1ciles de pintar y se vuelven uniformes y agradables, pero se secan muy lentamente si pintas 2 capas, tienes que esperar mucho tiempo entre ellas y nunca tengo la paciencia para eso. Adem\u00e1s, \u00a1tienen dos pulgares arriba!<\/p>\n<p>Essie se puede encontrar en Lyko.se, entre otros.<\/p>\n<p>\u00bfQu\u00e9 tono crees que es el m\u00e1s fino? :)<\/p>","protected":false},"excerpt":{"rendered":"<p>F\u00f6r n\u00e5gra veckor sedan fick jag ett pressutskick med nagellack fr\u00e5n Essies\u00a0sommarkollektion 2016! Kollektionen inneh\u00e5ller 6 nya nyanser, b\u00e5de matta och med lite glitter. S\u00e5 h\u00e4r ser dom ut: Fina va? Kom i en snygg kartong :) Viva antigua &#8211; En turkos nyans med glitter &#8211; 2 lager beh\u00f6vs Coconut cove &#8211; En vit nyans [&hellip;]<\/p>\n","protected":false},"author":30,"featured_media":26749,"comment_status":"open","ping_status":"closed","sticky":false,"template":"","format":"standard","meta":{"footnotes":""},"categories":[863,59],"tags":[5108,5110,5109,2840,433],"class_list":["post-26745","post","type-post","status-publish","format-standard","has-post-thumbnail","hentry","category-naglar","category-recensioner-produkttips","tag-essie","tag-essie-2016","tag-essie-summer-collection-2016","tag-nagellack","tag-skonhetsblogg"],"yoast_head":"<!-- This site is optimized with the Yoast SEO Premium plugin v14.9 - https:\/\/yoast.com\/wordpress\/plugins\/seo\/ -->\n<meta name=\"description\" content=\"Essie Summer Collection 2016 | Helena Amiley - H\u00e4r hittar du senaste infromation om sk\u00f6nhet, livsstil, entrepren\u00f6rskap, makeup &amp; tips.\" \/>\n<meta name=\"robots\" content=\"index, follow, max-snippet:-1, max-image-preview:large, max-video-preview:-1\" \/>\n<link rel=\"canonical\" href=\"https:\/\/www.imakeyousmile.se\/es\/essie-summer-collection-2016\/\" \/>\n<meta property=\"og:locale\" content=\"es_ES\" \/>\n<meta property=\"og:type\" content=\"article\" \/>\n<meta property=\"og:title\" content=\"Essie Summer Collection 2016 | Imakeyousmile.se\" \/>\n<meta property=\"og:description\" content=\"Essie Summer Collection 2016 | Helena Amiley - H\u00e4r hittar du senaste infromation om sk\u00f6nhet, livsstil, entrepren\u00f6rskap, makeup &amp; tips.\" \/>\n<meta property=\"og:url\" content=\"https:\/\/www.imakeyousmile.se\/es\/essie-summer-collection-2016\/\" \/>\n<meta property=\"og:site_name\" content=\"Imakeyousmile.se\" \/>\n<meta property=\"article:author\" content=\"https:\/\/www.facebook.com\/imakeyousmile.se\" \/>\n<meta property=\"article:published_time\" content=\"2016-08-15T09:51:12+00:00\" \/>\n<meta property=\"og:image\" content=\"https:\/\/www.imakeyousmile.se\/wp-content\/uploads\/2016\/08\/IMG_2695_111.jpg\" \/>\n\t<meta property=\"og:image:width\" content=\"2058\" \/>\n\t<meta property=\"og:image:height\" content=\"1056\" \/>\n<meta name=\"twitter:card\" content=\"summary_large_image\" \/>\n<script type=\"application\/ld+json\" class=\"yoast-schema-graph\">{\"@context\":\"https:\/\/schema.org\",\"@graph\":[{\"@type\":\"Organization\",\"@id\":\"https:\/\/www.imakeyousmile.se\/es\/#organization\",\"name\":\"Imakeyousmile\",\"url\":\"https:\/\/www.imakeyousmile.se\/es\/\",\"sameAs\":[],\"logo\":{\"@type\":\"ImageObject\",\"@id\":\"https:\/\/www.imakeyousmile.se\/es\/#logo\",\"inLanguage\":\"es\",\"url\":\"https:\/\/www.imakeyousmile.se\/wp-content\/uploads\/2020\/10\/HELENA-AMILEY_SVART-1-e1603367975324.png\",\"width\":280,\"height\":93,\"caption\":\"Imakeyousmile\"},\"image\":{\"@id\":\"https:\/\/www.imakeyousmile.se\/es\/#logo\"}},{\"@type\":\"WebSite\",\"@id\":\"https:\/\/www.imakeyousmile.se\/es\/#website\",\"url\":\"https:\/\/www.imakeyousmile.se\/es\/\",\"name\":\"Imakeyousmile.se\",\"description\":\"Helena Amiley - Beauty, Entrepreneur, Lifestyle\",\"publisher\":{\"@id\":\"https:\/\/www.imakeyousmile.se\/es\/#organization\"},\"potentialAction\":[{\"@type\":\"SearchAction\",\"target\":\"https:\/\/www.imakeyousmile.se\/es\/?s={search_term_string}\",\"query-input\":\"required name=search_term_string\"}],\"inLanguage\":\"es\"},{\"@type\":\"ImageObject\",\"@id\":\"https:\/\/www.imakeyousmile.se\/essie-summer-collection-2016\/#primaryimage\",\"inLanguage\":\"es\",\"url\":\"https:\/\/www.imakeyousmile.se\/wp-content\/uploads\/2016\/08\/IMG_2695_111.jpg\",\"width\":2058,\"height\":1056},{\"@type\":\"WebPage\",\"@id\":\"https:\/\/www.imakeyousmile.se\/essie-summer-collection-2016\/#webpage\",\"url\":\"https:\/\/www.imakeyousmile.se\/essie-summer-collection-2016\/\",\"name\":\"Essie Summer Collection 2016 | Imakeyousmile.se\",\"isPartOf\":{\"@id\":\"https:\/\/www.imakeyousmile.se\/es\/#website\"},\"primaryImageOfPage\":{\"@id\":\"https:\/\/www.imakeyousmile.se\/essie-summer-collection-2016\/#primaryimage\"},\"datePublished\":\"2016-08-15T09:51:12+00:00\",\"dateModified\":\"2016-08-15T09:51:12+00:00\",\"description\":\"Essie Summer Collection 2016 | Helena Amiley - H\\u00e4r hittar du senaste infromation om sk\\u00f6nhet, livsstil, entrepren\\u00f6rskap, makeup & tips.\",\"inLanguage\":\"es\",\"potentialAction\":[{\"@type\":\"ReadAction\",\"target\":[\"https:\/\/www.imakeyousmile.se\/essie-summer-collection-2016\/\"]}]},{\"@type\":\"Article\",\"@id\":\"https:\/\/www.imakeyousmile.se\/essie-summer-collection-2016\/#article\",\"isPartOf\":{\"@id\":\"https:\/\/www.imakeyousmile.se\/essie-summer-collection-2016\/#webpage\"},\"author\":{\"@id\":\"https:\/\/www.imakeyousmile.se\/es\/#\/schema\/person\/b0fd43b1c6bb1c60cfd68bff9b4a10fb\"},\"headline\":\"Essie Summer Collection 2016\",\"datePublished\":\"2016-08-15T09:51:12+00:00\",\"dateModified\":\"2016-08-15T09:51:12+00:00\",\"mainEntityOfPage\":{\"@id\":\"https:\/\/www.imakeyousmile.se\/essie-summer-collection-2016\/#webpage\"},\"commentCount\":0,\"publisher\":{\"@id\":\"https:\/\/www.imakeyousmile.se\/es\/#organization\"},\"image\":{\"@id\":\"https:\/\/www.imakeyousmile.se\/essie-summer-collection-2016\/#primaryimage\"},\"keywords\":\"essie,essie 2016,essie summer collection 2016,nagellack,sk\\u00f6nhetsblogg\",\"articleSection\":\"Naglar,Recensioner &amp; Produkttips\",\"inLanguage\":\"es\",\"potentialAction\":[{\"@type\":\"CommentAction\",\"name\":\"Comment\",\"target\":[\"https:\/\/www.imakeyousmile.se\/essie-summer-collection-2016\/#respond\"]}]},{\"@type\":\"Person\",\"@id\":\"https:\/\/www.imakeyousmile.se\/es\/#\/schema\/person\/b0fd43b1c6bb1c60cfd68bff9b4a10fb\",\"name\":\"Helena Amiley\",\"image\":{\"@type\":\"ImageObject\",\"@id\":\"https:\/\/www.imakeyousmile.se\/es\/#personlogo\",\"inLanguage\":\"es\",\"url\":\"https:\/\/secure.gravatar.com\/avatar\/5645558e1e355457a23368d7e1b4c904?s=96&d=mm&r=g\",\"caption\":\"Helena Amiley\"},\"description\":\"Jag skriver mest om sk\\u00f6nhet men bjuder \\u00e4ven p\\u00e5 glimtar fr\\u00e5n entrepren\\u00f6rlivet och bygget av v\\u00e5r egen camper van. Vanlife here we come!\",\"sameAs\":[\"https:\/\/www.facebook.com\/imakeyousmile.se\",\"https:\/\/www.instagram.com\/helenaamiley\",\"https:\/\/www.youtube.com\/channel\/UCR5iB6rvpV6Yr8ZjpQfr5mg?view_as=subscriber\"]}]}<\/script>\n<!-- \/ Yoast SEO Premium plugin. -->","_links":{"self":[{"href":"https:\/\/www.imakeyousmile.se\/es\/wp-json\/wp\/v2\/posts\/26745"}],"collection":[{"href":"https:\/\/www.imakeyousmile.se\/es\/wp-json\/wp\/v2\/posts"}],"about":[{"href":"https:\/\/www.imakeyousmile.se\/es\/wp-json\/wp\/v2\/types\/post"}],"author":[{"embeddable":true,"href":"https:\/\/www.imakeyousmile.se\/es\/wp-json\/wp\/v2\/users\/30"}],"replies":[{"embeddable":true,"href":"https:\/\/www.imakeyousmile.se\/es\/wp-json\/wp\/v2\/comments?post=26745"}],"version-history":[{"count":2,"href":"https:\/\/www.imakeyousmile.se\/es\/wp-json\/wp\/v2\/posts\/26745\/revisions"}],"predecessor-version":[{"id":26751,"href":"https:\/\/www.imakeyousmile.se\/es\/wp-json\/wp\/v2\/posts\/26745\/revisions\/26751"}],"wp:featuredmedia":[{"embeddable":true,"href":"https:\/\/www.imakeyousmile.se\/es\/wp-json\/wp\/v2\/media\/26749"}],"wp:attachment":[{"href":"https:\/\/www.imakeyousmile.se\/es\/wp-json\/wp\/v2\/media?parent=26745"}],"wp:term":[{"taxonomy":"category","embeddable":true,"href":"https:\/\/www.imakeyousmile.se\/es\/wp-json\/wp\/v2\/categories?post=26745"},{"taxonomy":"post_tag","embeddable":true,"href":"https:\/\/www.imakeyousmile.se\/es\/wp-json\/wp\/v2\/tags?post=26745"}],"curies":[{"name":"wp","href":"https:\/\/api.w.org\/{rel}","templated":true}]}}