{"id":26932,"date":"2016-09-09T06:00:23","date_gmt":"2016-09-09T04:00:23","guid":{"rendered":"http:\/\/www.imakeyousmile.se\/?p=26932"},"modified":"2016-09-08T22:01:44","modified_gmt":"2016-09-08T20:01:44","slug":"frost-bite","status":"publish","type":"post","link":"https:\/\/www.imakeyousmile.se\/es\/congelacion\/","title":{"rendered":"Mordedura de escarcha"},"content":{"rendered":"<p>\u00a1Creo que el rojo y el azul claro son una combinaci\u00f3n de colores tan locamente agradable!<\/p>\n<p>Tampoco necesitas tener s\u00faper azul alrededor de todos los ojos, pero puedes tener otros tonos alrededor como el gris y el marr\u00f3n, lo que hace que los ojos no se sientan tan brillantes, si quieres un maquillaje de ojos m\u00e1s discreto que a\u00fan sea azul.<\/p>\n<p>Sin embargo, mi maquillaje de hoy no es directamente discreto, sino un poco m\u00e1s creativo y agranda los ojos incomparablemente mucho, pero tambi\u00e9n muestra lo bonitos que son el azul claro y el rojo juntos y tambi\u00e9n c\u00f3mo se puede atenuar el azul complementando con otros tonos m\u00e1s terrosos :)<\/p>\n<p>\u00a1Espero que les guste el look!<\/p>\n<p><img loading=\"lazy\" decoding=\"async\" class=\"alignnone size-full wp-image-26943\" src=\"http:\/\/www.imakeyousmile.se\/wp-content\/uploads\/2016\/09\/IMG_4788_111.jpg\" alt=\"img_4788_111\" width=\"2427\" height=\"2736\" srcset=\"https:\/\/www.imakeyousmile.se\/wp-content\/uploads\/2016\/09\/IMG_4788_111.jpg 2271w, https:\/\/www.imakeyousmile.se\/wp-content\/uploads\/2016\/09\/IMG_4788_111-266x300.jpg 266w, https:\/\/www.imakeyousmile.se\/wp-content\/uploads\/2016\/09\/IMG_4788_111-768x866.jpg 768w, https:\/\/www.imakeyousmile.se\/wp-content\/uploads\/2016\/09\/IMG_4788_111-908x1024.jpg 908w, https:\/\/www.imakeyousmile.se\/wp-content\/uploads\/2016\/09\/IMG_4788_111-696x785.jpg 696w, https:\/\/www.imakeyousmile.se\/wp-content\/uploads\/2016\/09\/IMG_4788_111-1068x1204.jpg 1068w, https:\/\/www.imakeyousmile.se\/wp-content\/uploads\/2016\/09\/IMG_4788_111-373x420.jpg 373w\" sizes=\"(max-width: 2427px) 100vw, 2427px\" \/><\/p>\n<p><strong>Bassmink:<\/strong><br \/>\nFundaci\u00f3n -<a href=\"https:\/\/ion.lyko.com\/t\/t?a=1117786221&#038;as=1548102449&#038;t=2&#038;tk=1&#038;epi=search-replace-pressedbase&#038;url=https:\/\/lyko.com\/sv\/glo-skin-beauty\/glominerals-pressed-base-golden-medium\" target=\"_blank\">\u00a0<\/a><a href=\"https:\/\/ion.lyko.com\/t\/t?a=1117786221&#038;as=1548102449&#038;t=2&#038;tk=1&#038;epi=search-replace-skintint&#038;url=https:\/\/lyko.com\/sv\/pixi\/pixi-h2o-skintint-2nude\" target=\"_blank\">Pixi H2O Skintint<\/a>\u00a0(Desnudo) *<br \/>\nPolvo que neutraliza el rojo -\u00a0<a href=\"https:\/\/ion.lyko.com\/t\/t?a=1117786221&#038;as=1548102449&#038;t=2&#038;tk=1&#038;epi=search-replace-rednessrelief&#038;url=https:\/\/lyko.com\/sv\/glo-skin-beauty\/glo-skin-bea-rednessrelief-powder\/\" target=\"_blank\">polvo para aliviar el enrojecimiento de gloMinerals<\/a>*<br \/>\nContorneado -<a href=\"http:\/\/creativemakeup.se\/produkt\/paese-bronzing-powder\/\" target=\"_blank\">\u00a0Polvo Bronceador Paese<\/a>\u00a0(1 M) *<br \/>\nResaltador -<a href=\"https:\/\/ion.lyko.com\/t\/t?a=1117786221&#038;as=1548102449&#038;t=2&#038;tk=1&#038;epi=search-replace-pixi-palette&#038;url=https:\/\/lyko.com\/sv\/sok?q=pixi+palette\/\" target=\"_blank\">\u00a0Pixi Libro de la belleza<\/a>\u00a0(Captadores de resplandor) *<a href=\"https:\/\/ion.lyko.com\/t\/t?a=1117786221&#038;as=1548102449&#038;t=2&#038;tk=1&#038;epi=search-replace-pixipalette&#038;url=https:\/\/lyko.com\/sv\/sok?q=pixi+palette\/\"><br \/>\n<\/a><a href=\"https:\/\/ion.lyko.com\/t\/t?a=1117786221&#038;as=1548102449&#038;t=2&#038;tk=1&#038;epi=search-replace-pixipalette&#038;url=https:\/\/lyko.com\/sv\/sok?q=pixi+palette\/\">\u2028<\/a>Colorete -\u00a0<a href=\"http:\/\/creativemakeup.se\/produkt\/paese-powder-blush-med-arganolja\/\" target=\"_blank\">Colorete en polvo Paese<\/a>\u00a0(35)*<a href=\"http:\/\/creativemakeup.se\/produkt\/paese-bamboo-silk-powder\/\"><br \/>\n<\/a>Niebla reparadora -\u00a0<a href=\"https:\/\/ion.lyko.com\/t\/t?a=1117786221&#038;as=1548102449&#038;t=2&#038;tk=1&#038;epi=search-replace-fixingmist&#038;url=https:\/\/lyko.com\/sv\/pixi\/pixi-makeup-fixing-mist\" target=\"_blank\">Bruma fijadora de maquillaje Pixi<\/a>*<\/p>\n<p>Cejas -<a href=\"https:\/\/ion.lyko.com\/t\/t?a=1117786221&#038;as=1548102449&#038;t=2&#038;tk=1&#038;epi=search-replace-brow-duo&#038;url=https:\/\/lyko.com\/sv\/pixi\/pixi-natural-brow-duo-natural-brown\/\" target=\"_blank\">\u00a0<\/a><a href=\"https:\/\/ion.lyko.com\/t\/t?a=1117786221&#038;as=1548102449&#038;t=2&#038;tk=1&#038;epi=search-replace-brow-duo&#038;url=https:\/\/lyko.com\/sv\/pixi\/pixi-natural-brow-duo-natural-brown\/\" target=\"_blank\">D\u00fao de cejas naturales Pixi\u00a0<\/a>(Marr\u00f3n natural) *<br \/>\nLabios <a href=\"https:\/\/ion.jordklok.se\/t\/t?a=1236848151&#038;as=1548102449&#038;t=2&#038;tk=1&#038;epi=search-replace-benecoslipliner&#038;url=https:\/\/www.jordklok.se\/sv\/articles\/2.68.3596\/benecos-natural-lipliner-113-g?q=Benecos%20Natural%20Lipliner,%201,13%20g\/\" target=\"_blank\">Delineador de labios Benecos <\/a>(Rojo) * en todos los labios<\/p>\n<p><img loading=\"lazy\" decoding=\"async\" class=\"alignnone size-full wp-image-26933\" src=\"http:\/\/www.imakeyousmile.se\/wp-content\/uploads\/2016\/09\/paese-opal-trio-eyeshadow-NY.jpg\" alt=\"paese-opal-trio-eyeshadow-ny\" width=\"208\" height=\"206\" srcset=\"https:\/\/www.imakeyousmile.se\/wp-content\/uploads\/2016\/09\/paese-opal-trio-eyeshadow-NY.jpg 208w, https:\/\/www.imakeyousmile.se\/wp-content\/uploads\/2016\/09\/paese-opal-trio-eyeshadow-NY-150x150.jpg 150w\" sizes=\"(max-width: 208px) 100vw, 208px\" \/><\/p>\n<p>La incre\u00edblemente hermosa sombra de ojos azul proviene de <a href=\"http:\/\/creativemakeup.se\/produkt\/paese-opal-eyeshadow\/\" target=\"_blank\">Tr\u00edo de sombras de ojos Paese Opal<\/a>* a la sombra \u00a1Frost Bite! Todas las sombras de ojos provienen de esta paleta a menos que se indique lo contrario.<\/p>\n<p><img loading=\"lazy\" decoding=\"async\" class=\"alignnone size-full wp-image-26947\" src=\"http:\/\/www.imakeyousmile.se\/wp-content\/uploads\/2016\/09\/tutorial25_111.jpg\" alt=\"tutorial25_111\" width=\"2500\" height=\"2637\" srcset=\"https:\/\/www.imakeyousmile.se\/wp-content\/uploads\/2016\/09\/tutorial25_111.jpg 2427w, https:\/\/www.imakeyousmile.se\/wp-content\/uploads\/2016\/09\/tutorial25_111-284x300.jpg 284w, https:\/\/www.imakeyousmile.se\/wp-content\/uploads\/2016\/09\/tutorial25_111-768x810.jpg 768w, https:\/\/www.imakeyousmile.se\/wp-content\/uploads\/2016\/09\/tutorial25_111-971x1024.jpg 971w, https:\/\/www.imakeyousmile.se\/wp-content\/uploads\/2016\/09\/tutorial25_111-696x734.jpg 696w, https:\/\/www.imakeyousmile.se\/wp-content\/uploads\/2016\/09\/tutorial25_111-1068x1127.jpg 1068w, https:\/\/www.imakeyousmile.se\/wp-content\/uploads\/2016\/09\/tutorial25_111-398x420.jpg 398w\" sizes=\"(max-width: 2500px) 100vw, 2500px\" \/><\/p>\n<ol>\n<li>Imprimaci\u00f3n de sombra de ojos, <a href=\"https:\/\/ion.lyko.com\/t\/t?a=1117786221&#038;as=1548102449&#038;t=2&#038;tk=1&#038;epi=search-replace-pixiprimer&#038;url=https:\/\/lyko.com\/sv\/sok?q=pixi+primer\" target=\"_blank\">Primer Pixi Eye Bright<\/a>*<br \/>\nSombra de ojos blanca en el interior del p\u00e1rpado, <a href=\"http:\/\/creativemakeup.se\/produkt\/paese-kasmir-matte-black-eyeshadow\/\" target=\"_blank\">Cachemira paese<\/a> (601)*<\/li>\n<li>Sombra de ojos azul en el resto del p\u00e1rpado, y m\u00e1s blanca.<\/li>\n<li>Sombra de ojos marr\u00f3n a lo largo de la l\u00ednea del globo (igual que el contorno)<\/li>\n<li>Una peque\u00f1a sombra de ojos gris en la l\u00ednea del globo para oscurecer.<\/li>\n<li>Delineador de ojos negro con ala, <a href=\"http:\/\/creativemakeup.se\/produkt\/paese-liquid-eyeliner\/\" target=\"_blank\">Delineador de ojos l\u00edquido Paese<\/a><\/li>\n<li>Sombra de ojos gris a lo largo de la l\u00ednea de las pesta\u00f1as inferiores y hacia afuera \/ hacia abajo un poco en la esquina exterior del ojo<br \/>\nSombra de ojos negra un poco en la esquina del ojo, <a href=\"http:\/\/creativemakeup.se\/produkt\/paese-kasmir-matte-black-eyeshadow\/\" target=\"_blank\">Cachemira paese<\/a> (602)*<\/li>\n<li>Negro en el borde exterior de la l\u00ednea de las pesta\u00f1as inferiores tambi\u00e9n.<br \/>\nSombra de ojos blanca debajo del delineador de ojos y sobre la sombra de ojos gris en la esquina exterior del ojo. Y debajo del gris en el rabillo del ojo.<br \/>\nDelineador de ojos ligero a lo largo de la l\u00ednea de flotaci\u00f3n, <a href=\"https:\/\/ion.jordklok.se\/t\/t?a=1236848151&#038;as=1548102449&#038;t=2&#038;tk=1&#038;epi=search-replace-benecoskajal&#038;url=https:\/\/www.jordklok.se\/sv\/articles\/2.80.3594\/benecos-natural-kajalpenna-113-g?q=Benecos%20Natural%20Kajalpenna,%201,13%20g\/\" target=\"_blank\">Benecos Kajal blanco natural<\/a><\/li>\n<li>R\u00edmel negro en todas las pesta\u00f1as, <a href=\"http:\/\/creativemakeup.se\/produkt\/santhilea-magnetic-lash-mascara\/\" target=\"_blank\">M\u00e1scara de pesta\u00f1as magn\u00e9ticas<\/a>*<\/li>\n<\/ol>\n<p>\u00a1Claro!<\/p>\n<p><img loading=\"lazy\" decoding=\"async\" class=\"alignnone size-full wp-image-26945\" src=\"http:\/\/www.imakeyousmile.se\/wp-content\/uploads\/2016\/09\/IMG_4756_111.jpg\" alt=\"img_4756_111\" width=\"2280\" height=\"2736\" srcset=\"https:\/\/www.imakeyousmile.se\/wp-content\/uploads\/2016\/09\/IMG_4756_111.jpg 2133w, https:\/\/www.imakeyousmile.se\/wp-content\/uploads\/2016\/09\/IMG_4756_111-250x300.jpg 250w, https:\/\/www.imakeyousmile.se\/wp-content\/uploads\/2016\/09\/IMG_4756_111-768x922.jpg 768w, https:\/\/www.imakeyousmile.se\/wp-content\/uploads\/2016\/09\/IMG_4756_111-853x1024.jpg 853w, https:\/\/www.imakeyousmile.se\/wp-content\/uploads\/2016\/09\/IMG_4756_111-696x835.jpg 696w, https:\/\/www.imakeyousmile.se\/wp-content\/uploads\/2016\/09\/IMG_4756_111-1068x1282.jpg 1068w, https:\/\/www.imakeyousmile.se\/wp-content\/uploads\/2016\/09\/IMG_4756_111-350x420.jpg 350w\" sizes=\"(max-width: 2280px) 100vw, 2280px\" \/> <img loading=\"lazy\" decoding=\"async\" class=\"alignnone size-full wp-image-26946\" src=\"http:\/\/www.imakeyousmile.se\/wp-content\/uploads\/2016\/09\/IMG_4762_111.jpg\" alt=\"img_4762_111\" width=\"2300\" height=\"3003\" srcset=\"https:\/\/www.imakeyousmile.se\/wp-content\/uploads\/2016\/09\/IMG_4762_111.jpg 1961w, https:\/\/www.imakeyousmile.se\/wp-content\/uploads\/2016\/09\/IMG_4762_111-230x300.jpg 230w, https:\/\/www.imakeyousmile.se\/wp-content\/uploads\/2016\/09\/IMG_4762_111-768x1003.jpg 768w, https:\/\/www.imakeyousmile.se\/wp-content\/uploads\/2016\/09\/IMG_4762_111-784x1024.jpg 784w, https:\/\/www.imakeyousmile.se\/wp-content\/uploads\/2016\/09\/IMG_4762_111-696x909.jpg 696w, https:\/\/www.imakeyousmile.se\/wp-content\/uploads\/2016\/09\/IMG_4762_111-1068x1394.jpg 1068w, https:\/\/www.imakeyousmile.se\/wp-content\/uploads\/2016\/09\/IMG_4762_111-322x420.jpg 322w\" sizes=\"(max-width: 2300px) 100vw, 2300px\" \/><\/p>\n<p>Espero que est\u00e9s inspirado :) Seguramente el azul y el rojo encajan perfectamente bien juntos.<\/p>\n<p>\u00a1Los abrazos son!<img loading=\"lazy\" decoding=\"async\" class=\"alignnone size-full wp-image-26928\" src=\"http:\/\/www.imakeyousmile.se\/wp-content\/uploads\/2016\/08\/Min-webshop.jpg\" alt=\"min-tienda online\" width=\"799\" height=\"110\" \/><\/p>","protected":false},"excerpt":{"rendered":"<p>R\u00f6tt och ljusbl\u00e5tt \u00e4r en s\u00e5 galet snygg f\u00e4rgkombination tycker jag! Man beh\u00f6ver inte ha superbl\u00e5tt runt hela \u00f6gonen heller, utan kan ha andra nyanser runt omkring s\u00e5 som gr\u00e5tt och brunt som g\u00f6r att \u00f6gonen inte k\u00e4nns lika knalliga, om man vill ha en mer diskret \u00f6gonmakeup som \u00e4nd\u00e5 \u00e4r bl\u00e5. Min sminkning idag [&hellip;]<\/p>\n","protected":false},"author":30,"featured_media":26947,"comment_status":"open","ping_status":"closed","sticky":false,"template":"","format":"standard","meta":{"footnotes":""},"categories":[2828,9],"tags":[4045,3874,4479,720,1183,963,525,1604,4299,1864,1865,56,5074,2579,3474,4705,3224,4380,5137,4619,3697,4315,3726,844,543,4086,433,54,52,407,3810],"class_list":{"0":"post-26932","1":"post","2":"type-post","3":"status-publish","4":"format-standard","5":"has-post-thumbnail","6":"hentry","7":"category-fargstarka-sminkningar","8":"category-partysminkningar","9":"tag-beauty-blog","10":"tag-benecos-lipliner","11":"tag-benecos-natural-white-kajal","12":"tag-bla-sminkning","13":"tag-blue-makeup","14":"tag-colorful-makeup","15":"tag-eyelinervinge","16":"tag-fargstark-sminkning","17":"tag-glominerals-redness-relief-powder","18":"tag-magnetic-lash","19":"tag-magnetic-lash-mascara","20":"tag-makeup-blog","21":"tag-paese-bronzing-powder","22":"tag-paese-kashmir","23":"tag-paese-liquid-eyeliner","24":"tag-paese-opal-trio","25":"tag-paese-powder-blush","26":"tag-pictorial","27":"tag-pixi-book-of-beauty-glow-getters","28":"tag-pixi-eyebright-primer","29":"tag-pixi-h2o-skintint","30":"tag-pixi-makeup-fixing-mist","32":"tag-red-lips","33":"tag-roda-lappar","34":"tag-santhilea","35":"tag-skonhetsblogg","36":"tag-sminkblogg","37":"tag-steg-for-steg-2","38":"tag-tutorial","39":"tag-winged-eyeliner"},"yoast_head":"<!-- This site is optimized with the Yoast SEO Premium plugin v14.9 - https:\/\/yoast.com\/wordpress\/plugins\/seo\/ -->\n<meta name=\"description\" content=\"Frost Bite | Helena Amiley - H\u00e4r hittar du senaste infromation om sk\u00f6nhet, livsstil, entrepren\u00f6rskap, makeup &amp; tips.\" \/>\n<meta name=\"robots\" content=\"index, follow, max-snippet:-1, max-image-preview:large, max-video-preview:-1\" \/>\n<link rel=\"canonical\" href=\"https:\/\/www.imakeyousmile.se\/es\/frost-bite\/\" \/>\n<meta property=\"og:locale\" content=\"es_ES\" \/>\n<meta property=\"og:type\" content=\"article\" \/>\n<meta property=\"og:title\" content=\"Frost Bite | Imakeyousmile.se\" \/>\n<meta property=\"og:description\" content=\"Frost Bite | Helena Amiley - H\u00e4r hittar du senaste infromation om sk\u00f6nhet, livsstil, entrepren\u00f6rskap, makeup &amp; tips.\" \/>\n<meta property=\"og:url\" content=\"https:\/\/www.imakeyousmile.se\/es\/frost-bite\/\" \/>\n<meta property=\"og:site_name\" content=\"Imakeyousmile.se\" \/>\n<meta property=\"article:author\" content=\"https:\/\/www.facebook.com\/imakeyousmile.se\" \/>\n<meta property=\"article:published_time\" content=\"2016-09-09T04:00:23+00:00\" \/>\n<meta property=\"article:modified_time\" content=\"2016-09-08T20:01:44+00:00\" \/>\n<meta property=\"og:image\" content=\"https:\/\/www.imakeyousmile.se\/wp-content\/uploads\/2016\/09\/tutorial25_111.jpg\" \/>\n\t<meta property=\"og:image:width\" content=\"2427\" \/>\n\t<meta property=\"og:image:height\" content=\"2560\" \/>\n<meta name=\"twitter:card\" content=\"summary_large_image\" \/>\n<script type=\"application\/ld+json\" class=\"yoast-schema-graph\">{\"@context\":\"https:\/\/schema.org\",\"@graph\":[{\"@type\":\"Organization\",\"@id\":\"https:\/\/www.imakeyousmile.se\/es\/#organization\",\"name\":\"Imakeyousmile\",\"url\":\"https:\/\/www.imakeyousmile.se\/es\/\",\"sameAs\":[],\"logo\":{\"@type\":\"ImageObject\",\"@id\":\"https:\/\/www.imakeyousmile.se\/es\/#logo\",\"inLanguage\":\"es\",\"url\":\"https:\/\/www.imakeyousmile.se\/wp-content\/uploads\/2020\/10\/HELENA-AMILEY_SVART-1-e1603367975324.png\",\"width\":280,\"height\":93,\"caption\":\"Imakeyousmile\"},\"image\":{\"@id\":\"https:\/\/www.imakeyousmile.se\/es\/#logo\"}},{\"@type\":\"WebSite\",\"@id\":\"https:\/\/www.imakeyousmile.se\/es\/#website\",\"url\":\"https:\/\/www.imakeyousmile.se\/es\/\",\"name\":\"Imakeyousmile.se\",\"description\":\"Helena Amiley - Beauty, Entrepreneur, Lifestyle\",\"publisher\":{\"@id\":\"https:\/\/www.imakeyousmile.se\/es\/#organization\"},\"potentialAction\":[{\"@type\":\"SearchAction\",\"target\":\"https:\/\/www.imakeyousmile.se\/es\/?s={search_term_string}\",\"query-input\":\"required name=search_term_string\"}],\"inLanguage\":\"es\"},{\"@type\":\"ImageObject\",\"@id\":\"https:\/\/www.imakeyousmile.se\/frost-bite\/#primaryimage\",\"inLanguage\":\"es\",\"url\":\"https:\/\/www.imakeyousmile.se\/wp-content\/uploads\/2016\/09\/tutorial25_111.jpg\",\"width\":2427,\"height\":2560},{\"@type\":\"WebPage\",\"@id\":\"https:\/\/www.imakeyousmile.se\/frost-bite\/#webpage\",\"url\":\"https:\/\/www.imakeyousmile.se\/frost-bite\/\",\"name\":\"Frost Bite | Imakeyousmile.se\",\"isPartOf\":{\"@id\":\"https:\/\/www.imakeyousmile.se\/es\/#website\"},\"primaryImageOfPage\":{\"@id\":\"https:\/\/www.imakeyousmile.se\/frost-bite\/#primaryimage\"},\"datePublished\":\"2016-09-09T04:00:23+00:00\",\"dateModified\":\"2016-09-08T20:01:44+00:00\",\"description\":\"Frost Bite | Helena Amiley - H\\u00e4r hittar du senaste infromation om sk\\u00f6nhet, livsstil, entrepren\\u00f6rskap, makeup & tips.\",\"inLanguage\":\"es\",\"potentialAction\":[{\"@type\":\"ReadAction\",\"target\":[\"https:\/\/www.imakeyousmile.se\/frost-bite\/\"]}]},{\"@type\":\"Article\",\"@id\":\"https:\/\/www.imakeyousmile.se\/frost-bite\/#article\",\"isPartOf\":{\"@id\":\"https:\/\/www.imakeyousmile.se\/frost-bite\/#webpage\"},\"author\":{\"@id\":\"https:\/\/www.imakeyousmile.se\/es\/#\/schema\/person\/b0fd43b1c6bb1c60cfd68bff9b4a10fb\"},\"headline\":\"Frost Bite\",\"datePublished\":\"2016-09-09T04:00:23+00:00\",\"dateModified\":\"2016-09-08T20:01:44+00:00\",\"mainEntityOfPage\":{\"@id\":\"https:\/\/www.imakeyousmile.se\/frost-bite\/#webpage\"},\"commentCount\":1,\"publisher\":{\"@id\":\"https:\/\/www.imakeyousmile.se\/es\/#organization\"},\"image\":{\"@id\":\"https:\/\/www.imakeyousmile.se\/frost-bite\/#primaryimage\"},\"keywords\":\"beauty blog,benecos lipliner,benecos natural white kajal,bl\\u00e5 sminkning,blue makeup,colorful makeup,eyelinervinge,f\\u00e4rgstark sminkning,glominerals redness relief powder,magnetic lash,magnetic lash mascara,makeup blog,paese bronzing powder,paese kashmir,Paese Liquid Eyeliner,paese opal trio,paese powder blush,pictorial,pixi book of beauty glow getters,pixi eyebright primer,pixi h2o skintint,pixi makeup fixing mist,Pixi Natural Brow Duo,red lips,r\\u00f6da l\\u00e4ppar,santhilea,sk\\u00f6nhetsblogg,sminkblogg,steg f\\u00f6r steg,tutorial,winged eyeliner\",\"articleSection\":\"F\\u00e4rgstarka sminkningar,M\\u00f6rka \/ festliga sminkningar\",\"inLanguage\":\"es\",\"potentialAction\":[{\"@type\":\"CommentAction\",\"name\":\"Comment\",\"target\":[\"https:\/\/www.imakeyousmile.se\/frost-bite\/#respond\"]}]},{\"@type\":\"Person\",\"@id\":\"https:\/\/www.imakeyousmile.se\/es\/#\/schema\/person\/b0fd43b1c6bb1c60cfd68bff9b4a10fb\",\"name\":\"Helena Amiley\",\"image\":{\"@type\":\"ImageObject\",\"@id\":\"https:\/\/www.imakeyousmile.se\/es\/#personlogo\",\"inLanguage\":\"es\",\"url\":\"https:\/\/secure.gravatar.com\/avatar\/5645558e1e355457a23368d7e1b4c904?s=96&d=mm&r=g\",\"caption\":\"Helena Amiley\"},\"description\":\"Jag skriver mest om sk\\u00f6nhet men bjuder \\u00e4ven p\\u00e5 glimtar fr\\u00e5n entrepren\\u00f6rlivet och bygget av v\\u00e5r egen camper van. Vanlife here we come!\",\"sameAs\":[\"https:\/\/www.facebook.com\/imakeyousmile.se\",\"https:\/\/www.instagram.com\/helenaamiley\",\"https:\/\/www.youtube.com\/channel\/UCR5iB6rvpV6Yr8ZjpQfr5mg?view_as=subscriber\"]}]}<\/script>\n<!-- \/ Yoast SEO Premium plugin. -->","_links":{"self":[{"href":"https:\/\/www.imakeyousmile.se\/es\/wp-json\/wp\/v2\/posts\/26932"}],"collection":[{"href":"https:\/\/www.imakeyousmile.se\/es\/wp-json\/wp\/v2\/posts"}],"about":[{"href":"https:\/\/www.imakeyousmile.se\/es\/wp-json\/wp\/v2\/types\/post"}],"author":[{"embeddable":true,"href":"https:\/\/www.imakeyousmile.se\/es\/wp-json\/wp\/v2\/users\/30"}],"replies":[{"embeddable":true,"href":"https:\/\/www.imakeyousmile.se\/es\/wp-json\/wp\/v2\/comments?post=26932"}],"version-history":[{"count":3,"href":"https:\/\/www.imakeyousmile.se\/es\/wp-json\/wp\/v2\/posts\/26932\/revisions"}],"predecessor-version":[{"id":26948,"href":"https:\/\/www.imakeyousmile.se\/es\/wp-json\/wp\/v2\/posts\/26932\/revisions\/26948"}],"wp:featuredmedia":[{"embeddable":true,"href":"https:\/\/www.imakeyousmile.se\/es\/wp-json\/wp\/v2\/media\/26947"}],"wp:attachment":[{"href":"https:\/\/www.imakeyousmile.se\/es\/wp-json\/wp\/v2\/media?parent=26932"}],"wp:term":[{"taxonomy":"category","embeddable":true,"href":"https:\/\/www.imakeyousmile.se\/es\/wp-json\/wp\/v2\/categories?post=26932"},{"taxonomy":"post_tag","embeddable":true,"href":"https:\/\/www.imakeyousmile.se\/es\/wp-json\/wp\/v2\/tags?post=26932"}],"curies":[{"name":"wp","href":"https:\/\/api.w.org\/{rel}","templated":true}]}}