{"id":26970,"date":"2016-09-13T18:35:23","date_gmt":"2016-09-13T16:35:23","guid":{"rendered":"http:\/\/www.imakeyousmile.se\/?p=26970"},"modified":"2021-09-15T11:03:10","modified_gmt":"2021-09-15T09:03:10","slug":"tack-smart-med-duo-concealer","status":"publish","type":"post","link":"https:\/\/www.imakeyousmile.se\/es\/gracias-inteligente-con-duo-corrector\/","title":{"rendered":"\u00a1Cubre las espinillas con el corrector d\u00fao!"},"content":{"rendered":"<p>\u00a1Un corrector d\u00fao es uno de los mejores que tengo en mi bolsa de maquillaje en este momento! Por tanto, es un corrector que contiene dos tonos. El que les mostrar\u00e9 hoy tiene un tono m\u00e1s claro y uno m\u00e1s oscuro, pero en la misma escala de colores.<\/p>\n<p>Tengo mucho estr\u00e9s a mi alrededor en este momento (estr\u00e9s positivo en el trabajo, pero a\u00fan as\u00ed) y \u00faltimamente he tenido muchos m\u00e1s granos. Y yo, que no suelo tener tanta oscuridad debajo de mis ojos, veo c\u00f3mo empieza a asomarme tambi\u00e9n. Duermo bien pero sue\u00f1o mucho, he tenido diferentes sue\u00f1os estresantes sobre autos \u00faltimamente, generalmente autos rojos, \u00bfalguien interpreta los sue\u00f1os? Lol :)<\/p>\n<p>De todos modos, un corrector d\u00fao es mi salvaci\u00f3n ahora mismo para acabar con la fatiga. As\u00ed es como lo uso:<\/p>\n<p><img loading=\"lazy\" decoding=\"async\" class=\"alignnone size-large wp-image-26967\" src=\"http:\/\/www.imakeyousmile.se\/wp-content\/uploads\/2016\/09\/IMG_5313_111-1024x985.jpg\" alt=\"img_5313_111\" width=\"640\" height=\"616\" srcset=\"https:\/\/www.imakeyousmile.se\/wp-content\/uploads\/2016\/09\/IMG_5313_111-1024x985.jpg 1024w, https:\/\/www.imakeyousmile.se\/wp-content\/uploads\/2016\/09\/IMG_5313_111-300x289.jpg 300w, https:\/\/www.imakeyousmile.se\/wp-content\/uploads\/2016\/09\/IMG_5313_111-768x739.jpg 768w, https:\/\/www.imakeyousmile.se\/wp-content\/uploads\/2016\/09\/IMG_5313_111-696x670.jpg 696w, https:\/\/www.imakeyousmile.se\/wp-content\/uploads\/2016\/09\/IMG_5313_111-1068x1027.jpg 1068w, https:\/\/www.imakeyousmile.se\/wp-content\/uploads\/2016\/09\/IMG_5313_111-437x420.jpg 437w\" sizes=\"(max-width: 640px) 100vw, 640px\" \/><\/p>\n<p>Yo uso gloMinerals Under Eye Concealer, est\u00e1 disponible en m\u00e1s tonos y uso el tono Golden. Disponible\u00a0<a href=\"https:\/\/ion.lyko.com\/t\/t?a=1117786221&amp;as=1548102449&amp;t=2&amp;tk=1&amp;epi=search-replac-gloundereye&amp;url=https:\/\/lyko.com\/sv\/glo-skin-beauty\/glominerals-under-eye-concealer-golden\" target=\"_blank\" rel=\"noopener\">AQU\u00cd<\/a>\u00a0y cuesta 289 SEK.<\/p>\n<p><strong>Debajo de los ojos<\/strong>\u00a0Utilizo el corrector ligero cuando me pongo maquillaje debajo de los ojos. Cubre e ilumina, y es lo suficientemente delgado en la f\u00f3rmula que se pliega de forma natural y agradable. \u00a1Extremadamente bien!<\/p>\n<p><strong>Sobre imperfecciones y cosas por el estilo.<\/strong>\u00a0En el resto del rostro mezclo el corrector claro y el oscuro para conseguir una tonalidad similar a mi tono de piel, durante el verano solo pod\u00eda tener los oscuros pero ahora necesito mezclarlos para conseguir un tono perfecto. Luego cubro los granos y esas protuberancias con \u00e9l.<\/p>\n<p><img loading=\"lazy\" decoding=\"async\" class=\"alignnone size-large wp-image-26965\" src=\"http:\/\/www.imakeyousmile.se\/wp-content\/uploads\/2016\/09\/IMG_5240_11_111-1024x904.jpg\" alt=\"img_5240_11_111\" width=\"640\" height=\"565\" srcset=\"https:\/\/www.imakeyousmile.se\/wp-content\/uploads\/2016\/09\/IMG_5240_11_111-1024x904.jpg 1024w, https:\/\/www.imakeyousmile.se\/wp-content\/uploads\/2016\/09\/IMG_5240_11_111-300x265.jpg 300w, https:\/\/www.imakeyousmile.se\/wp-content\/uploads\/2016\/09\/IMG_5240_11_111-768x678.jpg 768w, https:\/\/www.imakeyousmile.se\/wp-content\/uploads\/2016\/09\/IMG_5240_11_111-696x614.jpg 696w, https:\/\/www.imakeyousmile.se\/wp-content\/uploads\/2016\/09\/IMG_5240_11_111-1068x942.jpg 1068w, https:\/\/www.imakeyousmile.se\/wp-content\/uploads\/2016\/09\/IMG_5240_11_111-476x420.jpg 476w\" sizes=\"(max-width: 640px) 100vw, 640px\" \/><\/p>\n<p>\u00a1\u00bfQu\u00e9 diferencia eh ?! Los granos se han ido y la oscuridad debajo de los ojos parece casi retocada, aunque les puedo prometer que no lo es;)<\/p>\n<p><strong>Resultado natural<\/strong><br \/>\nPor lo general, recomiendo no tener una base de cobertura completa si no necesita mucha cobertura en todo el rostro. Como puede ver en la r\u00e9plica de arriba, donde solo tengo corrector debajo de los ojos, en las espinillas y un poco alrededor de la nariz, el resto est\u00e1 completamente deshecho, lo que hace que todo sea mucho m\u00e1s natural que si tuviera una base de cobertura total que cubra todo en toda la cara.<\/p>\n<p>Entonces, en su lugar, puede tener una capa delgada de base mineral o una base semicubierta, \u00a1y obtener una tez natural que tambi\u00e9n es impecable! :)<\/p>\n<p><img loading=\"lazy\" decoding=\"async\" class=\"alignnone size-large wp-image-26963\" src=\"http:\/\/www.imakeyousmile.se\/wp-content\/uploads\/2016\/09\/IMG_5227_111_111-1024x739.jpg\" alt=\"img_5227_111_111\" width=\"640\" height=\"462\" srcset=\"https:\/\/www.imakeyousmile.se\/wp-content\/uploads\/2016\/09\/IMG_5227_111_111-1024x739.jpg 1024w, https:\/\/www.imakeyousmile.se\/wp-content\/uploads\/2016\/09\/IMG_5227_111_111-300x216.jpg 300w, https:\/\/www.imakeyousmile.se\/wp-content\/uploads\/2016\/09\/IMG_5227_111_111-768x554.jpg 768w, https:\/\/www.imakeyousmile.se\/wp-content\/uploads\/2016\/09\/IMG_5227_111_111-324x235.jpg 324w, https:\/\/www.imakeyousmile.se\/wp-content\/uploads\/2016\/09\/IMG_5227_111_111-696x502.jpg 696w, https:\/\/www.imakeyousmile.se\/wp-content\/uploads\/2016\/09\/IMG_5227_111_111-1068x770.jpg 1068w, https:\/\/www.imakeyousmile.se\/wp-content\/uploads\/2016\/09\/IMG_5227_111_111-582x420.jpg 582w\" sizes=\"(max-width: 640px) 100vw, 640px\" \/><\/p>\n<p>Aqu\u00ed ves un poco mejor la diferencia en las espinillas, todav\u00eda no tengo base, solo corrector justo en los puntos.<\/p>\n<p><img loading=\"lazy\" decoding=\"async\" class=\"alignnone size-large wp-image-26966\" src=\"http:\/\/www.imakeyousmile.se\/wp-content\/uploads\/2016\/09\/IMG_5267_111-1024x979.jpg\" alt=\"img_5267_111\" width=\"640\" height=\"612\" srcset=\"https:\/\/www.imakeyousmile.se\/wp-content\/uploads\/2016\/09\/IMG_5267_111-1024x979.jpg 1024w, https:\/\/www.imakeyousmile.se\/wp-content\/uploads\/2016\/09\/IMG_5267_111-300x287.jpg 300w, https:\/\/www.imakeyousmile.se\/wp-content\/uploads\/2016\/09\/IMG_5267_111-768x735.jpg 768w, https:\/\/www.imakeyousmile.se\/wp-content\/uploads\/2016\/09\/IMG_5267_111-696x666.jpg 696w, https:\/\/www.imakeyousmile.se\/wp-content\/uploads\/2016\/09\/IMG_5267_111-1068x1021.jpg 1068w, https:\/\/www.imakeyousmile.se\/wp-content\/uploads\/2016\/09\/IMG_5267_111-439x420.jpg 439w\" sizes=\"(max-width: 640px) 100vw, 640px\" \/><\/p>\n<p><strong>Solicitud<\/strong><br \/>\n1. Lo m\u00e1s importante es no meter los dedos en el tarro por motivos de higiene. Suelo aplicar con\u00a0<a href=\"https:\/\/ion.jordklok.se\/t\/t?a=1236848151&#038;as=1548102449&#038;t=2&#038;tk=1&#038;epi=search-replace-ecobrush&#038;url=https:\/\/www.jordklok.se\/sv\/articles\/2.78.7178\/so-eco-eye-duo-brush-set\" target=\"_blank\" rel=\"noopener\">Cepillo Corrector y Angle Eco<\/a>\u00a0de Eco Minerals, es plano y muy bueno para cubrir espinillas \/ manchas pero sobre todo debajo de los ojos (se muestra m\u00e1s abajo en el post).<\/p>\n<p>2. Mezcle los tonos hasta obtener un buen color para su tono de piel, aplique la crema correctora en las manchas que desea cubrir.<\/p>\n<p>3. Extienda el corrector para que se difumine en el tono de la piel.<\/p>\n<p><strong>\u00bfAntes o despu\u00e9s de la fundaci\u00f3n?<\/strong><br \/>\nNormalmente aplico el corrector despu\u00e9s de la base si tengo una base l\u00edquida. En parte para ver cu\u00e1nto cubre solo la base (de lo contrario, es f\u00e1cil usar una cantidad innecesaria de corrector y olvidar que la base tambi\u00e9n cubre algo), pero tambi\u00e9n porque a veces puedes cepillar el corrector durante la aplicaci\u00f3n de la base para que puedas en cualquier caso siente que necesita m\u00e1s. Y si el corrector es tu propio tono de piel, funciona de manera brillante incluso despu\u00e9s de la base :)<\/p>\n<p>Si usa una base mineral que es un producto seco, debe aplicar el corrector antes de la base, y luego puede &quot;frotar&quot; la base en las \u00e1reas con mucho corrector para no quitar el corrector, sino arreglarlo.<\/p>\n<p><strong>\u00bfAlmohadas despu\u00e9s?<\/strong><br \/>\nEn \u00e1reas con l\u00edneas, p. Ej. debajo de los ojos o alrededor de la nariz, donde recomiendo aplicar polvo despu\u00e9s para arreglarlo, de lo contrario, los correctores cremosos se pueden doblar f\u00e1cilmente, pero un buen corrector no lo hace mientras apliques el polvo. Normalmente me aplico con polvos por toda la cara para estar realmente seguro de que est\u00e1 ah\u00ed, porque tambi\u00e9n me pongo grasosa en la piel despu\u00e9s de un tiempo, pero a\u00fan as\u00ed me dura bien aunque no te polvos, as\u00ed que es cuesti\u00f3n de gustos.<\/p>\n<p><img loading=\"lazy\" decoding=\"async\" class=\"alignnone size-large wp-image-26964\" src=\"http:\/\/www.imakeyousmile.se\/wp-content\/uploads\/2016\/09\/IMG_5236_11_111-1024x463.jpg\" alt=\"img_5236_11_111\" width=\"640\" height=\"289\" srcset=\"https:\/\/www.imakeyousmile.se\/wp-content\/uploads\/2016\/09\/IMG_5236_11_111-1024x463.jpg 1024w, https:\/\/www.imakeyousmile.se\/wp-content\/uploads\/2016\/09\/IMG_5236_11_111-300x136.jpg 300w, https:\/\/www.imakeyousmile.se\/wp-content\/uploads\/2016\/09\/IMG_5236_11_111-768x347.jpg 768w, https:\/\/www.imakeyousmile.se\/wp-content\/uploads\/2016\/09\/IMG_5236_11_111-696x315.jpg 696w, https:\/\/www.imakeyousmile.se\/wp-content\/uploads\/2016\/09\/IMG_5236_11_111-1068x483.jpg 1068w, https:\/\/www.imakeyousmile.se\/wp-content\/uploads\/2016\/09\/IMG_5236_11_111-929x420.jpg 929w\" sizes=\"(max-width: 640px) 100vw, 640px\" \/><\/p>\n<p>\u00a1Aqu\u00ed ves el antes y el despu\u00e9s un poco m\u00e1s de cerca!<\/p>\n<p><strong>Bajo los ojos<\/strong><br \/>\nDebajo de los ojos, siempre aplico con\u00a0<a href=\"https:\/\/ion.jordklok.se\/t\/t?a=1236848151&#038;as=1548102449&#038;t=2&#038;tk=1&#038;epi=search-replace-ecobrush&#038;url=https:\/\/www.jordklok.se\/sv\/articles\/2.78.7178\/so-eco-eye-duo-brush-set\" target=\"_blank\" rel=\"noopener\">Cepillo Corrector y Angle Eco<\/a>\u00a0de Eco Minerals, ya que es estrecho si lo inclina hacia un lado o usa la parte superior, y es ancho si usa el lado plano, que es muy flexible:<\/p>\n<p><img loading=\"lazy\" decoding=\"async\" class=\"alignnone size-large wp-image-26962\" src=\"http:\/\/www.imakeyousmile.se\/wp-content\/uploads\/2016\/09\/glominerals-under-eye-concealer-1024x718.jpg\" alt=\"corrector glominerales debajo de los ojos\" width=\"640\" height=\"449\" srcset=\"https:\/\/www.imakeyousmile.se\/wp-content\/uploads\/2016\/09\/glominerals-under-eye-concealer-1024x718.jpg 1024w, https:\/\/www.imakeyousmile.se\/wp-content\/uploads\/2016\/09\/glominerals-under-eye-concealer-300x210.jpg 300w, https:\/\/www.imakeyousmile.se\/wp-content\/uploads\/2016\/09\/glominerals-under-eye-concealer-768x539.jpg 768w, https:\/\/www.imakeyousmile.se\/wp-content\/uploads\/2016\/09\/glominerals-under-eye-concealer-100x70.jpg 100w, https:\/\/www.imakeyousmile.se\/wp-content\/uploads\/2016\/09\/glominerals-under-eye-concealer-696x488.jpg 696w, https:\/\/www.imakeyousmile.se\/wp-content\/uploads\/2016\/09\/glominerals-under-eye-concealer-1068x749.jpg 1068w, https:\/\/www.imakeyousmile.se\/wp-content\/uploads\/2016\/09\/glominerals-under-eye-concealer-599x420.jpg 599w\" sizes=\"(max-width: 640px) 100vw, 640px\" \/><\/p>\n<ol>\n<li>Aplique con el lado estrecho de la brocha y aplique la mayor\u00eda del corrector donde est\u00e9 un poco &quot;hundido&quot; debajo del ojo, aqu\u00ed es donde tiene que aclarar para rellenar la sombra.<\/li>\n<li>Extienda con el lado plano de la brocha, para que ilumine todo el ojo. Si\u00e9ntete libre de desvanecer el corrector un poco hacia abajo para que se mezcle correctamente con el tono de la piel, para que no luzcas s\u00faper brillante debajo de los ojos en comparaci\u00f3n con el resto del rostro.<\/li>\n<li>Termine con un polvo fino y transparente para fijar.<\/li>\n<\/ol>\n<p>\u00a1Entonces est\u00e1 listo! :)<\/p>\n<p><img loading=\"lazy\" decoding=\"async\" class=\"alignnone size-large wp-image-26968\" src=\"http:\/\/www.imakeyousmile.se\/wp-content\/uploads\/2016\/09\/IMG_5330_111-1024x997.jpg\" alt=\"img_5330_111\" width=\"640\" height=\"623\" srcset=\"https:\/\/www.imakeyousmile.se\/wp-content\/uploads\/2016\/09\/IMG_5330_111-1024x997.jpg 1024w, https:\/\/www.imakeyousmile.se\/wp-content\/uploads\/2016\/09\/IMG_5330_111-300x292.jpg 300w, https:\/\/www.imakeyousmile.se\/wp-content\/uploads\/2016\/09\/IMG_5330_111-768x748.jpg 768w, https:\/\/www.imakeyousmile.se\/wp-content\/uploads\/2016\/09\/IMG_5330_111-696x678.jpg 696w, https:\/\/www.imakeyousmile.se\/wp-content\/uploads\/2016\/09\/IMG_5330_111-1068x1040.jpg 1068w, https:\/\/www.imakeyousmile.se\/wp-content\/uploads\/2016\/09\/IMG_5330_111-431x420.jpg 431w\" sizes=\"(max-width: 640px) 100vw, 640px\" \/><\/p>\n<p>Y as\u00ed es como luc\u00eda mi piel despu\u00e9s del resto del maquillaje base tambi\u00e9n, seguramente no puedes creer que tenga tanto estr\u00e9s visible durante el maquillaje? ;)<\/p>\n<p>\u00a1Grita si tienes alguna idea! \u2665<\/p>\n<p>&nbsp;<\/p>","protected":false},"excerpt":{"rendered":"<p>En duo-concealer \u00e4r bland det b\u00e4sta jag har i sminkv\u00e4skan f\u00f6r tillf\u00e4llet! Det \u00e4r allts\u00e5 en concealer som inneh\u00e5ller tv\u00e5 nyanser. Den jag kommer visa er idag har en ljusare nyans, och en m\u00f6rkare, fast i samma f\u00e4rgskala. Jag har\u00a0v\u00e4ldigt mycket\u00a0stress\u00a0runt mig\u00a0f\u00f6r tillf\u00e4llet (positiv stress p\u00e5 jobbet, men fortfarande stess) och har f\u00e5tt\u00a0mycket mer finnar [&hellip;]<\/p>\n","protected":false},"author":30,"featured_media":26963,"comment_status":"open","ping_status":"closed","sticky":false,"template":"","format":"standard","meta":{"footnotes":""},"categories":[24,59,3919],"tags":[5165,5166,5167,5163,19,5162,5059,5164],"class_list":["post-26970","post","type-post","status-publish","format-standard","has-post-thumbnail","hentry","category-grundsmink","category-recensioner-produkttips","category-sminktips","tag-bla-under-ogonen","tag-concealer-finnar","tag-concealer-under-ogon","tag-duo-concealer","tag-glominerals","tag-glominerals-under-eye-concealer","tag-sminka-akne","tag-tacka-morka-ringar-under-ogonen"],"yoast_head":"<!-- This site is optimized with the Yoast SEO Premium plugin v14.9 - https:\/\/yoast.com\/wordpress\/plugins\/seo\/ -->\n<meta name=\"description\" content=\"T\u00e4ck finnar med duo-concealer! | Helena Amiley - H\u00e4r hittar du senaste infromation om sk\u00f6nhet, livsstil, entrepren\u00f6rskap, makeup &amp; tips.\" \/>\n<meta name=\"robots\" content=\"index, follow, max-snippet:-1, max-image-preview:large, max-video-preview:-1\" \/>\n<link rel=\"canonical\" href=\"https:\/\/www.imakeyousmile.se\/es\/tack-smart-med-duo-concealer\/\" \/>\n<meta property=\"og:locale\" content=\"es_ES\" \/>\n<meta property=\"og:type\" content=\"article\" \/>\n<meta property=\"og:title\" content=\"T\u00e4ck finnar med duo-concealer! | Imakeyousmile.se\" \/>\n<meta property=\"og:description\" content=\"T\u00e4ck finnar med duo-concealer! | Helena Amiley - H\u00e4r hittar du senaste infromation om sk\u00f6nhet, livsstil, entrepren\u00f6rskap, makeup &amp; tips.\" \/>\n<meta property=\"og:url\" content=\"https:\/\/www.imakeyousmile.se\/es\/tack-smart-med-duo-concealer\/\" \/>\n<meta property=\"og:site_name\" content=\"Imakeyousmile.se\" \/>\n<meta property=\"article:author\" content=\"https:\/\/www.facebook.com\/imakeyousmile.se\" \/>\n<meta property=\"article:published_time\" content=\"2016-09-13T16:35:23+00:00\" \/>\n<meta property=\"article:modified_time\" content=\"2021-09-15T09:03:10+00:00\" \/>\n<meta property=\"og:image\" content=\"https:\/\/www.imakeyousmile.se\/wp-content\/uploads\/2016\/09\/IMG_5227_111_111.jpg\" \/>\n\t<meta property=\"og:image:width\" content=\"2500\" \/>\n\t<meta property=\"og:image:height\" content=\"1803\" \/>\n<meta name=\"twitter:card\" content=\"summary_large_image\" \/>\n<script type=\"application\/ld+json\" class=\"yoast-schema-graph\">{\"@context\":\"https:\/\/schema.org\",\"@graph\":[{\"@type\":\"Organization\",\"@id\":\"https:\/\/www.imakeyousmile.se\/es\/#organization\",\"name\":\"Imakeyousmile\",\"url\":\"https:\/\/www.imakeyousmile.se\/es\/\",\"sameAs\":[],\"logo\":{\"@type\":\"ImageObject\",\"@id\":\"https:\/\/www.imakeyousmile.se\/es\/#logo\",\"inLanguage\":\"es\",\"url\":\"https:\/\/www.imakeyousmile.se\/wp-content\/uploads\/2020\/10\/HELENA-AMILEY_SVART-1-e1603367975324.png\",\"width\":280,\"height\":93,\"caption\":\"Imakeyousmile\"},\"image\":{\"@id\":\"https:\/\/www.imakeyousmile.se\/es\/#logo\"}},{\"@type\":\"WebSite\",\"@id\":\"https:\/\/www.imakeyousmile.se\/es\/#website\",\"url\":\"https:\/\/www.imakeyousmile.se\/es\/\",\"name\":\"Imakeyousmile.se\",\"description\":\"Helena Amiley - Beauty, Entrepreneur, Lifestyle\",\"publisher\":{\"@id\":\"https:\/\/www.imakeyousmile.se\/es\/#organization\"},\"potentialAction\":[{\"@type\":\"SearchAction\",\"target\":\"https:\/\/www.imakeyousmile.se\/es\/?s={search_term_string}\",\"query-input\":\"required name=search_term_string\"}],\"inLanguage\":\"es\"},{\"@type\":\"ImageObject\",\"@id\":\"https:\/\/www.imakeyousmile.se\/tack-smart-med-duo-concealer\/#primaryimage\",\"inLanguage\":\"es\",\"url\":\"https:\/\/www.imakeyousmile.se\/wp-content\/uploads\/2016\/09\/IMG_5227_111_111.jpg\",\"width\":2500,\"height\":1803},{\"@type\":\"WebPage\",\"@id\":\"https:\/\/www.imakeyousmile.se\/tack-smart-med-duo-concealer\/#webpage\",\"url\":\"https:\/\/www.imakeyousmile.se\/tack-smart-med-duo-concealer\/\",\"name\":\"T\\u00e4ck finnar med duo-concealer! | Imakeyousmile.se\",\"isPartOf\":{\"@id\":\"https:\/\/www.imakeyousmile.se\/es\/#website\"},\"primaryImageOfPage\":{\"@id\":\"https:\/\/www.imakeyousmile.se\/tack-smart-med-duo-concealer\/#primaryimage\"},\"datePublished\":\"2016-09-13T16:35:23+00:00\",\"dateModified\":\"2021-09-15T09:03:10+00:00\",\"description\":\"T\\u00e4ck finnar med duo-concealer! | Helena Amiley - H\\u00e4r hittar du senaste infromation om sk\\u00f6nhet, livsstil, entrepren\\u00f6rskap, makeup & tips.\",\"inLanguage\":\"es\",\"potentialAction\":[{\"@type\":\"ReadAction\",\"target\":[\"https:\/\/www.imakeyousmile.se\/tack-smart-med-duo-concealer\/\"]}]},{\"@type\":\"Article\",\"@id\":\"https:\/\/www.imakeyousmile.se\/tack-smart-med-duo-concealer\/#article\",\"isPartOf\":{\"@id\":\"https:\/\/www.imakeyousmile.se\/tack-smart-med-duo-concealer\/#webpage\"},\"author\":{\"@id\":\"https:\/\/www.imakeyousmile.se\/es\/#\/schema\/person\/b0fd43b1c6bb1c60cfd68bff9b4a10fb\"},\"headline\":\"T\\u00e4ck finnar med duo-concealer!\",\"datePublished\":\"2016-09-13T16:35:23+00:00\",\"dateModified\":\"2021-09-15T09:03:10+00:00\",\"mainEntityOfPage\":{\"@id\":\"https:\/\/www.imakeyousmile.se\/tack-smart-med-duo-concealer\/#webpage\"},\"commentCount\":0,\"publisher\":{\"@id\":\"https:\/\/www.imakeyousmile.se\/es\/#organization\"},\"image\":{\"@id\":\"https:\/\/www.imakeyousmile.se\/tack-smart-med-duo-concealer\/#primaryimage\"},\"keywords\":\"bl\\u00e5 under \\u00f6gonen,concealer finnar,concealer under \\u00f6gon,duo concealer,gloMinerals,glominerals under eye concealer,sminka akne,t\\u00e4cka m\\u00f6rka ringar under \\u00f6gonen\",\"articleSection\":\"Bassmink,Recensioner &amp; Produkttips,Sminktips\",\"inLanguage\":\"es\",\"potentialAction\":[{\"@type\":\"CommentAction\",\"name\":\"Comment\",\"target\":[\"https:\/\/www.imakeyousmile.se\/tack-smart-med-duo-concealer\/#respond\"]}]},{\"@type\":\"Person\",\"@id\":\"https:\/\/www.imakeyousmile.se\/es\/#\/schema\/person\/b0fd43b1c6bb1c60cfd68bff9b4a10fb\",\"name\":\"Helena Amiley\",\"image\":{\"@type\":\"ImageObject\",\"@id\":\"https:\/\/www.imakeyousmile.se\/es\/#personlogo\",\"inLanguage\":\"es\",\"url\":\"https:\/\/secure.gravatar.com\/avatar\/5645558e1e355457a23368d7e1b4c904?s=96&d=mm&r=g\",\"caption\":\"Helena Amiley\"},\"description\":\"Jag skriver mest om sk\\u00f6nhet men bjuder \\u00e4ven p\\u00e5 glimtar fr\\u00e5n entrepren\\u00f6rlivet och bygget av v\\u00e5r egen camper van. Vanlife here we come!\",\"sameAs\":[\"https:\/\/www.facebook.com\/imakeyousmile.se\",\"https:\/\/www.instagram.com\/helenaamiley\",\"https:\/\/www.youtube.com\/channel\/UCR5iB6rvpV6Yr8ZjpQfr5mg?view_as=subscriber\"]}]}<\/script>\n<!-- \/ Yoast SEO Premium plugin. -->","_links":{"self":[{"href":"https:\/\/www.imakeyousmile.se\/es\/wp-json\/wp\/v2\/posts\/26970"}],"collection":[{"href":"https:\/\/www.imakeyousmile.se\/es\/wp-json\/wp\/v2\/posts"}],"about":[{"href":"https:\/\/www.imakeyousmile.se\/es\/wp-json\/wp\/v2\/types\/post"}],"author":[{"embeddable":true,"href":"https:\/\/www.imakeyousmile.se\/es\/wp-json\/wp\/v2\/users\/30"}],"replies":[{"embeddable":true,"href":"https:\/\/www.imakeyousmile.se\/es\/wp-json\/wp\/v2\/comments?post=26970"}],"version-history":[{"count":3,"href":"https:\/\/www.imakeyousmile.se\/es\/wp-json\/wp\/v2\/posts\/26970\/revisions"}],"predecessor-version":[{"id":40902,"href":"https:\/\/www.imakeyousmile.se\/es\/wp-json\/wp\/v2\/posts\/26970\/revisions\/40902"}],"wp:featuredmedia":[{"embeddable":true,"href":"https:\/\/www.imakeyousmile.se\/es\/wp-json\/wp\/v2\/media\/26963"}],"wp:attachment":[{"href":"https:\/\/www.imakeyousmile.se\/es\/wp-json\/wp\/v2\/media?parent=26970"}],"wp:term":[{"taxonomy":"category","embeddable":true,"href":"https:\/\/www.imakeyousmile.se\/es\/wp-json\/wp\/v2\/categories?post=26970"},{"taxonomy":"post_tag","embeddable":true,"href":"https:\/\/www.imakeyousmile.se\/es\/wp-json\/wp\/v2\/tags?post=26970"}],"curies":[{"name":"wp","href":"https:\/\/api.w.org\/{rel}","templated":true}]}}