{"id":27106,"date":"2016-09-27T13:24:31","date_gmt":"2016-09-27T11:24:31","guid":{"rendered":"http:\/\/www.imakeyousmile.se\/?p=27106"},"modified":"2021-09-10T11:49:45","modified_gmt":"2021-09-10T09:49:45","slug":"sminkradgivning-fore-och-efter","status":"publish","type":"post","link":"https:\/\/www.imakeyousmile.se\/es\/consejos-de-maquillaje-antes-y-despues\/","title":{"rendered":"Consejos de maquillaje - Delineador de ojos y bajo sunkissed"},"content":{"rendered":"<p>El s\u00e1bado pasado tuve una divertida consulta de maquillaje en el sal\u00f3n de Uppsala de la que tom\u00e9 fotos del antes y el despu\u00e9s y pens\u00e9 mostrarte ahora :)<\/p>\n<p>Una chica interesada en el maquillaje que quiere una base que cubra las imperfecciones y debilite las pieles grasas, pero a la vez natural y que haga que su piel luzca bronceada. As\u00ed como un maquillaje de ojos con delineador de ojos afilado con ala y labios mate naturales.<\/p>\n<p>Aqu\u00ed ves el resultado:<\/p>\n<p><img loading=\"lazy\" decoding=\"async\" class=\"alignnone size-large wp-image-27107\" src=\"http:\/\/www.imakeyousmile.se\/wp-content\/uploads\/2016\/09\/IMG_5978_vattenst\u00e4mpel-1024x772.jpg\" alt=\"img_5978_vattenstampel\" width=\"640\" height=\"483\" srcset=\"https:\/\/www.imakeyousmile.se\/wp-content\/uploads\/2016\/09\/IMG_5978_vattenst\u00e4mpel-1024x772.jpg 1024w, https:\/\/www.imakeyousmile.se\/wp-content\/uploads\/2016\/09\/IMG_5978_vattenst\u00e4mpel-300x226.jpg 300w, https:\/\/www.imakeyousmile.se\/wp-content\/uploads\/2016\/09\/IMG_5978_vattenst\u00e4mpel-768x579.jpg 768w, https:\/\/www.imakeyousmile.se\/wp-content\/uploads\/2016\/09\/IMG_5978_vattenst\u00e4mpel-80x60.jpg 80w, https:\/\/www.imakeyousmile.se\/wp-content\/uploads\/2016\/09\/IMG_5978_vattenst\u00e4mpel-696x525.jpg 696w, https:\/\/www.imakeyousmile.se\/wp-content\/uploads\/2016\/09\/IMG_5978_vattenst\u00e4mpel-1068x805.jpg 1068w, https:\/\/www.imakeyousmile.se\/wp-content\/uploads\/2016\/09\/IMG_5978_vattenst\u00e4mpel-557x420.jpg 557w\" sizes=\"(max-width: 640px) 100vw, 640px\" \/><\/p>\n<p>\u00a1Muy bien! :) Un bonito maquillaje que funciona tanto para el d\u00eda a d\u00eda como para las fiestas.<\/p>\n<p><strong>Cubre espinillas y enrojecimiento + debilitante<\/strong><br \/>\nComenzamos con una base deprimente con prebase facial y base sin aceite en todo el rostro. Luego cubrimos las imperfecciones y las rojeces con corrector y un polvo mineral que neutraliza las rojeces de manera incre\u00edblemente efectiva.<\/p>\n<p><strong>Color, forma y luminosidad de la piel<\/strong><br \/>\nDespu\u00e9s de eso, oscurecimos m\u00e1s la piel con polvos solares, contorneando y d\u00e1ndole a la piel m\u00e1s luminosidad y color con iluminador y rubor. De lo contrario, puede verse bastante plano en la cara con una base mate de cobertura total.<\/p>\n<p><strong>Durabilidad extra buena<\/strong><br \/>\nTerminado con una bruma fijadora de maquillaje y luego un polvo debilitante. Siempre aplico polvo degradante despu\u00e9s de la niebla fijadora, porque el polvo de bamb\u00fa que utilizo es tan absorbente que no quiero que absorba toda la niebla fijadora. El polvo debe quedar como una superficie seca en el exterior de la piel y absorber el aceite cuando salga.<\/p>\n<p><b>Cejas elegantes y maquillaje que agranda los ojos.<\/b><br \/>\nYa ten\u00eda una bonita forma de cejas que enfatizamos m\u00e1s con l\u00e1piz y gel para cejas. Hizo un barrido marr\u00f3n suave con bordes m\u00e1s oscuros y una forma de ojo de gato para agrandar los ojos. Terminado con delineador de ojos con ala para un realce extra.<\/p>\n<p><strong>Labios<\/strong><br \/>\nFinalmente, complementamos el maquillaje con una barra de labios mate un poco m\u00e1s oscura que su propio color de labios. Natural pero al mismo tiempo da a los labios un color uniforme y enfatiza la forma con un contorno n\u00edtido. Adem\u00e1s, es pr\u00e1ctico para el uso diario ya que la durabilidad es realmente buena incluso al comer y beber :)<\/p>\n<p><img loading=\"lazy\" decoding=\"async\" class=\"alignnone size-large wp-image-27108\" src=\"http:\/\/www.imakeyousmile.se\/wp-content\/uploads\/2016\/09\/IMG_5984_vattenst\u00e4mpel-1024x890.jpg\" alt=\"img_5984_vattenstampel\" width=\"640\" height=\"556\" srcset=\"https:\/\/www.imakeyousmile.se\/wp-content\/uploads\/2016\/09\/IMG_5984_vattenst\u00e4mpel-1024x890.jpg 1024w, https:\/\/www.imakeyousmile.se\/wp-content\/uploads\/2016\/09\/IMG_5984_vattenst\u00e4mpel-300x261.jpg 300w, https:\/\/www.imakeyousmile.se\/wp-content\/uploads\/2016\/09\/IMG_5984_vattenst\u00e4mpel-768x667.jpg 768w, https:\/\/www.imakeyousmile.se\/wp-content\/uploads\/2016\/09\/IMG_5984_vattenst\u00e4mpel-696x605.jpg 696w, https:\/\/www.imakeyousmile.se\/wp-content\/uploads\/2016\/09\/IMG_5984_vattenst\u00e4mpel-1068x928.jpg 1068w, https:\/\/www.imakeyousmile.se\/wp-content\/uploads\/2016\/09\/IMG_5984_vattenst\u00e4mpel-483x420.jpg 483w\" sizes=\"(max-width: 640px) 100vw, 640px\" \/><\/p>\n<p>Lista de productos de los productos que he utilizado:<\/p>\n<p><strong>Cara:<\/strong><br \/>\nPrebase facial -\u00a0<a href=\"http:\/\/creativemakeup.se\/produkt\/paese-makeup-base\/\" target=\"_blank\" rel=\"noopener noreferrer\">Base de maquillaje Paese (mate)<\/a><br \/>\nFundaci\u00f3n - <a href=\"https:\/\/ion.lyko.com\/t\/t?a=1117786221&amp;as=1548102449&amp;t=2&amp;tk=1&amp;epi=search-replace-skintint&amp;url=https:\/\/lyko.com\/sv\/pixi\/pixi-h2o-skintint-2nude\" target=\"_blank\" rel=\"noopener noreferrer\">Pixi H2O Skintint (3 c\u00e1lidos)<\/a><br \/>\nCorrector - <a href=\"https:\/\/ion.lyko.com\/t\/t?a=1117786221&amp;as=1548102449&amp;t=2&amp;tk=1&amp;epi=search-replac-gloundereye&amp;url=https:\/\/lyko.com\/sv\/glo-skin-beauty\/glominerals-under-eye-concealer-golden\" target=\"_blank\" rel=\"noopener noreferrer\">Corrector de ojos gloMinerals (dorado)<\/a><br \/>\nPolvo que neutraliza las rojeces - <a href=\"https:\/\/ion.lyko.com\/t\/t?a=1117786221&amp;as=1548102449&amp;t=2&amp;tk=1&amp;epi=search-replace-rednessrelief&amp;url=https:\/\/lyko.com\/sv\/glo-skin-beauty\/glo-skin-bea-rednessrelief-powder\/\" target=\"_blank\" rel=\"noopener noreferrer\">polvo para aliviar el enrojecimiento de gloMinerals<\/a><br \/>\nContorneador e iluminador con brillo -\u00a0<a href=\"https:\/\/ion.lyko.com\/t\/t?a=1117786221&amp;as=1548102449&amp;t=2&amp;tk=1&amp;epi=search-replace-pixipalette&amp;url=https:\/\/lyko.com\/sv\/sok?q=pixi+palette\/\" target=\"_blank\" rel=\"noopener noreferrer\">Pixi Book of beauty Contour Creator Palette<\/a><br \/>\nColorete -\u00a0<a href=\"https:\/\/ion.lyko.com\/t\/t?a=1117786221&amp;as=1548102449&amp;t=2&amp;tk=1&amp;epi=search-replace-globlush&amp;url=https:\/\/lyko.com\/sv\/glo-skin-beauty\/glominerals-blush-sweet\" target=\"_blank\" rel=\"noopener noreferrer\">rubor gloMinerals<\/a>\u00a0(Papaya)<br \/>\nBruma fijadora de maquillaje -\u00a0<a href=\"https:\/\/ion.lyko.com\/t\/t?a=1117786221&amp;as=1548102449&amp;t=2&amp;tk=1&amp;epi=search-replace-fixingmist&amp;url=https:\/\/lyko.com\/sv\/pixi\/pixi-makeup-fixing-mist\" target=\"_blank\" rel=\"noopener noreferrer\">Bruma fijadora de maquillaje Pixi<\/a><br \/>\nPolvos deshidratantes - <a href=\"http:\/\/creativemakeup.se\/produkt\/paese-bamboo-silk-powder\/\" target=\"_blank\" rel=\"noopener noreferrer\">Polvo de seda de bamb\u00fa Paese<\/a><\/p>\n<p><strong>Ceja<\/strong>\u00a0-\u00a0<a href=\"https:\/\/ion.lyko.com\/t\/t?a=1117786221&amp;as=1548102449&amp;t=2&amp;tk=1&amp;epi=search-replace-brow-duo&amp;url=https:\/\/lyko.com\/sv\/pixi\/pixi-natural-brow-duo-natural-brown\/\" target=\"_blank\" rel=\"noopener noreferrer\">Pixi Duo Brow\u00a0<\/a>(Marr\u00f3n natural)<br \/>\n<strong>Labios<\/strong>\u00a0-<a href=\"https:\/\/ion.lyko.com\/t\/t?a=1117786221&#038;as=1548102449&#038;t=2&#038;tk=1&#038;epi=search-replace-glosuede&#038;url=https:\/\/lyko.com\/sv\/glo-skin-beauty\/glominerals-glosuedematte-crayon-tradema\" target=\"_blank\" rel=\"noopener noreferrer\">\u00a0GloMinerals Suede Matte Crayon<\/a>\u00a0(Monograma)<\/p>\n<p><strong>Ojos:<\/strong><br \/>\nImprimaci\u00f3n de sombra de ojos -\u00a0<a href=\"https:\/\/ion.lyko.com\/t\/t?a=1117786221&amp;as=1548102449&amp;t=2&amp;tk=1&amp;epi=search-replace-pixiprimer&amp;url=https:\/\/lyko.com\/sv\/sok?q=pixi+primer\" target=\"_blank\" rel=\"noopener noreferrer\">Prebase brillante para ojos Pixi<\/a><br \/>\nSombras de ojos - kit de ojos ahumados gloMinerals (\u00a1haga una oferta en nuestra tienda!)<br \/>\nDelineador de ojos negro -\u00a0<a href=\"http:\/\/creativemakeup.se\/produkt\/paese-liquid-eyeliner\/\" target=\"_blank\" rel=\"noopener noreferrer\">Delineador de ojos l\u00edquido Paese<\/a><a href=\"https:\/\/ion.jordklok.se\/t\/t?a=1236848151&#038;as=1548102449&#038;t=2&#038;tk=1&#038;epi=search-replace-benecoskajal&#038;url=https:\/\/www.jordklok.se\/sv\/articles\/2.80.3594\/benecos-natural-kajalpenna-113-g?q=Benecos%20Natural%20Kajalpenna,%201,13%20g\/\" target=\"_blank\" rel=\"noopener noreferrer\"><br \/>\n<\/a>R\u00edmel negro -\u00a0<a href=\"http:\/\/creativemakeup.se\/produkt\/santhilea-magnetic-lash-mascara\/\" target=\"_blank\" rel=\"noopener noreferrer\">M\u00e1scara de pesta\u00f1as magn\u00e9tica<\/a><\/p>\n<p>Y todo est\u00e1 disponible en Byher.se y en nuestra tienda \/ sal\u00f3n en Uppsala :)<\/p>\n<p><img loading=\"lazy\" decoding=\"async\" class=\"alignnone size-large wp-image-27109\" src=\"http:\/\/www.imakeyousmile.se\/wp-content\/uploads\/2016\/09\/IMG_5988_111-1024x785.jpg\" alt=\"img_5988_111\" width=\"640\" height=\"491\" srcset=\"https:\/\/www.imakeyousmile.se\/wp-content\/uploads\/2016\/09\/IMG_5988_111-1024x785.jpg 1024w, https:\/\/www.imakeyousmile.se\/wp-content\/uploads\/2016\/09\/IMG_5988_111-300x230.jpg 300w, https:\/\/www.imakeyousmile.se\/wp-content\/uploads\/2016\/09\/IMG_5988_111-768x589.jpg 768w, https:\/\/www.imakeyousmile.se\/wp-content\/uploads\/2016\/09\/IMG_5988_111-80x60.jpg 80w, https:\/\/www.imakeyousmile.se\/wp-content\/uploads\/2016\/09\/IMG_5988_111-696x533.jpg 696w, https:\/\/www.imakeyousmile.se\/wp-content\/uploads\/2016\/09\/IMG_5988_111-1068x819.jpg 1068w, https:\/\/www.imakeyousmile.se\/wp-content\/uploads\/2016\/09\/IMG_5988_111-548x420.jpg 548w\" sizes=\"(max-width: 640px) 100vw, 640px\" \/><\/p>\n<p>La consulta de maquillaje cuesta SEK 895 y luego incluye productos por el monto total que usted elige libremente en la tienda. \u00a1Incre\u00edblemente apreciado!<\/p>\n<p>Si quieres reservar una cita con nosotros en Creative Makeup By Her, para maquillaje, depilaci\u00f3n de cejas, permanente de pesta\u00f1as, blanqueamiento dental, maquillaje permanente o similar, puedes hacerlo en el 018 10 50 13 o en l\u00ednea en nuestro <a href=\"http:\/\/creativemakeup.se\/boka-tid\/\" target=\"_blank\" rel=\"noopener noreferrer\">sitio web<\/a>.<\/p>\n<p>\u00a1Beso abrazo!<\/p>","protected":false},"excerpt":{"rendered":"<p>I l\u00f6rdags s\u00e5 hade jag en rolig sminkkonsultation p\u00e5 salongen i Uppsala som jag fotade f\u00f6re- och efterbilder p\u00e5 och t\u00e4nkte visa er nu :) En\u00a0sminkintresserad tjej som vill\u00a0ha en\u00a0bas som t\u00e4cker blemmor och \u00e4r nedmattande f\u00f6r oljig hy, men samtidigt naturlig och f\u00e5r hennes hy att se solbrun\u00a0ut. Samt en \u00f6gonmakeup med skarp eyeliner [&hellip;]<\/p>\n","protected":false},"author":30,"featured_media":27107,"comment_status":"open","ping_status":"closed","sticky":false,"template":"","format":"standard","meta":{"footnotes":""},"categories":[24,7003,9,2827,59,2956,3919],"tags":[5192,5166,4001,3934,3782,3192,4300,4075,72,1222],"class_list":["post-27106","post","type-post","status-publish","format-standard","has-post-thumbnail","hentry","category-grundsmink","category-fore-efter-kunder","category-partysminkningar","category-vardagssminkningar","category-recensioner-produkttips","category-sminkjobb","category-sminktips","tag-bassmink-oljig-hy","tag-concealer-finnar","tag-creative-makeup-by-her","tag-makeup-uppsala","tag-smink-fet-hy","tag-smink-fore-efter","tag-smink-rod-hy","tag-sminkkonsultation-uppsala","tag-sminktips","tag-tacka-finnar"],"yoast_head":"<!-- This site is optimized with the Yoast SEO Premium plugin v14.9 - https:\/\/yoast.com\/wordpress\/plugins\/seo\/ -->\n<meta name=\"description\" content=\"Sminkr\u00e5dgivning - Solkysst bas &amp; Eyeliner | Helena Amiley - H\u00e4r hittar du senaste infromation om sk\u00f6nhet, livsstil, entrepren\u00f6rskap, makeup &amp; tips.\" \/>\n<meta name=\"robots\" content=\"index, follow, max-snippet:-1, max-image-preview:large, max-video-preview:-1\" \/>\n<link rel=\"canonical\" href=\"https:\/\/www.imakeyousmile.se\/es\/sminkradgivning-fore-och-efter\/\" \/>\n<meta property=\"og:locale\" content=\"es_ES\" \/>\n<meta property=\"og:type\" content=\"article\" \/>\n<meta property=\"og:title\" content=\"Sminkr\u00e5dgivning - Solkysst bas &amp; Eyeliner | Imakeyousmile.se\" \/>\n<meta property=\"og:description\" content=\"Sminkr\u00e5dgivning - Solkysst bas &amp; Eyeliner | Helena Amiley - H\u00e4r hittar du senaste infromation om sk\u00f6nhet, livsstil, entrepren\u00f6rskap, makeup &amp; tips.\" \/>\n<meta property=\"og:url\" content=\"https:\/\/www.imakeyousmile.se\/es\/sminkradgivning-fore-och-efter\/\" \/>\n<meta property=\"og:site_name\" content=\"Imakeyousmile.se\" \/>\n<meta property=\"article:author\" content=\"https:\/\/www.facebook.com\/imakeyousmile.se\" \/>\n<meta property=\"article:published_time\" content=\"2016-09-27T11:24:31+00:00\" \/>\n<meta property=\"article:modified_time\" content=\"2021-09-10T09:49:45+00:00\" \/>\n<meta property=\"og:image\" content=\"https:\/\/www.imakeyousmile.se\/wp-content\/uploads\/2016\/09\/IMG_5978_vattenst\u00e4mpel.jpg\" \/>\n\t<meta property=\"og:image:width\" content=\"2560\" \/>\n\t<meta property=\"og:image:height\" content=\"1930\" \/>\n<meta name=\"twitter:card\" content=\"summary_large_image\" \/>\n<script type=\"application\/ld+json\" class=\"yoast-schema-graph\">{\"@context\":\"https:\/\/schema.org\",\"@graph\":[{\"@type\":\"Organization\",\"@id\":\"https:\/\/www.imakeyousmile.se\/es\/#organization\",\"name\":\"Imakeyousmile\",\"url\":\"https:\/\/www.imakeyousmile.se\/es\/\",\"sameAs\":[],\"logo\":{\"@type\":\"ImageObject\",\"@id\":\"https:\/\/www.imakeyousmile.se\/es\/#logo\",\"inLanguage\":\"es\",\"url\":\"https:\/\/www.imakeyousmile.se\/wp-content\/uploads\/2020\/10\/HELENA-AMILEY_SVART-1-e1603367975324.png\",\"width\":280,\"height\":93,\"caption\":\"Imakeyousmile\"},\"image\":{\"@id\":\"https:\/\/www.imakeyousmile.se\/es\/#logo\"}},{\"@type\":\"WebSite\",\"@id\":\"https:\/\/www.imakeyousmile.se\/es\/#website\",\"url\":\"https:\/\/www.imakeyousmile.se\/es\/\",\"name\":\"Imakeyousmile.se\",\"description\":\"Helena Amiley - Beauty, Entrepreneur, Lifestyle\",\"publisher\":{\"@id\":\"https:\/\/www.imakeyousmile.se\/es\/#organization\"},\"potentialAction\":[{\"@type\":\"SearchAction\",\"target\":\"https:\/\/www.imakeyousmile.se\/es\/?s={search_term_string}\",\"query-input\":\"required name=search_term_string\"}],\"inLanguage\":\"es\"},{\"@type\":\"ImageObject\",\"@id\":\"https:\/\/www.imakeyousmile.se\/sminkradgivning-fore-och-efter\/#primaryimage\",\"inLanguage\":\"es\",\"url\":\"https:\/\/www.imakeyousmile.se\/wp-content\/uploads\/2016\/09\/IMG_5978_vattenst\\u00e4mpel.jpg\",\"width\":2560,\"height\":1930},{\"@type\":\"WebPage\",\"@id\":\"https:\/\/www.imakeyousmile.se\/sminkradgivning-fore-och-efter\/#webpage\",\"url\":\"https:\/\/www.imakeyousmile.se\/sminkradgivning-fore-och-efter\/\",\"name\":\"Sminkr\\u00e5dgivning - Solkysst bas & Eyeliner | Imakeyousmile.se\",\"isPartOf\":{\"@id\":\"https:\/\/www.imakeyousmile.se\/es\/#website\"},\"primaryImageOfPage\":{\"@id\":\"https:\/\/www.imakeyousmile.se\/sminkradgivning-fore-och-efter\/#primaryimage\"},\"datePublished\":\"2016-09-27T11:24:31+00:00\",\"dateModified\":\"2021-09-10T09:49:45+00:00\",\"description\":\"Sminkr\\u00e5dgivning - Solkysst bas & Eyeliner | Helena Amiley - H\\u00e4r hittar du senaste infromation om sk\\u00f6nhet, livsstil, entrepren\\u00f6rskap, makeup & tips.\",\"inLanguage\":\"es\",\"potentialAction\":[{\"@type\":\"ReadAction\",\"target\":[\"https:\/\/www.imakeyousmile.se\/sminkradgivning-fore-och-efter\/\"]}]},{\"@type\":\"Article\",\"@id\":\"https:\/\/www.imakeyousmile.se\/sminkradgivning-fore-och-efter\/#article\",\"isPartOf\":{\"@id\":\"https:\/\/www.imakeyousmile.se\/sminkradgivning-fore-och-efter\/#webpage\"},\"author\":{\"@id\":\"https:\/\/www.imakeyousmile.se\/es\/#\/schema\/person\/b0fd43b1c6bb1c60cfd68bff9b4a10fb\"},\"headline\":\"Sminkr\\u00e5dgivning &#8211; Solkysst bas &#038; Eyeliner\",\"datePublished\":\"2016-09-27T11:24:31+00:00\",\"dateModified\":\"2021-09-10T09:49:45+00:00\",\"mainEntityOfPage\":{\"@id\":\"https:\/\/www.imakeyousmile.se\/sminkradgivning-fore-och-efter\/#webpage\"},\"commentCount\":2,\"publisher\":{\"@id\":\"https:\/\/www.imakeyousmile.se\/es\/#organization\"},\"image\":{\"@id\":\"https:\/\/www.imakeyousmile.se\/sminkradgivning-fore-och-efter\/#primaryimage\"},\"keywords\":\"bassmink oljig hy,concealer finnar,creative makeup by her,makeup uppsala,smink fet hy,smink f\\u00f6re efter,smink r\\u00f6d hy,sminkkonsultation uppsala,sminktips,t\\u00e4cka finnar\",\"articleSection\":\"Bassmink,F\\u00f6re &amp; efter (kundjobb),M\\u00f6rka \/ festliga sminkningar,Neutrala \/ milda sminkningar,Recensioner &amp; Produkttips,Sminkjobb,Sminktips\",\"inLanguage\":\"es\",\"potentialAction\":[{\"@type\":\"CommentAction\",\"name\":\"Comment\",\"target\":[\"https:\/\/www.imakeyousmile.se\/sminkradgivning-fore-och-efter\/#respond\"]}]},{\"@type\":\"Person\",\"@id\":\"https:\/\/www.imakeyousmile.se\/es\/#\/schema\/person\/b0fd43b1c6bb1c60cfd68bff9b4a10fb\",\"name\":\"Helena Amiley\",\"image\":{\"@type\":\"ImageObject\",\"@id\":\"https:\/\/www.imakeyousmile.se\/es\/#personlogo\",\"inLanguage\":\"es\",\"url\":\"https:\/\/secure.gravatar.com\/avatar\/5645558e1e355457a23368d7e1b4c904?s=96&d=mm&r=g\",\"caption\":\"Helena Amiley\"},\"description\":\"Jag skriver mest om sk\\u00f6nhet men bjuder \\u00e4ven p\\u00e5 glimtar fr\\u00e5n entrepren\\u00f6rlivet och bygget av v\\u00e5r egen camper van. Vanlife here we come!\",\"sameAs\":[\"https:\/\/www.facebook.com\/imakeyousmile.se\",\"https:\/\/www.instagram.com\/helenaamiley\",\"https:\/\/www.youtube.com\/channel\/UCR5iB6rvpV6Yr8ZjpQfr5mg?view_as=subscriber\"]}]}<\/script>\n<!-- \/ Yoast SEO Premium plugin. -->","_links":{"self":[{"href":"https:\/\/www.imakeyousmile.se\/es\/wp-json\/wp\/v2\/posts\/27106"}],"collection":[{"href":"https:\/\/www.imakeyousmile.se\/es\/wp-json\/wp\/v2\/posts"}],"about":[{"href":"https:\/\/www.imakeyousmile.se\/es\/wp-json\/wp\/v2\/types\/post"}],"author":[{"embeddable":true,"href":"https:\/\/www.imakeyousmile.se\/es\/wp-json\/wp\/v2\/users\/30"}],"replies":[{"embeddable":true,"href":"https:\/\/www.imakeyousmile.se\/es\/wp-json\/wp\/v2\/comments?post=27106"}],"version-history":[{"count":5,"href":"https:\/\/www.imakeyousmile.se\/es\/wp-json\/wp\/v2\/posts\/27106\/revisions"}],"predecessor-version":[{"id":40608,"href":"https:\/\/www.imakeyousmile.se\/es\/wp-json\/wp\/v2\/posts\/27106\/revisions\/40608"}],"wp:featuredmedia":[{"embeddable":true,"href":"https:\/\/www.imakeyousmile.se\/es\/wp-json\/wp\/v2\/media\/27107"}],"wp:attachment":[{"href":"https:\/\/www.imakeyousmile.se\/es\/wp-json\/wp\/v2\/media?parent=27106"}],"wp:term":[{"taxonomy":"category","embeddable":true,"href":"https:\/\/www.imakeyousmile.se\/es\/wp-json\/wp\/v2\/categories?post=27106"},{"taxonomy":"post_tag","embeddable":true,"href":"https:\/\/www.imakeyousmile.se\/es\/wp-json\/wp\/v2\/tags?post=27106"}],"curies":[{"name":"wp","href":"https:\/\/api.w.org\/{rel}","templated":true}]}}