{"id":27160,"date":"2016-10-05T08:43:07","date_gmt":"2016-10-05T06:43:07","guid":{"rendered":"http:\/\/www.imakeyousmile.se\/?p=27160"},"modified":"2020-10-22T17:13:46","modified_gmt":"2020-10-22T15:13:46","slug":"sminkning-fore-efter","status":"publish","type":"post","link":"https:\/\/www.imakeyousmile.se\/es\/maquillaje-antes-despues\/","title":{"rendered":"Maquillaje antes y despu\u00e9s"},"content":{"rendered":"<p>Aqu\u00ed hay fotos de antes y despu\u00e9s de una consulta de maquillaje que le hice a un cliente en el sal\u00f3n el viernes pasado:<\/p>\n<p><img loading=\"lazy\" decoding=\"async\" class=\"alignnone size-large wp-image-27161\" src=\"http:\/\/www.imakeyousmile.se\/wp-content\/uploads\/2016\/09\/IMG_6682_vattenst\u00e4mpel-1024x793.jpg\" alt=\"img_6682_vattenstampel\" width=\"640\" height=\"496\" srcset=\"https:\/\/www.imakeyousmile.se\/wp-content\/uploads\/2016\/09\/IMG_6682_vattenst\u00e4mpel-1024x793.jpg 1024w, https:\/\/www.imakeyousmile.se\/wp-content\/uploads\/2016\/09\/IMG_6682_vattenst\u00e4mpel-300x232.jpg 300w, https:\/\/www.imakeyousmile.se\/wp-content\/uploads\/2016\/09\/IMG_6682_vattenst\u00e4mpel-768x595.jpg 768w, https:\/\/www.imakeyousmile.se\/wp-content\/uploads\/2016\/09\/IMG_6682_vattenst\u00e4mpel-696x539.jpg 696w, https:\/\/www.imakeyousmile.se\/wp-content\/uploads\/2016\/09\/IMG_6682_vattenst\u00e4mpel-1068x827.jpg 1068w, https:\/\/www.imakeyousmile.se\/wp-content\/uploads\/2016\/09\/IMG_6682_vattenst\u00e4mpel-543x420.jpg 543w\" sizes=\"(max-width: 640px) 100vw, 640px\" \/><\/p>\n<p><strong>Bajos r\u00e1pidos y naturales<\/strong><br \/>\nQuer\u00eda una base r\u00e1pida que neutralice el enrojecimiento y sea muy natural. As\u00ed que comenzamos con una base facial verde, luego agregamos una crema de d\u00eda de color (que tambi\u00e9n da brillo) que tiene un corrector en el corcho que aplicamos en algunos peque\u00f1os puntos y vasos sangu\u00edneos visibles.<\/p>\n<p>Luego, un poco de polvo solar y rubor para obtener m\u00e1s color, y las cejas en las que solo quer\u00eda un poco de gel, as\u00ed que me pein\u00e9 un poco de color en las cejas solo :)<\/p>\n<p><strong>Ojos<\/strong><br \/>\nQuer\u00eda ver un maquillaje en plateado y gris, y preferiblemente un poco de verde turquesa, ya que cree que es tan celestialmente agradable, y tenemos un delineador de ojos en un tono verde turquesa s\u00faper agradable, \u00a1as\u00ed que fue perfecto!<\/p>\n<p><strong>Lista de productos de los productos que he utilizado:<\/strong><\/p>\n<p><span style=\"text-decoration: underline;\">Cara:<\/span><br \/>\nPrebase facial - <a href=\"https:\/\/ion.lyko.com\/t\/t?a=1117786221&#038;as=1548102449&#038;t=2&#038;tk=1&#038;epi=search-replace-pixi-redness&#038;url=https:\/\/lyko.com\/sv\/sok?q=pixi+primer\/\" target=\"_blank\" rel=\"noopener noreferrer\">Prebase reductora de enrojecimiento Pixi<\/a>*<br \/>\nCrema de d\u00eda de color + corrector -\u00a0<a href=\"https:\/\/ion.lyko.com\/t\/t?a=1117786221&#038;as=1548102449&#038;t=2&#038;tk=1&#038;epi=search-replace-pixitintc&#038;url=https:\/\/lyko.com\/sv\/pixi\/pixi-tint-conceal3-nude-glow\/\" target=\"_blank\" rel=\"noopener noreferrer\">Pixi Illuminating Tint &amp; Hide (brillo desnudo)<\/a>*<br \/>\nContorneado -<a href=\"http:\/\/creativemakeup.se\/produkt\/paese-bronzing-powder\/\" target=\"_blank\" rel=\"noopener noreferrer\">\u00a0Polvo Bronceador Paese<\/a>\u00a0(1p) *<br \/>\nColorete -\u00a0<a href=\"https:\/\/ion.lyko.com\/t\/t?a=1117786221&#038;as=1548102449&#038;t=2&#038;tk=1&#038;epi=search-replace-globlush&#038;url=https:\/\/lyko.com\/sv\/glo-skin-beauty\/glominerals-blush-sweet\" target=\"_blank\" rel=\"noopener noreferrer\">rubor gloMinerals<\/a>\u00a0(Papaya)*<\/p>\n<p><span style=\"text-decoration: underline;\">Ceja<\/span>\u00a0- <a href=\"http:\/\/creativemakeup.se\/produkt\/glominerals-brow-gel-2\/\" target=\"_blank\" rel=\"noopener noreferrer\">Gel para cejas gloMinerals (taupe)<\/a>*<br \/>\n<span style=\"text-decoration: underline;\">Labios<\/span>\u00a0-<a href=\"https:\/\/ion.lyko.com\/t\/t?a=1117786221&#038;as=1548102449&#038;t=2&#038;tk=1&#038;epi=search-replace-glosuede&#038;url=https:\/\/lyko.com\/sv\/glo-skin-beauty\/glominerals-glosuedematte-crayon-tradema\" target=\"_blank\" rel=\"noopener noreferrer\">\u00a0GloMinerals Suede Matte Crayon<\/a>\u00a0(Comedido) *<\/p>\n<p><span style=\"text-decoration: underline;\">Ojos:<\/span><br \/>\nImprimaci\u00f3n de sombra de ojos -\u00a0<a href=\"https:\/\/ion.lyko.com\/t\/t?a=1117786221&#038;as=1548102449&#038;t=2&#038;tk=1&#038;epi=search-replace-pixiprimer&#038;url=https:\/\/lyko.com\/sv\/sok?q=pixi+primer\" target=\"_blank\" rel=\"noopener noreferrer\">Prebase brillante para ojos Pixi<\/a>*<br \/>\nSombras de ojos -\u00a0<a href=\"http:\/\/creativemakeup.se\/produkt\/paese-opal-eyeshadow\/\" target=\"_blank\" rel=\"noopener noreferrer\">Sombra de ojos Paese Opal Trio (Ice Queen)<\/a>*<br \/>\nDelineador de ojos negro - <a href=\"https:\/\/ion.lyko.com\/t\/t?a=1117786221&#038;as=1548102449&#038;t=2&#038;tk=1&#038;epi=search-replace-pixi-endless&#038;url=https:\/\/lyko.com\/sv\/pixi\/pixi-endless-silky-eye-pen-icy-citrine\/\" target=\"_blank\" rel=\"noopener noreferrer\">L\u00e1piz de ojos sedoso Pixi Endless (Black noir)<\/a>*<br \/>\nDelineador de ojos claro - <a href=\"https:\/\/ion.jordklok.se\/t\/t?a=1236848151&#038;as=1548102449&#038;t=2&#038;tk=1&#038;epi=search-replace-benecoskajal&#038;url=https:\/\/www.jordklok.se\/sv\/articles\/2.80.3594\/benecos-natural-kajalpenna-113-g?q=Benecos%20Natural%20Kajalpenna,%201,13%20g\/\" target=\"_blank\" rel=\"noopener noreferrer\">Benecos Natural Blanco Kajal<\/a>*<a href=\"https:\/\/ion.jordklok.se\/t\/t?a=1236848151&#038;as=1548102449&#038;t=2&#038;tk=1&#038;epi=search-replace-benecoskajal&#038;url=https:\/\/www.jordklok.se\/sv\/articles\/2.80.3594\/benecos-natural-kajalpenna-113-g?q=Benecos%20Natural%20Kajalpenna,%201,13%20g\/\" target=\"_blank\" rel=\"noopener noreferrer\"><br \/>\n<\/a>R\u00edmel negro -\u00a0<a href=\"http:\/\/creativemakeup.se\/produkt\/santhilea-magnetic-lash-mascara\/\" target=\"_blank\" rel=\"noopener noreferrer\">M\u00e1scara de pesta\u00f1as magn\u00e9tica<\/a>*<\/p>\n<p><img loading=\"lazy\" decoding=\"async\" class=\"alignnone size-large wp-image-27163\" src=\"http:\/\/www.imakeyousmile.se\/wp-content\/uploads\/2016\/09\/IMG_6695_vattenst\u00e4mpel2-1024x683.jpg\" alt=\"img_6695_vattenstampel2\" width=\"640\" height=\"427\" srcset=\"https:\/\/www.imakeyousmile.se\/wp-content\/uploads\/2016\/09\/IMG_6695_vattenst\u00e4mpel2-1024x683.jpg 1024w, https:\/\/www.imakeyousmile.se\/wp-content\/uploads\/2016\/09\/IMG_6695_vattenst\u00e4mpel2-300x200.jpg 300w, https:\/\/www.imakeyousmile.se\/wp-content\/uploads\/2016\/09\/IMG_6695_vattenst\u00e4mpel2-768x512.jpg 768w, https:\/\/www.imakeyousmile.se\/wp-content\/uploads\/2016\/09\/IMG_6695_vattenst\u00e4mpel2-696x464.jpg 696w, https:\/\/www.imakeyousmile.se\/wp-content\/uploads\/2016\/09\/IMG_6695_vattenst\u00e4mpel2-1068x712.jpg 1068w, https:\/\/www.imakeyousmile.se\/wp-content\/uploads\/2016\/09\/IMG_6695_vattenst\u00e4mpel2-630x420.jpg 630w\" sizes=\"(max-width: 640px) 100vw, 640px\" \/><\/p>\n<p>Si quieres reservar una cita con nosotros, hazlo como de costumbre online <a href=\"http:\/\/creativemakeup.se\" target=\"_blank\" rel=\"noopener noreferrer\">Creativemakeup.se<\/a> :)<\/p>\n<p>\u00a1Los abrazos son!<img loading=\"lazy\" decoding=\"async\" class=\"alignnone size-full wp-image-26928\" src=\"http:\/\/www.imakeyousmile.se\/wp-content\/uploads\/2016\/08\/Min-webshop.jpg\" alt=\"min-tienda online\" width=\"799\" height=\"110\" \/><\/p>","protected":false},"excerpt":{"rendered":"<p>H\u00e4r \u00e4r f\u00f6re- och efterbilder p\u00e5 en sminkkonsultation som jag gjorde p\u00e5 en kund p\u00e5 salongen i fredags: Snabb &amp; naturlig bas Hon ville ha en snabb bas som neutraliserar r\u00f6dhet och \u00e4r v\u00e4ldigt naturlig. S\u00e5 vi b\u00f6rjade med gr\u00f6n ansiktsprimer, la sedan en f\u00e4rgad dagkr\u00e4m (som \u00e4ven ger lyster) som\u00a0har en concealer i korken [&hellip;]<\/p>\n","protected":false},"author":30,"featured_media":27161,"comment_status":"open","ping_status":"closed","sticky":false,"template":"","format":"standard","meta":{"footnotes":""},"categories":[7003,2956],"tags":[3934,3935],"class_list":["post-27160","post","type-post","status-publish","format-standard","has-post-thumbnail","hentry","category-fore-efter-kunder","category-sminkjobb","tag-makeup-uppsala","tag-smink-uppsala"],"yoast_head":"<!-- This site is optimized with the Yoast SEO Premium plugin v14.9 - https:\/\/yoast.com\/wordpress\/plugins\/seo\/ -->\n<meta name=\"description\" content=\"Sminkning f\u00f6re &amp; efter | Helena Amiley - H\u00e4r hittar du senaste infromation om sk\u00f6nhet, livsstil, entrepren\u00f6rskap, makeup &amp; tips.\" \/>\n<meta name=\"robots\" content=\"index, follow, max-snippet:-1, max-image-preview:large, max-video-preview:-1\" \/>\n<link rel=\"canonical\" href=\"https:\/\/www.imakeyousmile.se\/es\/sminkning-fore-efter\/\" \/>\n<meta property=\"og:locale\" content=\"es_ES\" \/>\n<meta property=\"og:type\" content=\"article\" \/>\n<meta property=\"og:title\" content=\"Sminkning f\u00f6re &amp; efter | Imakeyousmile.se\" \/>\n<meta property=\"og:description\" content=\"Sminkning f\u00f6re &amp; efter | Helena Amiley - H\u00e4r hittar du senaste infromation om sk\u00f6nhet, livsstil, entrepren\u00f6rskap, makeup &amp; tips.\" \/>\n<meta property=\"og:url\" content=\"https:\/\/www.imakeyousmile.se\/es\/sminkning-fore-efter\/\" \/>\n<meta property=\"og:site_name\" content=\"Imakeyousmile.se\" \/>\n<meta property=\"article:author\" content=\"https:\/\/www.facebook.com\/imakeyousmile.se\" \/>\n<meta property=\"article:published_time\" content=\"2016-10-05T06:43:07+00:00\" \/>\n<meta property=\"article:modified_time\" content=\"2020-10-22T15:13:46+00:00\" \/>\n<meta property=\"og:image\" content=\"https:\/\/www.imakeyousmile.se\/wp-content\/uploads\/2016\/09\/IMG_6682_vattenst\u00e4mpel.jpg\" \/>\n\t<meta property=\"og:image:width\" content=\"2560\" \/>\n\t<meta property=\"og:image:height\" content=\"1982\" \/>\n<meta name=\"twitter:card\" content=\"summary_large_image\" \/>\n<script type=\"application\/ld+json\" class=\"yoast-schema-graph\">{\"@context\":\"https:\/\/schema.org\",\"@graph\":[{\"@type\":\"Organization\",\"@id\":\"https:\/\/www.imakeyousmile.se\/es\/#organization\",\"name\":\"Imakeyousmile\",\"url\":\"https:\/\/www.imakeyousmile.se\/es\/\",\"sameAs\":[],\"logo\":{\"@type\":\"ImageObject\",\"@id\":\"https:\/\/www.imakeyousmile.se\/es\/#logo\",\"inLanguage\":\"es\",\"url\":\"https:\/\/www.imakeyousmile.se\/wp-content\/uploads\/2020\/10\/HELENA-AMILEY_SVART-1-e1603367975324.png\",\"width\":280,\"height\":93,\"caption\":\"Imakeyousmile\"},\"image\":{\"@id\":\"https:\/\/www.imakeyousmile.se\/es\/#logo\"}},{\"@type\":\"WebSite\",\"@id\":\"https:\/\/www.imakeyousmile.se\/es\/#website\",\"url\":\"https:\/\/www.imakeyousmile.se\/es\/\",\"name\":\"Imakeyousmile.se\",\"description\":\"Helena Amiley - Beauty, Entrepreneur, Lifestyle\",\"publisher\":{\"@id\":\"https:\/\/www.imakeyousmile.se\/es\/#organization\"},\"potentialAction\":[{\"@type\":\"SearchAction\",\"target\":\"https:\/\/www.imakeyousmile.se\/es\/?s={search_term_string}\",\"query-input\":\"required name=search_term_string\"}],\"inLanguage\":\"es\"},{\"@type\":\"ImageObject\",\"@id\":\"https:\/\/www.imakeyousmile.se\/sminkning-fore-efter\/#primaryimage\",\"inLanguage\":\"es\",\"url\":\"https:\/\/www.imakeyousmile.se\/wp-content\/uploads\/2016\/09\/IMG_6682_vattenst\\u00e4mpel.jpg\",\"width\":2560,\"height\":1982},{\"@type\":\"WebPage\",\"@id\":\"https:\/\/www.imakeyousmile.se\/sminkning-fore-efter\/#webpage\",\"url\":\"https:\/\/www.imakeyousmile.se\/sminkning-fore-efter\/\",\"name\":\"Sminkning f\\u00f6re & efter | Imakeyousmile.se\",\"isPartOf\":{\"@id\":\"https:\/\/www.imakeyousmile.se\/es\/#website\"},\"primaryImageOfPage\":{\"@id\":\"https:\/\/www.imakeyousmile.se\/sminkning-fore-efter\/#primaryimage\"},\"datePublished\":\"2016-10-05T06:43:07+00:00\",\"dateModified\":\"2020-10-22T15:13:46+00:00\",\"description\":\"Sminkning f\\u00f6re & efter | Helena Amiley - H\\u00e4r hittar du senaste infromation om sk\\u00f6nhet, livsstil, entrepren\\u00f6rskap, makeup & tips.\",\"inLanguage\":\"es\",\"potentialAction\":[{\"@type\":\"ReadAction\",\"target\":[\"https:\/\/www.imakeyousmile.se\/sminkning-fore-efter\/\"]}]},{\"@type\":\"Article\",\"@id\":\"https:\/\/www.imakeyousmile.se\/sminkning-fore-efter\/#article\",\"isPartOf\":{\"@id\":\"https:\/\/www.imakeyousmile.se\/sminkning-fore-efter\/#webpage\"},\"author\":{\"@id\":\"https:\/\/www.imakeyousmile.se\/es\/#\/schema\/person\/b0fd43b1c6bb1c60cfd68bff9b4a10fb\"},\"headline\":\"Sminkning f\\u00f6re &#038; efter\",\"datePublished\":\"2016-10-05T06:43:07+00:00\",\"dateModified\":\"2020-10-22T15:13:46+00:00\",\"mainEntityOfPage\":{\"@id\":\"https:\/\/www.imakeyousmile.se\/sminkning-fore-efter\/#webpage\"},\"commentCount\":0,\"publisher\":{\"@id\":\"https:\/\/www.imakeyousmile.se\/es\/#organization\"},\"image\":{\"@id\":\"https:\/\/www.imakeyousmile.se\/sminkning-fore-efter\/#primaryimage\"},\"keywords\":\"makeup uppsala,smink uppsala\",\"articleSection\":\"F\\u00f6re &amp; efter (kundjobb),Sminkjobb\",\"inLanguage\":\"es\",\"potentialAction\":[{\"@type\":\"CommentAction\",\"name\":\"Comment\",\"target\":[\"https:\/\/www.imakeyousmile.se\/sminkning-fore-efter\/#respond\"]}]},{\"@type\":\"Person\",\"@id\":\"https:\/\/www.imakeyousmile.se\/es\/#\/schema\/person\/b0fd43b1c6bb1c60cfd68bff9b4a10fb\",\"name\":\"Helena Amiley\",\"image\":{\"@type\":\"ImageObject\",\"@id\":\"https:\/\/www.imakeyousmile.se\/es\/#personlogo\",\"inLanguage\":\"es\",\"url\":\"https:\/\/secure.gravatar.com\/avatar\/5645558e1e355457a23368d7e1b4c904?s=96&d=mm&r=g\",\"caption\":\"Helena Amiley\"},\"description\":\"Jag skriver mest om sk\\u00f6nhet men bjuder \\u00e4ven p\\u00e5 glimtar fr\\u00e5n entrepren\\u00f6rlivet och bygget av v\\u00e5r egen camper van. Vanlife here we come!\",\"sameAs\":[\"https:\/\/www.facebook.com\/imakeyousmile.se\",\"https:\/\/www.instagram.com\/helenaamiley\",\"https:\/\/www.youtube.com\/channel\/UCR5iB6rvpV6Yr8ZjpQfr5mg?view_as=subscriber\"]}]}<\/script>\n<!-- \/ Yoast SEO Premium plugin. -->","_links":{"self":[{"href":"https:\/\/www.imakeyousmile.se\/es\/wp-json\/wp\/v2\/posts\/27160"}],"collection":[{"href":"https:\/\/www.imakeyousmile.se\/es\/wp-json\/wp\/v2\/posts"}],"about":[{"href":"https:\/\/www.imakeyousmile.se\/es\/wp-json\/wp\/v2\/types\/post"}],"author":[{"embeddable":true,"href":"https:\/\/www.imakeyousmile.se\/es\/wp-json\/wp\/v2\/users\/30"}],"replies":[{"embeddable":true,"href":"https:\/\/www.imakeyousmile.se\/es\/wp-json\/wp\/v2\/comments?post=27160"}],"version-history":[{"count":3,"href":"https:\/\/www.imakeyousmile.se\/es\/wp-json\/wp\/v2\/posts\/27160\/revisions"}],"predecessor-version":[{"id":37590,"href":"https:\/\/www.imakeyousmile.se\/es\/wp-json\/wp\/v2\/posts\/27160\/revisions\/37590"}],"wp:featuredmedia":[{"embeddable":true,"href":"https:\/\/www.imakeyousmile.se\/es\/wp-json\/wp\/v2\/media\/27161"}],"wp:attachment":[{"href":"https:\/\/www.imakeyousmile.se\/es\/wp-json\/wp\/v2\/media?parent=27160"}],"wp:term":[{"taxonomy":"category","embeddable":true,"href":"https:\/\/www.imakeyousmile.se\/es\/wp-json\/wp\/v2\/categories?post=27160"},{"taxonomy":"post_tag","embeddable":true,"href":"https:\/\/www.imakeyousmile.se\/es\/wp-json\/wp\/v2\/tags?post=27160"}],"curies":[{"name":"wp","href":"https:\/\/api.w.org\/{rel}","templated":true}]}}