{"id":27290,"date":"2016-10-15T06:00:50","date_gmt":"2016-10-15T04:00:50","guid":{"rendered":"http:\/\/www.imakeyousmile.se\/?p=27290"},"modified":"2016-10-14T22:53:16","modified_gmt":"2016-10-14T20:53:16","slug":"go-monochrome-makeup","status":"publish","type":"post","link":"https:\/\/www.imakeyousmile.se\/es\/ir-maquillaje-monocromatico\/","title":{"rendered":"Ir maquillaje monocrom\u00e1tico"},"content":{"rendered":"<p>Ayer recib\u00ed los \u00faltimos comunicados de prensa de IsaDora &quot;Go monocrom\u00e1tico&quot; y &quot;Cover up&quot; y ambos estar\u00e1n ya en la tienda. IsaDora viene con tantas novedades todo el tiempo que no tengo tiempo para bloguear sobre una cosa antes de que llegue la siguiente, jaja. Pero ahora comenc\u00e9 con el m\u00e1s nuevo primero y por una vez llegu\u00e9 inusualmente temprano.<\/p>\n<p>Mostrar\u00e9 los productos un poco m\u00e1s de cerca en una publicaci\u00f3n separada, tom\u00e9 fotos de muestra y prob\u00e9 la &quot;primera impresi\u00f3n&quot; en todos los productos, ya que en este maquillaje he usado casi todo, \u00a1desde el env\u00edo por correo! Divertido \u00bfverdad? :)<\/p>\n<p>\u00a1Espero que est\u00e9s inspirado!<\/p>\n<p><img loading=\"lazy\" decoding=\"async\" class=\"alignnone size-large wp-image-27291\" src=\"http:\/\/www.imakeyousmile.se\/wp-content\/uploads\/2016\/10\/IMG_7576_111-1024x724.jpg\" alt=\"img_7576_111\" width=\"640\" height=\"453\" srcset=\"https:\/\/www.imakeyousmile.se\/wp-content\/uploads\/2016\/10\/IMG_7576_111-1024x724.jpg 1024w, https:\/\/www.imakeyousmile.se\/wp-content\/uploads\/2016\/10\/IMG_7576_111-300x212.jpg 300w, https:\/\/www.imakeyousmile.se\/wp-content\/uploads\/2016\/10\/IMG_7576_111-768x543.jpg 768w, https:\/\/www.imakeyousmile.se\/wp-content\/uploads\/2016\/10\/IMG_7576_111-100x70.jpg 100w, https:\/\/www.imakeyousmile.se\/wp-content\/uploads\/2016\/10\/IMG_7576_111-696x492.jpg 696w, https:\/\/www.imakeyousmile.se\/wp-content\/uploads\/2016\/10\/IMG_7576_111-1068x755.jpg 1068w, https:\/\/www.imakeyousmile.se\/wp-content\/uploads\/2016\/10\/IMG_7576_111-594x420.jpg 594w\" sizes=\"(max-width: 640px) 100vw, 640px\" \/><\/p>\n<p>Aqu\u00ed puede ver las noticias en el comunicado de prensa, ya deber\u00edan estar en la tienda ahora, pero no puedo encontrarlas en ning\u00fan lugar en l\u00ednea para vincularlas todav\u00eda.<\/p>\n<p><img loading=\"lazy\" decoding=\"async\" class=\"alignnone size-full wp-image-27297\" src=\"http:\/\/www.imakeyousmile.se\/wp-content\/uploads\/2016\/10\/IMG_7757_111.jpg\" alt=\"img_7757_111\" width=\"2236\" height=\"1267\" srcset=\"https:\/\/www.imakeyousmile.se\/wp-content\/uploads\/2016\/10\/IMG_7757_111.jpg 2236w, https:\/\/www.imakeyousmile.se\/wp-content\/uploads\/2016\/10\/IMG_7757_111-300x170.jpg 300w, https:\/\/www.imakeyousmile.se\/wp-content\/uploads\/2016\/10\/IMG_7757_111-768x435.jpg 768w, https:\/\/www.imakeyousmile.se\/wp-content\/uploads\/2016\/10\/IMG_7757_111-1024x580.jpg 1024w, https:\/\/www.imakeyousmile.se\/wp-content\/uploads\/2016\/10\/IMG_7757_111-696x394.jpg 696w, https:\/\/www.imakeyousmile.se\/wp-content\/uploads\/2016\/10\/IMG_7757_111-1068x605.jpg 1068w, https:\/\/www.imakeyousmile.se\/wp-content\/uploads\/2016\/10\/IMG_7757_111-741x420.jpg 741w\" sizes=\"(max-width: 2236px) 100vw, 2236px\" \/><\/p>\n<p>Un elegante maquillaje de fiesta que agranda los ojos.<\/p>\n<p><img loading=\"lazy\" decoding=\"async\" class=\"alignnone size-full wp-image-27299\" src=\"http:\/\/www.imakeyousmile.se\/wp-content\/uploads\/2016\/10\/IMG_7722_111.jpg\" alt=\"img_7722_111\" width=\"2500\" height=\"2862\" srcset=\"https:\/\/www.imakeyousmile.se\/wp-content\/uploads\/2016\/10\/IMG_7722_111.jpg 2236w, https:\/\/www.imakeyousmile.se\/wp-content\/uploads\/2016\/10\/IMG_7722_111-262x300.jpg 262w, https:\/\/www.imakeyousmile.se\/wp-content\/uploads\/2016\/10\/IMG_7722_111-768x879.jpg 768w, https:\/\/www.imakeyousmile.se\/wp-content\/uploads\/2016\/10\/IMG_7722_111-894x1024.jpg 894w, https:\/\/www.imakeyousmile.se\/wp-content\/uploads\/2016\/10\/IMG_7722_111-696x797.jpg 696w, https:\/\/www.imakeyousmile.se\/wp-content\/uploads\/2016\/10\/IMG_7722_111-1068x1223.jpg 1068w, https:\/\/www.imakeyousmile.se\/wp-content\/uploads\/2016\/10\/IMG_7722_111-367x420.jpg 367w\" sizes=\"(max-width: 2500px) 100vw, 2500px\" \/><\/p>\n<p><strong>Bassmink:<\/strong><br \/>\nFundaci\u00f3n -<a href=\"https:\/\/ion.lyko.com\/t\/t?a=1117786221&#038;as=1548102449&#038;t=2&#038;tk=1&#038;epi=search-replace-skintint&#038;url=https:\/\/lyko.com\/sv\/pixi\/pixi-h2o-skintint-2nude\" target=\"_blank\">\u00a0<\/a>Base y corrector Cover Up IsaDora<br \/>\nPolvo - Polvo secante IsaDora<br \/>\nContorneado -<a href=\"http:\/\/creativemakeup.se\/produkt\/paese-bronzing-powder\/\" target=\"_blank\">\u00a0<\/a><a href=\"https:\/\/ion.lyko.com\/t\/t?a=1117786221&#038;as=1548102449&#038;t=2&#038;tk=1&#038;epi=search-replace-pixipalette&#038;url=https:\/\/lyko.com\/sv\/sok?q=pixi+palette\/\" target=\"_blank\">Pixi libro de la belleza <\/a>(creador de contorno) *<a href=\"https:\/\/ion.lyko.com\/t\/t?a=1117786221&#038;as=1548102449&#038;t=2&#038;tk=1&#038;epi=search-replace-pixipalette&#038;url=https:\/\/lyko.com\/sv\/sok?q=pixi+palette\/\"><br \/>\n<\/a><a href=\"https:\/\/ion.lyko.com\/t\/t?a=1117786221&#038;as=1548102449&#038;t=2&#038;tk=1&#038;epi=search-replace-pixipalette&#038;url=https:\/\/lyko.com\/sv\/sok?q=pixi+palette\/\">\u2028<\/a>Colorete -\u00a0<a href=\"https:\/\/ion.lyko.com\/t\/t?a=1117786221&#038;as=1548102449&#038;t=2&#038;tk=1&#038;epi=search-replace-globlush&#038;url=https:\/\/lyko.com\/sv\/glo-skin-beauty\/glominerals-blush-sweet\" target=\"_blank\">Colorete en polvo gloMinerals<\/a> (papaya)*<a href=\"http:\/\/creativemakeup.se\/produkt\/paese-bamboo-silk-powder\/\"><br \/>\n<\/a>Niebla reparadora -\u00a0<a href=\"https:\/\/ion.lyko.com\/t\/t?a=1117786221&#038;as=1548102449&#038;t=2&#038;tk=1&#038;epi=search-replace-fixingmist&#038;url=https:\/\/lyko.com\/sv\/pixi\/pixi-makeup-fixing-mist\" target=\"_blank\">Bruma fijadora de maquillaje Pixi<\/a>*<\/p>\n<p><strong>Cejas -<\/strong><a href=\"https:\/\/ion.lyko.com\/t\/t?a=1117786221&#038;as=1548102449&#038;t=2&#038;tk=1&#038;epi=search-replace-brow-duo&#038;url=https:\/\/lyko.com\/sv\/pixi\/pixi-natural-brow-duo-natural-brown\/\" target=\"_blank\">\u00a0<\/a><a href=\"https:\/\/ion.lyko.com\/t\/t?a=1117786221&#038;as=1548102449&#038;t=2&#038;tk=1&#038;epi=search-replace-brow-duo&#038;url=https:\/\/lyko.com\/sv\/pixi\/pixi-natural-brow-duo-natural-brown\/\" target=\"_blank\">D\u00fao de cejas naturales Pixi\u00a0<\/a>(Marr\u00f3n natural) *<br \/>\nLabios - Labios mate retorcidos de IsaDora (71 Blackout)<\/p>\n<p><img loading=\"lazy\" decoding=\"async\" class=\"alignnone size-full wp-image-27301\" src=\"http:\/\/www.imakeyousmile.se\/wp-content\/uploads\/2016\/10\/ttutoriial_211.jpg\" alt=\"ttutoriial_211\" width=\"2500\" height=\"2946\" srcset=\"https:\/\/www.imakeyousmile.se\/wp-content\/uploads\/2016\/10\/ttutoriial_211.jpg 2172w, https:\/\/www.imakeyousmile.se\/wp-content\/uploads\/2016\/10\/ttutoriial_211-255x300.jpg 255w, https:\/\/www.imakeyousmile.se\/wp-content\/uploads\/2016\/10\/ttutoriial_211-768x905.jpg 768w, https:\/\/www.imakeyousmile.se\/wp-content\/uploads\/2016\/10\/ttutoriial_211-869x1024.jpg 869w, https:\/\/www.imakeyousmile.se\/wp-content\/uploads\/2016\/10\/ttutoriial_211-696x820.jpg 696w, https:\/\/www.imakeyousmile.se\/wp-content\/uploads\/2016\/10\/ttutoriial_211-1068x1259.jpg 1068w, https:\/\/www.imakeyousmile.se\/wp-content\/uploads\/2016\/10\/ttutoriial_211-356x420.jpg 356w\" sizes=\"(max-width: 2500px) 100vw, 2500px\" \/><\/p>\n<p>Los productos que he usado son la nueva paleta de sombras de ojos de IsaDora con hasta 12 tonos, y su nuevo &quot;Kohl Kajal&quot;, que son crayones delineadores de ojos en blanco y negro.<\/p>\n<ol>\n<li>Imprimaci\u00f3n de sombra de ojos, <a href=\"https:\/\/ion.lyko.com\/t\/t?a=1117786221&#038;as=1548102449&#038;t=2&#038;tk=1&#038;epi=search-replace-pixiprimer&#038;url=https:\/\/lyko.com\/sv\/sok?q=pixi+primer\" target=\"_blank\">Prebase brillante para ojos Pixi<\/a>*<br \/>\nSombra de ojos dorada en todo el p\u00e1rpado<\/li>\n<li>Sombra de ojos granate al final del p\u00e1rpado y a lo largo de la l\u00ednea del globo<\/li>\n<li>Desvanecen los bordes<\/li>\n<li>Delineador de ojos negro difuminado a lo largo de la franja superior + ala<\/li>\n<li>Delineador de ojos blanco debajo del ala y fuera del rabillo del ojo<\/li>\n<li>Sombra de ojos granate a lo largo de la l\u00ednea de las pesta\u00f1as inferiores<\/li>\n<li>R\u00edmel negro en todas las pesta\u00f1as, <a href=\"http:\/\/creativemakeup.se\/produkt\/santhilea-magnetic-lash-mascara\/\" target=\"_blank\">M\u00e1scara de pesta\u00f1as magn\u00e9ticas<\/a>*<\/li>\n<\/ol>\n<p><img loading=\"lazy\" decoding=\"async\" class=\"alignnone size-full wp-image-27303\" src=\"http:\/\/www.imakeyousmile.se\/wp-content\/uploads\/2016\/10\/IMG_7705_111.jpg\" alt=\"img_7705_111\" width=\"2500\" height=\"2558\" srcset=\"https:\/\/www.imakeyousmile.se\/wp-content\/uploads\/2016\/10\/IMG_7705_111.jpg 2500w, https:\/\/www.imakeyousmile.se\/wp-content\/uploads\/2016\/10\/IMG_7705_111-293x300.jpg 293w, https:\/\/www.imakeyousmile.se\/wp-content\/uploads\/2016\/10\/IMG_7705_111-768x786.jpg 768w, https:\/\/www.imakeyousmile.se\/wp-content\/uploads\/2016\/10\/IMG_7705_111-1001x1024.jpg 1001w, https:\/\/www.imakeyousmile.se\/wp-content\/uploads\/2016\/10\/IMG_7705_111-356x364.jpg 356w, https:\/\/www.imakeyousmile.se\/wp-content\/uploads\/2016\/10\/IMG_7705_111-696x712.jpg 696w, https:\/\/www.imakeyousmile.se\/wp-content\/uploads\/2016\/10\/IMG_7705_111-1068x1093.jpg 1068w, https:\/\/www.imakeyousmile.se\/wp-content\/uploads\/2016\/10\/IMG_7705_111-410x420.jpg 410w\" sizes=\"(max-width: 2500px) 100vw, 2500px\" \/> <img loading=\"lazy\" decoding=\"async\" class=\"alignnone size-full wp-image-27304\" src=\"http:\/\/www.imakeyousmile.se\/wp-content\/uploads\/2016\/10\/IMG_7731_111.jpg\" alt=\"img_7731_111\" width=\"2235\" height=\"2988\" srcset=\"https:\/\/www.imakeyousmile.se\/wp-content\/uploads\/2016\/10\/IMG_7731_111.jpg 1915w, https:\/\/www.imakeyousmile.se\/wp-content\/uploads\/2016\/10\/IMG_7731_111-224x300.jpg 224w, https:\/\/www.imakeyousmile.se\/wp-content\/uploads\/2016\/10\/IMG_7731_111-768x1027.jpg 768w, https:\/\/www.imakeyousmile.se\/wp-content\/uploads\/2016\/10\/IMG_7731_111-766x1024.jpg 766w, https:\/\/www.imakeyousmile.se\/wp-content\/uploads\/2016\/10\/IMG_7731_111-696x930.jpg 696w, https:\/\/www.imakeyousmile.se\/wp-content\/uploads\/2016\/10\/IMG_7731_111-1068x1428.jpg 1068w, https:\/\/www.imakeyousmile.se\/wp-content\/uploads\/2016\/10\/IMG_7731_111-314x420.jpg 314w\" sizes=\"(max-width: 2235px) 100vw, 2235px\" \/> <img loading=\"lazy\" decoding=\"async\" class=\"alignnone size-full wp-image-27305\" src=\"http:\/\/www.imakeyousmile.se\/wp-content\/uploads\/2016\/10\/IMG_7737_111.jpg\" alt=\"img_7737_111\" width=\"2300\" height=\"2867\" srcset=\"https:\/\/www.imakeyousmile.se\/wp-content\/uploads\/2016\/10\/IMG_7737_111.jpg 2054w, https:\/\/www.imakeyousmile.se\/wp-content\/uploads\/2016\/10\/IMG_7737_111-241x300.jpg 241w, https:\/\/www.imakeyousmile.se\/wp-content\/uploads\/2016\/10\/IMG_7737_111-768x957.jpg 768w, https:\/\/www.imakeyousmile.se\/wp-content\/uploads\/2016\/10\/IMG_7737_111-821x1024.jpg 821w, https:\/\/www.imakeyousmile.se\/wp-content\/uploads\/2016\/10\/IMG_7737_111-696x868.jpg 696w, https:\/\/www.imakeyousmile.se\/wp-content\/uploads\/2016\/10\/IMG_7737_111-1068x1331.jpg 1068w, https:\/\/www.imakeyousmile.se\/wp-content\/uploads\/2016\/10\/IMG_7737_111-337x420.jpg 337w\" sizes=\"(max-width: 2300px) 100vw, 2300px\" \/><img loading=\"lazy\" decoding=\"async\" class=\"alignnone size-full wp-image-27302\" src=\"http:\/\/www.imakeyousmile.se\/wp-content\/uploads\/2016\/10\/IMG_7657_111.jpg\" alt=\"img_7657_111\" width=\"2016\" height=\"1320\" srcset=\"https:\/\/www.imakeyousmile.se\/wp-content\/uploads\/2016\/10\/IMG_7657_111.jpg 2016w, https:\/\/www.imakeyousmile.se\/wp-content\/uploads\/2016\/10\/IMG_7657_111-300x196.jpg 300w, https:\/\/www.imakeyousmile.se\/wp-content\/uploads\/2016\/10\/IMG_7657_111-768x503.jpg 768w, https:\/\/www.imakeyousmile.se\/wp-content\/uploads\/2016\/10\/IMG_7657_111-1024x670.jpg 1024w, https:\/\/www.imakeyousmile.se\/wp-content\/uploads\/2016\/10\/IMG_7657_111-696x456.jpg 696w, https:\/\/www.imakeyousmile.se\/wp-content\/uploads\/2016\/10\/IMG_7657_111-741x486.jpg 741w, https:\/\/www.imakeyousmile.se\/wp-content\/uploads\/2016\/10\/IMG_7657_111-1068x699.jpg 1068w, https:\/\/www.imakeyousmile.se\/wp-content\/uploads\/2016\/10\/IMG_7657_111-641x420.jpg 641w\" sizes=\"(max-width: 2016px) 100vw, 2016px\" \/><\/p>\n<p>Tambi\u00e9n he filmado este maquillaje, film\u00e9 un ojo y tom\u00e9 fotos paso a paso en el otro, as\u00ed que hoy he publicado fotos del otro ojo de lo que suelo hacer. \u00bfPensaste en eso? Yo que estoy tan acostumbrado a tomar fotos de todo en un ojo creo que las fotos se ven completamente torcidas y al rev\u00e9s cuando es el otro ojo jaja.<\/p>\n<p>Queda por ver si la pel\u00edcula es \u00fatil, \u00a1espero que s\u00ed! Estoy probando la tecnolog\u00eda y veo qu\u00e9 funciona mejor, pero no es f\u00e1cil :)<\/p>\n<p>\u00a1Espero que tengan un gran s\u00e1bado! \u2665<img loading=\"lazy\" decoding=\"async\" class=\"alignnone size-full wp-image-27242\" src=\"http:\/\/www.imakeyousmile.se\/wp-content\/uploads\/2016\/10\/Min-webshop.jpg\" alt=\"min-tienda online\" width=\"799\" height=\"110\" \/><\/p>","protected":false},"excerpt":{"rendered":"<p>Ig\u00e5r fick jag hem IsaDoras senaste pressutskick &#8221;Go monochrome&#8221; och &#8221;Cover up&#8221; och b\u00e5da ska finnas i butik redan nu. IsaDora kommer med s\u00e5 mycket nyheter hela tiden att jag inte hinner blogga om en sak innan n\u00e4sta kommer, haha. Men nu b\u00f6rjade jag med nyaste f\u00f6rst och \u00e4r ovanligt tidig f\u00f6r en g\u00e5ngs skull. [&hellip;]<\/p>\n","protected":false},"author":30,"featured_media":27301,"comment_status":"open","ping_status":"closed","sticky":false,"template":"","format":"standard","meta":{"footnotes":""},"categories":[9],"tags":[4045,5218,4817,135,5238,5242,5237,4470,5241,5240,5239,1864,1865,56,386,15,4380,4308,4315,3726,4086,433,5202,54,498,52,407,4902,4554,3810],"class_list":{"0":"post-27290","1":"post","2":"type-post","3":"status-publish","4":"format-standard","5":"has-post-thumbnail","6":"hentry","7":"category-partysminkningar","8":"tag-beauty-blog","9":"tag-billigaste-magnetic-lash-mascara","10":"tag-glominerals-powder-blush","11":"tag-isadora","12":"tag-isadora-blotting-powder","13":"tag-isadora-cover-up","14":"tag-isadora-cover-up-foundation-concealer","15":"tag-isadora-eyeshadow","16":"tag-isadora-go-monochrome","17":"tag-isadora-kohl-kajal","18":"tag-isadoras-twist-up-matte-lips","19":"tag-magnetic-lash","20":"tag-magnetic-lash-mascara","21":"tag-makeup-blog","22":"tag-party-makeup","23":"tag-partysminkning","24":"tag-pictorial","25":"tag-pixi-book-of-beauty-contour-creator","26":"tag-pixi-makeup-fixing-mist","28":"tag-santhilea","29":"tag-skonhetsblogg","30":"tag-skonhetsskribent","31":"tag-sminkblogg","32":"tag-smokey-eyes","33":"tag-steg-for-steg-2","34":"tag-tutorial","35":"tag-vit-eyeliner","36":"tag-white-eyeliner","37":"tag-winged-eyeliner"},"yoast_head":"<!-- This site is optimized with the Yoast SEO Premium plugin v14.9 - https:\/\/yoast.com\/wordpress\/plugins\/seo\/ -->\n<meta name=\"description\" content=\"Go Monochrome Makeup | Helena Amiley - H\u00e4r hittar du senaste infromation om sk\u00f6nhet, livsstil, entrepren\u00f6rskap, makeup &amp; tips.\" \/>\n<meta name=\"robots\" content=\"index, follow, max-snippet:-1, max-image-preview:large, max-video-preview:-1\" \/>\n<link rel=\"canonical\" href=\"https:\/\/www.imakeyousmile.se\/es\/go-monochrome-makeup\/\" \/>\n<meta property=\"og:locale\" content=\"es_ES\" \/>\n<meta property=\"og:type\" content=\"article\" \/>\n<meta property=\"og:title\" content=\"Go Monochrome Makeup | Imakeyousmile.se\" \/>\n<meta property=\"og:description\" content=\"Go Monochrome Makeup | Helena Amiley - H\u00e4r hittar du senaste infromation om sk\u00f6nhet, livsstil, entrepren\u00f6rskap, makeup &amp; tips.\" \/>\n<meta property=\"og:url\" content=\"https:\/\/www.imakeyousmile.se\/es\/go-monochrome-makeup\/\" \/>\n<meta property=\"og:site_name\" content=\"Imakeyousmile.se\" \/>\n<meta property=\"article:author\" content=\"https:\/\/www.facebook.com\/imakeyousmile.se\" \/>\n<meta property=\"article:published_time\" content=\"2016-10-15T04:00:50+00:00\" \/>\n<meta property=\"article:modified_time\" content=\"2016-10-14T20:53:16+00:00\" \/>\n<meta property=\"og:image\" content=\"https:\/\/www.imakeyousmile.se\/wp-content\/uploads\/2016\/10\/ttutoriial_211.jpg\" \/>\n\t<meta property=\"og:image:width\" content=\"2172\" \/>\n\t<meta property=\"og:image:height\" content=\"2560\" \/>\n<meta name=\"twitter:card\" content=\"summary_large_image\" \/>\n<script type=\"application\/ld+json\" class=\"yoast-schema-graph\">{\"@context\":\"https:\/\/schema.org\",\"@graph\":[{\"@type\":\"Organization\",\"@id\":\"https:\/\/www.imakeyousmile.se\/es\/#organization\",\"name\":\"Imakeyousmile\",\"url\":\"https:\/\/www.imakeyousmile.se\/es\/\",\"sameAs\":[],\"logo\":{\"@type\":\"ImageObject\",\"@id\":\"https:\/\/www.imakeyousmile.se\/es\/#logo\",\"inLanguage\":\"es\",\"url\":\"https:\/\/www.imakeyousmile.se\/wp-content\/uploads\/2020\/10\/HELENA-AMILEY_SVART-1-e1603367975324.png\",\"width\":280,\"height\":93,\"caption\":\"Imakeyousmile\"},\"image\":{\"@id\":\"https:\/\/www.imakeyousmile.se\/es\/#logo\"}},{\"@type\":\"WebSite\",\"@id\":\"https:\/\/www.imakeyousmile.se\/es\/#website\",\"url\":\"https:\/\/www.imakeyousmile.se\/es\/\",\"name\":\"Imakeyousmile.se\",\"description\":\"Helena Amiley - Beauty, Entrepreneur, Lifestyle\",\"publisher\":{\"@id\":\"https:\/\/www.imakeyousmile.se\/es\/#organization\"},\"potentialAction\":[{\"@type\":\"SearchAction\",\"target\":\"https:\/\/www.imakeyousmile.se\/es\/?s={search_term_string}\",\"query-input\":\"required name=search_term_string\"}],\"inLanguage\":\"es\"},{\"@type\":\"ImageObject\",\"@id\":\"https:\/\/www.imakeyousmile.se\/go-monochrome-makeup\/#primaryimage\",\"inLanguage\":\"es\",\"url\":\"https:\/\/www.imakeyousmile.se\/wp-content\/uploads\/2016\/10\/ttutoriial_211.jpg\",\"width\":2172,\"height\":2560},{\"@type\":\"WebPage\",\"@id\":\"https:\/\/www.imakeyousmile.se\/go-monochrome-makeup\/#webpage\",\"url\":\"https:\/\/www.imakeyousmile.se\/go-monochrome-makeup\/\",\"name\":\"Go Monochrome Makeup | Imakeyousmile.se\",\"isPartOf\":{\"@id\":\"https:\/\/www.imakeyousmile.se\/es\/#website\"},\"primaryImageOfPage\":{\"@id\":\"https:\/\/www.imakeyousmile.se\/go-monochrome-makeup\/#primaryimage\"},\"datePublished\":\"2016-10-15T04:00:50+00:00\",\"dateModified\":\"2016-10-14T20:53:16+00:00\",\"description\":\"Go Monochrome Makeup | Helena Amiley - H\\u00e4r hittar du senaste infromation om sk\\u00f6nhet, livsstil, entrepren\\u00f6rskap, makeup & tips.\",\"inLanguage\":\"es\",\"potentialAction\":[{\"@type\":\"ReadAction\",\"target\":[\"https:\/\/www.imakeyousmile.se\/go-monochrome-makeup\/\"]}]},{\"@type\":\"Article\",\"@id\":\"https:\/\/www.imakeyousmile.se\/go-monochrome-makeup\/#article\",\"isPartOf\":{\"@id\":\"https:\/\/www.imakeyousmile.se\/go-monochrome-makeup\/#webpage\"},\"author\":{\"@id\":\"https:\/\/www.imakeyousmile.se\/es\/#\/schema\/person\/b0fd43b1c6bb1c60cfd68bff9b4a10fb\"},\"headline\":\"Go Monochrome Makeup\",\"datePublished\":\"2016-10-15T04:00:50+00:00\",\"dateModified\":\"2016-10-14T20:53:16+00:00\",\"mainEntityOfPage\":{\"@id\":\"https:\/\/www.imakeyousmile.se\/go-monochrome-makeup\/#webpage\"},\"commentCount\":0,\"publisher\":{\"@id\":\"https:\/\/www.imakeyousmile.se\/es\/#organization\"},\"image\":{\"@id\":\"https:\/\/www.imakeyousmile.se\/go-monochrome-makeup\/#primaryimage\"},\"keywords\":\"beauty blog,billigaste magnetic lash mascara,glominerals powder blush,IsaDora,IsaDora Blotting Powder,isadora cover up,IsaDora Cover Up Foundation &amp; Concealer,isadora eyeshadow,isadora go monochrome,isadora kohl kajal,IsaDoras Twist-up Matte Lips,magnetic lash,magnetic lash mascara,makeup blog,party makeup,Partysminkning,pictorial,pixi book of beauty contour creator,pixi makeup fixing mist,Pixi Natural Brow Duo,santhilea,sk\\u00f6nhetsblogg,sk\\u00f6nhetsskribent,sminkblogg,smokey eyes,steg f\\u00f6r steg,tutorial,vit eyeliner,white eyeliner,winged eyeliner\",\"articleSection\":\"M\\u00f6rka \/ festliga sminkningar\",\"inLanguage\":\"es\",\"potentialAction\":[{\"@type\":\"CommentAction\",\"name\":\"Comment\",\"target\":[\"https:\/\/www.imakeyousmile.se\/go-monochrome-makeup\/#respond\"]}]},{\"@type\":\"Person\",\"@id\":\"https:\/\/www.imakeyousmile.se\/es\/#\/schema\/person\/b0fd43b1c6bb1c60cfd68bff9b4a10fb\",\"name\":\"Helena Amiley\",\"image\":{\"@type\":\"ImageObject\",\"@id\":\"https:\/\/www.imakeyousmile.se\/es\/#personlogo\",\"inLanguage\":\"es\",\"url\":\"https:\/\/secure.gravatar.com\/avatar\/5645558e1e355457a23368d7e1b4c904?s=96&d=mm&r=g\",\"caption\":\"Helena Amiley\"},\"description\":\"Jag skriver mest om sk\\u00f6nhet men bjuder \\u00e4ven p\\u00e5 glimtar fr\\u00e5n entrepren\\u00f6rlivet och bygget av v\\u00e5r egen camper van. Vanlife here we come!\",\"sameAs\":[\"https:\/\/www.facebook.com\/imakeyousmile.se\",\"https:\/\/www.instagram.com\/helenaamiley\",\"https:\/\/www.youtube.com\/channel\/UCR5iB6rvpV6Yr8ZjpQfr5mg?view_as=subscriber\"]}]}<\/script>\n<!-- \/ Yoast SEO Premium plugin. -->","_links":{"self":[{"href":"https:\/\/www.imakeyousmile.se\/es\/wp-json\/wp\/v2\/posts\/27290"}],"collection":[{"href":"https:\/\/www.imakeyousmile.se\/es\/wp-json\/wp\/v2\/posts"}],"about":[{"href":"https:\/\/www.imakeyousmile.se\/es\/wp-json\/wp\/v2\/types\/post"}],"author":[{"embeddable":true,"href":"https:\/\/www.imakeyousmile.se\/es\/wp-json\/wp\/v2\/users\/30"}],"replies":[{"embeddable":true,"href":"https:\/\/www.imakeyousmile.se\/es\/wp-json\/wp\/v2\/comments?post=27290"}],"version-history":[{"count":4,"href":"https:\/\/www.imakeyousmile.se\/es\/wp-json\/wp\/v2\/posts\/27290\/revisions"}],"predecessor-version":[{"id":27306,"href":"https:\/\/www.imakeyousmile.se\/es\/wp-json\/wp\/v2\/posts\/27290\/revisions\/27306"}],"wp:featuredmedia":[{"embeddable":true,"href":"https:\/\/www.imakeyousmile.se\/es\/wp-json\/wp\/v2\/media\/27301"}],"wp:attachment":[{"href":"https:\/\/www.imakeyousmile.se\/es\/wp-json\/wp\/v2\/media?parent=27290"}],"wp:term":[{"taxonomy":"category","embeddable":true,"href":"https:\/\/www.imakeyousmile.se\/es\/wp-json\/wp\/v2\/categories?post=27290"},{"taxonomy":"post_tag","embeddable":true,"href":"https:\/\/www.imakeyousmile.se\/es\/wp-json\/wp\/v2\/tags?post=27290"}],"curies":[{"name":"wp","href":"https:\/\/api.w.org\/{rel}","templated":true}]}}