{"id":27805,"date":"2018-02-21T11:20:02","date_gmt":"2018-02-21T10:20:02","guid":{"rendered":"http:\/\/www.imakeyousmile.se\/?p=27805"},"modified":"2020-10-22T11:42:34","modified_gmt":"2020-10-22T09:42:34","slug":"skonhet-ar-friskvard","status":"publish","type":"post","link":"https:\/\/www.imakeyousmile.se\/es\/belleza-y-bienestar\/","title":{"rendered":"La belleza es bienestar"},"content":{"rendered":"<p>Un tema que me ha interesado enormemente \u00faltimamente y del que hablamos mucho en el sal\u00f3n, es que la belleza no es solo superficial sino que tambi\u00e9n hace muy bien por dentro.<\/p>\n<p>Realmente es algo que aprend\u00ed despu\u00e9s de varios a\u00f1os en la industria de la belleza, para la mayor\u00eda de las personas se trata m\u00e1s de bienestar que de vanidad. \u00a1La belleza es bienestar!<\/p>\n<p><img loading=\"lazy\" decoding=\"async\" class=\"alignnone size-large wp-image-31499\" src=\"http:\/\/www.imakeyousmile.se\/wp-content\/uploads\/2018\/02\/sk\u00f6nhet-\u00e4r-friskv\u00e5rd-1024x1024.jpg\" alt=\"\" width=\"640\" height=\"640\" srcset=\"https:\/\/www.imakeyousmile.se\/wp-content\/uploads\/2018\/02\/sk\u00f6nhet-\u00e4r-friskv\u00e5rd-1024x1024.jpg 1024w, https:\/\/www.imakeyousmile.se\/wp-content\/uploads\/2018\/02\/sk\u00f6nhet-\u00e4r-friskv\u00e5rd-150x150.jpg 150w, https:\/\/www.imakeyousmile.se\/wp-content\/uploads\/2018\/02\/sk\u00f6nhet-\u00e4r-friskv\u00e5rd-300x300.jpg 300w, https:\/\/www.imakeyousmile.se\/wp-content\/uploads\/2018\/02\/sk\u00f6nhet-\u00e4r-friskv\u00e5rd-768x768.jpg 768w, https:\/\/www.imakeyousmile.se\/wp-content\/uploads\/2018\/02\/sk\u00f6nhet-\u00e4r-friskv\u00e5rd-696x696.jpg 696w, https:\/\/www.imakeyousmile.se\/wp-content\/uploads\/2018\/02\/sk\u00f6nhet-\u00e4r-friskv\u00e5rd-1068x1068.jpg 1068w, https:\/\/www.imakeyousmile.se\/wp-content\/uploads\/2018\/02\/sk\u00f6nhet-\u00e4r-friskv\u00e5rd-420x420.jpg 420w\" sizes=\"(max-width: 640px) 100vw, 640px\" \/><\/p>\n<p><strong>El doble rasero en torno a la belleza<\/strong><br \/>\nPor supuesto, hay diferentes formas de ver esto. Desde una perspectiva puramente feminista, hay muchas que sienten la necesidad de verse bien y hay muchos anuncios e ideales poco saludables. Pero tambi\u00e9n se trata de un doble rasero en la otra direcci\u00f3n: maquillarse mucho y lo &quot;antinatural&quot; se considera vano, lo ideal es ser &quot;naturalmente guapo&quot;, pero \u00bfcu\u00e1ntos tienen la piel impecable y los ojos alerta sin ayudas? Y si, por el contrario, vas sin maquillaje, recibes comentarios como &quot;\u00bfest\u00e1s cansado?&quot; &quot;\u00bfest\u00e1s enfermo?&quot; &quot;\u00bfQu\u00e9 le pas\u00f3 a tu piel?&quot;<\/p>\n<p>\u00a1Todo esto solo quiero borrarlo! Puedo ir de la cabeza a los pies un d\u00eda sin importarme las opiniones de la gente al respecto, y el otro d\u00eda estar completamente deshecho con granos en mi cara y con una borla apretada en mi cabeza porque mi cabello est\u00e1 tan encrespado que si lo dejo salir que as\u00ed el cabello seguir\u00eda teniendo la forma de una cola de caballo jaja - \u00a1sin importar las opiniones de la gente al respecto!<\/p>\n<p>Y de la misma manera, quiero que todos puedan hacer exactamente lo que quieran y simplemente disfrutar de lo que la rutina de belleza significa para esa persona en particular.<\/p>\n<p><strong>La belleza no es solo superficial<\/strong><br \/>\nLa belleza se trata del tiempo libre, de cuidarse y de disfrutar de lo que se ve en el espejo. Para muchos, tambi\u00e9n es divertido y una forma de expresarse, como joyas o ropa. B\u00e1sicamente, el objetivo de todos los clientes y personas con las que hablo es no ser nunca la m\u00e1s bella del mundo sin enfatizar uno mismo y ver a una persona m\u00e1s viva y feliz en el espejo y disfrutar de la idea de que &quot;\u00a1este soy yo!&quot;. Si te miras al espejo y no ves a una persona que refleja su interior, tendr\u00e1 un efecto psicol\u00f3gico.<\/p>\n<p>Si no me siento particularmente cansado, pero me miro al espejo y veo a una persona gris con la boca amarga, as\u00ed es exactamente como me sentir\u00e9 m\u00e1s tarde.<\/p>\n<p>Es un poco como sonre\u00edr a s\u00ed mismo en el espejo aunque no est\u00e9 feliz, el cerebro no siempre es tan malditamente inteligente, entonces puede enga\u00f1arse pensando que es feliz y entonces ser\u00e1 m\u00e1s feliz. :) Y para m\u00ed, un labial bonito o que me guste el maquillaje de mis ojos junto con esta sonrisa es el doble de efectivo! Para otros, puede ser para evocar un poco de oscuridad debajo de los ojos, que la piel tenga un brillo agradable o un color de cabello divertido en el cabello.<\/p>\n<p><strong>Se trata de por qu\u00e9 lo haces<\/strong><br \/>\nSe trata de por qu\u00e9 usas productos de maquillaje y belleza. Si crees que el maquillaje es divertido, \u00a1maquillaje suelto! Si crees que el cuidado de la piel es divertido, \u00a1ponte crema! Y algunas personas piensan que no es divertido aguantar y prefieren dormir un poco m\u00e1s, y para ellas puede valer la pena disfrutar de una belleza m\u00e1s duradera como el color de pesta\u00f1as o el maquillaje permanente. Todos somos diferentes y tienes que encontrar tu propio camino, la belleza es un lujo que creo que debes disfrutar, no debe ser un must.<\/p>\n<p><strong>Tu propio tiempo y cu\u00eddate<\/strong><br \/>\nPara m\u00ed, personalmente, tambi\u00e9n se trata mucho del &quot;ritual&quot;. Es cuando me lavo la cara con un limpiador facial fragante por la ma\u00f1ana que me despierto. Para m\u00ed es una terapia jugar frente al espejo de maquillaje. Y cuando me lavo el pelo (que pasa una vez a la semana = un procedimiento), es mi mejor relajaci\u00f3n de toda la semana con productos maravillosos y junto al borde de la ba\u00f1era tengo mi computadora con una serie acogedora.<\/p>\n<p>Responde s\u00ed, soy un autoproclamado experto en el lujo cotidiano;)<\/p>\n<p>Para algunos es una pesadilla mantener el ritmo como lo hago yo, pero para m\u00ed creo que es una gran raz\u00f3n por la que estoy muy bien mentalmente a pesar de mucho estr\u00e9s y presi\u00f3n como aut\u00f3nomo + tuve un momento dif\u00edcil con el dolor y los conflictos familiares desde mi mam\u00e1 falleci\u00f3. Nunca dej\u00e9 de cuidar el exterior de mi cuerpo que <em>para mi<\/em> ha sido como algod\u00f3n para el alma, y no se trata solo de tener buen aspecto, sino de estar sentada y desnuda conmigo misma.<\/p>\n<p><strong>\u00a1La belleza puede ser una terapia para muchos!<\/strong><br \/>\nCuando era adolescente, ten\u00eda muchos problemas tanto con la autoestima como con la confianza en m\u00ed mismo y tuve que luchar mucho con eso. Entonces s\u00e9 que no es f\u00e1cil. Pero para m\u00ed, el maquillaje se convirti\u00f3 en terapia, tanto porque es creativo como porque me sent\u00eda mejor al respecto. Si me sent\u00eda inseguro, me pon\u00eda un poco m\u00e1s de maquillaje alrededor de los ojos y me miraba al espejo con una mirada genial y luego me sent\u00eda m\u00e1s fuerte. Cuando estaba de mal humor, ten\u00eda una sombra de ojos verde de IsaDora y un brillo de labios rosa con brillo que siempre me hac\u00eda m\u00e1s feliz.<\/p>\n<p>Y lubricarse y cuidarse hace que el cuerpo segregue la oxitocina &quot;hormona del amor&quot; que contribuye a la calma y el bienestar.<\/p>\n<p><strong>Trabajar con la belleza<\/strong><br \/>\nLo mejor de mi trabajo es que muchos clientes realmente lo hacen <em>parece<\/em> \u00a1que se han hecho m\u00e1s felices y en\u00e9rgicos! \u00a1Algunos parten de ah\u00ed con una actitud y un carisma completamente diferente! Incluso muchos dicen rotundamente &quot;\u00a1Dios, qu\u00e9 maravilloso volver a ver mis ojos!&quot; o &quot;\u00a1oh, esto me alegr\u00f3 el d\u00eda de lo feliz que me siento ahora!&quot;.<\/p>\n<p>Tambi\u00e9n hemos tenido varios clientes que lloraron de alegr\u00eda cuando se vieron en el espejo despu\u00e9s de un tatuaje de cejas, p. personas que se han sometido a quimioterapia o tienen alopecia. Tambi\u00e9n hemos tenido una clienta que nunca sali\u00f3 sin maquillaje porque ten\u00eda tantos complejos para su piel, pero despu\u00e9s de su tatuaje en la frente, nos dijo en la visita de regreso que estaba tan feliz con el conjunto que ahora pod\u00eda empezar a salir sin maquillaje. \u00a1Tan asombroso que un poco puede hacer tanto por una persona!<\/p>\n<p>El objetivo para la mayor\u00eda de las personas no es convertirse en modelos o perfectos, pero cosas tan simples como resaltar sus ojos o enmarcar su rostro con un par de cejas bien formadas pueden hacer mucho.<\/p>\n<p><strong>La belleza obviamente tambi\u00e9n puede ser negativa<\/strong><br \/>\nComo escrib\u00ed al principio de la publicaci\u00f3n, por supuesto, lo que significa la belleza para ti es individual. Muchas personas se sentir\u00edan mejor mir\u00e1ndose menos en el espejo y centr\u00e1ndose menos en su apariencia. Siempre puedes encontrar fallas si las buscas.<\/p>\n<p>&#8221;<em>La vida no se vuelve perfecta solo porque obtienes cejas completamente sim\u00e9tricas<\/em>&quot;Como suele decir mi colega Annika;)<\/p>\n<p>Pero no subestimar la belleza como pasatiempo, estilo personal o bienestar, independientemente del sexo, la edad, la profesi\u00f3n, etc., creo que es muy importante que todos se atrevan a lucir como quieran.<\/p>\n<p><img loading=\"lazy\" decoding=\"async\" class=\"alignnone size-large wp-image-31036\" src=\"http:\/\/www.imakeyousmile.se\/wp-content\/uploads\/2018\/01\/IMG_8368_111-1024x846.jpg\" alt=\"\" width=\"640\" height=\"529\" srcset=\"https:\/\/www.imakeyousmile.se\/wp-content\/uploads\/2018\/01\/IMG_8368_111-1024x846.jpg 1024w, https:\/\/www.imakeyousmile.se\/wp-content\/uploads\/2018\/01\/IMG_8368_111-300x248.jpg 300w, https:\/\/www.imakeyousmile.se\/wp-content\/uploads\/2018\/01\/IMG_8368_111-768x634.jpg 768w, https:\/\/www.imakeyousmile.se\/wp-content\/uploads\/2018\/01\/IMG_8368_111-696x575.jpg 696w, https:\/\/www.imakeyousmile.se\/wp-content\/uploads\/2018\/01\/IMG_8368_111-1068x882.jpg 1068w, https:\/\/www.imakeyousmile.se\/wp-content\/uploads\/2018\/01\/IMG_8368_111-508x420.jpg 508w\" sizes=\"(max-width: 640px) 100vw, 640px\" \/><\/p>\n<p>\u00a1Mil abrazos para ti!<\/p>\n<p><img loading=\"lazy\" decoding=\"async\" class=\"alignnone size-large wp-image-28529\" src=\"http:\/\/www.imakeyousmile.se\/wp-content\/uploads\/2017\/03\/Sidfot-Namnloggo-1024x115.png\" alt=\"\" width=\"640\" height=\"72\" \/><\/p>","protected":false},"excerpt":{"rendered":"<p>Ett \u00e4mne som har intresserat mig enormt den senaste tiden och som vi pratar j\u00e4ttemycket om p\u00e5 salongen, det \u00e4r att sk\u00f6nhet inte bara \u00e4r yta utan att det ocks\u00e5 g\u00f6r v\u00e4ldigt gott p\u00e5 insidan. Det \u00e4r verkligen en sak jag l\u00e4rt mig efter flera \u00e5r i sk\u00f6nhetsbranschen, f\u00f6r dom flesta s\u00e5 handlar det mer [&hellip;]<\/p>\n","protected":false},"author":30,"featured_media":31500,"comment_status":"open","ping_status":"closed","sticky":false,"template":"","format":"standard","meta":{"footnotes":""},"categories":[6997,3919],"tags":[6153,6150,6152,6154],"class_list":["post-27805","post","type-post","status-publish","format-standard","has-post-thumbnail","hentry","category-skonhet","category-sminktips","tag-ma-battre-pa-insidan","tag-skonhet-ar-friskvard","tag-smink-som-terapi","tag-utsidan-speglar-insidan"],"yoast_head":"<!-- This site is optimized with the Yoast SEO Premium plugin v14.9 - https:\/\/yoast.com\/wordpress\/plugins\/seo\/ -->\n<meta name=\"description\" content=\"Sk\u00f6nhet \u00e4r friskv\u00e5rd | Helena Amiley - H\u00e4r hittar du senaste infromation om sk\u00f6nhet, livsstil, entrepren\u00f6rskap, makeup &amp; tips.\" \/>\n<meta name=\"robots\" content=\"index, follow, max-snippet:-1, max-image-preview:large, max-video-preview:-1\" \/>\n<link rel=\"canonical\" href=\"https:\/\/www.imakeyousmile.se\/es\/skonhet-ar-friskvard\/\" \/>\n<meta property=\"og:locale\" content=\"es_ES\" \/>\n<meta property=\"og:type\" content=\"article\" \/>\n<meta property=\"og:title\" content=\"Sk\u00f6nhet \u00e4r friskv\u00e5rd | Imakeyousmile.se\" \/>\n<meta property=\"og:description\" content=\"Sk\u00f6nhet \u00e4r friskv\u00e5rd | Helena Amiley - H\u00e4r hittar du senaste infromation om sk\u00f6nhet, livsstil, entrepren\u00f6rskap, makeup &amp; tips.\" \/>\n<meta property=\"og:url\" content=\"https:\/\/www.imakeyousmile.se\/es\/skonhet-ar-friskvard\/\" \/>\n<meta property=\"og:site_name\" content=\"Imakeyousmile.se\" \/>\n<meta property=\"article:author\" content=\"https:\/\/www.facebook.com\/imakeyousmile.se\" \/>\n<meta property=\"article:published_time\" content=\"2018-02-21T10:20:02+00:00\" \/>\n<meta property=\"article:modified_time\" content=\"2020-10-22T09:42:34+00:00\" \/>\n<meta property=\"og:image\" content=\"https:\/\/www.imakeyousmile.se\/wp-content\/uploads\/2018\/02\/sk\u00f6nhet-\u00e4r-friskv\u00e5rd-2.jpg\" \/>\n\t<meta property=\"og:image:width\" content=\"2500\" \/>\n\t<meta property=\"og:image:height\" content=\"1509\" \/>\n<meta name=\"twitter:card\" content=\"summary_large_image\" \/>\n<script type=\"application\/ld+json\" class=\"yoast-schema-graph\">{\"@context\":\"https:\/\/schema.org\",\"@graph\":[{\"@type\":\"Organization\",\"@id\":\"https:\/\/www.imakeyousmile.se\/es\/#organization\",\"name\":\"Imakeyousmile\",\"url\":\"https:\/\/www.imakeyousmile.se\/es\/\",\"sameAs\":[],\"logo\":{\"@type\":\"ImageObject\",\"@id\":\"https:\/\/www.imakeyousmile.se\/es\/#logo\",\"inLanguage\":\"es\",\"url\":\"https:\/\/www.imakeyousmile.se\/wp-content\/uploads\/2020\/10\/HELENA-AMILEY_SVART-1-e1603367975324.png\",\"width\":280,\"height\":93,\"caption\":\"Imakeyousmile\"},\"image\":{\"@id\":\"https:\/\/www.imakeyousmile.se\/es\/#logo\"}},{\"@type\":\"WebSite\",\"@id\":\"https:\/\/www.imakeyousmile.se\/es\/#website\",\"url\":\"https:\/\/www.imakeyousmile.se\/es\/\",\"name\":\"Imakeyousmile.se\",\"description\":\"Helena Amiley - Beauty, Entrepreneur, Lifestyle\",\"publisher\":{\"@id\":\"https:\/\/www.imakeyousmile.se\/es\/#organization\"},\"potentialAction\":[{\"@type\":\"SearchAction\",\"target\":\"https:\/\/www.imakeyousmile.se\/es\/?s={search_term_string}\",\"query-input\":\"required name=search_term_string\"}],\"inLanguage\":\"es\"},{\"@type\":\"ImageObject\",\"@id\":\"https:\/\/www.imakeyousmile.se\/skonhet-ar-friskvard\/#primaryimage\",\"inLanguage\":\"es\",\"url\":\"https:\/\/www.imakeyousmile.se\/wp-content\/uploads\/2018\/02\/sk\\u00f6nhet-\\u00e4r-friskv\\u00e5rd-2.jpg\",\"width\":2500,\"height\":1509},{\"@type\":\"WebPage\",\"@id\":\"https:\/\/www.imakeyousmile.se\/skonhet-ar-friskvard\/#webpage\",\"url\":\"https:\/\/www.imakeyousmile.se\/skonhet-ar-friskvard\/\",\"name\":\"Sk\\u00f6nhet \\u00e4r friskv\\u00e5rd | Imakeyousmile.se\",\"isPartOf\":{\"@id\":\"https:\/\/www.imakeyousmile.se\/es\/#website\"},\"primaryImageOfPage\":{\"@id\":\"https:\/\/www.imakeyousmile.se\/skonhet-ar-friskvard\/#primaryimage\"},\"datePublished\":\"2018-02-21T10:20:02+00:00\",\"dateModified\":\"2020-10-22T09:42:34+00:00\",\"description\":\"Sk\\u00f6nhet \\u00e4r friskv\\u00e5rd | Helena Amiley - H\\u00e4r hittar du senaste infromation om sk\\u00f6nhet, livsstil, entrepren\\u00f6rskap, makeup & tips.\",\"inLanguage\":\"es\",\"potentialAction\":[{\"@type\":\"ReadAction\",\"target\":[\"https:\/\/www.imakeyousmile.se\/skonhet-ar-friskvard\/\"]}]},{\"@type\":\"Article\",\"@id\":\"https:\/\/www.imakeyousmile.se\/skonhet-ar-friskvard\/#article\",\"isPartOf\":{\"@id\":\"https:\/\/www.imakeyousmile.se\/skonhet-ar-friskvard\/#webpage\"},\"author\":{\"@id\":\"https:\/\/www.imakeyousmile.se\/es\/#\/schema\/person\/b0fd43b1c6bb1c60cfd68bff9b4a10fb\"},\"headline\":\"Sk\\u00f6nhet \\u00e4r friskv\\u00e5rd\",\"datePublished\":\"2018-02-21T10:20:02+00:00\",\"dateModified\":\"2020-10-22T09:42:34+00:00\",\"mainEntityOfPage\":{\"@id\":\"https:\/\/www.imakeyousmile.se\/skonhet-ar-friskvard\/#webpage\"},\"commentCount\":0,\"publisher\":{\"@id\":\"https:\/\/www.imakeyousmile.se\/es\/#organization\"},\"image\":{\"@id\":\"https:\/\/www.imakeyousmile.se\/skonhet-ar-friskvard\/#primaryimage\"},\"keywords\":\"m\\u00e5 b\\u00e4ttre p\\u00e5 insidan,sk\\u00f6nhet \\u00e4r friskv\\u00e5rd,smink som terapi,utsidan speglar insidan\",\"articleSection\":\"Sk\\u00f6nhet,Sminktips\",\"inLanguage\":\"es\",\"potentialAction\":[{\"@type\":\"CommentAction\",\"name\":\"Comment\",\"target\":[\"https:\/\/www.imakeyousmile.se\/skonhet-ar-friskvard\/#respond\"]}]},{\"@type\":\"Person\",\"@id\":\"https:\/\/www.imakeyousmile.se\/es\/#\/schema\/person\/b0fd43b1c6bb1c60cfd68bff9b4a10fb\",\"name\":\"Helena Amiley\",\"image\":{\"@type\":\"ImageObject\",\"@id\":\"https:\/\/www.imakeyousmile.se\/es\/#personlogo\",\"inLanguage\":\"es\",\"url\":\"https:\/\/secure.gravatar.com\/avatar\/5645558e1e355457a23368d7e1b4c904?s=96&d=mm&r=g\",\"caption\":\"Helena Amiley\"},\"description\":\"Jag skriver mest om sk\\u00f6nhet men bjuder \\u00e4ven p\\u00e5 glimtar fr\\u00e5n entrepren\\u00f6rlivet och bygget av v\\u00e5r egen camper van. Vanlife here we come!\",\"sameAs\":[\"https:\/\/www.facebook.com\/imakeyousmile.se\",\"https:\/\/www.instagram.com\/helenaamiley\",\"https:\/\/www.youtube.com\/channel\/UCR5iB6rvpV6Yr8ZjpQfr5mg?view_as=subscriber\"]}]}<\/script>\n<!-- \/ Yoast SEO Premium plugin. -->","_links":{"self":[{"href":"https:\/\/www.imakeyousmile.se\/es\/wp-json\/wp\/v2\/posts\/27805"}],"collection":[{"href":"https:\/\/www.imakeyousmile.se\/es\/wp-json\/wp\/v2\/posts"}],"about":[{"href":"https:\/\/www.imakeyousmile.se\/es\/wp-json\/wp\/v2\/types\/post"}],"author":[{"embeddable":true,"href":"https:\/\/www.imakeyousmile.se\/es\/wp-json\/wp\/v2\/users\/30"}],"replies":[{"embeddable":true,"href":"https:\/\/www.imakeyousmile.se\/es\/wp-json\/wp\/v2\/comments?post=27805"}],"version-history":[{"count":8,"href":"https:\/\/www.imakeyousmile.se\/es\/wp-json\/wp\/v2\/posts\/27805\/revisions"}],"predecessor-version":[{"id":31509,"href":"https:\/\/www.imakeyousmile.se\/es\/wp-json\/wp\/v2\/posts\/27805\/revisions\/31509"}],"wp:featuredmedia":[{"embeddable":true,"href":"https:\/\/www.imakeyousmile.se\/es\/wp-json\/wp\/v2\/media\/31500"}],"wp:attachment":[{"href":"https:\/\/www.imakeyousmile.se\/es\/wp-json\/wp\/v2\/media?parent=27805"}],"wp:term":[{"taxonomy":"category","embeddable":true,"href":"https:\/\/www.imakeyousmile.se\/es\/wp-json\/wp\/v2\/categories?post=27805"},{"taxonomy":"post_tag","embeddable":true,"href":"https:\/\/www.imakeyousmile.se\/es\/wp-json\/wp\/v2\/tags?post=27805"}],"curies":[{"name":"wp","href":"https:\/\/api.w.org\/{rel}","templated":true}]}}