{"id":27992,"date":"2017-01-02T19:06:51","date_gmt":"2017-01-02T18:06:51","guid":{"rendered":"http:\/\/www.imakeyousmile.se\/?p=27992"},"modified":"2020-10-22T18:45:29","modified_gmt":"2020-10-22T16:45:29","slug":"nytt-frascht-ar","status":"publish","type":"post","link":"https:\/\/www.imakeyousmile.se\/es\/nytt-frascht-ar\/","title":{"rendered":"Resumen de a\u00f1o nuevo 2016 (breve)"},"content":{"rendered":"<p>\u00bfHa tenido una maravillosa v\u00edspera de A\u00f1o Nuevo y un buen comienzo para el nuevo a\u00f1o? :)<\/p>\n<p>\u00a1Yo tengo! Una combinaci\u00f3n perfecta de relajaci\u00f3n, comodidad familiar y trabajo divertido en el sal\u00f3n. Ahora tengo muchas cosas de a\u00f1o nuevo en la empresa para agarrar y nuevas sensaciones de comienzo en mi cuerpo.<\/p>\n<p>El oto\u00f1o es siempre la \u00e9poca del a\u00f1o en la que me siento m\u00e1s inspirada, pero desde que perd\u00ed a la mejor madre del mundo en junio, el oto\u00f1o fue extremadamente pesado. Este es probablemente el primer a\u00f1o en el que estoy de acuerdo con todos los que dicen que el a\u00f1o pasado fue un a\u00f1o de mierda ...<\/p>\n<p>Pero bueno, \u00a1qu\u00e9 fuerte eres de todos modos! Por supuesto, todav\u00eda es muy pesado, pero estoy empezando a recuperar mi motivaci\u00f3n de todos modos y siento que quiero hacer frente a muchas cosas.<\/p>\n<p><strong>Mediados de 2016 en r\u00e1pida sucesi\u00f3n:<\/strong><\/p>\n<ul>\n<li>Hace un a\u00f1o tuvimos el sal\u00f3n abierto por solo 3 meses y todav\u00eda me sent\u00ed como un principiante con el personal y tantas nuevas formas de trabajar jaja. No ten\u00edamos rutinas adecuadas y me sent\u00ed como si estuviera corriendo en un torbellino todo el d\u00eda, mucho debido a los ladrones de energ\u00eda a mi alrededor en combinaci\u00f3n con mucho que hacer, y sin una estructura de trabajo, el estr\u00e9s era un hecho. Alrededor de A\u00f1o Nuevo, siempre escribo lo que creo que suceder\u00e1 el pr\u00f3ximo a\u00f1o y el texto del a\u00f1o pasado comienza con &quot;<em>Es pronto febrero y solo ahora tengo tiempo para sentarme y escribir mis esperanzas y sue\u00f1os de 2016; describe mi vida bastante bien en este momento.<\/em>&quot;Lol.<\/li>\n<li>En marzo, Annika, Miska y yo comenzamos a desarrollar negocios con Peragenda; muy recomendable si tengo emprendedores en Uppsala que lean esto :) Establecimos metas para la empresa y tenemos una estructura de c\u00f3mo debemos trabajar con todo, desde el seguimiento financiero hasta la comunicaci\u00f3n, el personal y nuevas ideas. No solo nos fijamos metas y cruzamos los dedos, sino que tambi\u00e9n nos aseguramos de alcanzarlas. :)<\/li>\n<li>El verano es una gran neblina para m\u00ed. 2017 ser\u00e1 el primer a\u00f1o sin mi amada madre. Estuve en casa durante 3 semanas despu\u00e9s de eso, pero se necesita una eternidad para volver a ponerme de pie. Llor\u00e9 en el auto camino al trabajo, me derrumb\u00e9 tan pronto como entr\u00e9 por la puerta de la casa. Y a veces me ha parecido que vivo dos vidas diferentes, una Helena feliz cuando tengo gente agradable y trabajos divertidos a mi alrededor, y otra Helena caminando con una piedra sobre los hombros.<\/li>\n<li>En septiembre, mis dos incre\u00edbles maquilladores comenzaron a trabajar con 75% en el sal\u00f3n, \u00a1y ha sido absolutamente m\u00e1gico! El sal\u00f3n va bien incluso cuando he trabajado con cosas de administraci\u00f3n en la oficina y empiezo a poner el blog en marcha despu\u00e9s de un a\u00f1o de caos.<\/li>\n<li>En la v\u00edspera de A\u00f1o Nuevo, sacamos el informe de caja del a\u00f1o y podr\u00edamos estar felices por el gran trabajo que hemos hecho juntos. En cierto modo, no encajo como aut\u00f3nomo porque ando casi todo el tiempo con pensamientos catastr\u00f3ficos para la econom\u00eda, reviso las reservas varias veces al d\u00eda y me atraviesa cada vez que un cliente no llega a tiempo o cancela en el \u00faltimo segundo. Pero es realmente genial poder ver el trabajo duro en n\u00fameros f\u00edsicos, n\u00fameros de los que no tienes que avergonzarte :)<\/li>\n<\/ul>\n<p><img loading=\"lazy\" decoding=\"async\" class=\"alignnone size-large wp-image-27994\" src=\"http:\/\/www.imakeyousmile.se\/wp-content\/uploads\/2017\/01\/0-2017-CITAT-1024x1024.jpg\" alt=\"0-2017 cita\" width=\"640\" height=\"640\" srcset=\"https:\/\/www.imakeyousmile.se\/wp-content\/uploads\/2017\/01\/0-2017-CITAT-1024x1024.jpg 1024w, https:\/\/www.imakeyousmile.se\/wp-content\/uploads\/2017\/01\/0-2017-CITAT-150x150.jpg 150w, https:\/\/www.imakeyousmile.se\/wp-content\/uploads\/2017\/01\/0-2017-CITAT-300x300.jpg 300w, https:\/\/www.imakeyousmile.se\/wp-content\/uploads\/2017\/01\/0-2017-CITAT-768x768.jpg 768w, https:\/\/www.imakeyousmile.se\/wp-content\/uploads\/2017\/01\/0-2017-CITAT-696x696.jpg 696w, https:\/\/www.imakeyousmile.se\/wp-content\/uploads\/2017\/01\/0-2017-CITAT-1068x1068.jpg 1068w, https:\/\/www.imakeyousmile.se\/wp-content\/uploads\/2017\/01\/0-2017-CITAT-420x420.jpg 420w\" sizes=\"(max-width: 640px) 100vw, 640px\" \/><\/p>\n<p>\u00a1As\u00ed me siento por 2017! ;)<\/p>\n<p><strong>En 2017, quiero:<\/strong><\/p>\n<ul>\n<li>Conc\u00e9ntrese m\u00e1s en desarrollar blogs y tambi\u00e9n en varios canales, ponga m\u00e1s p\u00f3lvora en instagram, youtube y gu\u00edas de belleza en la tienda web. Y trabaje m\u00e1s con el marketing.<\/li>\n<li>Tener una buena estructura de trabajo con respecto a lo anterior para poder planificar mejor el tiempo y sacar m\u00e1s material del blog.<\/li>\n<li>Empiece a renovar la casa de mi madre donde Miska y yo nos mudaremos junto con mi hermana Mia y sus dos hijos \u2665<\/li>\n<li>Disminuir significativamente las dietas animales y comer m\u00e1s alimentos a base de vegetales.<\/li>\n<li>\u00a1Blog a\u00fan m\u00e1s sobre el esp\u00edritu empresarial! Creo que es muy divertido y obtuve una buena respuesta cuando te pregunt\u00e9 antes si quer\u00edas ver m\u00e1s, pero es un poco dif\u00edcil entrar de forma natural, pero realmente trabajar\u00e9 en eso :)<\/li>\n<li>\u00a1Logre nuestros objetivos que nos propusimos para la empresa en junio de 2017!<\/li>\n<li>Y me gustar\u00eda mucho ir de viaje con Miska este oto\u00f1o, no solo tener tiempo y consejos, sino tambi\u00e9n tener paz y tranquilidad en mi cuerpo para poder relajarme. Como se ha visto el a\u00f1o anterior, un viaje hab\u00eda sido un poco en vano porque todav\u00eda hab\u00edamos hablado de trabajos todo el tiempo jeje.<\/li>\n<\/ul>\n<p><img loading=\"lazy\" decoding=\"async\" class=\"alignnone size-large wp-image-27979\" src=\"http:\/\/www.imakeyousmile.se\/wp-content\/uploads\/2016\/12\/IMG_4134_111-953x1024.jpg\" alt=\"img_4134_111\" width=\"640\" height=\"688\" srcset=\"https:\/\/www.imakeyousmile.se\/wp-content\/uploads\/2016\/12\/IMG_4134_111-953x1024.jpg 953w, https:\/\/www.imakeyousmile.se\/wp-content\/uploads\/2016\/12\/IMG_4134_111-279x300.jpg 279w, https:\/\/www.imakeyousmile.se\/wp-content\/uploads\/2016\/12\/IMG_4134_111-768x825.jpg 768w, https:\/\/www.imakeyousmile.se\/wp-content\/uploads\/2016\/12\/IMG_4134_111-696x748.jpg 696w, https:\/\/www.imakeyousmile.se\/wp-content\/uploads\/2016\/12\/IMG_4134_111-1068x1147.jpg 1068w, https:\/\/www.imakeyousmile.se\/wp-content\/uploads\/2016\/12\/IMG_4134_111-391x420.jpg 391w\" sizes=\"(max-width: 640px) 100vw, 640px\" \/><\/p>\n<p>Comenc\u00e9 2017 realizando una desintoxicaci\u00f3n con la dieta esta semana, y ahora profundizar\u00e9 en el hor\u00f3scopo y escribir\u00e9 un resumen privado del a\u00f1o pasado y c\u00f3mo quiero que sea el pr\u00f3ximo a\u00f1o, que leer\u00e9 la pr\u00f3xima v\u00edspera de A\u00f1o Nuevo. . \u00a1Ser\u00e1 el tercer a\u00f1o ahora, realmente divertido! :)<\/p>\n<p>2017 aqu\u00ed vengo! \u2665<\/p>\n<p><img loading=\"lazy\" decoding=\"async\" class=\"alignnone size-large wp-image-27929\" src=\"http:\/\/www.imakeyousmile.se\/wp-content\/uploads\/2016\/12\/Sidfot-Namnloggo-1-1024x115.png\" alt=\"logotipo del nombre de pie de p\u00e1gina\" width=\"640\" height=\"72\" \/><\/p>","protected":false},"excerpt":{"rendered":"<p>Har ni haft en h\u00e4rlig\u00a0ny\u00e5rsafton och en bra start p\u00e5 det nya \u00e5ret? :) Det har jag! En perfekt blandning av slappande,\u00a0familjemys och roligt jobb p\u00e5 salongen. Nu har jag massor av nytt-\u00e5r-p\u00e5-f\u00f6retaget-grejer att ta tag i och\u00a0nystartsk\u00e4nslor i kroppen. H\u00f6sten brukar alltid vara den tiden p\u00e5 \u00e5ret d\u00e5 jag k\u00e4nner som mest inspiration, men [&hellip;]<\/p>\n","protected":false},"author":30,"featured_media":27979,"comment_status":"open","ping_status":"closed","sticky":false,"template":"","format":"standard","meta":{"footnotes":""},"categories":[7007,3],"tags":[],"class_list":["post-27992","post","type-post","status-publish","format-standard","has-post-thumbnail","hentry","category-nyarsinlagg","category-allmant"],"yoast_head":"<!-- This site is optimized with the Yoast SEO Premium plugin v14.9 - https:\/\/yoast.com\/wordpress\/plugins\/seo\/ -->\n<meta name=\"description\" content=\"Ny\u00e5rsresum\u00e9 2016 (kort) | Helena Amiley - H\u00e4r hittar du senaste infromation om sk\u00f6nhet, livsstil, entrepren\u00f6rskap, makeup &amp; tips.\" \/>\n<meta name=\"robots\" content=\"index, follow, max-snippet:-1, max-image-preview:large, max-video-preview:-1\" \/>\n<link rel=\"canonical\" href=\"https:\/\/www.imakeyousmile.se\/es\/nytt-frascht-ar\/\" \/>\n<meta property=\"og:locale\" content=\"es_ES\" \/>\n<meta property=\"og:type\" content=\"article\" \/>\n<meta property=\"og:title\" content=\"Ny\u00e5rsresum\u00e9 2016 (kort) | Imakeyousmile.se\" \/>\n<meta property=\"og:description\" content=\"Ny\u00e5rsresum\u00e9 2016 (kort) | Helena Amiley - H\u00e4r hittar du senaste infromation om sk\u00f6nhet, livsstil, entrepren\u00f6rskap, makeup &amp; tips.\" \/>\n<meta property=\"og:url\" content=\"https:\/\/www.imakeyousmile.se\/es\/nytt-frascht-ar\/\" \/>\n<meta property=\"og:site_name\" content=\"Imakeyousmile.se\" \/>\n<meta property=\"article:author\" content=\"https:\/\/www.facebook.com\/imakeyousmile.se\" \/>\n<meta property=\"article:published_time\" content=\"2017-01-02T18:06:51+00:00\" \/>\n<meta property=\"article:modified_time\" content=\"2020-10-22T16:45:29+00:00\" \/>\n<meta property=\"og:image\" content=\"https:\/\/www.imakeyousmile.se\/wp-content\/uploads\/2016\/12\/IMG_4134_111.jpg\" \/>\n\t<meta property=\"og:image:width\" content=\"2384\" \/>\n\t<meta property=\"og:image:height\" content=\"2560\" \/>\n<meta name=\"twitter:card\" content=\"summary_large_image\" \/>\n<script type=\"application\/ld+json\" class=\"yoast-schema-graph\">{\"@context\":\"https:\/\/schema.org\",\"@graph\":[{\"@type\":\"Organization\",\"@id\":\"https:\/\/www.imakeyousmile.se\/es\/#organization\",\"name\":\"Imakeyousmile\",\"url\":\"https:\/\/www.imakeyousmile.se\/es\/\",\"sameAs\":[],\"logo\":{\"@type\":\"ImageObject\",\"@id\":\"https:\/\/www.imakeyousmile.se\/es\/#logo\",\"inLanguage\":\"es\",\"url\":\"https:\/\/www.imakeyousmile.se\/wp-content\/uploads\/2020\/10\/HELENA-AMILEY_SVART-1-e1603367975324.png\",\"width\":280,\"height\":93,\"caption\":\"Imakeyousmile\"},\"image\":{\"@id\":\"https:\/\/www.imakeyousmile.se\/es\/#logo\"}},{\"@type\":\"WebSite\",\"@id\":\"https:\/\/www.imakeyousmile.se\/es\/#website\",\"url\":\"https:\/\/www.imakeyousmile.se\/es\/\",\"name\":\"Imakeyousmile.se\",\"description\":\"Helena Amiley - Beauty, Entrepreneur, Lifestyle\",\"publisher\":{\"@id\":\"https:\/\/www.imakeyousmile.se\/es\/#organization\"},\"potentialAction\":[{\"@type\":\"SearchAction\",\"target\":\"https:\/\/www.imakeyousmile.se\/es\/?s={search_term_string}\",\"query-input\":\"required name=search_term_string\"}],\"inLanguage\":\"es\"},{\"@type\":\"ImageObject\",\"@id\":\"https:\/\/www.imakeyousmile.se\/nytt-frascht-ar\/#primaryimage\",\"inLanguage\":\"es\",\"url\":\"https:\/\/www.imakeyousmile.se\/wp-content\/uploads\/2016\/12\/IMG_4134_111.jpg\",\"width\":2384,\"height\":2560},{\"@type\":\"WebPage\",\"@id\":\"https:\/\/www.imakeyousmile.se\/nytt-frascht-ar\/#webpage\",\"url\":\"https:\/\/www.imakeyousmile.se\/nytt-frascht-ar\/\",\"name\":\"Ny\\u00e5rsresum\\u00e9 2016 (kort) | Imakeyousmile.se\",\"isPartOf\":{\"@id\":\"https:\/\/www.imakeyousmile.se\/es\/#website\"},\"primaryImageOfPage\":{\"@id\":\"https:\/\/www.imakeyousmile.se\/nytt-frascht-ar\/#primaryimage\"},\"datePublished\":\"2017-01-02T18:06:51+00:00\",\"dateModified\":\"2020-10-22T16:45:29+00:00\",\"description\":\"Ny\\u00e5rsresum\\u00e9 2016 (kort) | Helena Amiley - H\\u00e4r hittar du senaste infromation om sk\\u00f6nhet, livsstil, entrepren\\u00f6rskap, makeup & tips.\",\"inLanguage\":\"es\",\"potentialAction\":[{\"@type\":\"ReadAction\",\"target\":[\"https:\/\/www.imakeyousmile.se\/nytt-frascht-ar\/\"]}]},{\"@type\":\"Article\",\"@id\":\"https:\/\/www.imakeyousmile.se\/nytt-frascht-ar\/#article\",\"isPartOf\":{\"@id\":\"https:\/\/www.imakeyousmile.se\/nytt-frascht-ar\/#webpage\"},\"author\":{\"@id\":\"https:\/\/www.imakeyousmile.se\/es\/#\/schema\/person\/b0fd43b1c6bb1c60cfd68bff9b4a10fb\"},\"headline\":\"Ny\\u00e5rsresum\\u00e9 2016 (kort)\",\"datePublished\":\"2017-01-02T18:06:51+00:00\",\"dateModified\":\"2020-10-22T16:45:29+00:00\",\"mainEntityOfPage\":{\"@id\":\"https:\/\/www.imakeyousmile.se\/nytt-frascht-ar\/#webpage\"},\"commentCount\":0,\"publisher\":{\"@id\":\"https:\/\/www.imakeyousmile.se\/es\/#organization\"},\"image\":{\"@id\":\"https:\/\/www.imakeyousmile.se\/nytt-frascht-ar\/#primaryimage\"},\"articleSection\":\"Ny\\u00e5rsresum\\u00e9er,\\u00d6vrigt\",\"inLanguage\":\"es\",\"potentialAction\":[{\"@type\":\"CommentAction\",\"name\":\"Comment\",\"target\":[\"https:\/\/www.imakeyousmile.se\/nytt-frascht-ar\/#respond\"]}]},{\"@type\":\"Person\",\"@id\":\"https:\/\/www.imakeyousmile.se\/es\/#\/schema\/person\/b0fd43b1c6bb1c60cfd68bff9b4a10fb\",\"name\":\"Helena Amiley\",\"image\":{\"@type\":\"ImageObject\",\"@id\":\"https:\/\/www.imakeyousmile.se\/es\/#personlogo\",\"inLanguage\":\"es\",\"url\":\"https:\/\/secure.gravatar.com\/avatar\/5645558e1e355457a23368d7e1b4c904?s=96&d=mm&r=g\",\"caption\":\"Helena Amiley\"},\"description\":\"Jag skriver mest om sk\\u00f6nhet men bjuder \\u00e4ven p\\u00e5 glimtar fr\\u00e5n entrepren\\u00f6rlivet och bygget av v\\u00e5r egen camper van. Vanlife here we come!\",\"sameAs\":[\"https:\/\/www.facebook.com\/imakeyousmile.se\",\"https:\/\/www.instagram.com\/helenaamiley\",\"https:\/\/www.youtube.com\/channel\/UCR5iB6rvpV6Yr8ZjpQfr5mg?view_as=subscriber\"]}]}<\/script>\n<!-- \/ Yoast SEO Premium plugin. -->","_links":{"self":[{"href":"https:\/\/www.imakeyousmile.se\/es\/wp-json\/wp\/v2\/posts\/27992"}],"collection":[{"href":"https:\/\/www.imakeyousmile.se\/es\/wp-json\/wp\/v2\/posts"}],"about":[{"href":"https:\/\/www.imakeyousmile.se\/es\/wp-json\/wp\/v2\/types\/post"}],"author":[{"embeddable":true,"href":"https:\/\/www.imakeyousmile.se\/es\/wp-json\/wp\/v2\/users\/30"}],"replies":[{"embeddable":true,"href":"https:\/\/www.imakeyousmile.se\/es\/wp-json\/wp\/v2\/comments?post=27992"}],"version-history":[{"count":6,"href":"https:\/\/www.imakeyousmile.se\/es\/wp-json\/wp\/v2\/posts\/27992\/revisions"}],"predecessor-version":[{"id":37680,"href":"https:\/\/www.imakeyousmile.se\/es\/wp-json\/wp\/v2\/posts\/27992\/revisions\/37680"}],"wp:featuredmedia":[{"embeddable":true,"href":"https:\/\/www.imakeyousmile.se\/es\/wp-json\/wp\/v2\/media\/27979"}],"wp:attachment":[{"href":"https:\/\/www.imakeyousmile.se\/es\/wp-json\/wp\/v2\/media?parent=27992"}],"wp:term":[{"taxonomy":"category","embeddable":true,"href":"https:\/\/www.imakeyousmile.se\/es\/wp-json\/wp\/v2\/categories?post=27992"},{"taxonomy":"post_tag","embeddable":true,"href":"https:\/\/www.imakeyousmile.se\/es\/wp-json\/wp\/v2\/tags?post=27992"}],"curies":[{"name":"wp","href":"https:\/\/api.w.org\/{rel}","templated":true}]}}