{"id":28491,"date":"2017-03-17T12:53:08","date_gmt":"2017-03-17T11:53:08","guid":{"rendered":"http:\/\/www.imakeyousmile.se\/?p=28491"},"modified":"2020-10-22T13:24:56","modified_gmt":"2020-10-22T11:24:56","slug":"festmakeup-i-uppsala","status":"publish","type":"post","link":"https:\/\/www.imakeyousmile.se\/es\/festmakeup-i-uppsala\/","title":{"rendered":"Maquillaje de fiesta en Uppsala"},"content":{"rendered":"<p>Aqu\u00ed hay fotos de antes y despu\u00e9s de un maquillaje de fiesta que le hice a un cliente que reserv\u00f3 una tinta de consulta de maquillaje. productos conmigo :)<\/p>\n<p>Hicimos una base niveladora con lustre y luego nos enfocamos en los ojos y una mirada de aumento. \u00a1Se volvi\u00f3 realmente agradable! Aqu\u00ed est\u00e1 el resultado:<\/p>\n<p><img loading=\"lazy\" decoding=\"async\" class=\"alignnone size-large wp-image-28493\" src=\"http:\/\/www.imakeyousmile.se\/wp-content\/uploads\/2017\/03\/IMG_8066_vattenst\u00e4mpel-1024x882.jpg\" alt=\"\" width=\"640\" height=\"551\" srcset=\"https:\/\/www.imakeyousmile.se\/wp-content\/uploads\/2017\/03\/IMG_8066_vattenst\u00e4mpel-1024x882.jpg 1024w, https:\/\/www.imakeyousmile.se\/wp-content\/uploads\/2017\/03\/IMG_8066_vattenst\u00e4mpel-300x258.jpg 300w, https:\/\/www.imakeyousmile.se\/wp-content\/uploads\/2017\/03\/IMG_8066_vattenst\u00e4mpel-768x662.jpg 768w, https:\/\/www.imakeyousmile.se\/wp-content\/uploads\/2017\/03\/IMG_8066_vattenst\u00e4mpel-696x600.jpg 696w, https:\/\/www.imakeyousmile.se\/wp-content\/uploads\/2017\/03\/IMG_8066_vattenst\u00e4mpel-1068x920.jpg 1068w, https:\/\/www.imakeyousmile.se\/wp-content\/uploads\/2017\/03\/IMG_8066_vattenst\u00e4mpel-487x420.jpg 487w\" sizes=\"(max-width: 640px) 100vw, 640px\" \/><\/p>\n<p>BASE<br \/>\nComenzamos con una prebase para el rostro que es un relleno adicional para los poros y unifica la estructura de la piel. Luego agregamos una base en gel semi-cubriente que unifica el tono de la piel y se vuelve natural y fina. Adem\u00e1s es muy duradera, encaja muy bien en l\u00edneas y es resistente al agua por lo que es una base perfecta de primavera y verano, tanto para d\u00edas calurosos como para d\u00edas lluviosos jeje :)<\/p>\n<p>Neutralizamos las zonas rojas con un polvo mineral que elimina las rojeces.<\/p>\n<p>Contorneado para oscurecer las partes profundas del rostro y aclarar las partes altas, para enfatizar sus rasgos faciales naturales. Hizo principalmente en la nariz, ya ten\u00eda rasgos muy claros y p\u00f3mulos marcados por lo que no se necesitaba mucho. Terminado con un tono de rubor vivo en las mejillas y bruma fijadora.<\/p>\n<p><strong>Prebase facial<\/strong>\u00a0<strong>-<\/strong> \u00a0<a href=\"https:\/\/ion.lyko.com\/t\/t?a=1117786221&#038;as=1548102449&#038;t=2&#038;tk=1&#038;epi=search-replace-flawlessporeless&#038;url=https:\/\/lyko.com\/sv\/pixi\/pixi-flawless-poreless-primer\/\">Pixi impecable y sin poros<\/a><br \/>\n<strong>Fundaci\u00f3n<\/strong>\u00a0<strong>-<\/strong>\u00a0<a href=\"https:\/\/ion.lyko.com\/t\/t?a=1117786221&#038;as=1548102449&#038;t=2&#038;tk=1&#038;epi=search-replace-skintint&#038;url=https:\/\/lyko.com\/sv\/pixi\/pixi-h2o-skintint-2nude\/\">Pixi H2O Skintint (3 c\u00e1lidos)<br \/>\n<\/a><strong>Polvo - <\/strong><a href=\"https:\/\/ion.lyko.com\/t\/t?a=1117786221&#038;as=1548102449&#038;t=2&#038;tk=1&#038;epi=search-replace-rednessrelief&#038;url=https:\/\/lyko.com\/sv\/glo-skin-beauty\/glo-skin-bea-rednessrelief-powder\/\">polvo para aliviar el enrojecimiento de gloMinerals<\/a><br \/>\n<strong>Contorneado -<\/strong>\u00a0<a href=\"https:\/\/ion.lyko.com\/t\/t?a=1117786221&#038;as=1548102449&#038;t=2&#038;tk=1&#038;epi=search-replace-pixipalette&#038;url=https:\/\/lyko.com\/sv\/sok?q=pixi+palette\">Pixi Book of Beauty Contour Creator<\/a><br \/>\n<strong>Colorete -<\/strong>\u00a0<a href=\"https:\/\/ion.lyko.com\/t\/t?a=1117786221&#038;as=1548102449&#038;t=2&#038;tk=1&#038;epi=search-replae-glo-blush&#038;url=https:\/\/lyko.com\/sv\/glo-skin-beauty\/glominerals-blush-sweet\/\">rubor gloMinerals (papaya)<\/a><br \/>\n<strong>Niebla reparadora -<\/strong>\u00a0<a href=\"https:\/\/ion.lyko.com\/t\/t?a=1117786221&#038;as=1548102449&#038;t=2&#038;tk=1&#038;epi=search-replace-fixingmist&#038;url=https:\/\/lyko.com\/sv\/pixi\/pixi-makeup-fixing-mist\">Bruma fijadora de maquillaje Pixi<\/a><\/p>\n<p>CEJA<br \/>\nHe rellenado las cejas con un l\u00e1piz de cejas + ceja. Hice la forma m\u00e1s marcada y alta en el &quot;punto m\u00e1s alto&quot; para una forma que se levanta m\u00e1s.<\/p>\n<p><strong>Pluma + Gel para cejas -<\/strong>\u00a0<a href=\"https:\/\/ion.lyko.com\/t\/t?a=1117786221&#038;as=1548102449&#038;t=2&#038;tk=1&#038;epi=search-replace-pixibrowduo&#038;url=https:\/\/lyko.com\/sv\/pixi\/pixi-natural-brow-duo-natural-brown\">Pixi Natural Brow Duo<\/a>\u00a0(Morena profunda)<\/p>\n<p>Ojos<br \/>\nQuer\u00eda un maquillaje de fiesta en los ojos, pero casi nunca se maquillaba en los casos normales, por lo que no ten\u00eda un maquillaje muy oscuro. Hice un maquillaje marr\u00f3n dorado que agranda los ojos y resalta la mirada. Terminamos con un delineador de pesta\u00f1as \/ marcaje de pesta\u00f1as que marca la l\u00ednea de las pesta\u00f1as y levanta los ojos pero es tan fino que no ocupa ning\u00fan espacio del p\u00e1rpado, as\u00ed como el r\u00edmel.<\/p>\n<p><strong>Imprimaci\u00f3n de sombra de ojos -<\/strong>\u00a0<a href=\"https:\/\/ion.lyko.com\/t\/t?a=1117786221&#038;as=1548102449&#038;t=2&#038;tk=1&#038;epi=search-replace-pixi-eyebright&#038;url=https:\/\/lyko.com\/sv\/pixi\/pixi-eye-bright-primer\/\">Primer Pixi Eye Bright<\/a><a href=\"https:\/\/creativemakeup.se\/butik\/smink\/paese-kashmir-mono-eyeshadow\/\"><br \/>\n<\/a><strong>Sombras de ojos -<\/strong>\u00a0<a href=\"https:\/\/creativemakeup.se\/butik\/smink\/paese-opal-eyeshadow\/\">Tr\u00edo de sombras de ojos Paese Opal (marr\u00f3n dorado)<\/a><a href=\"https:\/\/creativemakeup.se\/butik\/smink\/paese-kashmir-mono-eyeshadow\/\"><br \/>\n<\/a><strong>Delineador de ojos claro -<\/strong>\u00a0<strong>\u00a0<\/strong><a href=\"https:\/\/ion.jordklok.se\/t\/t?a=1236848151&#038;as=1548102449&#038;t=2&#038;tk=1&#038;epi=search-replace-benecoskajal&#038;url=https:\/\/www.jordklok.se\/sv\/articles\/2.80.3594\/benecos-natural-kajalpenna-113-g?q=Benecos%20Natural%20Kajalpenna,%201,13%20g\">l\u00e1piz de ojos gloMinerals (melocot\u00f3n)<\/a><strong>\u00a0<\/strong>(A lo largo de la l\u00ednea de flotaci\u00f3n)<br \/>\n<strong>Delineador de pesta\u00f1as negro \/ marcado de flecos -<\/strong>\u00a0<a href=\"https:\/\/id.partykungen.se\/t\/t?a=1280241905&#038;as=1548102449&#038;t=2&#038;tk=1&#038;epi=search-replace-kryolangel&#038;url=https:\/\/www.partykungen.se\/kryolan-gel-eyeliner-74187.html#74187-7\">Delineador en crema Kryolan HD (\u00e9bano)<\/a> - \u00a1Nuevo! \u00a1\u00a1Tan bueno para lashliner !!<br \/>\n<strong>R\u00edmel negro -<\/strong><a href=\"https:\/\/creativemakeup.se\/butik\/smink\/santhilea-magnetic-lash\/\">\u00a0M\u00e1scara de pesta\u00f1as magn\u00e9tica<\/a><\/p>\n<p>LABIOS<br \/>\nMarcamos los labios con un l\u00e1piz labial para enfatizar la forma, luego agregamos un l\u00e1piz labial muy bonito y cremoso en un color bastante similar al de su propio color de labios. Da un resultado brillante y muy cuidado.<\/p>\n<p><strong>Lapiz labial -<\/strong>\u00a0<a href=\"https:\/\/ion.jordklok.se\/t\/t?a=1236848151&#038;as=1548102449&#038;t=2&#038;tk=1&#038;epi=search-replace-benecoslipliner&#038;url=https:\/\/www.jordklok.se\/sv\/articles\/2.68.3596\/benecos-natural-lipliner-113-g\">Delineador de labios natural Benecos\u00a0<\/a>(Marr\u00f3n)<br \/>\n<strong>Barra de labios -<\/strong>\u00a0<a href=\"https:\/\/ion.lyko.com\/t\/t?a=1117786221&#038;as=1548102449&#038;t=2&#038;tk=1&#038;epi=search-replace-glocreamglaze&#038;url=https:\/\/lyko.com\/sv\/glo-skin-beauty\/glominerals-glo-cream-glaze-crayon-bloom\/\">cray\u00f3n de glaseado en crema gloMinerals (reliquia)<\/a><\/p>\n<p>\u00a1Entonces est\u00e1 listo! :)<\/p>\n<p><img loading=\"lazy\" decoding=\"async\" class=\"alignnone size-large wp-image-28492\" src=\"http:\/\/www.imakeyousmile.se\/wp-content\/uploads\/2017\/03\/IMG_8066_1vattenst\u00e4mpel-1024x836.jpg\" alt=\"\" width=\"640\" height=\"523\" srcset=\"https:\/\/www.imakeyousmile.se\/wp-content\/uploads\/2017\/03\/IMG_8066_1vattenst\u00e4mpel-1024x836.jpg 1024w, https:\/\/www.imakeyousmile.se\/wp-content\/uploads\/2017\/03\/IMG_8066_1vattenst\u00e4mpel-300x245.jpg 300w, https:\/\/www.imakeyousmile.se\/wp-content\/uploads\/2017\/03\/IMG_8066_1vattenst\u00e4mpel-768x627.jpg 768w, https:\/\/www.imakeyousmile.se\/wp-content\/uploads\/2017\/03\/IMG_8066_1vattenst\u00e4mpel-696x568.jpg 696w, https:\/\/www.imakeyousmile.se\/wp-content\/uploads\/2017\/03\/IMG_8066_1vattenst\u00e4mpel-1068x871.jpg 1068w, https:\/\/www.imakeyousmile.se\/wp-content\/uploads\/2017\/03\/IMG_8066_1vattenst\u00e4mpel-515x420.jpg 515w\" sizes=\"(max-width: 640px) 100vw, 640px\" \/><\/p>\n<p>Espero que te hayas inspirado \u2665<\/p>\n<p>Puede leer m\u00e1s sobre nuestros tratamientos y reservar una cita con nosotros en Creative Makeup en Uppsala esta primavera\u00a0<a href=\"https:\/\/creativemakeup.se\">sitio web<\/a> o llam\u00e1ndonos al 018 10 50 13.<\/p>\n<p>\u00a1Abrazo!<\/p>\n<p><img loading=\"lazy\" decoding=\"async\" class=\"alignnone size-large wp-image-28330\" src=\"http:\/\/www.imakeyousmile.se\/wp-content\/uploads\/2017\/02\/Sidfot-Namnloggo-1024x115.png\" alt=\"\" width=\"640\" height=\"72\" \/><\/p>","protected":false},"excerpt":{"rendered":"<p>H\u00e4r kommer f\u00f6re- och efterbilder p\u00e5 en festmakeup jag gjorde p\u00e5 en kund som bokade sminkkonsultation ink. produkter hos mig :) Vi gjorde en utj\u00e4mnande bas med lyster och sedan fokus p\u00e5 \u00f6gonen och en f\u00f6rstorande blick. Blev riktigt snyggt! H\u00e4r \u00e4r resultatet: BAS Vi b\u00f6rjade med en ansiktsprimer som \u00e4r extra utfyllande f\u00f6r porer [&hellip;]<\/p>\n","protected":false},"author":30,"featured_media":28493,"comment_status":"open","ping_status":"closed","sticky":false,"template":"","format":"standard","meta":{"footnotes":""},"categories":[7003,9,2827,2956,2623],"tags":[1985,5581,3934,4858,3193,3935],"class_list":["post-28491","post","type-post","status-publish","format-standard","has-post-thumbnail","hentry","category-fore-efter-kunder","category-partysminkningar","category-vardagssminkningar","category-sminkjobb","category-sminkningar","tag-creative-makeup","tag-festsmink","tag-makeup-uppsala","tag-smink-40","tag-smink-mogen-hy","tag-smink-uppsala"],"yoast_head":"<!-- This site is optimized with the Yoast SEO Premium plugin v14.9 - https:\/\/yoast.com\/wordpress\/plugins\/seo\/ -->\n<meta name=\"description\" content=\"Festmakeup i Uppsala | Helena Amiley - H\u00e4r hittar du senaste infromation om sk\u00f6nhet, livsstil, entrepren\u00f6rskap, makeup &amp; tips.\" \/>\n<meta name=\"robots\" content=\"index, follow, max-snippet:-1, max-image-preview:large, max-video-preview:-1\" \/>\n<link rel=\"canonical\" href=\"https:\/\/www.imakeyousmile.se\/es\/festmakeup-i-uppsala\/\" \/>\n<meta property=\"og:locale\" content=\"es_ES\" \/>\n<meta property=\"og:type\" content=\"article\" \/>\n<meta property=\"og:title\" content=\"Festmakeup i Uppsala | Imakeyousmile.se\" \/>\n<meta property=\"og:description\" content=\"Festmakeup i Uppsala | Helena Amiley - H\u00e4r hittar du senaste infromation om sk\u00f6nhet, livsstil, entrepren\u00f6rskap, makeup &amp; tips.\" \/>\n<meta property=\"og:url\" content=\"https:\/\/www.imakeyousmile.se\/es\/festmakeup-i-uppsala\/\" \/>\n<meta property=\"og:site_name\" content=\"Imakeyousmile.se\" \/>\n<meta property=\"article:author\" content=\"https:\/\/www.facebook.com\/imakeyousmile.se\" \/>\n<meta property=\"article:published_time\" content=\"2017-03-17T11:53:08+00:00\" \/>\n<meta property=\"article:modified_time\" content=\"2020-10-22T11:24:56+00:00\" \/>\n<meta property=\"og:image\" content=\"https:\/\/www.imakeyousmile.se\/wp-content\/uploads\/2017\/03\/IMG_8066_vattenst\u00e4mpel.jpg\" \/>\n\t<meta property=\"og:image:width\" content=\"2500\" \/>\n\t<meta property=\"og:image:height\" content=\"2154\" \/>\n<meta name=\"twitter:card\" content=\"summary_large_image\" \/>\n<script type=\"application\/ld+json\" class=\"yoast-schema-graph\">{\"@context\":\"https:\/\/schema.org\",\"@graph\":[{\"@type\":\"Organization\",\"@id\":\"https:\/\/www.imakeyousmile.se\/es\/#organization\",\"name\":\"Imakeyousmile\",\"url\":\"https:\/\/www.imakeyousmile.se\/es\/\",\"sameAs\":[],\"logo\":{\"@type\":\"ImageObject\",\"@id\":\"https:\/\/www.imakeyousmile.se\/es\/#logo\",\"inLanguage\":\"es\",\"url\":\"https:\/\/www.imakeyousmile.se\/wp-content\/uploads\/2020\/10\/HELENA-AMILEY_SVART-1-e1603367975324.png\",\"width\":280,\"height\":93,\"caption\":\"Imakeyousmile\"},\"image\":{\"@id\":\"https:\/\/www.imakeyousmile.se\/es\/#logo\"}},{\"@type\":\"WebSite\",\"@id\":\"https:\/\/www.imakeyousmile.se\/es\/#website\",\"url\":\"https:\/\/www.imakeyousmile.se\/es\/\",\"name\":\"Imakeyousmile.se\",\"description\":\"Helena Amiley - Beauty, Entrepreneur, Lifestyle\",\"publisher\":{\"@id\":\"https:\/\/www.imakeyousmile.se\/es\/#organization\"},\"potentialAction\":[{\"@type\":\"SearchAction\",\"target\":\"https:\/\/www.imakeyousmile.se\/es\/?s={search_term_string}\",\"query-input\":\"required name=search_term_string\"}],\"inLanguage\":\"es\"},{\"@type\":\"ImageObject\",\"@id\":\"https:\/\/www.imakeyousmile.se\/festmakeup-i-uppsala\/#primaryimage\",\"inLanguage\":\"es\",\"url\":\"https:\/\/www.imakeyousmile.se\/wp-content\/uploads\/2017\/03\/IMG_8066_vattenst\\u00e4mpel.jpg\",\"width\":2500,\"height\":2154},{\"@type\":\"WebPage\",\"@id\":\"https:\/\/www.imakeyousmile.se\/festmakeup-i-uppsala\/#webpage\",\"url\":\"https:\/\/www.imakeyousmile.se\/festmakeup-i-uppsala\/\",\"name\":\"Festmakeup i Uppsala | Imakeyousmile.se\",\"isPartOf\":{\"@id\":\"https:\/\/www.imakeyousmile.se\/es\/#website\"},\"primaryImageOfPage\":{\"@id\":\"https:\/\/www.imakeyousmile.se\/festmakeup-i-uppsala\/#primaryimage\"},\"datePublished\":\"2017-03-17T11:53:08+00:00\",\"dateModified\":\"2020-10-22T11:24:56+00:00\",\"description\":\"Festmakeup i Uppsala | Helena Amiley - H\\u00e4r hittar du senaste infromation om sk\\u00f6nhet, livsstil, entrepren\\u00f6rskap, makeup & tips.\",\"inLanguage\":\"es\",\"potentialAction\":[{\"@type\":\"ReadAction\",\"target\":[\"https:\/\/www.imakeyousmile.se\/festmakeup-i-uppsala\/\"]}]},{\"@type\":\"Article\",\"@id\":\"https:\/\/www.imakeyousmile.se\/festmakeup-i-uppsala\/#article\",\"isPartOf\":{\"@id\":\"https:\/\/www.imakeyousmile.se\/festmakeup-i-uppsala\/#webpage\"},\"author\":{\"@id\":\"https:\/\/www.imakeyousmile.se\/es\/#\/schema\/person\/b0fd43b1c6bb1c60cfd68bff9b4a10fb\"},\"headline\":\"Festmakeup i Uppsala\",\"datePublished\":\"2017-03-17T11:53:08+00:00\",\"dateModified\":\"2020-10-22T11:24:56+00:00\",\"mainEntityOfPage\":{\"@id\":\"https:\/\/www.imakeyousmile.se\/festmakeup-i-uppsala\/#webpage\"},\"commentCount\":0,\"publisher\":{\"@id\":\"https:\/\/www.imakeyousmile.se\/es\/#organization\"},\"image\":{\"@id\":\"https:\/\/www.imakeyousmile.se\/festmakeup-i-uppsala\/#primaryimage\"},\"keywords\":\"creative makeup,festsmink,makeup uppsala,smink 40+,smink mogen hy,smink uppsala\",\"articleSection\":\"F\\u00f6re &amp; efter (kundjobb),M\\u00f6rka \/ festliga sminkningar,Neutrala \/ milda sminkningar,Sminkjobb,Sminkningar\",\"inLanguage\":\"es\",\"potentialAction\":[{\"@type\":\"CommentAction\",\"name\":\"Comment\",\"target\":[\"https:\/\/www.imakeyousmile.se\/festmakeup-i-uppsala\/#respond\"]}]},{\"@type\":\"Person\",\"@id\":\"https:\/\/www.imakeyousmile.se\/es\/#\/schema\/person\/b0fd43b1c6bb1c60cfd68bff9b4a10fb\",\"name\":\"Helena Amiley\",\"image\":{\"@type\":\"ImageObject\",\"@id\":\"https:\/\/www.imakeyousmile.se\/es\/#personlogo\",\"inLanguage\":\"es\",\"url\":\"https:\/\/secure.gravatar.com\/avatar\/5645558e1e355457a23368d7e1b4c904?s=96&d=mm&r=g\",\"caption\":\"Helena Amiley\"},\"description\":\"Jag skriver mest om sk\\u00f6nhet men bjuder \\u00e4ven p\\u00e5 glimtar fr\\u00e5n entrepren\\u00f6rlivet och bygget av v\\u00e5r egen camper van. Vanlife here we come!\",\"sameAs\":[\"https:\/\/www.facebook.com\/imakeyousmile.se\",\"https:\/\/www.instagram.com\/helenaamiley\",\"https:\/\/www.youtube.com\/channel\/UCR5iB6rvpV6Yr8ZjpQfr5mg?view_as=subscriber\"]}]}<\/script>\n<!-- \/ Yoast SEO Premium plugin. -->","_links":{"self":[{"href":"https:\/\/www.imakeyousmile.se\/es\/wp-json\/wp\/v2\/posts\/28491"}],"collection":[{"href":"https:\/\/www.imakeyousmile.se\/es\/wp-json\/wp\/v2\/posts"}],"about":[{"href":"https:\/\/www.imakeyousmile.se\/es\/wp-json\/wp\/v2\/types\/post"}],"author":[{"embeddable":true,"href":"https:\/\/www.imakeyousmile.se\/es\/wp-json\/wp\/v2\/users\/30"}],"replies":[{"embeddable":true,"href":"https:\/\/www.imakeyousmile.se\/es\/wp-json\/wp\/v2\/comments?post=28491"}],"version-history":[{"count":1,"href":"https:\/\/www.imakeyousmile.se\/es\/wp-json\/wp\/v2\/posts\/28491\/revisions"}],"predecessor-version":[{"id":28494,"href":"https:\/\/www.imakeyousmile.se\/es\/wp-json\/wp\/v2\/posts\/28491\/revisions\/28494"}],"wp:featuredmedia":[{"embeddable":true,"href":"https:\/\/www.imakeyousmile.se\/es\/wp-json\/wp\/v2\/media\/28493"}],"wp:attachment":[{"href":"https:\/\/www.imakeyousmile.se\/es\/wp-json\/wp\/v2\/media?parent=28491"}],"wp:term":[{"taxonomy":"category","embeddable":true,"href":"https:\/\/www.imakeyousmile.se\/es\/wp-json\/wp\/v2\/categories?post=28491"},{"taxonomy":"post_tag","embeddable":true,"href":"https:\/\/www.imakeyousmile.se\/es\/wp-json\/wp\/v2\/tags?post=28491"}],"curies":[{"name":"wp","href":"https:\/\/api.w.org\/{rel}","templated":true}]}}