{"id":29075,"date":"2017-05-29T11:33:58","date_gmt":"2017-05-29T09:33:58","guid":{"rendered":"http:\/\/www.imakeyousmile.se\/?p=29075"},"modified":"2020-10-27T16:13:03","modified_gmt":"2020-10-27T15:13:03","slug":"overraskningsresa-vamos-a-la-playa-pa-formentera","status":"publish","type":"post","link":"https:\/\/www.imakeyousmile.se\/es\/viaje-sorpresa-vamos-a-la-playa-pa-formentera\/","title":{"rendered":"Viaje sorpresa - \u00a1Vamos a la playa en Formentera!"},"content":{"rendered":"<p>No tienes idea de lo maravillosa que soy ahora, porque Miska y yo estamos en <a href=\"https:\/\/www.imakeyousmile.se\/es\/semester-sminkningen\/\">vacaciones<\/a> en Formentera woop woop! Hicimos un viaje sorpresa :) \u2665<\/p>\n<p><img loading=\"lazy\" decoding=\"async\" class=\"alignnone wp-image-29081 size-large\" src=\"https:\/\/www.imakeyousmile.se\/wp-content\/uploads\/2017\/05\/IMG_3596.JPG_111-768x1024.jpg\" alt=\"viaje sorpresa buen hotel formentera\" width=\"696\" height=\"928\" srcset=\"https:\/\/www.imakeyousmile.se\/wp-content\/uploads\/2017\/05\/IMG_3596.JPG_111-768x1024.jpg 768w, https:\/\/www.imakeyousmile.se\/wp-content\/uploads\/2017\/05\/IMG_3596.JPG_111-225x300.jpg 225w, https:\/\/www.imakeyousmile.se\/wp-content\/uploads\/2017\/05\/IMG_3596.JPG_111-696x928.jpg 696w, https:\/\/www.imakeyousmile.se\/wp-content\/uploads\/2017\/05\/IMG_3596.JPG_111-1068x1424.jpg 1068w, https:\/\/www.imakeyousmile.se\/wp-content\/uploads\/2017\/05\/IMG_3596.JPG_111-315x420.jpg 315w, https:\/\/www.imakeyousmile.se\/wp-content\/uploads\/2017\/05\/IMG_3596.JPG_111.jpg 1920w\" sizes=\"(max-width: 696px) 100vw, 696px\" \/><\/p>\n<p>Pulga de h\u00edgado :)<\/p>\n<p>Formentera es una isla tranquila frente a Ibiza con las mejores aguas turquesas y playas de arena del mundo, \u00a1maravilloso! Mi hermana Malin est\u00e1 aqu\u00ed con su novio Glenn y su hijo Mille con casi 2 a\u00f1os, y Miska y yo decidimos hacer un viaje de \u00faltima hora aqu\u00ed y sorprenderlos la semana pasada, \u00a1un viaje sorpresa! Estaban tan sorprendidos y felices cuando llamamos a su habitaci\u00f3n de hotel jaja, \u00a1realmente muy divertido!<\/p>\n<p><img loading=\"lazy\" decoding=\"async\" class=\"alignnone wp-image-29080 size-large\" src=\"https:\/\/www.imakeyousmile.se\/wp-content\/uploads\/2017\/05\/IMG_3434.JPG_111-768x1024.jpg\" alt=\"vamos a la playa formentera\" width=\"696\" height=\"928\" srcset=\"https:\/\/www.imakeyousmile.se\/wp-content\/uploads\/2017\/05\/IMG_3434.JPG_111-768x1024.jpg 768w, https:\/\/www.imakeyousmile.se\/wp-content\/uploads\/2017\/05\/IMG_3434.JPG_111-225x300.jpg 225w, https:\/\/www.imakeyousmile.se\/wp-content\/uploads\/2017\/05\/IMG_3434.JPG_111-696x928.jpg 696w, https:\/\/www.imakeyousmile.se\/wp-content\/uploads\/2017\/05\/IMG_3434.JPG_111-1068x1424.jpg 1068w, https:\/\/www.imakeyousmile.se\/wp-content\/uploads\/2017\/05\/IMG_3434.JPG_111-315x420.jpg 315w, https:\/\/www.imakeyousmile.se\/wp-content\/uploads\/2017\/05\/IMG_3434.JPG_111.jpg 1920w\" sizes=\"(max-width: 696px) 100vw, 696px\" \/><\/p>\n<p>Miska y Mille \u2665<\/p>\n<p>Fue mucho estr\u00e9s en el trabajo poder estar libre esta semana, pero vale la pena y ahora estoy completamente relajado y desconectado de todo lo que en casa no es urgente.<\/p>\n<p>Luego hay algunos problemas agudos que tambi\u00e9n deben ser resueltos ... escriba que mi blog se cay\u00f3 ayer por la ma\u00f1ana (si alguno de ustedes no entr\u00f3 aqu\u00ed, entonces por eso) pero sin estr\u00e9s es nuestro lema aqu\u00ed, as\u00ed que nemas problemas :)<\/p>\n<p><img loading=\"lazy\" decoding=\"async\" class=\"alignnone wp-image-29082 size-large\" src=\"https:\/\/www.imakeyousmile.se\/wp-content\/uploads\/2017\/05\/IMG_3738.JPG_111-832x1024.jpg\" alt=\"mojito formentera chiringuito\" width=\"696\" height=\"857\" srcset=\"https:\/\/www.imakeyousmile.se\/wp-content\/uploads\/2017\/05\/IMG_3738.JPG_111-832x1024.jpg 832w, https:\/\/www.imakeyousmile.se\/wp-content\/uploads\/2017\/05\/IMG_3738.JPG_111-244x300.jpg 244w, https:\/\/www.imakeyousmile.se\/wp-content\/uploads\/2017\/05\/IMG_3738.JPG_111-768x945.jpg 768w, https:\/\/www.imakeyousmile.se\/wp-content\/uploads\/2017\/05\/IMG_3738.JPG_111-324x400.jpg 324w, https:\/\/www.imakeyousmile.se\/wp-content\/uploads\/2017\/05\/IMG_3738.JPG_111-696x856.jpg 696w, https:\/\/www.imakeyousmile.se\/wp-content\/uploads\/2017\/05\/IMG_3738.JPG_111-1068x1314.jpg 1068w, https:\/\/www.imakeyousmile.se\/wp-content\/uploads\/2017\/05\/IMG_3738.JPG_111-341x420.jpg 341w\" sizes=\"(max-width: 696px) 100vw, 696px\" \/><\/p>\n<p>Ataque de risa es lo que ves en la imagen de arriba jaja. Las vacaciones y los ejercicios abdominales a la vez podr\u00e1n resumir este viaje bastante bien, creo :)<\/p>\n<p>Tuvimos mucha suerte en el camino aqu\u00ed tambi\u00e9n, despu\u00e9s de solo dormir 3 horas nos levantamos a las 01.45 y nos dirigimos hacia Arlanda. 03.30 estuvimos all\u00ed y luego se convirti\u00f3 en nuestro vuelo <strong>retrasado<\/strong>, <strong>retrasado ..<\/strong> y <strong>retrasado\u2026<\/strong> y no fue hasta las 21.00 de la noche que finalmente despegamos, s\u00ed me entiendes, \u00a1como 17 horas en un aeropuerto! Tuve tiempo para desayunar, almorzar y cenar, dormir, aprender espa\u00f1ol, emborracharme y volver a estar sobrio jaja y jugar varios juegos con Miska antes de que finalmente nos fu\u00e9ramos. Y cuando llegamos a Ibiza tan tarde por la noche, el barco no fue a la isla, as\u00ed que tuvimos que dormir en otro hotel antes de llegar finalmente a Formentera un d\u00eda completo tarde.<\/p>\n<p>Pero en realidad no fui ir\u00f3nico cuando escrib\u00ed que tuvimos suerte con todo esto, porque como compensaci\u00f3n nos pasaron a una habitaci\u00f3n mucho m\u00e1s bonita y m\u00e1s grande en el hotel, y de acuerdo con una ley de la UE (a\u00fan no completamente cargada) obtienes un Importe fijo como compensaci\u00f3n cuando se ha retrasado tanto, el importe es el mismo sin importar d\u00f3nde cueste el viaje, y como conseguimos este viaje (que es realmente caro) a \u00faltima hora, el viaje era casi gratis si todo va como deber\u00eda con la compensaci\u00f3n. Jajaja Definitivamente vale la pena perderse un d\u00eda para eso, todav\u00eda estamos aqu\u00ed 6 d\u00edas completos :)<\/p>\n<p><img loading=\"lazy\" decoding=\"async\" class=\"alignnone wp-image-29078 size-large\" src=\"https:\/\/www.imakeyousmile.se\/wp-content\/uploads\/2017\/05\/IMG_2118_111-676x1024.jpg\" alt=\"viaje sorpresa vuelo retrasado\" width=\"676\" height=\"1024\" srcset=\"https:\/\/www.imakeyousmile.se\/wp-content\/uploads\/2017\/05\/IMG_2118_111-676x1024.jpg 676w, https:\/\/www.imakeyousmile.se\/wp-content\/uploads\/2017\/05\/IMG_2118_111-198x300.jpg 198w, https:\/\/www.imakeyousmile.se\/wp-content\/uploads\/2017\/05\/IMG_2118_111-768x1163.jpg 768w, https:\/\/www.imakeyousmile.se\/wp-content\/uploads\/2017\/05\/IMG_2118_111-696x1054.jpg 696w, https:\/\/www.imakeyousmile.se\/wp-content\/uploads\/2017\/05\/IMG_2118_111-1068x1617.jpg 1068w, https:\/\/www.imakeyousmile.se\/wp-content\/uploads\/2017\/05\/IMG_2118_111-277x420.jpg 277w, https:\/\/www.imakeyousmile.se\/wp-content\/uploads\/2017\/05\/IMG_2118_111.jpg 1242w\" sizes=\"(max-width: 676px) 100vw, 676px\" \/><\/p>\n<p>\u00a1Feliz pareja que finalmente se subi\u00f3 al avi\u00f3n!<\/p>\n<p>Luego tengo que elogiarme un poco a m\u00ed ya Miska, quienes a pesar de los retrasos, etc. mantuvieron el \u00e1nimo todo el tiempo en Arlanda y simplemente se rieron y se divirtieron :) No hay nada que puedas hacer al respecto de todos modos. B\u00e1sicamente, todos los dem\u00e1s estaban tan enojados. Y, por supuesto, es mil veces m\u00e1s dif\u00edcil para los que tienen hijos (podr\u00edan conseguir habitaciones de hotel durante tanto tiempo), pero nada mejora realmente con enojarse y no hay raz\u00f3n para rega\u00f1ar a los que trabajan en Arlanda. Te quedaste ah\u00ed y pensaste &quot;no dispares al mensajero&quot; y sentiste pena por el personal que tuvo que tomar todo el golpe jaja.<\/p>\n<p><img loading=\"lazy\" decoding=\"async\" class=\"alignnone wp-image-29077 size-large\" src=\"https:\/\/www.imakeyousmile.se\/wp-content\/uploads\/2017\/05\/FullSizeRender.jpg-1_111-837x1024.jpg\" alt=\"playa de formentera\" width=\"696\" height=\"851\" srcset=\"https:\/\/www.imakeyousmile.se\/wp-content\/uploads\/2017\/05\/FullSizeRender.jpg-1_111-837x1024.jpg 837w, https:\/\/www.imakeyousmile.se\/wp-content\/uploads\/2017\/05\/FullSizeRender.jpg-1_111-245x300.jpg 245w, https:\/\/www.imakeyousmile.se\/wp-content\/uploads\/2017\/05\/FullSizeRender.jpg-1_111-768x940.jpg 768w, https:\/\/www.imakeyousmile.se\/wp-content\/uploads\/2017\/05\/FullSizeRender.jpg-1_111-696x851.jpg 696w, https:\/\/www.imakeyousmile.se\/wp-content\/uploads\/2017\/05\/FullSizeRender.jpg-1_111-1068x1307.jpg 1068w, https:\/\/www.imakeyousmile.se\/wp-content\/uploads\/2017\/05\/FullSizeRender.jpg-1_111-343x420.jpg 343w\" sizes=\"(max-width: 696px) 100vw, 696px\" \/><\/p>\n<p>Pero ahora finalmente estamos aqu\u00ed, ba\u00f1\u00e1ndonos en el mar, riendo hasta que los m\u00fasculos abdominales duelen y simplemente relajarnos y disfrutar. \u00a1Fue un exitoso viaje sorpresa!<\/p>\n<p><img loading=\"lazy\" decoding=\"async\" class=\"alignnone wp-image-29079 size-large\" src=\"https:\/\/www.imakeyousmile.se\/wp-content\/uploads\/2017\/05\/IMG_3390.JPG_111-912x1024.jpg\" alt=\"viaje sorpresa playa formentera\" width=\"696\" height=\"781\" srcset=\"https:\/\/www.imakeyousmile.se\/wp-content\/uploads\/2017\/05\/IMG_3390.JPG_111-912x1024.jpg 912w, https:\/\/www.imakeyousmile.se\/wp-content\/uploads\/2017\/05\/IMG_3390.JPG_111-267x300.jpg 267w, https:\/\/www.imakeyousmile.se\/wp-content\/uploads\/2017\/05\/IMG_3390.JPG_111-768x862.jpg 768w, https:\/\/www.imakeyousmile.se\/wp-content\/uploads\/2017\/05\/IMG_3390.JPG_111-696x781.jpg 696w, https:\/\/www.imakeyousmile.se\/wp-content\/uploads\/2017\/05\/IMG_3390.JPG_111-1068x1199.jpg 1068w, https:\/\/www.imakeyousmile.se\/wp-content\/uploads\/2017\/05\/IMG_3390.JPG_111-374x420.jpg 374w\" sizes=\"(max-width: 696px) 100vw, 696px\" \/><\/p>\n<p>Soy el \u00fanico que se preocupa por el protector solar, y soy el \u00fanico que ya me ha quemado #inter fair. \u00a1El sol es tan fuerte y yo estoy tan p\u00e1lido y sensible en invierno!<\/p>\n<p><img loading=\"lazy\" decoding=\"async\" class=\"alignnone wp-image-29083 size-large\" src=\"https:\/\/www.imakeyousmile.se\/wp-content\/uploads\/2017\/05\/IMG_3750.JPG_111-857x1024.jpg\" alt=\"Viajes sorpresa formentera mojito\" width=\"696\" height=\"832\" srcset=\"https:\/\/www.imakeyousmile.se\/wp-content\/uploads\/2017\/05\/IMG_3750.JPG_111-857x1024.jpg 857w, https:\/\/www.imakeyousmile.se\/wp-content\/uploads\/2017\/05\/IMG_3750.JPG_111-251x300.jpg 251w, https:\/\/www.imakeyousmile.se\/wp-content\/uploads\/2017\/05\/IMG_3750.JPG_111-768x918.jpg 768w, https:\/\/www.imakeyousmile.se\/wp-content\/uploads\/2017\/05\/IMG_3750.JPG_111-696x832.jpg 696w, https:\/\/www.imakeyousmile.se\/wp-content\/uploads\/2017\/05\/IMG_3750.JPG_111-1068x1276.jpg 1068w, https:\/\/www.imakeyousmile.se\/wp-content\/uploads\/2017\/05\/IMG_3750.JPG_111-351x420.jpg 351w, https:\/\/www.imakeyousmile.se\/wp-content\/uploads\/2017\/05\/IMG_3750.JPG_111.jpg 1998w\" sizes=\"(max-width: 696px) 100vw, 696px\" \/><\/p>\n<p>Probablemente publique muchas im\u00e1genes y clips de pel\u00edculas en Insta Story. \u00a1Para que puedas ver m\u00e1s de nuestro viaje! :) <a href=\"https:\/\/www.instagram.com\/helenaamiley\"><em><strong>@helenaamiley<\/strong><\/em><\/a><\/p>\n<p>\u00a1Este definitivamente no es nuestro \u00faltimo viaje sorpresa! : D<\/p>\n<p>\u00a1Los abrazos son! \u2665<\/p>","protected":false},"excerpt":{"rendered":"<p>Ni anar inte hur h\u00e4rligt jag har det just nu,\u00a0jag och Miska \u00e4r n\u00e4mligen p\u00e5 semester p\u00e5 Formentera woop woop! Vi k\u00f6rde en \u00f6verraskningsresa :)\u00a0\u2665 Lever loppan :) Formentera \u00e4r en lugn \u00f6 utanf\u00f6r Ibiza med v\u00e4rldens finaste turkosa vatten och sandstr\u00e4nder, s\u00e5 underbart! Min syster Malin \u00e4r h\u00e4r med sin kille Glenn och deras [&hellip;]<\/p>\n","protected":false},"author":30,"featured_media":29080,"comment_status":"open","ping_status":"closed","sticky":false,"template":"","format":"standard","meta":{"footnotes":""},"categories":[3,7001],"tags":[5727,5728,5729,5731,5730],"class_list":["post-29075","post","type-post","status-publish","format-standard","has-post-thumbnail","hentry","category-allmant","category-resor","tag-formentera","tag-formentera-ibiza","tag-resa-formentera","tag-semester","tag-wifi-formentera"],"yoast_head":"<!-- This site is optimized with the Yoast SEO Premium plugin v14.9 - https:\/\/yoast.com\/wordpress\/plugins\/seo\/ -->\n<meta name=\"description\" content=\"Ni anar inte hur h\u00e4rligt jag har det just nu,\u00a0jag och Miska \u00e4r n\u00e4mligen p\u00e5 semester p\u00e5 Formentera woop woop! Vi k\u00f6rde en \u00f6verraskningsresa!\" \/>\n<meta name=\"robots\" content=\"index, follow, max-snippet:-1, max-image-preview:large, max-video-preview:-1\" \/>\n<link rel=\"canonical\" href=\"https:\/\/www.imakeyousmile.se\/es\/overraskningsresa-vamos-a-la-playa-pa-formentera\/\" \/>\n<meta property=\"og:locale\" content=\"es_ES\" \/>\n<meta property=\"og:type\" content=\"article\" \/>\n<meta property=\"og:title\" content=\"\u00d6verraskningsresa - Vamos a la playa p\u00e5 Formentera! | Imakeyousmile.se\" \/>\n<meta property=\"og:description\" content=\"Ni anar inte hur h\u00e4rligt jag har det just nu,\u00a0jag och Miska \u00e4r n\u00e4mligen p\u00e5 semester p\u00e5 Formentera woop woop! Vi k\u00f6rde en \u00f6verraskningsresa!\" \/>\n<meta property=\"og:url\" content=\"https:\/\/www.imakeyousmile.se\/es\/overraskningsresa-vamos-a-la-playa-pa-formentera\/\" \/>\n<meta property=\"og:site_name\" content=\"Imakeyousmile.se\" \/>\n<meta property=\"article:author\" content=\"https:\/\/www.facebook.com\/imakeyousmile.se\" \/>\n<meta property=\"article:published_time\" content=\"2017-05-29T09:33:58+00:00\" \/>\n<meta property=\"article:modified_time\" content=\"2020-10-27T15:13:03+00:00\" \/>\n<meta property=\"og:image\" content=\"https:\/\/www.imakeyousmile.se\/wp-content\/uploads\/2017\/05\/IMG_3434.JPG_111.jpg\" \/>\n\t<meta property=\"og:image:width\" content=\"1920\" \/>\n\t<meta property=\"og:image:height\" content=\"2560\" \/>\n<meta name=\"twitter:card\" content=\"summary_large_image\" \/>\n<script type=\"application\/ld+json\" class=\"yoast-schema-graph\">{\"@context\":\"https:\/\/schema.org\",\"@graph\":[{\"@type\":\"Organization\",\"@id\":\"https:\/\/www.imakeyousmile.se\/es\/#organization\",\"name\":\"Imakeyousmile\",\"url\":\"https:\/\/www.imakeyousmile.se\/es\/\",\"sameAs\":[],\"logo\":{\"@type\":\"ImageObject\",\"@id\":\"https:\/\/www.imakeyousmile.se\/es\/#logo\",\"inLanguage\":\"es\",\"url\":\"https:\/\/www.imakeyousmile.se\/wp-content\/uploads\/2020\/10\/HELENA-AMILEY_SVART-1-e1603367975324.png\",\"width\":280,\"height\":93,\"caption\":\"Imakeyousmile\"},\"image\":{\"@id\":\"https:\/\/www.imakeyousmile.se\/es\/#logo\"}},{\"@type\":\"WebSite\",\"@id\":\"https:\/\/www.imakeyousmile.se\/es\/#website\",\"url\":\"https:\/\/www.imakeyousmile.se\/es\/\",\"name\":\"Imakeyousmile.se\",\"description\":\"Helena Amiley - Beauty, Entrepreneur, Lifestyle\",\"publisher\":{\"@id\":\"https:\/\/www.imakeyousmile.se\/es\/#organization\"},\"potentialAction\":[{\"@type\":\"SearchAction\",\"target\":\"https:\/\/www.imakeyousmile.se\/es\/?s={search_term_string}\",\"query-input\":\"required name=search_term_string\"}],\"inLanguage\":\"es\"},{\"@type\":\"ImageObject\",\"@id\":\"https:\/\/www.imakeyousmile.se\/overraskningsresa-vamos-a-la-playa-pa-formentera\/#primaryimage\",\"inLanguage\":\"es\",\"url\":\"https:\/\/www.imakeyousmile.se\/wp-content\/uploads\/2017\/05\/IMG_3434.JPG_111.jpg\",\"width\":1920,\"height\":2560},{\"@type\":\"WebPage\",\"@id\":\"https:\/\/www.imakeyousmile.se\/overraskningsresa-vamos-a-la-playa-pa-formentera\/#webpage\",\"url\":\"https:\/\/www.imakeyousmile.se\/overraskningsresa-vamos-a-la-playa-pa-formentera\/\",\"name\":\"\\u00d6verraskningsresa - Vamos a la playa p\\u00e5 Formentera! | Imakeyousmile.se\",\"isPartOf\":{\"@id\":\"https:\/\/www.imakeyousmile.se\/es\/#website\"},\"primaryImageOfPage\":{\"@id\":\"https:\/\/www.imakeyousmile.se\/overraskningsresa-vamos-a-la-playa-pa-formentera\/#primaryimage\"},\"datePublished\":\"2017-05-29T09:33:58+00:00\",\"dateModified\":\"2020-10-27T15:13:03+00:00\",\"description\":\"Ni anar inte hur h\\u00e4rligt jag har det just nu,\\u00a0jag och Miska \\u00e4r n\\u00e4mligen p\\u00e5 semester p\\u00e5 Formentera woop woop! Vi k\\u00f6rde en \\u00f6verraskningsresa!\",\"inLanguage\":\"es\",\"potentialAction\":[{\"@type\":\"ReadAction\",\"target\":[\"https:\/\/www.imakeyousmile.se\/overraskningsresa-vamos-a-la-playa-pa-formentera\/\"]}]},{\"@type\":\"Article\",\"@id\":\"https:\/\/www.imakeyousmile.se\/overraskningsresa-vamos-a-la-playa-pa-formentera\/#article\",\"isPartOf\":{\"@id\":\"https:\/\/www.imakeyousmile.se\/overraskningsresa-vamos-a-la-playa-pa-formentera\/#webpage\"},\"author\":{\"@id\":\"https:\/\/www.imakeyousmile.se\/es\/#\/schema\/person\/b0fd43b1c6bb1c60cfd68bff9b4a10fb\"},\"headline\":\"\\u00d6verraskningsresa &#8211; Vamos a la playa p\\u00e5 Formentera!\",\"datePublished\":\"2017-05-29T09:33:58+00:00\",\"dateModified\":\"2020-10-27T15:13:03+00:00\",\"mainEntityOfPage\":{\"@id\":\"https:\/\/www.imakeyousmile.se\/overraskningsresa-vamos-a-la-playa-pa-formentera\/#webpage\"},\"commentCount\":2,\"publisher\":{\"@id\":\"https:\/\/www.imakeyousmile.se\/es\/#organization\"},\"image\":{\"@id\":\"https:\/\/www.imakeyousmile.se\/overraskningsresa-vamos-a-la-playa-pa-formentera\/#primaryimage\"},\"keywords\":\"formentera,formentera ibiza,resa formentera,semester,wifi formentera\",\"articleSection\":\"\\u00d6vrigt,Resor\",\"inLanguage\":\"es\",\"potentialAction\":[{\"@type\":\"CommentAction\",\"name\":\"Comment\",\"target\":[\"https:\/\/www.imakeyousmile.se\/overraskningsresa-vamos-a-la-playa-pa-formentera\/#respond\"]}]},{\"@type\":\"Person\",\"@id\":\"https:\/\/www.imakeyousmile.se\/es\/#\/schema\/person\/b0fd43b1c6bb1c60cfd68bff9b4a10fb\",\"name\":\"Helena Amiley\",\"image\":{\"@type\":\"ImageObject\",\"@id\":\"https:\/\/www.imakeyousmile.se\/es\/#personlogo\",\"inLanguage\":\"es\",\"url\":\"https:\/\/secure.gravatar.com\/avatar\/5645558e1e355457a23368d7e1b4c904?s=96&d=mm&r=g\",\"caption\":\"Helena Amiley\"},\"description\":\"Jag skriver mest om sk\\u00f6nhet men bjuder \\u00e4ven p\\u00e5 glimtar fr\\u00e5n entrepren\\u00f6rlivet och bygget av v\\u00e5r egen camper van. Vanlife here we come!\",\"sameAs\":[\"https:\/\/www.facebook.com\/imakeyousmile.se\",\"https:\/\/www.instagram.com\/helenaamiley\",\"https:\/\/www.youtube.com\/channel\/UCR5iB6rvpV6Yr8ZjpQfr5mg?view_as=subscriber\"]}]}<\/script>\n<!-- \/ Yoast SEO Premium plugin. -->","_links":{"self":[{"href":"https:\/\/www.imakeyousmile.se\/es\/wp-json\/wp\/v2\/posts\/29075"}],"collection":[{"href":"https:\/\/www.imakeyousmile.se\/es\/wp-json\/wp\/v2\/posts"}],"about":[{"href":"https:\/\/www.imakeyousmile.se\/es\/wp-json\/wp\/v2\/types\/post"}],"author":[{"embeddable":true,"href":"https:\/\/www.imakeyousmile.se\/es\/wp-json\/wp\/v2\/users\/30"}],"replies":[{"embeddable":true,"href":"https:\/\/www.imakeyousmile.se\/es\/wp-json\/wp\/v2\/comments?post=29075"}],"version-history":[{"count":4,"href":"https:\/\/www.imakeyousmile.se\/es\/wp-json\/wp\/v2\/posts\/29075\/revisions"}],"predecessor-version":[{"id":37897,"href":"https:\/\/www.imakeyousmile.se\/es\/wp-json\/wp\/v2\/posts\/29075\/revisions\/37897"}],"wp:featuredmedia":[{"embeddable":true,"href":"https:\/\/www.imakeyousmile.se\/es\/wp-json\/wp\/v2\/media\/29080"}],"wp:attachment":[{"href":"https:\/\/www.imakeyousmile.se\/es\/wp-json\/wp\/v2\/media?parent=29075"}],"wp:term":[{"taxonomy":"category","embeddable":true,"href":"https:\/\/www.imakeyousmile.se\/es\/wp-json\/wp\/v2\/categories?post=29075"},{"taxonomy":"post_tag","embeddable":true,"href":"https:\/\/www.imakeyousmile.se\/es\/wp-json\/wp\/v2\/tags?post=29075"}],"curies":[{"name":"wp","href":"https:\/\/api.w.org\/{rel}","templated":true}]}}