{"id":29551,"date":"2017-08-09T11:28:40","date_gmt":"2017-08-09T09:28:40","guid":{"rendered":"http:\/\/www.imakeyousmile.se\/?p=29551"},"modified":"2020-10-22T12:23:18","modified_gmt":"2020-10-22T10:23:18","slug":"inspirerande-samtal-med-caroline-hirons-och-petra-grundaren-av-pixi","status":"publish","type":"post","link":"https:\/\/www.imakeyousmile.se\/es\/conversacion-inspiradora-con-caroline-hirons-y-petra-fundadora-de-pixi\/","title":{"rendered":"Conversaci\u00f3n inspiradora con Caroline Hirons y Petra, la fundadora de Pixi"},"content":{"rendered":"<p>\u00a1Ayer tuve un d\u00eda de lujo cuando me invitaron a un almuerzo de prensa con Pixi en Berns en Estocolmo! Un evento de prensa realmente agradable que tuvieron junto con <a href=\"http:\/\/www.carolinehirons.com\">Caroline Hirons<\/a> quien ha estado involucrado en el desarrollo de la limpieza Pixi Double Cleanse, que ahora es uno de los productos m\u00e1s vendidos de Pixi.<\/p>\n<p>Hablamos con Caroline en la mesa y nos dijo que fue gracias a ella que Pixi Glow Tonic comenz\u00f3 a promocionarse tanto. Soy parte del grupo de belleza Beauty and Bullshit en Facebook y en uno de los hilos la gente public\u00f3 fotos de sus gabinetes de ba\u00f1o (\u00a1as\u00ed que el sue\u00f1o de revisar!) Y me re\u00ed tanto que en casi todos los dem\u00e1s gabinetes de ba\u00f1o hab\u00eda un Pixi Glow Tonic :) \u00a1Producto tan popular!<\/p>\n<p>Y en la bolsa de regalos tengo un Glow Tonic personal con mi nombre, qu\u00e9 dulce \u2665<\/p>\n<p><img loading=\"lazy\" decoding=\"async\" class=\"alignnone size-large wp-image-29552\" src=\"http:\/\/www.imakeyousmile.se\/wp-content\/uploads\/2017\/08\/IMG_8705-1024x748.jpg\" alt=\"\" width=\"640\" height=\"468\" srcset=\"https:\/\/www.imakeyousmile.se\/wp-content\/uploads\/2017\/08\/IMG_8705-1024x748.jpg 1024w, https:\/\/www.imakeyousmile.se\/wp-content\/uploads\/2017\/08\/IMG_8705-300x219.jpg 300w, https:\/\/www.imakeyousmile.se\/wp-content\/uploads\/2017\/08\/IMG_8705-768x561.jpg 768w, https:\/\/www.imakeyousmile.se\/wp-content\/uploads\/2017\/08\/IMG_8705-80x60.jpg 80w, https:\/\/www.imakeyousmile.se\/wp-content\/uploads\/2017\/08\/IMG_8705-696x508.jpg 696w, https:\/\/www.imakeyousmile.se\/wp-content\/uploads\/2017\/08\/IMG_8705-1068x780.jpg 1068w, https:\/\/www.imakeyousmile.se\/wp-content\/uploads\/2017\/08\/IMG_8705-575x420.jpg 575w\" sizes=\"(max-width: 640px) 100vw, 640px\" \/><\/p>\n<p>Glow Tonic est\u00e1 disponible en<a href=\"https:\/\/ion.lyko.com\/t\/t?a=1117786221&#038;as=1548102449&#038;t=2&#038;tk=1&#038;epi=search-replace-glowtonic&#038;url=https:\/\/lyko.com\/sv\/pixi\/pixi-glow-tonic\"> Creativemakeup.se<\/a> y cuesta SEK 299, no lo hemos tenido en el rango durante tanto tiempo (debido a un pedido m\u00ednimo alt\u00edsimo para este) pero ya hemos recibido una revisi\u00f3n de 5 estrellas de un cliente muy satisfecho que puede leer <a href=\"https:\/\/ion.lyko.com\/t\/t?a=1117786221&#038;as=1548102449&#038;t=2&#038;tk=1&#038;epi=search-replace-glowtonic&#038;url=https:\/\/lyko.com\/sv\/pixi\/pixi-glow-tonic\">aqu\u00ed<\/a>!<\/p>\n<p>Tambi\u00e9n me sent\u00e9 y habl\u00e9 con Petra, la fundadora de Pixi (\u00a1una persona tan maravillosa e inspiradora!) Y r\u00e1pidamente dijo &quot;<em>pero \u00bferes t\u00fa la chica Uppsala que vende tantos productos Pixi?<\/em>\u201d. As\u00ed que viiilken egoboost, esta mujer ha lanzado Pixi en m\u00e1s de 2000 tiendas solo en los Estados Unidos y est\u00e1 disponible en Kicks, Eleven, Sephora, Target lo que sea, y se refiere a m\u00ed como &quot;la que vende tanto&quot;. \u00a1Loca! :)<\/p>\n<p>Este oto\u00f1o llegar\u00e1 la noticia a Suecia y entre otras cosas un corrector l\u00edquido que me gust\u00f3 inmediatamente cuando lo prob\u00e9 en la mano, y luego esta ma\u00f1ana cuando lo apliqu\u00e9 en la cara as\u00ed que \u00a1GUAU solo digo! Siempre pongo los productos a prueba correctamente antes de decidirme, pero con la seguridad 99.9%, este ser\u00e1 uno de nuestros productos m\u00e1s vendidos tan pronto como lo tengamos en el rango. Soy muy exigente con los correctores, \u00a1pero este es tan bueno!<\/p>\n<p>Devolver\u00e1 m\u00e1s informaci\u00f3n sobre noticias y rese\u00f1as m\u00e1s adelante.<\/p>\n<p>\u00a1Los abrazos son! \u2665<\/p>\n<p><img loading=\"lazy\" decoding=\"async\" class=\"alignnone size-large wp-image-28529\" src=\"http:\/\/www.imakeyousmile.se\/wp-content\/uploads\/2017\/03\/Sidfot-Namnloggo-1024x115.png\" alt=\"\" width=\"640\" height=\"72\" \/><\/p>","protected":false},"excerpt":{"rendered":"<p>Ig\u00e5r hade jag en riktig lyxdag d\u00e5 jag var bjuden p\u00e5 presslunch med Pixi p\u00e5 Berns i Stockholm!\u00a0Ett riktigt trevligt pressevent de hade tillsammans med Caroline Hirons som har varit med och tagit fram reng\u00f6ringen Pixi Double Cleanse som nu \u00e4r en av Pixis topps\u00e4ljande produkter. Vi pratade med Caroline vid middagsbordet och hon ber\u00e4ttade [&hellip;]<\/p>\n","protected":false},"author":30,"featured_media":29552,"comment_status":"open","ping_status":"closed","sticky":false,"template":"","format":"standard","meta":{"footnotes":""},"categories":[4070,2863,3],"tags":[1985,3687,5554,5557,5838],"class_list":["post-29551","post","type-post","status-publish","format-standard","has-post-thumbnail","hentry","category-entreprenorskap","category-event","category-allmant","tag-creative-makeup","tag-pixi","tag-pixi-glow-tonic","tag-pixi-uppsala","tag-pressevent-pixi"],"yoast_head":"<!-- This site is optimized with the Yoast SEO Premium plugin v14.9 - https:\/\/yoast.com\/wordpress\/plugins\/seo\/ -->\n<meta name=\"description\" content=\"Inspirerande samtal med Caroline Hirons och Petra - grundaren av Pixi | Helena Amiley - H\u00e4r hittar du senaste infromation om sk\u00f6nhet, livsstil, entrepren\u00f6rskap, makeup &amp; tips.\" \/>\n<meta name=\"robots\" content=\"index, follow, max-snippet:-1, max-image-preview:large, max-video-preview:-1\" \/>\n<link rel=\"canonical\" href=\"https:\/\/www.imakeyousmile.se\/es\/inspirerande-samtal-med-caroline-hirons-och-petra-grundaren-av-pixi\/\" \/>\n<meta property=\"og:locale\" content=\"es_ES\" \/>\n<meta property=\"og:type\" content=\"article\" \/>\n<meta property=\"og:title\" content=\"Inspirerande samtal med Caroline Hirons och Petra - grundaren av Pixi | Imakeyousmile.se\" \/>\n<meta property=\"og:description\" content=\"Inspirerande samtal med Caroline Hirons och Petra - grundaren av Pixi | Helena Amiley - H\u00e4r hittar du senaste infromation om sk\u00f6nhet, livsstil, entrepren\u00f6rskap, makeup &amp; tips.\" \/>\n<meta property=\"og:url\" content=\"https:\/\/www.imakeyousmile.se\/es\/inspirerande-samtal-med-caroline-hirons-och-petra-grundaren-av-pixi\/\" \/>\n<meta property=\"og:site_name\" content=\"Imakeyousmile.se\" \/>\n<meta property=\"article:author\" content=\"https:\/\/www.facebook.com\/imakeyousmile.se\" \/>\n<meta property=\"article:published_time\" content=\"2017-08-09T09:28:40+00:00\" \/>\n<meta property=\"article:modified_time\" content=\"2020-10-22T10:23:18+00:00\" \/>\n<meta property=\"og:image\" content=\"https:\/\/www.imakeyousmile.se\/wp-content\/uploads\/2017\/08\/IMG_8705.jpg\" \/>\n\t<meta property=\"og:image:width\" content=\"2560\" \/>\n\t<meta property=\"og:image:height\" content=\"1870\" \/>\n<meta name=\"twitter:card\" content=\"summary_large_image\" \/>\n<script type=\"application\/ld+json\" class=\"yoast-schema-graph\">{\"@context\":\"https:\/\/schema.org\",\"@graph\":[{\"@type\":\"Organization\",\"@id\":\"https:\/\/www.imakeyousmile.se\/es\/#organization\",\"name\":\"Imakeyousmile\",\"url\":\"https:\/\/www.imakeyousmile.se\/es\/\",\"sameAs\":[],\"logo\":{\"@type\":\"ImageObject\",\"@id\":\"https:\/\/www.imakeyousmile.se\/es\/#logo\",\"inLanguage\":\"es\",\"url\":\"https:\/\/www.imakeyousmile.se\/wp-content\/uploads\/2020\/10\/HELENA-AMILEY_SVART-1-e1603367975324.png\",\"width\":280,\"height\":93,\"caption\":\"Imakeyousmile\"},\"image\":{\"@id\":\"https:\/\/www.imakeyousmile.se\/es\/#logo\"}},{\"@type\":\"WebSite\",\"@id\":\"https:\/\/www.imakeyousmile.se\/es\/#website\",\"url\":\"https:\/\/www.imakeyousmile.se\/es\/\",\"name\":\"Imakeyousmile.se\",\"description\":\"Helena Amiley - Beauty, Entrepreneur, Lifestyle\",\"publisher\":{\"@id\":\"https:\/\/www.imakeyousmile.se\/es\/#organization\"},\"potentialAction\":[{\"@type\":\"SearchAction\",\"target\":\"https:\/\/www.imakeyousmile.se\/es\/?s={search_term_string}\",\"query-input\":\"required name=search_term_string\"}],\"inLanguage\":\"es\"},{\"@type\":\"ImageObject\",\"@id\":\"https:\/\/www.imakeyousmile.se\/inspirerande-samtal-med-caroline-hirons-och-petra-grundaren-av-pixi\/#primaryimage\",\"inLanguage\":\"es\",\"url\":\"https:\/\/www.imakeyousmile.se\/wp-content\/uploads\/2017\/08\/IMG_8705.jpg\",\"width\":2560,\"height\":1870},{\"@type\":\"WebPage\",\"@id\":\"https:\/\/www.imakeyousmile.se\/inspirerande-samtal-med-caroline-hirons-och-petra-grundaren-av-pixi\/#webpage\",\"url\":\"https:\/\/www.imakeyousmile.se\/inspirerande-samtal-med-caroline-hirons-och-petra-grundaren-av-pixi\/\",\"name\":\"Inspirerande samtal med Caroline Hirons och Petra - grundaren av Pixi | Imakeyousmile.se\",\"isPartOf\":{\"@id\":\"https:\/\/www.imakeyousmile.se\/es\/#website\"},\"primaryImageOfPage\":{\"@id\":\"https:\/\/www.imakeyousmile.se\/inspirerande-samtal-med-caroline-hirons-och-petra-grundaren-av-pixi\/#primaryimage\"},\"datePublished\":\"2017-08-09T09:28:40+00:00\",\"dateModified\":\"2020-10-22T10:23:18+00:00\",\"description\":\"Inspirerande samtal med Caroline Hirons och Petra - grundaren av Pixi | Helena Amiley - H\\u00e4r hittar du senaste infromation om sk\\u00f6nhet, livsstil, entrepren\\u00f6rskap, makeup & tips.\",\"inLanguage\":\"es\",\"potentialAction\":[{\"@type\":\"ReadAction\",\"target\":[\"https:\/\/www.imakeyousmile.se\/inspirerande-samtal-med-caroline-hirons-och-petra-grundaren-av-pixi\/\"]}]},{\"@type\":\"Article\",\"@id\":\"https:\/\/www.imakeyousmile.se\/inspirerande-samtal-med-caroline-hirons-och-petra-grundaren-av-pixi\/#article\",\"isPartOf\":{\"@id\":\"https:\/\/www.imakeyousmile.se\/inspirerande-samtal-med-caroline-hirons-och-petra-grundaren-av-pixi\/#webpage\"},\"author\":{\"@id\":\"https:\/\/www.imakeyousmile.se\/es\/#\/schema\/person\/b0fd43b1c6bb1c60cfd68bff9b4a10fb\"},\"headline\":\"Inspirerande samtal med Caroline Hirons och Petra &#8211; grundaren av Pixi\",\"datePublished\":\"2017-08-09T09:28:40+00:00\",\"dateModified\":\"2020-10-22T10:23:18+00:00\",\"mainEntityOfPage\":{\"@id\":\"https:\/\/www.imakeyousmile.se\/inspirerande-samtal-med-caroline-hirons-och-petra-grundaren-av-pixi\/#webpage\"},\"commentCount\":2,\"publisher\":{\"@id\":\"https:\/\/www.imakeyousmile.se\/es\/#organization\"},\"image\":{\"@id\":\"https:\/\/www.imakeyousmile.se\/inspirerande-samtal-med-caroline-hirons-och-petra-grundaren-av-pixi\/#primaryimage\"},\"keywords\":\"creative makeup,pixi,pixi glow tonic,pixi uppsala,pressevent pixi\",\"articleSection\":\"Entrepren\\u00f6rskap,Event,\\u00d6vrigt\",\"inLanguage\":\"es\",\"potentialAction\":[{\"@type\":\"CommentAction\",\"name\":\"Comment\",\"target\":[\"https:\/\/www.imakeyousmile.se\/inspirerande-samtal-med-caroline-hirons-och-petra-grundaren-av-pixi\/#respond\"]}]},{\"@type\":\"Person\",\"@id\":\"https:\/\/www.imakeyousmile.se\/es\/#\/schema\/person\/b0fd43b1c6bb1c60cfd68bff9b4a10fb\",\"name\":\"Helena Amiley\",\"image\":{\"@type\":\"ImageObject\",\"@id\":\"https:\/\/www.imakeyousmile.se\/es\/#personlogo\",\"inLanguage\":\"es\",\"url\":\"https:\/\/secure.gravatar.com\/avatar\/5645558e1e355457a23368d7e1b4c904?s=96&d=mm&r=g\",\"caption\":\"Helena Amiley\"},\"description\":\"Jag skriver mest om sk\\u00f6nhet men bjuder \\u00e4ven p\\u00e5 glimtar fr\\u00e5n entrepren\\u00f6rlivet och bygget av v\\u00e5r egen camper van. Vanlife here we come!\",\"sameAs\":[\"https:\/\/www.facebook.com\/imakeyousmile.se\",\"https:\/\/www.instagram.com\/helenaamiley\",\"https:\/\/www.youtube.com\/channel\/UCR5iB6rvpV6Yr8ZjpQfr5mg?view_as=subscriber\"]}]}<\/script>\n<!-- \/ Yoast SEO Premium plugin. -->","_links":{"self":[{"href":"https:\/\/www.imakeyousmile.se\/es\/wp-json\/wp\/v2\/posts\/29551"}],"collection":[{"href":"https:\/\/www.imakeyousmile.se\/es\/wp-json\/wp\/v2\/posts"}],"about":[{"href":"https:\/\/www.imakeyousmile.se\/es\/wp-json\/wp\/v2\/types\/post"}],"author":[{"embeddable":true,"href":"https:\/\/www.imakeyousmile.se\/es\/wp-json\/wp\/v2\/users\/30"}],"replies":[{"embeddable":true,"href":"https:\/\/www.imakeyousmile.se\/es\/wp-json\/wp\/v2\/comments?post=29551"}],"version-history":[{"count":3,"href":"https:\/\/www.imakeyousmile.se\/es\/wp-json\/wp\/v2\/posts\/29551\/revisions"}],"predecessor-version":[{"id":29555,"href":"https:\/\/www.imakeyousmile.se\/es\/wp-json\/wp\/v2\/posts\/29551\/revisions\/29555"}],"wp:featuredmedia":[{"embeddable":true,"href":"https:\/\/www.imakeyousmile.se\/es\/wp-json\/wp\/v2\/media\/29552"}],"wp:attachment":[{"href":"https:\/\/www.imakeyousmile.se\/es\/wp-json\/wp\/v2\/media?parent=29551"}],"wp:term":[{"taxonomy":"category","embeddable":true,"href":"https:\/\/www.imakeyousmile.se\/es\/wp-json\/wp\/v2\/categories?post=29551"},{"taxonomy":"post_tag","embeddable":true,"href":"https:\/\/www.imakeyousmile.se\/es\/wp-json\/wp\/v2\/tags?post=29551"}],"curies":[{"name":"wp","href":"https:\/\/api.w.org\/{rel}","templated":true}]}}