{"id":29864,"date":"2017-09-20T11:32:27","date_gmt":"2017-09-20T09:32:27","guid":{"rendered":"http:\/\/www.imakeyousmile.se\/?p=29864"},"modified":"2020-10-22T13:13:13","modified_gmt":"2020-10-22T11:13:13","slug":"brynplockning-och-fargning-fore-och-efter","status":"publish","type":"post","link":"https:\/\/www.imakeyousmile.se\/es\/cepillarse-las-cejas-y-colorear-antes-y-despues\/","title":{"rendered":"Depilaci\u00f3n y te\u00f1ido de cejas antes y despu\u00e9s"},"content":{"rendered":"<p>Estas son algunas de mis transformaciones recientes con el cepillado y la coloraci\u00f3n de cejas que hice en mi sal\u00f3n. <a href=\"https:\/\/creativemakeup.se\">Maquillaje Creativo<\/a> en Upsala! :)<\/p>\n<p>\u00bfTambi\u00e9n quieres reservar una cita con nosotros? \u00a1Somos varios maquilladores y todos tienen el mismo talento! Libro en l\u00ednea\u00a0<strong><a href=\"https:\/\/creativemakeup.se\/boka-tid\/\">aqu\u00ed<\/a><\/strong> o ll\u00e1manos al 018 10 50 13.<\/p>\n<p>Aqu\u00ed hay algunos clientes a los que les arregl\u00e9 las cejas durante el verano:<\/p>\n<p><img loading=\"lazy\" decoding=\"async\" class=\"alignnone size-large wp-image-29868\" src=\"http:\/\/www.imakeyousmile.se\/wp-content\/uploads\/2017\/09\/plockf\u00e4rgsminkhelena_vattenst\u00e4mpel-1024x1024.jpg\" alt=\"\" width=\"640\" height=\"640\" srcset=\"https:\/\/www.imakeyousmile.se\/wp-content\/uploads\/2017\/09\/plockf\u00e4rgsminkhelena_vattenst\u00e4mpel-1024x1024.jpg 1024w, https:\/\/www.imakeyousmile.se\/wp-content\/uploads\/2017\/09\/plockf\u00e4rgsminkhelena_vattenst\u00e4mpel-150x150.jpg 150w, https:\/\/www.imakeyousmile.se\/wp-content\/uploads\/2017\/09\/plockf\u00e4rgsminkhelena_vattenst\u00e4mpel-300x300.jpg 300w, https:\/\/www.imakeyousmile.se\/wp-content\/uploads\/2017\/09\/plockf\u00e4rgsminkhelena_vattenst\u00e4mpel-768x768.jpg 768w, https:\/\/www.imakeyousmile.se\/wp-content\/uploads\/2017\/09\/plockf\u00e4rgsminkhelena_vattenst\u00e4mpel-696x696.jpg 696w, https:\/\/www.imakeyousmile.se\/wp-content\/uploads\/2017\/09\/plockf\u00e4rgsminkhelena_vattenst\u00e4mpel-1068x1068.jpg 1068w, https:\/\/www.imakeyousmile.se\/wp-content\/uploads\/2017\/09\/plockf\u00e4rgsminkhelena_vattenst\u00e4mpel-420x420.jpg 420w\" sizes=\"(max-width: 640px) 100vw, 640px\" \/><\/p>\n<p>\u00bfSeguro que este resultado fue super bonito? :) Muy divertido recoger las cejas y tuve que trabajar mucho con las tijeras tambi\u00e9n, lo cual creo que es divertido.<\/p>\n<p>En la imagen residual, he rellenado un poco con l\u00e1piz y gel para cejas tambi\u00e9n, con <a href=\"https:\/\/ion.lyko.com\/t\/t?a=1117786221&#038;as=1548102449&#038;t=2&#038;tk=1&#038;epi=search-replace-pixibrowduo&#038;url=https:\/\/lyko.com\/sv\/pixi\/pixi-natural-brow-duo-natural-brown\">Pixi Natural Brow Duo<\/a> en la sombra Natural Brown.<\/p>\n<p>Aqu\u00ed puedes ver el resultado antes de que me maquillara tambi\u00e9n:<\/p>\n<p><img loading=\"lazy\" decoding=\"async\" class=\"alignnone size-large wp-image-29867\" src=\"http:\/\/www.imakeyousmile.se\/wp-content\/uploads\/2017\/09\/f\u00f6replockningsmink_vattenst\u00e4mpel-1024x1024.jpg\" alt=\"\" width=\"640\" height=\"640\" srcset=\"https:\/\/www.imakeyousmile.se\/wp-content\/uploads\/2017\/09\/f\u00f6replockningsmink_vattenst\u00e4mpel-1024x1024.jpg 1024w, https:\/\/www.imakeyousmile.se\/wp-content\/uploads\/2017\/09\/f\u00f6replockningsmink_vattenst\u00e4mpel-150x150.jpg 150w, https:\/\/www.imakeyousmile.se\/wp-content\/uploads\/2017\/09\/f\u00f6replockningsmink_vattenst\u00e4mpel-300x300.jpg 300w, https:\/\/www.imakeyousmile.se\/wp-content\/uploads\/2017\/09\/f\u00f6replockningsmink_vattenst\u00e4mpel-768x768.jpg 768w, https:\/\/www.imakeyousmile.se\/wp-content\/uploads\/2017\/09\/f\u00f6replockningsmink_vattenst\u00e4mpel-696x696.jpg 696w, https:\/\/www.imakeyousmile.se\/wp-content\/uploads\/2017\/09\/f\u00f6replockningsmink_vattenst\u00e4mpel-1068x1068.jpg 1068w, https:\/\/www.imakeyousmile.se\/wp-content\/uploads\/2017\/09\/f\u00f6replockningsmink_vattenst\u00e4mpel-420x420.jpg 420w\" sizes=\"(max-width: 640px) 100vw, 640px\" \/><\/p>\n<p>Si tienes las cejas tan llenas, no necesitas mucho maquillaje para tener una ceja bien formada, pero aun as\u00ed hace una gran diferencia :)<\/p>\n<p><img loading=\"lazy\" decoding=\"async\" class=\"alignnone size-large wp-image-29866\" src=\"http:\/\/www.imakeyousmile.se\/wp-content\/uploads\/2017\/09\/brynplockochf\u00e4rgblond_vattenst\u00e4mpel-1024x1024.jpg\" alt=\"\" width=\"640\" height=\"640\" srcset=\"https:\/\/www.imakeyousmile.se\/wp-content\/uploads\/2017\/09\/brynplockochf\u00e4rgblond_vattenst\u00e4mpel-1024x1024.jpg 1024w, https:\/\/www.imakeyousmile.se\/wp-content\/uploads\/2017\/09\/brynplockochf\u00e4rgblond_vattenst\u00e4mpel-150x150.jpg 150w, https:\/\/www.imakeyousmile.se\/wp-content\/uploads\/2017\/09\/brynplockochf\u00e4rgblond_vattenst\u00e4mpel-300x300.jpg 300w, https:\/\/www.imakeyousmile.se\/wp-content\/uploads\/2017\/09\/brynplockochf\u00e4rgblond_vattenst\u00e4mpel-768x768.jpg 768w, https:\/\/www.imakeyousmile.se\/wp-content\/uploads\/2017\/09\/brynplockochf\u00e4rgblond_vattenst\u00e4mpel-696x696.jpg 696w, https:\/\/www.imakeyousmile.se\/wp-content\/uploads\/2017\/09\/brynplockochf\u00e4rgblond_vattenst\u00e4mpel-1068x1068.jpg 1068w, https:\/\/www.imakeyousmile.se\/wp-content\/uploads\/2017\/09\/brynplockochf\u00e4rgblond_vattenst\u00e4mpel-420x420.jpg 420w\" sizes=\"(max-width: 640px) 100vw, 640px\" \/><\/p>\n<p>\u00a1Aqu\u00ed hay un lector de blog de Gotemburgo que ten\u00eda las carreteras m\u00e1s all\u00e1 de Uppsala y aprovech\u00f3 la oportunidad para venir a m\u00ed y hacerme la selecci\u00f3n de cejas y el color + color de las pesta\u00f1as! \u00a1Se convirti\u00f3 en una gran diferencia!<\/p>\n<p><img loading=\"lazy\" decoding=\"async\" class=\"alignnone size-large wp-image-29865\" src=\"http:\/\/www.imakeyousmile.se\/wp-content\/uploads\/2017\/09\/brynplock_helena_vattenst\u00e4mpel-1024x1024.jpg\" alt=\"\" width=\"640\" height=\"640\" srcset=\"https:\/\/www.imakeyousmile.se\/wp-content\/uploads\/2017\/09\/brynplock_helena_vattenst\u00e4mpel-1024x1024.jpg 1024w, https:\/\/www.imakeyousmile.se\/wp-content\/uploads\/2017\/09\/brynplock_helena_vattenst\u00e4mpel-150x150.jpg 150w, https:\/\/www.imakeyousmile.se\/wp-content\/uploads\/2017\/09\/brynplock_helena_vattenst\u00e4mpel-300x300.jpg 300w, https:\/\/www.imakeyousmile.se\/wp-content\/uploads\/2017\/09\/brynplock_helena_vattenst\u00e4mpel-768x768.jpg 768w, https:\/\/www.imakeyousmile.se\/wp-content\/uploads\/2017\/09\/brynplock_helena_vattenst\u00e4mpel-696x696.jpg 696w, https:\/\/www.imakeyousmile.se\/wp-content\/uploads\/2017\/09\/brynplock_helena_vattenst\u00e4mpel-1068x1068.jpg 1068w, https:\/\/www.imakeyousmile.se\/wp-content\/uploads\/2017\/09\/brynplock_helena_vattenst\u00e4mpel-420x420.jpg 420w, https:\/\/www.imakeyousmile.se\/wp-content\/uploads\/2017\/09\/brynplock_helena_vattenst\u00e4mpel.jpg 1908w\" sizes=\"(max-width: 640px) 100vw, 640px\" \/><\/p>\n<p>No tengo un modelo a seguir para esta ceja, pero nos depilamos, as\u00ed que antes estaban oscuras. \u00a1\u00a1Que bonitas cejas !!<\/p>\n<p><img loading=\"lazy\" decoding=\"async\" class=\"alignnone size-large wp-image-29869\" src=\"http:\/\/www.imakeyousmile.se\/wp-content\/uploads\/2017\/09\/\u00f6gonbrynplock_helena_vattenst\u00e4mpel-1024x1024.jpg\" alt=\"\" width=\"640\" height=\"640\" srcset=\"https:\/\/www.imakeyousmile.se\/wp-content\/uploads\/2017\/09\/\u00f6gonbrynplock_helena_vattenst\u00e4mpel-1024x1024.jpg 1024w, https:\/\/www.imakeyousmile.se\/wp-content\/uploads\/2017\/09\/\u00f6gonbrynplock_helena_vattenst\u00e4mpel-150x150.jpg 150w, https:\/\/www.imakeyousmile.se\/wp-content\/uploads\/2017\/09\/\u00f6gonbrynplock_helena_vattenst\u00e4mpel-300x300.jpg 300w, https:\/\/www.imakeyousmile.se\/wp-content\/uploads\/2017\/09\/\u00f6gonbrynplock_helena_vattenst\u00e4mpel-768x768.jpg 768w, https:\/\/www.imakeyousmile.se\/wp-content\/uploads\/2017\/09\/\u00f6gonbrynplock_helena_vattenst\u00e4mpel-696x696.jpg 696w, https:\/\/www.imakeyousmile.se\/wp-content\/uploads\/2017\/09\/\u00f6gonbrynplock_helena_vattenst\u00e4mpel-1068x1068.jpg 1068w, https:\/\/www.imakeyousmile.se\/wp-content\/uploads\/2017\/09\/\u00f6gonbrynplock_helena_vattenst\u00e4mpel-420x420.jpg 420w\" sizes=\"(max-width: 640px) 100vw, 640px\" \/><\/p>\n<p>Esta clienta ten\u00eda las cejas muy escasas, pero hubo mucha &quot;diversi\u00f3n&quot; cuando nos te\u00f1imos, as\u00ed que se convirti\u00f3 en una forma muy bonita y \u00a1estaba tan feliz! Inmediatamente despu\u00e9s, queda un poco de color en la piel, por lo que parece un poco maquillada en los bordes externos, pero no lo es. Pero la forma ser\u00e1 igual de agradable tan pronto como el color se libere de la piel (en cierto modo se libera inmediatamente cuando te lavas la cara correctamente 1-2 veces).<\/p>\n<p>\u00a1Espero que est\u00e9s inspirado!<\/p>\n<p>Abrazo \u2665<\/p>\n<p><img loading=\"lazy\" decoding=\"async\" class=\"alignnone size-large wp-image-28529\" src=\"http:\/\/www.imakeyousmile.se\/wp-content\/uploads\/2017\/03\/Sidfot-Namnloggo-1024x115.png\" alt=\"\" width=\"640\" height=\"72\" \/><\/p>","protected":false},"excerpt":{"rendered":"<p>H\u00e4r kommer n\u00e5gra av mina senaste f\u00f6rvandlingar med brynplockning och f\u00e4rgning som jag gjort p\u00e5 min salong Creative Makeup i Uppsala! :) Vill du ocks\u00e5 boka tid hos oss? Vi \u00e4r flera makeupartister och alla \u00e4r lika duktiga! Boka online\u00a0h\u00e4r eller ring oss p\u00e5 018 10 50 13. H\u00e4r \u00e4r\u00a0n\u00e5gra kunder som jag fixat brynen [&hellip;]<\/p>\n","protected":false},"author":30,"featured_media":29868,"comment_status":"open","ping_status":"closed","sticky":false,"template":"","format":"standard","meta":{"footnotes":""},"categories":[7003,12,2956],"tags":[],"class_list":["post-29864","post","type-post","status-publish","format-standard","has-post-thumbnail","hentry","category-fore-efter-kunder","category-ogonbryn","category-sminkjobb"],"yoast_head":"<!-- This site is optimized with the Yoast SEO Premium plugin v14.9 - https:\/\/yoast.com\/wordpress\/plugins\/seo\/ -->\n<meta name=\"description\" content=\"Brynplockning och f\u00e4rgning f\u00f6re och efter | Helena Amiley - H\u00e4r hittar du senaste infromation om sk\u00f6nhet, livsstil, entrepren\u00f6rskap, makeup &amp; tips.\" \/>\n<meta name=\"robots\" content=\"index, follow, max-snippet:-1, max-image-preview:large, max-video-preview:-1\" \/>\n<link rel=\"canonical\" href=\"https:\/\/www.imakeyousmile.se\/es\/brynplockning-och-fargning-fore-och-efter\/\" \/>\n<meta property=\"og:locale\" content=\"es_ES\" \/>\n<meta property=\"og:type\" content=\"article\" \/>\n<meta property=\"og:title\" content=\"Brynplockning och f\u00e4rgning f\u00f6re och efter | Imakeyousmile.se\" \/>\n<meta property=\"og:description\" content=\"Brynplockning och f\u00e4rgning f\u00f6re och efter | Helena Amiley - H\u00e4r hittar du senaste infromation om sk\u00f6nhet, livsstil, entrepren\u00f6rskap, makeup &amp; tips.\" \/>\n<meta property=\"og:url\" content=\"https:\/\/www.imakeyousmile.se\/es\/brynplockning-och-fargning-fore-och-efter\/\" \/>\n<meta property=\"og:site_name\" content=\"Imakeyousmile.se\" \/>\n<meta property=\"article:author\" content=\"https:\/\/www.facebook.com\/imakeyousmile.se\" \/>\n<meta property=\"article:published_time\" content=\"2017-09-20T09:32:27+00:00\" \/>\n<meta property=\"article:modified_time\" content=\"2020-10-22T11:13:13+00:00\" \/>\n<meta property=\"og:image\" content=\"https:\/\/www.imakeyousmile.se\/wp-content\/uploads\/2017\/09\/plockf\u00e4rgsminkhelena_vattenst\u00e4mpel.jpg\" \/>\n\t<meta property=\"og:image:width\" content=\"2500\" \/>\n\t<meta property=\"og:image:height\" content=\"2500\" \/>\n<meta name=\"twitter:card\" content=\"summary_large_image\" \/>\n<script type=\"application\/ld+json\" class=\"yoast-schema-graph\">{\"@context\":\"https:\/\/schema.org\",\"@graph\":[{\"@type\":\"Organization\",\"@id\":\"https:\/\/www.imakeyousmile.se\/es\/#organization\",\"name\":\"Imakeyousmile\",\"url\":\"https:\/\/www.imakeyousmile.se\/es\/\",\"sameAs\":[],\"logo\":{\"@type\":\"ImageObject\",\"@id\":\"https:\/\/www.imakeyousmile.se\/es\/#logo\",\"inLanguage\":\"es\",\"url\":\"https:\/\/www.imakeyousmile.se\/wp-content\/uploads\/2020\/10\/HELENA-AMILEY_SVART-1-e1603367975324.png\",\"width\":280,\"height\":93,\"caption\":\"Imakeyousmile\"},\"image\":{\"@id\":\"https:\/\/www.imakeyousmile.se\/es\/#logo\"}},{\"@type\":\"WebSite\",\"@id\":\"https:\/\/www.imakeyousmile.se\/es\/#website\",\"url\":\"https:\/\/www.imakeyousmile.se\/es\/\",\"name\":\"Imakeyousmile.se\",\"description\":\"Helena Amiley - Beauty, Entrepreneur, Lifestyle\",\"publisher\":{\"@id\":\"https:\/\/www.imakeyousmile.se\/es\/#organization\"},\"potentialAction\":[{\"@type\":\"SearchAction\",\"target\":\"https:\/\/www.imakeyousmile.se\/es\/?s={search_term_string}\",\"query-input\":\"required name=search_term_string\"}],\"inLanguage\":\"es\"},{\"@type\":\"ImageObject\",\"@id\":\"https:\/\/www.imakeyousmile.se\/brynplockning-och-fargning-fore-och-efter\/#primaryimage\",\"inLanguage\":\"es\",\"url\":\"https:\/\/www.imakeyousmile.se\/wp-content\/uploads\/2017\/09\/plockf\\u00e4rgsminkhelena_vattenst\\u00e4mpel.jpg\",\"width\":2500,\"height\":2500},{\"@type\":\"WebPage\",\"@id\":\"https:\/\/www.imakeyousmile.se\/brynplockning-och-fargning-fore-och-efter\/#webpage\",\"url\":\"https:\/\/www.imakeyousmile.se\/brynplockning-och-fargning-fore-och-efter\/\",\"name\":\"Brynplockning och f\\u00e4rgning f\\u00f6re och efter | Imakeyousmile.se\",\"isPartOf\":{\"@id\":\"https:\/\/www.imakeyousmile.se\/es\/#website\"},\"primaryImageOfPage\":{\"@id\":\"https:\/\/www.imakeyousmile.se\/brynplockning-och-fargning-fore-och-efter\/#primaryimage\"},\"datePublished\":\"2017-09-20T09:32:27+00:00\",\"dateModified\":\"2020-10-22T11:13:13+00:00\",\"description\":\"Brynplockning och f\\u00e4rgning f\\u00f6re och efter | Helena Amiley - H\\u00e4r hittar du senaste infromation om sk\\u00f6nhet, livsstil, entrepren\\u00f6rskap, makeup & tips.\",\"inLanguage\":\"es\",\"potentialAction\":[{\"@type\":\"ReadAction\",\"target\":[\"https:\/\/www.imakeyousmile.se\/brynplockning-och-fargning-fore-och-efter\/\"]}]},{\"@type\":\"Article\",\"@id\":\"https:\/\/www.imakeyousmile.se\/brynplockning-och-fargning-fore-och-efter\/#article\",\"isPartOf\":{\"@id\":\"https:\/\/www.imakeyousmile.se\/brynplockning-och-fargning-fore-och-efter\/#webpage\"},\"author\":{\"@id\":\"https:\/\/www.imakeyousmile.se\/es\/#\/schema\/person\/b0fd43b1c6bb1c60cfd68bff9b4a10fb\"},\"headline\":\"Brynplockning och f\\u00e4rgning f\\u00f6re och efter\",\"datePublished\":\"2017-09-20T09:32:27+00:00\",\"dateModified\":\"2020-10-22T11:13:13+00:00\",\"mainEntityOfPage\":{\"@id\":\"https:\/\/www.imakeyousmile.se\/brynplockning-och-fargning-fore-och-efter\/#webpage\"},\"commentCount\":2,\"publisher\":{\"@id\":\"https:\/\/www.imakeyousmile.se\/es\/#organization\"},\"image\":{\"@id\":\"https:\/\/www.imakeyousmile.se\/brynplockning-och-fargning-fore-och-efter\/#primaryimage\"},\"articleSection\":\"F\\u00f6re &amp; efter (kundjobb),\\u00d6gonbryn,Sminkjobb\",\"inLanguage\":\"es\",\"potentialAction\":[{\"@type\":\"CommentAction\",\"name\":\"Comment\",\"target\":[\"https:\/\/www.imakeyousmile.se\/brynplockning-och-fargning-fore-och-efter\/#respond\"]}]},{\"@type\":\"Person\",\"@id\":\"https:\/\/www.imakeyousmile.se\/es\/#\/schema\/person\/b0fd43b1c6bb1c60cfd68bff9b4a10fb\",\"name\":\"Helena Amiley\",\"image\":{\"@type\":\"ImageObject\",\"@id\":\"https:\/\/www.imakeyousmile.se\/es\/#personlogo\",\"inLanguage\":\"es\",\"url\":\"https:\/\/secure.gravatar.com\/avatar\/5645558e1e355457a23368d7e1b4c904?s=96&d=mm&r=g\",\"caption\":\"Helena Amiley\"},\"description\":\"Jag skriver mest om sk\\u00f6nhet men bjuder \\u00e4ven p\\u00e5 glimtar fr\\u00e5n entrepren\\u00f6rlivet och bygget av v\\u00e5r egen camper van. Vanlife here we come!\",\"sameAs\":[\"https:\/\/www.facebook.com\/imakeyousmile.se\",\"https:\/\/www.instagram.com\/helenaamiley\",\"https:\/\/www.youtube.com\/channel\/UCR5iB6rvpV6Yr8ZjpQfr5mg?view_as=subscriber\"]}]}<\/script>\n<!-- \/ Yoast SEO Premium plugin. -->","_links":{"self":[{"href":"https:\/\/www.imakeyousmile.se\/es\/wp-json\/wp\/v2\/posts\/29864"}],"collection":[{"href":"https:\/\/www.imakeyousmile.se\/es\/wp-json\/wp\/v2\/posts"}],"about":[{"href":"https:\/\/www.imakeyousmile.se\/es\/wp-json\/wp\/v2\/types\/post"}],"author":[{"embeddable":true,"href":"https:\/\/www.imakeyousmile.se\/es\/wp-json\/wp\/v2\/users\/30"}],"replies":[{"embeddable":true,"href":"https:\/\/www.imakeyousmile.se\/es\/wp-json\/wp\/v2\/comments?post=29864"}],"version-history":[{"count":2,"href":"https:\/\/www.imakeyousmile.se\/es\/wp-json\/wp\/v2\/posts\/29864\/revisions"}],"predecessor-version":[{"id":29871,"href":"https:\/\/www.imakeyousmile.se\/es\/wp-json\/wp\/v2\/posts\/29864\/revisions\/29871"}],"wp:featuredmedia":[{"embeddable":true,"href":"https:\/\/www.imakeyousmile.se\/es\/wp-json\/wp\/v2\/media\/29868"}],"wp:attachment":[{"href":"https:\/\/www.imakeyousmile.se\/es\/wp-json\/wp\/v2\/media?parent=29864"}],"wp:term":[{"taxonomy":"category","embeddable":true,"href":"https:\/\/www.imakeyousmile.se\/es\/wp-json\/wp\/v2\/categories?post=29864"},{"taxonomy":"post_tag","embeddable":true,"href":"https:\/\/www.imakeyousmile.se\/es\/wp-json\/wp\/v2\/tags?post=29864"}],"curies":[{"name":"wp","href":"https:\/\/api.w.org\/{rel}","templated":true}]}}