{"id":30718,"date":"2017-12-12T21:08:26","date_gmt":"2017-12-12T20:08:26","guid":{"rendered":"http:\/\/www.imakeyousmile.se\/?p=30718"},"modified":"2017-12-12T21:08:26","modified_gmt":"2017-12-12T20:08:26","slug":"jag-ar-inte-en-sa-tokig-frisor-anda","status":"publish","type":"post","link":"https:\/\/www.imakeyousmile.se\/es\/no-estoy-tan-loco-peluquero-espiritu\/","title":{"rendered":"No soy un peluquero tan loco despu\u00e9s de todo"},"content":{"rendered":"<p>Ayer escrib\u00ed sobre la sensaci\u00f3n de libertad de cortarte el cabello y sentir que realmente no te importa lo loco que se pone, \u00a1y hoy pens\u00e9 en mostrarte el resultado! :)<\/p>\n<p>Estoy muy contento con la decisi\u00f3n de hecho, me tom\u00f3 un minuto, cero energ\u00eda excepto un poco de \u00e9xtasis, fue completamente gratis y sobre todo he recibido muchos elogios por mi nuevo peinado!<\/p>\n<p><img loading=\"lazy\" decoding=\"async\" class=\"alignnone size-large wp-image-30719\" src=\"http:\/\/www.imakeyousmile.se\/wp-content\/uploads\/2017\/12\/IMG_7202-1024x841.jpg\" alt=\"\" width=\"640\" height=\"526\" srcset=\"https:\/\/www.imakeyousmile.se\/wp-content\/uploads\/2017\/12\/IMG_7202-1024x841.jpg 1024w, https:\/\/www.imakeyousmile.se\/wp-content\/uploads\/2017\/12\/IMG_7202-300x246.jpg 300w, https:\/\/www.imakeyousmile.se\/wp-content\/uploads\/2017\/12\/IMG_7202-768x631.jpg 768w, https:\/\/www.imakeyousmile.se\/wp-content\/uploads\/2017\/12\/IMG_7202-696x572.jpg 696w, https:\/\/www.imakeyousmile.se\/wp-content\/uploads\/2017\/12\/IMG_7202-1068x877.jpg 1068w, https:\/\/www.imakeyousmile.se\/wp-content\/uploads\/2017\/12\/IMG_7202-511x420.jpg 511w\" sizes=\"(max-width: 640px) 100vw, 640px\" \/><\/p>\n<p>\u00bf\u00bfQu\u00e9 piensas?? No tan loco \u00bfeh? :)<\/p>\n<p>\u00a1Prospero bien en esta longitud, lo suficientemente larga como para poder tener un mo\u00f1o en mi cabeza y no tan corto como para que tengas que peinarlo para que se vea bien! Un poco de volumen y luego puedes cambiar tus piernas un poco descuidadamente durante el d\u00eda para que se asiente bien.<\/p>\n<p>Y la lucha contra el color turquesa contin\u00faa jaja! Aqu\u00ed hay una actualizaci\u00f3n:<\/p>\n<p><img loading=\"lazy\" decoding=\"async\" class=\"alignnone size-large wp-image-30720\" src=\"http:\/\/www.imakeyousmile.se\/wp-content\/uploads\/2017\/12\/loreal-colorista-efter-tv\u00e4tt2-1024x554.jpg\" alt=\"\" width=\"640\" height=\"346\" srcset=\"https:\/\/www.imakeyousmile.se\/wp-content\/uploads\/2017\/12\/loreal-colorista-efter-tv\u00e4tt2-1024x554.jpg 1024w, https:\/\/www.imakeyousmile.se\/wp-content\/uploads\/2017\/12\/loreal-colorista-efter-tv\u00e4tt2-300x162.jpg 300w, https:\/\/www.imakeyousmile.se\/wp-content\/uploads\/2017\/12\/loreal-colorista-efter-tv\u00e4tt2-768x415.jpg 768w, https:\/\/www.imakeyousmile.se\/wp-content\/uploads\/2017\/12\/loreal-colorista-efter-tv\u00e4tt2-696x376.jpg 696w, https:\/\/www.imakeyousmile.se\/wp-content\/uploads\/2017\/12\/loreal-colorista-efter-tv\u00e4tt2-1068x577.jpg 1068w, https:\/\/www.imakeyousmile.se\/wp-content\/uploads\/2017\/12\/loreal-colorista-efter-tv\u00e4tt2-777x420.jpg 777w\" sizes=\"(max-width: 640px) 100vw, 640px\" \/><\/p>\n<p>Escrib\u00ed &quot;m\u00e1s de 10&quot; porque he perdido la cuenta de cu\u00e1ntos lavados realmente he hecho ahora, pero algunos lavados son solo lavados descuidados mientras que otros han sido la peor rutina de limpieza profunda para salir de la pintura lo m\u00e1s r\u00e1pido posible.<\/p>\n<p>Me gusta el color, especialmente ahora que tengo un peinado m\u00e1s corto, pero quiero deshacerme de \u00e9l por completo antes de mi visita al peluquero el 11 de enero, as\u00ed que en exactamente un mes.<\/p>\n<p>Pero si no funciona, \u00bfalguien tiene experiencia de lo loco que puede ser si te decoloras con esos residuos de color en tu cabello? \u00bfEntonces que? No quiero parecer una rubia que ha estado en agua clorada durante todo un verano :)<\/p>\n<p>\u00a1Abrazo!<\/p>\n<p><img loading=\"lazy\" decoding=\"async\" class=\"alignnone size-large wp-image-28529\" src=\"http:\/\/www.imakeyousmile.se\/wp-content\/uploads\/2017\/03\/Sidfot-Namnloggo-1024x115.png\" alt=\"\" width=\"640\" height=\"72\" \/><\/p>","protected":false},"excerpt":{"rendered":"<p>Ig\u00e5r skrev jag om frihetsk\u00e4nslan att klippa sitt eget h\u00e5r och k\u00e4nna att man inte riktigt bryr sig om hur tokigt det blir, och idag t\u00e4nkte jag visa er resultatet! :) Jag \u00e4r riktigt n\u00f6jd \u00f6ver beslutet faktiskt, det tog en minut, noll energi f\u00f6rutom lite extas-k\u00e4nslor, var helt gratis och framf\u00f6r allt s\u00e5\u00a0har jag [&hellip;]<\/p>\n","protected":false},"author":30,"featured_media":30719,"comment_status":"open","ping_status":"closed","sticky":false,"template":"","format":"standard","meta":{"footnotes":""},"categories":[2862],"tags":[6014,6039],"class_list":["post-30718","post","type-post","status-publish","format-standard","has-post-thumbnail","hentry","category-har","tag-loreal-colorista","tag-loreal-colorista-washout"],"yoast_head":"<!-- This site is optimized with the Yoast SEO Premium plugin v14.9 - https:\/\/yoast.com\/wordpress\/plugins\/seo\/ -->\n<meta name=\"description\" content=\"Jag \u00e4r inte en s\u00e5 tokig fris\u00f6r \u00e4nd\u00e5 | Helena Amiley - H\u00e4r hittar du senaste infromation om sk\u00f6nhet, livsstil, entrepren\u00f6rskap, makeup &amp; tips.\" \/>\n<meta name=\"robots\" content=\"index, follow, max-snippet:-1, max-image-preview:large, max-video-preview:-1\" \/>\n<link rel=\"canonical\" href=\"https:\/\/www.imakeyousmile.se\/es\/jag-ar-inte-en-sa-tokig-frisor-anda\/\" \/>\n<meta property=\"og:locale\" content=\"es_ES\" \/>\n<meta property=\"og:type\" content=\"article\" \/>\n<meta property=\"og:title\" content=\"Jag \u00e4r inte en s\u00e5 tokig fris\u00f6r \u00e4nd\u00e5 | Imakeyousmile.se\" \/>\n<meta property=\"og:description\" content=\"Jag \u00e4r inte en s\u00e5 tokig fris\u00f6r \u00e4nd\u00e5 | Helena Amiley - H\u00e4r hittar du senaste infromation om sk\u00f6nhet, livsstil, entrepren\u00f6rskap, makeup &amp; tips.\" \/>\n<meta property=\"og:url\" content=\"https:\/\/www.imakeyousmile.se\/es\/jag-ar-inte-en-sa-tokig-frisor-anda\/\" \/>\n<meta property=\"og:site_name\" content=\"Imakeyousmile.se\" \/>\n<meta property=\"article:author\" content=\"https:\/\/www.facebook.com\/imakeyousmile.se\" \/>\n<meta property=\"article:published_time\" content=\"2017-12-12T20:08:26+00:00\" \/>\n<meta property=\"og:image\" content=\"https:\/\/www.imakeyousmile.se\/wp-content\/uploads\/2017\/12\/IMG_7202-1024x841.jpg\" \/>\n\t<meta property=\"og:image:width\" content=\"1024\" \/>\n\t<meta property=\"og:image:height\" content=\"841\" \/>\n<meta name=\"twitter:card\" content=\"summary_large_image\" \/>\n<script type=\"application\/ld+json\" class=\"yoast-schema-graph\">{\"@context\":\"https:\/\/schema.org\",\"@graph\":[{\"@type\":\"Organization\",\"@id\":\"https:\/\/www.imakeyousmile.se\/es\/#organization\",\"name\":\"Imakeyousmile\",\"url\":\"https:\/\/www.imakeyousmile.se\/es\/\",\"sameAs\":[],\"logo\":{\"@type\":\"ImageObject\",\"@id\":\"https:\/\/www.imakeyousmile.se\/es\/#logo\",\"inLanguage\":\"es\",\"url\":\"https:\/\/www.imakeyousmile.se\/wp-content\/uploads\/2020\/10\/HELENA-AMILEY_SVART-1-e1603367975324.png\",\"width\":280,\"height\":93,\"caption\":\"Imakeyousmile\"},\"image\":{\"@id\":\"https:\/\/www.imakeyousmile.se\/es\/#logo\"}},{\"@type\":\"WebSite\",\"@id\":\"https:\/\/www.imakeyousmile.se\/es\/#website\",\"url\":\"https:\/\/www.imakeyousmile.se\/es\/\",\"name\":\"Imakeyousmile.se\",\"description\":\"Helena Amiley - Beauty, Entrepreneur, Lifestyle\",\"publisher\":{\"@id\":\"https:\/\/www.imakeyousmile.se\/es\/#organization\"},\"potentialAction\":[{\"@type\":\"SearchAction\",\"target\":\"https:\/\/www.imakeyousmile.se\/es\/?s={search_term_string}\",\"query-input\":\"required name=search_term_string\"}],\"inLanguage\":\"es\"},{\"@type\":\"ImageObject\",\"@id\":\"https:\/\/www.imakeyousmile.se\/jag-ar-inte-en-sa-tokig-frisor-anda\/#primaryimage\",\"inLanguage\":\"es\",\"url\":\"https:\/\/www.imakeyousmile.se\/wp-content\/uploads\/2017\/12\/IMG_7202.jpg\",\"width\":2500,\"height\":2053},{\"@type\":\"WebPage\",\"@id\":\"https:\/\/www.imakeyousmile.se\/jag-ar-inte-en-sa-tokig-frisor-anda\/#webpage\",\"url\":\"https:\/\/www.imakeyousmile.se\/jag-ar-inte-en-sa-tokig-frisor-anda\/\",\"name\":\"Jag \\u00e4r inte en s\\u00e5 tokig fris\\u00f6r \\u00e4nd\\u00e5 | Imakeyousmile.se\",\"isPartOf\":{\"@id\":\"https:\/\/www.imakeyousmile.se\/es\/#website\"},\"primaryImageOfPage\":{\"@id\":\"https:\/\/www.imakeyousmile.se\/jag-ar-inte-en-sa-tokig-frisor-anda\/#primaryimage\"},\"datePublished\":\"2017-12-12T20:08:26+00:00\",\"dateModified\":\"2017-12-12T20:08:26+00:00\",\"description\":\"Jag \\u00e4r inte en s\\u00e5 tokig fris\\u00f6r \\u00e4nd\\u00e5 | Helena Amiley - H\\u00e4r hittar du senaste infromation om sk\\u00f6nhet, livsstil, entrepren\\u00f6rskap, makeup & tips.\",\"inLanguage\":\"es\",\"potentialAction\":[{\"@type\":\"ReadAction\",\"target\":[\"https:\/\/www.imakeyousmile.se\/jag-ar-inte-en-sa-tokig-frisor-anda\/\"]}]},{\"@type\":\"Article\",\"@id\":\"https:\/\/www.imakeyousmile.se\/jag-ar-inte-en-sa-tokig-frisor-anda\/#article\",\"isPartOf\":{\"@id\":\"https:\/\/www.imakeyousmile.se\/jag-ar-inte-en-sa-tokig-frisor-anda\/#webpage\"},\"author\":{\"@id\":\"https:\/\/www.imakeyousmile.se\/es\/#\/schema\/person\/b0fd43b1c6bb1c60cfd68bff9b4a10fb\"},\"headline\":\"Jag \\u00e4r inte en s\\u00e5 tokig fris\\u00f6r \\u00e4nd\\u00e5\",\"datePublished\":\"2017-12-12T20:08:26+00:00\",\"dateModified\":\"2017-12-12T20:08:26+00:00\",\"mainEntityOfPage\":{\"@id\":\"https:\/\/www.imakeyousmile.se\/jag-ar-inte-en-sa-tokig-frisor-anda\/#webpage\"},\"commentCount\":2,\"publisher\":{\"@id\":\"https:\/\/www.imakeyousmile.se\/es\/#organization\"},\"image\":{\"@id\":\"https:\/\/www.imakeyousmile.se\/jag-ar-inte-en-sa-tokig-frisor-anda\/#primaryimage\"},\"keywords\":\"loreal colorista,loreal colorista washout\",\"articleSection\":\"H\\u00e5r\",\"inLanguage\":\"es\",\"potentialAction\":[{\"@type\":\"CommentAction\",\"name\":\"Comment\",\"target\":[\"https:\/\/www.imakeyousmile.se\/jag-ar-inte-en-sa-tokig-frisor-anda\/#respond\"]}]},{\"@type\":\"Person\",\"@id\":\"https:\/\/www.imakeyousmile.se\/es\/#\/schema\/person\/b0fd43b1c6bb1c60cfd68bff9b4a10fb\",\"name\":\"Helena Amiley\",\"image\":{\"@type\":\"ImageObject\",\"@id\":\"https:\/\/www.imakeyousmile.se\/es\/#personlogo\",\"inLanguage\":\"es\",\"url\":\"https:\/\/secure.gravatar.com\/avatar\/5645558e1e355457a23368d7e1b4c904?s=96&d=mm&r=g\",\"caption\":\"Helena Amiley\"},\"description\":\"Jag skriver mest om sk\\u00f6nhet men bjuder \\u00e4ven p\\u00e5 glimtar fr\\u00e5n entrepren\\u00f6rlivet och bygget av v\\u00e5r egen camper van. Vanlife here we come!\",\"sameAs\":[\"https:\/\/www.facebook.com\/imakeyousmile.se\",\"https:\/\/www.instagram.com\/helenaamiley\",\"https:\/\/www.youtube.com\/channel\/UCR5iB6rvpV6Yr8ZjpQfr5mg?view_as=subscriber\"]}]}<\/script>\n<!-- \/ Yoast SEO Premium plugin. -->","_links":{"self":[{"href":"https:\/\/www.imakeyousmile.se\/es\/wp-json\/wp\/v2\/posts\/30718"}],"collection":[{"href":"https:\/\/www.imakeyousmile.se\/es\/wp-json\/wp\/v2\/posts"}],"about":[{"href":"https:\/\/www.imakeyousmile.se\/es\/wp-json\/wp\/v2\/types\/post"}],"author":[{"embeddable":true,"href":"https:\/\/www.imakeyousmile.se\/es\/wp-json\/wp\/v2\/users\/30"}],"replies":[{"embeddable":true,"href":"https:\/\/www.imakeyousmile.se\/es\/wp-json\/wp\/v2\/comments?post=30718"}],"version-history":[{"count":2,"href":"https:\/\/www.imakeyousmile.se\/es\/wp-json\/wp\/v2\/posts\/30718\/revisions"}],"predecessor-version":[{"id":30722,"href":"https:\/\/www.imakeyousmile.se\/es\/wp-json\/wp\/v2\/posts\/30718\/revisions\/30722"}],"wp:featuredmedia":[{"embeddable":true,"href":"https:\/\/www.imakeyousmile.se\/es\/wp-json\/wp\/v2\/media\/30719"}],"wp:attachment":[{"href":"https:\/\/www.imakeyousmile.se\/es\/wp-json\/wp\/v2\/media?parent=30718"}],"wp:term":[{"taxonomy":"category","embeddable":true,"href":"https:\/\/www.imakeyousmile.se\/es\/wp-json\/wp\/v2\/categories?post=30718"},{"taxonomy":"post_tag","embeddable":true,"href":"https:\/\/www.imakeyousmile.se\/es\/wp-json\/wp\/v2\/tags?post=30718"}],"curies":[{"name":"wp","href":"https:\/\/api.w.org\/{rel}","templated":true}]}}