{"id":30995,"date":"2018-01-04T16:14:09","date_gmt":"2018-01-04T15:14:09","guid":{"rendered":"http:\/\/www.imakeyousmile.se\/?p=30995"},"modified":"2021-09-27T15:11:08","modified_gmt":"2021-09-27T13:11:08","slug":"farga-haret-rosa-hemma","status":"publish","type":"post","link":"https:\/\/www.imakeyousmile.se\/es\/tinte-cabello-rosa-en-casa\/","title":{"rendered":"Colorea tu cabello de rosa en casa"},"content":{"rendered":"<p>Mi sobrina Mila cumpli\u00f3 un a\u00f1o a la mitad del d\u00eda y recibi\u00f3 un regalo de cumplea\u00f1os que fue divertido tanto para ella como para m\u00ed: \u00a1se ha molestado en te\u00f1irse el cabello de rosa y me dieron la tarea de ensue\u00f1o de te\u00f1ir su cabello de rosa! : D<\/p>\n<p>Hice mi cabello turquesa con L&#039;Or\u00e9al Paris Colorista Washout, sobre el que escrib\u00ed en <a href=\"http:\/\/www.imakeyousmile.se\/es\/loreal-paris-colorista-washout-turquoisehair\/\">esta publicaci\u00f3n<\/a> y luego recibi\u00f3 muestras de prensa de m\u00e1s colores, incluido el color rosa oscuro \/ rojo burdeos <a href=\"https:\/\/ion.lyko.com\/t\/t?a=1117786221&amp;as=1548102449&amp;t=2&amp;tk=1&amp;epi=search-replace-coloristawashout&amp;url=https:\/\/lyko.com\/sv\/sok?q=Colorista+Washout\"># Cabello Borgo\u00f1a<\/a>.<\/p>\n<p>\u00a1As\u00ed que compr\u00e9 blanqueador casero y jugu\u00e9 a peluquero en casa en la cocina! :)<\/p>\n<p>Aqu\u00ed est\u00e1 el resultado:<\/p>\n<p><img loading=\"lazy\" decoding=\"async\" class=\"alignnone size-large wp-image-31005\" src=\"http:\/\/www.imakeyousmile.se\/wp-content\/uploads\/2018\/01\/IMG_8043_111-1024x830.jpg\" alt=\"\" width=\"640\" height=\"519\" srcset=\"https:\/\/www.imakeyousmile.se\/wp-content\/uploads\/2018\/01\/IMG_8043_111-1024x830.jpg 1024w, https:\/\/www.imakeyousmile.se\/wp-content\/uploads\/2018\/01\/IMG_8043_111-300x243.jpg 300w, https:\/\/www.imakeyousmile.se\/wp-content\/uploads\/2018\/01\/IMG_8043_111-768x622.jpg 768w, https:\/\/www.imakeyousmile.se\/wp-content\/uploads\/2018\/01\/IMG_8043_111-696x564.jpg 696w, https:\/\/www.imakeyousmile.se\/wp-content\/uploads\/2018\/01\/IMG_8043_111-1068x866.jpg 1068w, https:\/\/www.imakeyousmile.se\/wp-content\/uploads\/2018\/01\/IMG_8043_111-518x420.jpg 518w\" sizes=\"(max-width: 640px) 100vw, 640px\" \/><\/p>\n<p>\u00bfSeguro que sali\u00f3 bien? :) Puedes imaginarte lo feliz que estaba, se ve recogida en estas fotos de poses pero hubo v\u00edtores y saltos ansiosos cuando se mir\u00f3 en el espejo jaja!<\/p>\n<p>Le duele un poco el alma porque el color natural de su cabello es para morirse, \u00a1tan divino! Pero al mismo tiempo quer\u00eda tanto esto y no es el caso de que ella, que tiene 7 a\u00f1os, pasee y disfrute de su color de cabello todo el tiempo de todos modos :)<\/p>\n<p><strong>\u00bfPor qu\u00e9 blanquear antes?<\/strong><br \/>\nEstos colores no se adhieren en absoluto \/ solo un poco al cabello que no ha sido tratado, para m\u00ed esto no se adhiri\u00f3 en absoluto al crecimiento, pero todo el color vino en las longitudes que se trataron antes.<\/p>\n<p>Y como puede ver en su cuero cabelludo, b\u00e1sicamente tiene su color anterior all\u00ed, y eso es porque no me decolore por completo. De todos modos, se peg\u00f3 un poco en el cuero cabelludo, pero estoy 100% b\u00e1sicamente seguro de que todos los residuos de pigmento desaparecen en el primer lavado.<\/p>\n<p><img loading=\"lazy\" decoding=\"async\" class=\"alignnone size-large wp-image-31004\" src=\"http:\/\/www.imakeyousmile.se\/wp-content\/uploads\/2018\/01\/IMG_8041-1024x755.jpg\" alt=\"\" width=\"640\" height=\"472\" srcset=\"https:\/\/www.imakeyousmile.se\/wp-content\/uploads\/2018\/01\/IMG_8041-1024x755.jpg 1024w, https:\/\/www.imakeyousmile.se\/wp-content\/uploads\/2018\/01\/IMG_8041-300x221.jpg 300w, https:\/\/www.imakeyousmile.se\/wp-content\/uploads\/2018\/01\/IMG_8041-768x566.jpg 768w, https:\/\/www.imakeyousmile.se\/wp-content\/uploads\/2018\/01\/IMG_8041-80x60.jpg 80w, https:\/\/www.imakeyousmile.se\/wp-content\/uploads\/2018\/01\/IMG_8041-696x513.jpg 696w, https:\/\/www.imakeyousmile.se\/wp-content\/uploads\/2018\/01\/IMG_8041-1068x788.jpg 1068w, https:\/\/www.imakeyousmile.se\/wp-content\/uploads\/2018\/01\/IMG_8041-569x420.jpg 569w\" sizes=\"(max-width: 640px) 100vw, 640px\" \/><\/p>\n<p>Esto es lo que hicimos:<\/p>\n<p><strong>El blanqueamiento -<\/strong> No soy peluquero, pero en realidad estoy un poco irracionalmente orgulloso del cepillo de balayage que hice. S\u00ed, escuchaste bien, he estudiado c\u00f3mo le va a mi peluquera + que ha explicado un poco porque ha asistido a varios entrenamientos de este tipo. As\u00ed que hice una buena transici\u00f3n al cuero cabelludo.<\/p>\n<p>Meeen probablemente no dejar\u00eda que un peluquero inspeccione si t\u00fa lo dices;)<\/p>\n<p>En general, no recomiendo la decoloraci\u00f3n casera si tienes que elegir, pero fue suficiente y como ella ya tiene bastante brillo, \u00a1fue un tono agradable! Ech\u00e9 de menos tomar fotos despu\u00e9s de la decoloraci\u00f3n, pero no se volvi\u00f3 s\u00faper rubia sino solo un aclaramiento. Lo m\u00e1s importante era que el rosa se pegara y no que su cabello fuera m\u00e1s claro.<\/p>\n<p><strong>Color de pelo -<\/strong> Como el color es un color burdeos oscuro y Mila quer\u00eda m\u00e1s rosa que rojo, mezcl\u00e9 el color 50\/50 con acondicionador. En parte para aclarar el color, pero tambi\u00e9n porque no se pegar\u00eda tan fuerte como me lo ha hecho el turquesa.<\/p>\n<p>Mila tiene el cabello bastante grueso, pero a\u00fan as\u00ed no tuvimos que usar todo el color del paquete, pero le queda un poco para usar en un momento posterior, no tanto que sea suficiente para todo el cabello, sino para la parte superior, por ejemplo :)<\/p>\n<p><strong>\u00bfSustentabilidad?<\/strong><br \/>\nLos actualizar\u00e9 sobre lo bien que va esto en el futuro. Aunque lo \u00faltimo de mi turquesa es duro como una roca, creo que se liberar\u00e1 mucho mejor. Los pigmentos rojos tienen tendencia a caer muy r\u00e1pido, adem\u00e1s, mi cabello est\u00e1 completamente limpio de siliconas y tuve el color directamente en el cabello completamente limpio. El cabello de Mila tiene mucha silicona (capa sobre capa de silicona puede hacer que el color no se adhiera tan bien) y tambi\u00e9n mezcl\u00e9 el color con mucho acondicionador.<\/p>\n<p><img loading=\"lazy\" decoding=\"async\" class=\"alignnone size-large wp-image-31006\" src=\"http:\/\/www.imakeyousmile.se\/wp-content\/uploads\/2018\/01\/IMG_8058-1024x988.jpg\" alt=\"\" width=\"640\" height=\"618\" srcset=\"https:\/\/www.imakeyousmile.se\/wp-content\/uploads\/2018\/01\/IMG_8058-1024x988.jpg 1024w, https:\/\/www.imakeyousmile.se\/wp-content\/uploads\/2018\/01\/IMG_8058-300x289.jpg 300w, https:\/\/www.imakeyousmile.se\/wp-content\/uploads\/2018\/01\/IMG_8058-768x741.jpg 768w, https:\/\/www.imakeyousmile.se\/wp-content\/uploads\/2018\/01\/IMG_8058-696x672.jpg 696w, https:\/\/www.imakeyousmile.se\/wp-content\/uploads\/2018\/01\/IMG_8058-1068x1030.jpg 1068w, https:\/\/www.imakeyousmile.se\/wp-content\/uploads\/2018\/01\/IMG_8058-435x420.jpg 435w\" sizes=\"(max-width: 640px) 100vw, 640px\" \/><\/p>\n<p>\u00a1Tan feliz! \u00a1Y yo tambi\u00e9n jaja!<\/p>\n<p>Entonces puedo imaginar que muchos de ustedes que leen est\u00e1n en contra de te\u00f1irse el cabello cuando son tan j\u00f3venes, entiendo completamente el problema tanto desde una perspectiva feminista como puramente en t\u00e9rminos de edad con medios fuertes, etc.<\/p>\n<p>No voy a hablar mucho de eso, solo quer\u00eda el agregado que cuando se trata de feminista, transmito valores muy saludables sobre la apariencia y cosas codificadas femeninas como maquillaje, rosa, etc. y todo lo que es importante que los ni\u00f1os obtengan de casa. Vivo con mis sobrinas y puedo influir mucho. Entre otras cosas, soy parte de un grupo de g\u00e9nero para padres en Facebook, escucho el podcast Penntricket y en general soy muy le\u00eddo e interesado :) As\u00ed que no tienes que preocuparte por eso \u2665<\/p>\n<p>\u00a1Los abrazos son!<\/p>","protected":false},"excerpt":{"rendered":"<p>Min systerdotter Mila fyllde \u00e5r i mellandagarna och fick en f\u00f6delsedagspresent som var rolig f\u00f6r b\u00e5de henne och mig &#8211; hon har tjatat om att f\u00e5 f\u00e4rga h\u00e5ret rosa och jag fick det dr\u00f6mmiga uppdraget att f\u00e4rga hennes h\u00e5r rosa! :D Jag gjorde ju mitt h\u00e5r turkost med L&#8217;Or\u00e9al Paris Colorista Washout som jag skrev [&hellip;]<\/p>\n","protected":false},"author":30,"featured_media":31005,"comment_status":"open","ping_status":"closed","sticky":false,"template":"","format":"standard","meta":{"footnotes":""},"categories":[2862],"tags":[6039],"class_list":["post-30995","post","type-post","status-publish","format-standard","has-post-thumbnail","hentry","category-har","tag-loreal-colorista-washout"],"yoast_head":"<!-- This site is optimized with the Yoast SEO Premium plugin v14.9 - https:\/\/yoast.com\/wordpress\/plugins\/seo\/ -->\n<meta name=\"description\" content=\"F\u00e4rga h\u00e5ret rosa hemma | Helena Amiley - H\u00e4r hittar du senaste infromation om sk\u00f6nhet, livsstil, entrepren\u00f6rskap, makeup &amp; tips.\" \/>\n<meta name=\"robots\" content=\"index, follow, max-snippet:-1, max-image-preview:large, max-video-preview:-1\" \/>\n<link rel=\"canonical\" href=\"https:\/\/www.imakeyousmile.se\/es\/farga-haret-rosa-hemma\/\" \/>\n<meta property=\"og:locale\" content=\"es_ES\" \/>\n<meta property=\"og:type\" content=\"article\" \/>\n<meta property=\"og:title\" content=\"F\u00e4rga h\u00e5ret rosa hemma | Imakeyousmile.se\" \/>\n<meta property=\"og:description\" content=\"F\u00e4rga h\u00e5ret rosa hemma | Helena Amiley - H\u00e4r hittar du senaste infromation om sk\u00f6nhet, livsstil, entrepren\u00f6rskap, makeup &amp; tips.\" \/>\n<meta property=\"og:url\" content=\"https:\/\/www.imakeyousmile.se\/es\/farga-haret-rosa-hemma\/\" \/>\n<meta property=\"og:site_name\" content=\"Imakeyousmile.se\" \/>\n<meta property=\"article:author\" content=\"https:\/\/www.facebook.com\/imakeyousmile.se\" \/>\n<meta property=\"article:published_time\" content=\"2018-01-04T15:14:09+00:00\" \/>\n<meta property=\"article:modified_time\" content=\"2021-09-27T13:11:08+00:00\" \/>\n<meta property=\"og:image\" content=\"https:\/\/www.imakeyousmile.se\/wp-content\/uploads\/2018\/01\/IMG_8043_111.jpg\" \/>\n\t<meta property=\"og:image:width\" content=\"2500\" \/>\n\t<meta property=\"og:image:height\" content=\"2026\" \/>\n<meta name=\"twitter:card\" content=\"summary_large_image\" \/>\n<script type=\"application\/ld+json\" class=\"yoast-schema-graph\">{\"@context\":\"https:\/\/schema.org\",\"@graph\":[{\"@type\":\"Organization\",\"@id\":\"https:\/\/www.imakeyousmile.se\/es\/#organization\",\"name\":\"Imakeyousmile\",\"url\":\"https:\/\/www.imakeyousmile.se\/es\/\",\"sameAs\":[],\"logo\":{\"@type\":\"ImageObject\",\"@id\":\"https:\/\/www.imakeyousmile.se\/es\/#logo\",\"inLanguage\":\"es\",\"url\":\"https:\/\/www.imakeyousmile.se\/wp-content\/uploads\/2020\/10\/HELENA-AMILEY_SVART-1-e1603367975324.png\",\"width\":280,\"height\":93,\"caption\":\"Imakeyousmile\"},\"image\":{\"@id\":\"https:\/\/www.imakeyousmile.se\/es\/#logo\"}},{\"@type\":\"WebSite\",\"@id\":\"https:\/\/www.imakeyousmile.se\/es\/#website\",\"url\":\"https:\/\/www.imakeyousmile.se\/es\/\",\"name\":\"Imakeyousmile.se\",\"description\":\"Helena Amiley - Beauty, Entrepreneur, Lifestyle\",\"publisher\":{\"@id\":\"https:\/\/www.imakeyousmile.se\/es\/#organization\"},\"potentialAction\":[{\"@type\":\"SearchAction\",\"target\":\"https:\/\/www.imakeyousmile.se\/es\/?s={search_term_string}\",\"query-input\":\"required name=search_term_string\"}],\"inLanguage\":\"es\"},{\"@type\":\"ImageObject\",\"@id\":\"https:\/\/www.imakeyousmile.se\/farga-haret-rosa-hemma\/#primaryimage\",\"inLanguage\":\"es\",\"url\":\"https:\/\/www.imakeyousmile.se\/wp-content\/uploads\/2018\/01\/IMG_8043_111.jpg\",\"width\":2500,\"height\":2026},{\"@type\":\"WebPage\",\"@id\":\"https:\/\/www.imakeyousmile.se\/farga-haret-rosa-hemma\/#webpage\",\"url\":\"https:\/\/www.imakeyousmile.se\/farga-haret-rosa-hemma\/\",\"name\":\"F\\u00e4rga h\\u00e5ret rosa hemma | Imakeyousmile.se\",\"isPartOf\":{\"@id\":\"https:\/\/www.imakeyousmile.se\/es\/#website\"},\"primaryImageOfPage\":{\"@id\":\"https:\/\/www.imakeyousmile.se\/farga-haret-rosa-hemma\/#primaryimage\"},\"datePublished\":\"2018-01-04T15:14:09+00:00\",\"dateModified\":\"2021-09-27T13:11:08+00:00\",\"description\":\"F\\u00e4rga h\\u00e5ret rosa hemma | Helena Amiley - H\\u00e4r hittar du senaste infromation om sk\\u00f6nhet, livsstil, entrepren\\u00f6rskap, makeup & tips.\",\"inLanguage\":\"es\",\"potentialAction\":[{\"@type\":\"ReadAction\",\"target\":[\"https:\/\/www.imakeyousmile.se\/farga-haret-rosa-hemma\/\"]}]},{\"@type\":\"Article\",\"@id\":\"https:\/\/www.imakeyousmile.se\/farga-haret-rosa-hemma\/#article\",\"isPartOf\":{\"@id\":\"https:\/\/www.imakeyousmile.se\/farga-haret-rosa-hemma\/#webpage\"},\"author\":{\"@id\":\"https:\/\/www.imakeyousmile.se\/es\/#\/schema\/person\/b0fd43b1c6bb1c60cfd68bff9b4a10fb\"},\"headline\":\"F\\u00e4rga h\\u00e5ret rosa hemma\",\"datePublished\":\"2018-01-04T15:14:09+00:00\",\"dateModified\":\"2021-09-27T13:11:08+00:00\",\"mainEntityOfPage\":{\"@id\":\"https:\/\/www.imakeyousmile.se\/farga-haret-rosa-hemma\/#webpage\"},\"commentCount\":11,\"publisher\":{\"@id\":\"https:\/\/www.imakeyousmile.se\/es\/#organization\"},\"image\":{\"@id\":\"https:\/\/www.imakeyousmile.se\/farga-haret-rosa-hemma\/#primaryimage\"},\"keywords\":\"loreal colorista washout\",\"articleSection\":\"H\\u00e5r\",\"inLanguage\":\"es\",\"potentialAction\":[{\"@type\":\"CommentAction\",\"name\":\"Comment\",\"target\":[\"https:\/\/www.imakeyousmile.se\/farga-haret-rosa-hemma\/#respond\"]}]},{\"@type\":\"Person\",\"@id\":\"https:\/\/www.imakeyousmile.se\/es\/#\/schema\/person\/b0fd43b1c6bb1c60cfd68bff9b4a10fb\",\"name\":\"Helena Amiley\",\"image\":{\"@type\":\"ImageObject\",\"@id\":\"https:\/\/www.imakeyousmile.se\/es\/#personlogo\",\"inLanguage\":\"es\",\"url\":\"https:\/\/secure.gravatar.com\/avatar\/5645558e1e355457a23368d7e1b4c904?s=96&d=mm&r=g\",\"caption\":\"Helena Amiley\"},\"description\":\"Jag skriver mest om sk\\u00f6nhet men bjuder \\u00e4ven p\\u00e5 glimtar fr\\u00e5n entrepren\\u00f6rlivet och bygget av v\\u00e5r egen camper van. Vanlife here we come!\",\"sameAs\":[\"https:\/\/www.facebook.com\/imakeyousmile.se\",\"https:\/\/www.instagram.com\/helenaamiley\",\"https:\/\/www.youtube.com\/channel\/UCR5iB6rvpV6Yr8ZjpQfr5mg?view_as=subscriber\"]}]}<\/script>\n<!-- \/ Yoast SEO Premium plugin. -->","_links":{"self":[{"href":"https:\/\/www.imakeyousmile.se\/es\/wp-json\/wp\/v2\/posts\/30995"}],"collection":[{"href":"https:\/\/www.imakeyousmile.se\/es\/wp-json\/wp\/v2\/posts"}],"about":[{"href":"https:\/\/www.imakeyousmile.se\/es\/wp-json\/wp\/v2\/types\/post"}],"author":[{"embeddable":true,"href":"https:\/\/www.imakeyousmile.se\/es\/wp-json\/wp\/v2\/users\/30"}],"replies":[{"embeddable":true,"href":"https:\/\/www.imakeyousmile.se\/es\/wp-json\/wp\/v2\/comments?post=30995"}],"version-history":[{"count":4,"href":"https:\/\/www.imakeyousmile.se\/es\/wp-json\/wp\/v2\/posts\/30995\/revisions"}],"predecessor-version":[{"id":41238,"href":"https:\/\/www.imakeyousmile.se\/es\/wp-json\/wp\/v2\/posts\/30995\/revisions\/41238"}],"wp:featuredmedia":[{"embeddable":true,"href":"https:\/\/www.imakeyousmile.se\/es\/wp-json\/wp\/v2\/media\/31005"}],"wp:attachment":[{"href":"https:\/\/www.imakeyousmile.se\/es\/wp-json\/wp\/v2\/media?parent=30995"}],"wp:term":[{"taxonomy":"category","embeddable":true,"href":"https:\/\/www.imakeyousmile.se\/es\/wp-json\/wp\/v2\/categories?post=30995"},{"taxonomy":"post_tag","embeddable":true,"href":"https:\/\/www.imakeyousmile.se\/es\/wp-json\/wp\/v2\/tags?post=30995"}],"curies":[{"name":"wp","href":"https:\/\/api.w.org\/{rel}","templated":true}]}}