{"id":31134,"date":"2018-01-10T09:18:21","date_gmt":"2018-01-10T08:18:21","guid":{"rendered":"http:\/\/www.imakeyousmile.se\/?p=31134"},"modified":"2021-09-14T18:23:37","modified_gmt":"2021-09-14T16:23:37","slug":"beauty-packning-infor-solsemester","status":"publish","type":"post","link":"https:\/\/www.imakeyousmile.se\/es\/belleza-embalaje-infor-sol-vacaciones\/","title":{"rendered":"Embalaje de belleza antes de las vacaciones de sol"},"content":{"rendered":"<p>\u00a1Como sabes, viajamos a M\u00e9xico el s\u00e1bado! Salimos temprano en la ma\u00f1ana y trabajo largas jornadas de lunes a viernes, as\u00ed que ya he comenzado a preparar el embalaje y a hacer un poco cada noche.<\/p>\n<p>\u00a1As\u00ed que pens\u00e9 en aprovechar la oportunidad para mostrarte lo que deber\u00eda traer conmigo en cuanto a belleza! Me encanta cuando otros hacen publicaciones de este tipo, no necesariamente para obtener sugerencias de productos, sino para ver c\u00f3mo todos piensan y priorizan, es muy divertido :)<\/p>\n<p>Personalmente, soy el experto de los expertos en empacar demasiado conmigo y, al mismo tiempo, odio cuando lo hago. Quiero un bolso lo m\u00e1s ligero posible y sobre todo lo menos posible para volver a desempacar cuando llegue a casa m\u00e1s tarde jaja.<\/p>\n<p>\u00a1As\u00ed que este viaje realmente he decidido empacar liviano en la forma de la belleza! No he fotografiado art\u00edculos de higiene como desodorantes, tops, maquinillas de afeitar y dem\u00e1s porque me pareci\u00f3 un poco redundante. \u00a1Pero estoy muy orgulloso de mi paquete de belleza ligero ahora en realidad! \u00a1Buen trabajo Helenis!<\/p>\n<p>\u00a1Aqu\u00ed puedes ver!<\/p>\n<p><img loading=\"lazy\" decoding=\"async\" class=\"alignnone size-large wp-image-31135\" src=\"http:\/\/www.imakeyousmile.se\/wp-content\/uploads\/2018\/01\/IMG_9141-1024x759.jpg\" alt=\"\" width=\"640\" height=\"474\" srcset=\"https:\/\/www.imakeyousmile.se\/wp-content\/uploads\/2018\/01\/IMG_9141-1024x759.jpg 1024w, https:\/\/www.imakeyousmile.se\/wp-content\/uploads\/2018\/01\/IMG_9141-300x222.jpg 300w, https:\/\/www.imakeyousmile.se\/wp-content\/uploads\/2018\/01\/IMG_9141-768x569.jpg 768w, https:\/\/www.imakeyousmile.se\/wp-content\/uploads\/2018\/01\/IMG_9141-80x60.jpg 80w, https:\/\/www.imakeyousmile.se\/wp-content\/uploads\/2018\/01\/IMG_9141-696x516.jpg 696w, https:\/\/www.imakeyousmile.se\/wp-content\/uploads\/2018\/01\/IMG_9141-1068x792.jpg 1068w, https:\/\/www.imakeyousmile.se\/wp-content\/uploads\/2018\/01\/IMG_9141-567x420.jpg 567w\" sizes=\"(max-width: 640px) 100vw, 640px\" \/><\/p>\n<p>Soy el rey del ba\u00f1o jaja, \u00a1me encantan los art\u00edculos de tocador! Todo en su lugar y orden en el equipaje.<\/p>\n<p><img loading=\"lazy\" decoding=\"async\" class=\"alignnone size-large wp-image-31140\" src=\"http:\/\/www.imakeyousmile.se\/wp-content\/uploads\/2018\/01\/IMG_9211-1024x626.jpg\" alt=\"\" width=\"640\" height=\"391\" srcset=\"https:\/\/www.imakeyousmile.se\/wp-content\/uploads\/2018\/01\/IMG_9211-1024x626.jpg 1024w, https:\/\/www.imakeyousmile.se\/wp-content\/uploads\/2018\/01\/IMG_9211-300x183.jpg 300w, https:\/\/www.imakeyousmile.se\/wp-content\/uploads\/2018\/01\/IMG_9211-768x469.jpg 768w, https:\/\/www.imakeyousmile.se\/wp-content\/uploads\/2018\/01\/IMG_9211-696x425.jpg 696w, https:\/\/www.imakeyousmile.se\/wp-content\/uploads\/2018\/01\/IMG_9211-1068x653.jpg 1068w, https:\/\/www.imakeyousmile.se\/wp-content\/uploads\/2018\/01\/IMG_9211-687x420.jpg 687w\" sizes=\"(max-width: 640px) 100vw, 640px\" \/><\/p>\n<p><strong>Maquillaje<\/strong><br \/>\n\u00bf\u00bfLo ves?? \u00a1\u00a1Tan peque\u00f1o!! Me pregunto si me arrepentir\u00e9 jaja, pero la idea es que no voy a maquillarme tanto. Estoy tan preparada con pesta\u00f1as, cejas y maquillaje permanente que solo necesito un poco de refresco si quiero sentirme bien. Y luego traigo algunas sombras de ojos y colores de labios si quiero haber logrado m\u00e1s maquillaje :)<\/p>\n<p>Fundaci\u00f3n Mineral <a href=\"https:\/\/ion.lyko.com\/t\/t?a=1117786221&amp;as=1548102449&amp;t=2&amp;tk=1&amp;epi=search-replace-pressedbase&amp;url=https:\/\/lyko.com\/sv\/glo-skin-beauty\/glominerals-pressed-base-golden-medium\">Base prensada gloMinerals<\/a> en un tono demasiado oscuro (ahora), que es la forma m\u00e1s r\u00e1pida de igualar el tono de la piel y reducir la grasa.<br \/>\nL\u00e1piz de labios de <a href=\"https:\/\/ion.lyko.com\/t\/t?a=1117786221&amp;as=1548102449&amp;t=2&amp;tk=1&amp;epi=search-replace-glolippencil&amp;url=https:\/\/lyko.com\/sv\/glo-skin-beauty\/glo-skin-bea-precison-lip-pencil-soulmat\/\">gloMinerals (Coral crush)<\/a> y mate <a href=\"https:\/\/ion.lyko.com\/t\/t?a=1117786221&amp;as=1548102449&amp;t=2&amp;tk=1&amp;epi=search-replace-glocreamglaze&amp;url=https:\/\/lyko.com\/sv\/glo-skin-beauty\/glominerals-glo-cream-glaze-crayon-bloom\">barra de labios de GloMinerals<\/a>, tono rosa Rumor y tono rojo Bombshell :)<br \/>\n<a href=\"https:\/\/ion.lyko.com\/t\/t?a=1117786221&amp;as=1548102449&amp;t=2&amp;tk=1&amp;epi=search-replace-pixibalm&amp;url=https:\/\/lyko.com\/sv\/pixi\/pixi-shea-butter-lipbalm-honey-nectar\">B\u00e1lsamo labial de manteca de karit\u00e9 Pixi<\/a>, brillo de labios de color, \u00a1no puedo prescindir de esto!<br \/>\n<a href=\"https:\/\/ion.lyko.com\/t\/t?a=1117786221&amp;as=1548102449&amp;t=2&amp;tk=1&amp;epi=search-replace-pixi-eyebright&amp;url=https:\/\/lyko.com\/sv\/pixi\/pixi-eye-bright-primer\/\">Prebase brillante para ojos Pixi<\/a>, si quiero aplicar sombra de ojos, \u00a1tengo que tener una prebase!<br \/>\nPaleta de maquillaje Pixi Minimal, iluminador, contorno, rubor y 4 sombras de ojos en una paleta. \u00a1Tan bueno! (Desafortunadamente fuera del alcance de Pixi)<br \/>\nBrynpenna, <a href=\"https:\/\/ion.lyko.com\/t\/t?a=1117786221&amp;as=1548102449&amp;t=2&amp;tk=1&amp;epi=search-replace-glocreamglaze&amp;url=https:\/\/lyko.com\/sv\/glo-skin-beauty\/glominerals-glo-cream-glaze-crayon-bloom\">Delineador de cejas Miro de gloMinerals <\/a>(Ceniza)<br \/>\n<a href=\"https:\/\/ion.lyko.com\/t\/t?a=1117786221&amp;as=1548102449&amp;t=2&amp;tk=1&amp;epi=search-replae-pixi-tint&amp;url=https:\/\/lyko.com\/sv\/pixi\/pixi-tint-conceal3-nude-glow\/\">Pixi Illuminatint Tinte y ocultaci\u00f3n<\/a> (2 Nude), crema de d\u00eda con spf 20 y corrector en el corcho. \u00a1El mejor producto de vacaciones!<br \/>\n<a href=\"https:\/\/creativemakeup.se\/butik\/smink\/santhilea-magnetic-lash\/\">M\u00e1scara de pesta\u00f1as magn\u00e9ticas<\/a>, Voy a tener pesta\u00f1as permanentes hoy, as\u00ed que puede que no quiera r\u00edmel en absoluto, \u00a1pero en ese caso puede que venga con \u00e9l!<br \/>\n<a href=\"https:\/\/ion.lyko.com\/t\/t?a=1117786221&amp;as=1548102449&amp;t=2&amp;tk=1&amp;epi=search-replace-glomixedmetal&amp;url=https:\/\/lyko.com\/sv\/glo-skin-beauty\/glo-skin-be-shadow-palette-mixed-metals\/\">Paleta de sombras gloMinerals (metales mezclados)<\/a>\u00a0con sombras de ojos para maquillaje oscuro y claro si tengo un poco de sentimiento :)<\/p>\n<p>Y luego los pinceles de maquillaje, por supuesto, pero ahora no los fotografi\u00e9, tengo que lavarlos antes de irme.<\/p>\n<p><img loading=\"lazy\" decoding=\"async\" class=\"alignnone size-large wp-image-31139\" src=\"http:\/\/www.imakeyousmile.se\/wp-content\/uploads\/2018\/01\/IMG_9201-1024x717.jpg\" alt=\"\" width=\"640\" height=\"448\" srcset=\"https:\/\/www.imakeyousmile.se\/wp-content\/uploads\/2018\/01\/IMG_9201-1024x717.jpg 1024w, https:\/\/www.imakeyousmile.se\/wp-content\/uploads\/2018\/01\/IMG_9201-300x210.jpg 300w, https:\/\/www.imakeyousmile.se\/wp-content\/uploads\/2018\/01\/IMG_9201-768x538.jpg 768w, https:\/\/www.imakeyousmile.se\/wp-content\/uploads\/2018\/01\/IMG_9201-100x70.jpg 100w, https:\/\/www.imakeyousmile.se\/wp-content\/uploads\/2018\/01\/IMG_9201-696x487.jpg 696w, https:\/\/www.imakeyousmile.se\/wp-content\/uploads\/2018\/01\/IMG_9201-1068x748.jpg 1068w, https:\/\/www.imakeyousmile.se\/wp-content\/uploads\/2018\/01\/IMG_9201-600x420.jpg 600w\" sizes=\"(max-width: 640px) 100vw, 640px\" \/><\/p>\n<p><strong>Cuidado corporal y protector solar<br \/>\n<\/strong>El perfume <a href=\"https:\/\/dot.yves-rocher.se\/t\/t?a=138068268&amp;as=1548102449&amp;t=2&amp;tk=1&amp;epi=search-replace-yvesparfym&amp;url=https:\/\/www.yves-rocher.se\/parfym\/c\/30000\">Momento de felicidad <\/a>(adlink) de Yves Rocher, muy sano y bueno!<\/p>\n<p>Protector solar 50 en forma de spray de <a href=\"https:\/\/ion.lyko.com\/t\/t?a=1117786221&amp;as=1548102449&amp;t=2&amp;tk=1&amp;epi=search-replace-solskydd&amp;url=https:\/\/lyko.com\/sv\/hudvard\/solprodukter\/solskydd\">Cuidado del cabello de la visi\u00f3n <\/a>(adlink), aunque esto no lo impide por completo, ya que creo que se pone un poco pegajoso en la piel, pero quieres usar las cosas que tienes en casa y \u00a1est\u00e1 absolutamente bien!<\/p>\n<p>Protector solar 50 para el rostro de <a href=\"https:\/\/ion.lyko.com\/t\/t?a=1117786221&amp;as=1548102449&amp;t=2&amp;tk=1&amp;epi=search-replace-solskydd&amp;url=https:\/\/lyko.com\/sv\/hudvard\/solprodukter\/solskydd\">ACO<\/a> (adlink), \u00a1creo que esto es bueno! No hay una f\u00f3rmula sorprendente, pero se hunde bien y hace su trabajo :)<\/p>\n<p>Una locion corporal <a href=\"https:\/\/dot.yves-rocher.se\/t\/t?a=138068268&amp;as=1548102449&amp;t=2&amp;tk=1\">Yves Rocher Loci\u00f3n Reparadora Piel Extra Seca<\/a> (adlink), realmente encantador para lubricarse despu\u00e9s de la ducha. Es muy espeso y se adhiere a la grasa, pero no se pega en absoluto.<\/p>\n<p><img loading=\"lazy\" decoding=\"async\" class=\"alignnone size-large wp-image-31138\" src=\"http:\/\/www.imakeyousmile.se\/wp-content\/uploads\/2018\/01\/IMG_9191-1024x745.jpg\" alt=\"\" width=\"640\" height=\"466\" srcset=\"https:\/\/www.imakeyousmile.se\/wp-content\/uploads\/2018\/01\/IMG_9191-1024x745.jpg 1024w, https:\/\/www.imakeyousmile.se\/wp-content\/uploads\/2018\/01\/IMG_9191-300x218.jpg 300w, https:\/\/www.imakeyousmile.se\/wp-content\/uploads\/2018\/01\/IMG_9191-768x559.jpg 768w, https:\/\/www.imakeyousmile.se\/wp-content\/uploads\/2018\/01\/IMG_9191-324x235.jpg 324w, https:\/\/www.imakeyousmile.se\/wp-content\/uploads\/2018\/01\/IMG_9191-696x506.jpg 696w, https:\/\/www.imakeyousmile.se\/wp-content\/uploads\/2018\/01\/IMG_9191-1068x777.jpg 1068w, https:\/\/www.imakeyousmile.se\/wp-content\/uploads\/2018\/01\/IMG_9191-577x420.jpg 577w\" sizes=\"(max-width: 640px) 100vw, 640px\" \/><\/p>\n<p>Necesito comprar la limpieza nueva de Sanctum, que arreglar\u00e9 en el trabajo m\u00e1s tarde hoy, por lo que no estaba permitida en la imagen. Pero como tengo que empacar liviano, esto es lo \u00fanico que agrego para la cara.<\/p>\n<p>Limpieza matutina y vespertina, <a href=\"https:\/\/creativemakeup.se\/butik\/hudvard\/sanctum-soothing-cream-cleanser\/\">Limpiador en crema Sanctum<\/a><br \/>\n<a href=\"https:\/\/creativemakeup.se\/butik\/naglar\/infinatura-cura-oil-10ml\/\">Aceite Infinatura Cura<\/a> en la cara por la ma\u00f1ana y por la noche, como un suero oleoso.<br \/>\n<a href=\"https:\/\/creativemakeup.se\/butik\/hudvard\/sanctum-on-the-spot\/\">En el instante <\/a>en espinillas y <a href=\"https:\/\/creativemakeup.se\/butik\/hudvard\/sanctum-firming-eye-balm\/\">B\u00e1lsamo para los ojos <\/a>alrededor de los ojos<br \/>\nDurante el d\u00eda tomo protector solar ACO como crema de d\u00eda y por la noche la Crema acondicionadora de noche Sanctum.<br \/>\nMi spray favorito <a href=\"https:\/\/ion.lyko.com\/t\/t?a=1117786221&amp;as=1548102449&amp;t=2&amp;tk=1&amp;epi=search-replace-pixiglowmist&amp;url=https:\/\/lyko.com\/sv\/pixi\/pixi-glow-mist-80ml\">Pixi Glow Mist<\/a> \u00a1Debes unirte tambi\u00e9n! Perfecto para rociar cuando la piel necesita m\u00e1s hidrataci\u00f3n. Contiene mucho aceite pero no se vuelve particularmente graso en la cara pero se absorbe muy bien. Por lo general, tambi\u00e9n roc\u00edo en el escote, donde generalmente rara vez tengo la fuerza para lubricarme, \u00a1pero rociar esto es tan r\u00e1pido y f\u00e1cil!<\/p>\n<p><img loading=\"lazy\" decoding=\"async\" class=\"alignnone size-large wp-image-31137\" src=\"http:\/\/www.imakeyousmile.se\/wp-content\/uploads\/2018\/01\/IMG_9180-1009x1024.jpg\" alt=\"\" width=\"640\" height=\"650\" srcset=\"https:\/\/www.imakeyousmile.se\/wp-content\/uploads\/2018\/01\/IMG_9180-1009x1024.jpg 1009w, https:\/\/www.imakeyousmile.se\/wp-content\/uploads\/2018\/01\/IMG_9180-296x300.jpg 296w, https:\/\/www.imakeyousmile.se\/wp-content\/uploads\/2018\/01\/IMG_9180-768x780.jpg 768w, https:\/\/www.imakeyousmile.se\/wp-content\/uploads\/2018\/01\/IMG_9180-696x707.jpg 696w, https:\/\/www.imakeyousmile.se\/wp-content\/uploads\/2018\/01\/IMG_9180-1068x1084.jpg 1068w, https:\/\/www.imakeyousmile.se\/wp-content\/uploads\/2018\/01\/IMG_9180-414x420.jpg 414w\" sizes=\"(max-width: 640px) 100vw, 640px\" \/><\/p>\n<p><strong>Lavado de cabello<\/strong><br \/>\nSolo digo una cosa: <a href=\"https:\/\/creativemakeup.se\/butik\/harvard\/hair-scalp-multi-treat\/\">Hairology Multi tratamiento<\/a>! No es tan ligero, una lata de 400 ml jaja, PERO vale la pena ya que complementa varios otros productos. Gracias a eso, basta con el embalaje de viaje de champ\u00fa, acondicionador y envoltorio ordinarios (deber\u00eda ser suficiente tanto para m\u00ed como para Miska) como tambi\u00e9n ves en la imagen.<\/p>\n<p>Multi Treat es una envoltura para el cabello y el cuero cabelludo que limpia y es incre\u00edblemente cuidadosa, hidratante y calmante para la piel. Los productos m\u00faltiples suelen estar un poco a medias en todo, pero estoy completamente convencido de esto y no puedo prescindir. En el viaje lo usar\u00e9 como:<\/p>\n<ul>\n<li><strong>Champ\u00fa, envoltorio y acondicionador<\/strong> - Normalmente me ducho el pelo 1 m\u00e1ximo 2 veces a la semana, pero ahora querr\u00e1s enjuagarlo todos los d\u00edas y luego es suficiente con esto para que el cabello est\u00e9 limpio y suave despu\u00e9s.<\/li>\n<li><strong>Mascarilla -<\/strong> Incre\u00edblemente agradable como mascarilla, especialmente si necesitas calmar la piel, que probablemente necesitar\u00e9 a pesar del protector solar 50.<\/li>\n<li><strong>Despues del sol<\/strong> - Lo mismo se aplica a la piel del cuerpo si lo necesito despu\u00e9s del sol, esta realmente fresco cuando te has quemado.<\/li>\n<\/ul>\n<p>Soy revendedor de H\u00e5rologi en Creativemakeup.se y quiero enfatizar que el producto en s\u00ed solo se describe a s\u00ed mismo como una envoltura para el cabello que cuida la piel y funciona como champ\u00fa y acondicionador. \u00a1Que funcione como mascarilla y para quemaduras es mi propia invenci\u00f3n!<\/p>\n<p>El champ\u00fa es <a href=\"https:\/\/creativemakeup.se\/butik\/harvard\/fil-shampoo\/\">Champ\u00fa Hairology FILE<\/a>, la envoltura para el cabello es <a href=\"https:\/\/creativemakeup.se\/butik\/harvard\/fil-intensive-cure\/\">Hairology FILE Curaci\u00f3n Intensiva<\/a> y el acondicionador es <a href=\"https:\/\/creativemakeup.se\/butik\/harvard\/filfob-conditioner\/\">Acondicionador Hairology FIL \/ FIB<\/a>. El tratamiento m\u00faltiple y el acondicionador se pueden pedir como de costumbre, pero para los champ\u00fas y envolturas para el cabello m\u00e1s activos, primero debe enviar su cabello para su an\u00e1lisis. Leer m\u00e1s sobre esto <a href=\"https:\/\/creativemakeup.se\/harologi-2\/\">aqu\u00ed<\/a>!<\/p>\n<p><img loading=\"lazy\" decoding=\"async\" class=\"alignnone size-large wp-image-31141\" src=\"http:\/\/www.imakeyousmile.se\/wp-content\/uploads\/2018\/01\/IMG_9186-1024x996.jpg\" alt=\"\" width=\"640\" height=\"623\" srcset=\"https:\/\/www.imakeyousmile.se\/wp-content\/uploads\/2018\/01\/IMG_9186-1024x996.jpg 1024w, https:\/\/www.imakeyousmile.se\/wp-content\/uploads\/2018\/01\/IMG_9186-300x292.jpg 300w, https:\/\/www.imakeyousmile.se\/wp-content\/uploads\/2018\/01\/IMG_9186-768x747.jpg 768w, https:\/\/www.imakeyousmile.se\/wp-content\/uploads\/2018\/01\/IMG_9186-696x677.jpg 696w, https:\/\/www.imakeyousmile.se\/wp-content\/uploads\/2018\/01\/IMG_9186-1068x1039.jpg 1068w, https:\/\/www.imakeyousmile.se\/wp-content\/uploads\/2018\/01\/IMG_9186-432x420.jpg 432w\" sizes=\"(max-width: 640px) 100vw, 640px\" \/><\/p>\n<p><a href=\"https:\/\/creativemakeup.se\/butik\/harvard\/harologi-torrschampo-blonde\/\">Shamp\u00fa seco<\/a> es imprescindible para m\u00ed tambi\u00e9n, \u00bfc\u00f3mo ser\u00eda si me fuera sin \u00e9l?<\/p>\n<p>Y luego Hairology Flexi Spray, que a\u00fan no tenemos en la gama, pero estoy considerando tomarlo porque yo mismo lo uso mucho. Es un spray de cuidado que adem\u00e1s tiene protecci\u00f3n UV, \u00a1perfecto en M\u00e9xico!<\/p>\n<p><img loading=\"lazy\" decoding=\"async\" class=\"alignnone size-large wp-image-31136\" src=\"http:\/\/www.imakeyousmile.se\/wp-content\/uploads\/2018\/01\/IMG_9161-1024x682.jpg\" alt=\"\" width=\"640\" height=\"426\" srcset=\"https:\/\/www.imakeyousmile.se\/wp-content\/uploads\/2018\/01\/IMG_9161-1024x682.jpg 1024w, https:\/\/www.imakeyousmile.se\/wp-content\/uploads\/2018\/01\/IMG_9161-300x200.jpg 300w, https:\/\/www.imakeyousmile.se\/wp-content\/uploads\/2018\/01\/IMG_9161-768x511.jpg 768w, https:\/\/www.imakeyousmile.se\/wp-content\/uploads\/2018\/01\/IMG_9161-696x463.jpg 696w, https:\/\/www.imakeyousmile.se\/wp-content\/uploads\/2018\/01\/IMG_9161-1068x711.jpg 1068w, https:\/\/www.imakeyousmile.se\/wp-content\/uploads\/2018\/01\/IMG_9161-631x420.jpg 631w\" sizes=\"(max-width: 640px) 100vw, 640px\" \/><\/p>\n<p>Pero tal cosa que he sido bueno y he vertido cosas en paquetes de viaje a la vuelta de la esquina, \u00bfqu\u00e9 tan diligente?<\/p>\n<p>No traer\u00e9 ning\u00fan esmalte de u\u00f1as, ser\u00e1 una manicura en casa antes de irnos, luego puedo usar Infinatura cura Oil (como escrib\u00ed anteriormente) como aceite de u\u00f1as y tal vez algo para cuidar las u\u00f1as que d\u00e9 un poco de brillo. Pero no quiero seguir mejorando los colores de esmaltes de u\u00f1as desgastados y esas cosas, no puedes soportarlo :)<\/p>\n<p>\u00a1Eso fue todo!<\/p>\n<p>\u00bfEst\u00e1s impresionado conmigo? \u00bfSoy solo yo quien piensa que este es un paquete f\u00e1cil en el camino de la belleza o te preocupa c\u00f3mo debo afrontarlo? Jajaja<\/p>\n<p>Puede deslizarse m\u00e1s producto en el \u00faltimo minuto, nunca se sabe;)<\/p>\n<p>\u00a1Espero que hayas pensado que esto fue un poco divertido de ver! Si olvid\u00e9 algo s\u00faper importante, puedes gritar, eres lindo jaja.<\/p>\n<p>\u00a1Abrazo! \u2665<\/p>","protected":false},"excerpt":{"rendered":"<p>Som ni vet s\u00e5 reser vi till Mexico p\u00e5 l\u00f6rdag! Vi \u00e5ker tidigt p\u00e5 morgonen och jag jobbar\u00a0l\u00e5nga dagar m\u00e5n-fre s\u00e5 jag har b\u00f6rjat f\u00f6rbereda packningen redan\u00a0och g\u00f6r litegrann varje kv\u00e4ll. S\u00e5 jag t\u00e4nkte passa p\u00e5 att visa er vad jag ska ha med mig i beauty-v\u00e4g! Jag \u00e4lskar n\u00e4r andra g\u00f6r s\u00e5dana inl\u00e4gg, inte [&hellip;]<\/p>\n","protected":false},"author":30,"featured_media":31140,"comment_status":"open","ping_status":"closed","sticky":false,"template":"","format":"standard","meta":{"footnotes":""},"categories":[59,6997,3919],"tags":[6112,6113],"class_list":["post-31134","post","type-post","status-publish","format-standard","has-post-thumbnail","hentry","category-recensioner-produkttips","category-skonhet","category-sminktips","tag-packa-produkter-solsemester","tag-skonhet-packning-resa"],"yoast_head":"<!-- This site is optimized with the Yoast SEO Premium plugin v14.9 - https:\/\/yoast.com\/wordpress\/plugins\/seo\/ -->\n<meta name=\"description\" content=\"Beauty-packning inf\u00f6r solsemester | Helena Amiley - H\u00e4r hittar du senaste infromation om sk\u00f6nhet, livsstil, entrepren\u00f6rskap, makeup &amp; tips.\" \/>\n<meta name=\"robots\" content=\"index, follow, max-snippet:-1, max-image-preview:large, max-video-preview:-1\" \/>\n<link rel=\"canonical\" href=\"https:\/\/www.imakeyousmile.se\/es\/beauty-packning-infor-solsemester\/\" \/>\n<meta property=\"og:locale\" content=\"es_ES\" \/>\n<meta property=\"og:type\" content=\"article\" \/>\n<meta property=\"og:title\" content=\"Beauty-packning inf\u00f6r solsemester | Imakeyousmile.se\" \/>\n<meta property=\"og:description\" content=\"Beauty-packning inf\u00f6r solsemester | Helena Amiley - H\u00e4r hittar du senaste infromation om sk\u00f6nhet, livsstil, entrepren\u00f6rskap, makeup &amp; tips.\" \/>\n<meta property=\"og:url\" content=\"https:\/\/www.imakeyousmile.se\/es\/beauty-packning-infor-solsemester\/\" \/>\n<meta property=\"og:site_name\" content=\"Imakeyousmile.se\" \/>\n<meta property=\"article:author\" content=\"https:\/\/www.facebook.com\/imakeyousmile.se\" \/>\n<meta property=\"article:published_time\" content=\"2018-01-10T08:18:21+00:00\" \/>\n<meta property=\"article:modified_time\" content=\"2021-09-14T16:23:37+00:00\" \/>\n<meta property=\"og:image\" content=\"https:\/\/www.imakeyousmile.se\/wp-content\/uploads\/2018\/01\/IMG_9211.jpg\" \/>\n\t<meta property=\"og:image:width\" content=\"2500\" \/>\n\t<meta property=\"og:image:height\" content=\"1528\" \/>\n<meta name=\"twitter:card\" content=\"summary_large_image\" \/>\n<script type=\"application\/ld+json\" class=\"yoast-schema-graph\">{\"@context\":\"https:\/\/schema.org\",\"@graph\":[{\"@type\":\"Organization\",\"@id\":\"https:\/\/www.imakeyousmile.se\/es\/#organization\",\"name\":\"Imakeyousmile\",\"url\":\"https:\/\/www.imakeyousmile.se\/es\/\",\"sameAs\":[],\"logo\":{\"@type\":\"ImageObject\",\"@id\":\"https:\/\/www.imakeyousmile.se\/es\/#logo\",\"inLanguage\":\"es\",\"url\":\"https:\/\/www.imakeyousmile.se\/wp-content\/uploads\/2020\/10\/HELENA-AMILEY_SVART-1-e1603367975324.png\",\"width\":280,\"height\":93,\"caption\":\"Imakeyousmile\"},\"image\":{\"@id\":\"https:\/\/www.imakeyousmile.se\/es\/#logo\"}},{\"@type\":\"WebSite\",\"@id\":\"https:\/\/www.imakeyousmile.se\/es\/#website\",\"url\":\"https:\/\/www.imakeyousmile.se\/es\/\",\"name\":\"Imakeyousmile.se\",\"description\":\"Helena Amiley - Beauty, Entrepreneur, Lifestyle\",\"publisher\":{\"@id\":\"https:\/\/www.imakeyousmile.se\/es\/#organization\"},\"potentialAction\":[{\"@type\":\"SearchAction\",\"target\":\"https:\/\/www.imakeyousmile.se\/es\/?s={search_term_string}\",\"query-input\":\"required name=search_term_string\"}],\"inLanguage\":\"es\"},{\"@type\":\"ImageObject\",\"@id\":\"https:\/\/www.imakeyousmile.se\/beauty-packning-infor-solsemester\/#primaryimage\",\"inLanguage\":\"es\",\"url\":\"https:\/\/www.imakeyousmile.se\/wp-content\/uploads\/2018\/01\/IMG_9211.jpg\",\"width\":2500,\"height\":1528},{\"@type\":\"WebPage\",\"@id\":\"https:\/\/www.imakeyousmile.se\/beauty-packning-infor-solsemester\/#webpage\",\"url\":\"https:\/\/www.imakeyousmile.se\/beauty-packning-infor-solsemester\/\",\"name\":\"Beauty-packning inf\\u00f6r solsemester | Imakeyousmile.se\",\"isPartOf\":{\"@id\":\"https:\/\/www.imakeyousmile.se\/es\/#website\"},\"primaryImageOfPage\":{\"@id\":\"https:\/\/www.imakeyousmile.se\/beauty-packning-infor-solsemester\/#primaryimage\"},\"datePublished\":\"2018-01-10T08:18:21+00:00\",\"dateModified\":\"2021-09-14T16:23:37+00:00\",\"description\":\"Beauty-packning inf\\u00f6r solsemester | Helena Amiley - H\\u00e4r hittar du senaste infromation om sk\\u00f6nhet, livsstil, entrepren\\u00f6rskap, makeup & tips.\",\"inLanguage\":\"es\",\"potentialAction\":[{\"@type\":\"ReadAction\",\"target\":[\"https:\/\/www.imakeyousmile.se\/beauty-packning-infor-solsemester\/\"]}]},{\"@type\":\"Article\",\"@id\":\"https:\/\/www.imakeyousmile.se\/beauty-packning-infor-solsemester\/#article\",\"isPartOf\":{\"@id\":\"https:\/\/www.imakeyousmile.se\/beauty-packning-infor-solsemester\/#webpage\"},\"author\":{\"@id\":\"https:\/\/www.imakeyousmile.se\/es\/#\/schema\/person\/b0fd43b1c6bb1c60cfd68bff9b4a10fb\"},\"headline\":\"Beauty-packning inf\\u00f6r solsemester\",\"datePublished\":\"2018-01-10T08:18:21+00:00\",\"dateModified\":\"2021-09-14T16:23:37+00:00\",\"mainEntityOfPage\":{\"@id\":\"https:\/\/www.imakeyousmile.se\/beauty-packning-infor-solsemester\/#webpage\"},\"commentCount\":2,\"publisher\":{\"@id\":\"https:\/\/www.imakeyousmile.se\/es\/#organization\"},\"image\":{\"@id\":\"https:\/\/www.imakeyousmile.se\/beauty-packning-infor-solsemester\/#primaryimage\"},\"keywords\":\"packa produkter solsemester,sk\\u00f6nhet packning resa\",\"articleSection\":\"Recensioner &amp; Produkttips,Sk\\u00f6nhet,Sminktips\",\"inLanguage\":\"es\",\"potentialAction\":[{\"@type\":\"CommentAction\",\"name\":\"Comment\",\"target\":[\"https:\/\/www.imakeyousmile.se\/beauty-packning-infor-solsemester\/#respond\"]}]},{\"@type\":\"Person\",\"@id\":\"https:\/\/www.imakeyousmile.se\/es\/#\/schema\/person\/b0fd43b1c6bb1c60cfd68bff9b4a10fb\",\"name\":\"Helena Amiley\",\"image\":{\"@type\":\"ImageObject\",\"@id\":\"https:\/\/www.imakeyousmile.se\/es\/#personlogo\",\"inLanguage\":\"es\",\"url\":\"https:\/\/secure.gravatar.com\/avatar\/5645558e1e355457a23368d7e1b4c904?s=96&d=mm&r=g\",\"caption\":\"Helena Amiley\"},\"description\":\"Jag skriver mest om sk\\u00f6nhet men bjuder \\u00e4ven p\\u00e5 glimtar fr\\u00e5n entrepren\\u00f6rlivet och bygget av v\\u00e5r egen camper van. Vanlife here we come!\",\"sameAs\":[\"https:\/\/www.facebook.com\/imakeyousmile.se\",\"https:\/\/www.instagram.com\/helenaamiley\",\"https:\/\/www.youtube.com\/channel\/UCR5iB6rvpV6Yr8ZjpQfr5mg?view_as=subscriber\"]}]}<\/script>\n<!-- \/ Yoast SEO Premium plugin. -->","_links":{"self":[{"href":"https:\/\/www.imakeyousmile.se\/es\/wp-json\/wp\/v2\/posts\/31134"}],"collection":[{"href":"https:\/\/www.imakeyousmile.se\/es\/wp-json\/wp\/v2\/posts"}],"about":[{"href":"https:\/\/www.imakeyousmile.se\/es\/wp-json\/wp\/v2\/types\/post"}],"author":[{"embeddable":true,"href":"https:\/\/www.imakeyousmile.se\/es\/wp-json\/wp\/v2\/users\/30"}],"replies":[{"embeddable":true,"href":"https:\/\/www.imakeyousmile.se\/es\/wp-json\/wp\/v2\/comments?post=31134"}],"version-history":[{"count":6,"href":"https:\/\/www.imakeyousmile.se\/es\/wp-json\/wp\/v2\/posts\/31134\/revisions"}],"predecessor-version":[{"id":40768,"href":"https:\/\/www.imakeyousmile.se\/es\/wp-json\/wp\/v2\/posts\/31134\/revisions\/40768"}],"wp:featuredmedia":[{"embeddable":true,"href":"https:\/\/www.imakeyousmile.se\/es\/wp-json\/wp\/v2\/media\/31140"}],"wp:attachment":[{"href":"https:\/\/www.imakeyousmile.se\/es\/wp-json\/wp\/v2\/media?parent=31134"}],"wp:term":[{"taxonomy":"category","embeddable":true,"href":"https:\/\/www.imakeyousmile.se\/es\/wp-json\/wp\/v2\/categories?post=31134"},{"taxonomy":"post_tag","embeddable":true,"href":"https:\/\/www.imakeyousmile.se\/es\/wp-json\/wp\/v2\/tags?post=31134"}],"curies":[{"name":"wp","href":"https:\/\/api.w.org\/{rel}","templated":true}]}}