{"id":31261,"date":"2018-02-04T15:59:13","date_gmt":"2018-02-04T14:59:13","guid":{"rendered":"http:\/\/www.imakeyousmile.se\/?p=31261"},"modified":"2020-10-22T18:30:04","modified_gmt":"2020-10-22T16:30:04","slug":"min-businessvecka-v-5","status":"publish","type":"post","link":"https:\/\/www.imakeyousmile.se\/es\/min-businessweek-v-5\/","title":{"rendered":"Mi semana laboral v. 5"},"content":{"rendered":"<p>SI fue divertido volver al sal\u00f3n despu\u00e9s de 2 semanas de vacaciones y lo primero que escucho cuando entro por la puerta es lo bien que ha ido todo aqu\u00ed y lo bien que han estado todos.<\/p>\n<p>La pr\u00f3xima vez que me vaya de vacaciones, lo har\u00e9 completamente sin preocupaciones en mi cuerpo, esto realmente ha ido muy bien :)<\/p>\n<p><img loading=\"lazy\" decoding=\"async\" class=\"alignnone size-large wp-image-31302\" src=\"http:\/\/www.imakeyousmile.se\/wp-content\/uploads\/2018\/02\/min-businessvecka-4-feb-1024x1024.jpg\" alt=\"\" width=\"640\" height=\"640\" srcset=\"https:\/\/www.imakeyousmile.se\/wp-content\/uploads\/2018\/02\/min-businessvecka-4-feb-1024x1024.jpg 1024w, https:\/\/www.imakeyousmile.se\/wp-content\/uploads\/2018\/02\/min-businessvecka-4-feb-150x150.jpg 150w, https:\/\/www.imakeyousmile.se\/wp-content\/uploads\/2018\/02\/min-businessvecka-4-feb-300x300.jpg 300w, https:\/\/www.imakeyousmile.se\/wp-content\/uploads\/2018\/02\/min-businessvecka-4-feb-768x768.jpg 768w, https:\/\/www.imakeyousmile.se\/wp-content\/uploads\/2018\/02\/min-businessvecka-4-feb-696x696.jpg 696w, https:\/\/www.imakeyousmile.se\/wp-content\/uploads\/2018\/02\/min-businessvecka-4-feb-1068x1068.jpg 1068w, https:\/\/www.imakeyousmile.se\/wp-content\/uploads\/2018\/02\/min-businessvecka-4-feb-420x420.jpg 420w, https:\/\/www.imakeyousmile.se\/wp-content\/uploads\/2018\/02\/min-businessvecka-4-feb.jpg 2000w\" sizes=\"(max-width: 640px) 100vw, 640px\" \/><\/p>\n<p><strong>Los primeros d\u00edas despu\u00e9s de las vacaciones<\/strong><br \/>\nHubiera mentido si hubiera dicho que no era dif\u00edcil comenzar, la semana comenzaba con una enorme dificultad para dormir por la noche, di la vuelta al reloj justo cuando llegamos a casa pero mi cuerpo a\u00fan parec\u00eda estar listo para la hora de M\u00e9xico por las noches.<\/p>\n<p>Adem\u00e1s, hab\u00eda visto frente a m\u00ed comenzar con &quot;la porter\u00eda a cero&quot; o lo que sea que digas, pero se amontona un mont\u00f3n de cosas que no agarraste durante las vacaciones + que yo mismo hab\u00eda guardado cosas de antes de las vacaciones.<\/p>\n<p>As\u00ed que los primeros d\u00edas se pueden resumir con mucha cafe\u00edna por la ma\u00f1ana (pero det\u00e9ngase a tiempo para no tener la m\u00e1s m\u00ednima agilidad en el cuerpo por la noche jaja) y simplemente ponerse al d\u00eda con muchas cosas.<\/p>\n<p>Pero debido a que ten\u00eda tanta inspiraci\u00f3n y energ\u00eda en mi alma, a pesar de que mi cuerpo estaba cansado, estaba completamente descansado :) Estaba tan molesto que no hice el trabajo cosas que me llevaban <em>Adelante<\/em>, se sent\u00eda como si estuviera haciendo cosas que ya deber\u00edan haberse hecho. As\u00ed que apret\u00e9 algunas cosas de trabajo con miras al futuro, lo que ayud\u00f3 un poco a la psique, \u00a1jaja!<\/p>\n<p>Cada vez que sent\u00eda que me recordaba la falta de sue\u00f1o, pensaba: \u201c\u00a1Estoy en\u00e9rgico! \u00a1Hago las cosas! &quot; jaja y me ayud\u00f3 a concentrarme :)<\/p>\n<p><img loading=\"lazy\" decoding=\"async\" class=\"alignnone size-large wp-image-31300\" src=\"http:\/\/www.imakeyousmile.se\/wp-content\/uploads\/2018\/02\/Foto-2018-01-30-13-00-53-1-875x1024.jpg\" alt=\"\" width=\"640\" height=\"749\" srcset=\"https:\/\/www.imakeyousmile.se\/wp-content\/uploads\/2018\/02\/Foto-2018-01-30-13-00-53-1-875x1024.jpg 875w, https:\/\/www.imakeyousmile.se\/wp-content\/uploads\/2018\/02\/Foto-2018-01-30-13-00-53-1-256x300.jpg 256w, https:\/\/www.imakeyousmile.se\/wp-content\/uploads\/2018\/02\/Foto-2018-01-30-13-00-53-1-768x899.jpg 768w, https:\/\/www.imakeyousmile.se\/wp-content\/uploads\/2018\/02\/Foto-2018-01-30-13-00-53-1-696x814.jpg 696w, https:\/\/www.imakeyousmile.se\/wp-content\/uploads\/2018\/02\/Foto-2018-01-30-13-00-53-1-1068x1250.jpg 1068w, https:\/\/www.imakeyousmile.se\/wp-content\/uploads\/2018\/02\/Foto-2018-01-30-13-00-53-1-359x420.jpg 359w\" sizes=\"(max-width: 640px) 100vw, 640px\" \/><\/p>\n<p>Entre otras cosas, \u00a1he completado las fotos de la campa\u00f1a de febrero que Malin hizo completamente sola cuando est\u00e1bamos en M\u00e9xico! Es un maquillaje para el D\u00eda de San Valent\u00edn, uno sobre Ida como maquilladora permanente certificada, uno sobre una prebase iluminadora de Skin Beauty que da luminosidad a la piel cansada por el invierno y otro sobre blanqueamiento de dientes.<\/p>\n<p><strong>Concurso de San Valent\u00edn<\/strong><br \/>\nAdem\u00e1s, tenemos una competencia en nuestra p\u00e1gina de Facebook donde competimos por 2 pares de tratamientos: corte de cabello + corte de barba y permanente de pesta\u00f1as + color de pesta\u00f1as. Puedes elegir si quieres ganar dos barbas, dos pesta\u00f1as o una de ambas. \u00a1As\u00ed que puedes venir y hacer el tratamiento al mismo tiempo que alguien que te gusta! Fint va? :)<\/p>\n<p>Si quieres participar y competir, hazlo <a href=\"https:\/\/www.facebook.com\/creativemakeup.se\/photos\/pb.136173579761943.-2207520000.1517754180.\/1597934260252527\/?type=3&amp;theater\"><strong>aqu\u00ed<\/strong><\/a> en nuestra p\u00e1gina de Facebook!<\/p>\n<p><img loading=\"lazy\" decoding=\"async\" class=\"alignnone size-large wp-image-31301\" src=\"http:\/\/www.imakeyousmile.se\/wp-content\/uploads\/2018\/02\/Sk\u00e4rmklipp-2018-02-04-15.23.19-1024x649.png\" alt=\"\" width=\"640\" height=\"406\" srcset=\"https:\/\/www.imakeyousmile.se\/wp-content\/uploads\/2018\/02\/Sk\u00e4rmklipp-2018-02-04-15.23.19-1024x649.png 1024w, https:\/\/www.imakeyousmile.se\/wp-content\/uploads\/2018\/02\/Sk\u00e4rmklipp-2018-02-04-15.23.19-300x190.png 300w, https:\/\/www.imakeyousmile.se\/wp-content\/uploads\/2018\/02\/Sk\u00e4rmklipp-2018-02-04-15.23.19-768x487.png 768w, https:\/\/www.imakeyousmile.se\/wp-content\/uploads\/2018\/02\/Sk\u00e4rmklipp-2018-02-04-15.23.19-696x441.png 696w, https:\/\/www.imakeyousmile.se\/wp-content\/uploads\/2018\/02\/Sk\u00e4rmklipp-2018-02-04-15.23.19-1068x677.png 1068w, https:\/\/www.imakeyousmile.se\/wp-content\/uploads\/2018\/02\/Sk\u00e4rmklipp-2018-02-04-15.23.19-663x420.png 663w, https:\/\/www.imakeyousmile.se\/wp-content\/uploads\/2018\/02\/Sk\u00e4rmklipp-2018-02-04-15.23.19.png 1662w\" sizes=\"(max-width: 640px) 100vw, 640px\" \/><\/p>\n<p>Ya hab\u00edamos tomado fotos de la barba de Niclas antes, pero yo no ten\u00eda una foto de pesta\u00f1as permanentes en acci\u00f3n, as\u00ed que tom\u00e9 esa foto esta semana de uno de nuestros clientes que fue amable y apareci\u00f3. :)<\/p>\n<p><strong>&quot;\u00a1Ahora he aprendido algo nuevo!&quot;<\/strong><br \/>\nEn M\u00e9xico sal\u00edamos mucho con una pareja de Wisconsin en los Estados Unidos y una de ellas, Tina, dec\u00eda muy a menudo &quot;\u00a1No sab\u00eda eso, ahora aprend\u00ed algo nuevo!&quot; y probablemente ella no pens\u00f3 en ello, \u00a1pero para m\u00ed fue realmente inspirador! Debe ser muy bueno para el cerebro decir en voz alta que has aprendido algo nuevo, en parte te das cuenta de cu\u00e1ntas cosas nuevas aprendes todo el tiempo, pero tambi\u00e9n creo que ser\u00e1 m\u00e1s f\u00e1cil recordarlas.<\/p>\n<p>Por ejemplo. cuando Miska hablaba de nuestra cuenta de custodia y yo no sab\u00eda qu\u00e9 era (una cuenta en el banco de valores donde tenemos nuestras acciones) dije en voz alta &quot;\u00a1ahora he aprendido algo nuevo!&quot; y de hecho dio un peque\u00f1o impulso y ahora creo que nunca olvidar\u00e9 lo que es una cuenta de custodia jaja.<\/p>\n<p><img loading=\"lazy\" decoding=\"async\" class=\"alignnone size-large wp-image-31303\" src=\"http:\/\/www.imakeyousmile.se\/wp-content\/uploads\/2018\/02\/IMG_9821-735x1024.jpg\" alt=\"\" width=\"640\" height=\"892\" srcset=\"https:\/\/www.imakeyousmile.se\/wp-content\/uploads\/2018\/02\/IMG_9821-735x1024.jpg 735w, https:\/\/www.imakeyousmile.se\/wp-content\/uploads\/2018\/02\/IMG_9821-215x300.jpg 215w, https:\/\/www.imakeyousmile.se\/wp-content\/uploads\/2018\/02\/IMG_9821-768x1070.jpg 768w, https:\/\/www.imakeyousmile.se\/wp-content\/uploads\/2018\/02\/IMG_9821-696x970.jpg 696w, https:\/\/www.imakeyousmile.se\/wp-content\/uploads\/2018\/02\/IMG_9821-1068x1488.jpg 1068w, https:\/\/www.imakeyousmile.se\/wp-content\/uploads\/2018\/02\/IMG_9821-301x420.jpg 301w, https:\/\/www.imakeyousmile.se\/wp-content\/uploads\/2018\/02\/IMG_9821.jpg 1838w\" sizes=\"(max-width: 640px) 100vw, 640px\" \/><\/p>\n<p>Sabio como un libro estuve al sol en M\u00e9xico;)<\/p>\n<p>Otra cosa sobre aprender cosas nuevas: normalmente trato de decir &quot;todav\u00eda no lo he aprendido&quot; en lugar de decir &quot;no puedo&quot;. Se vuelve una actitud m\u00e1s positiva para el cerebro que decir en voz alta que no sabes muchas cosas, porque est\u00e1 claro que <em>pueden<\/em> \u00a1todav\u00eda no lo has aprendido! :)<\/p>\n<p><strong>Rompecabezas de vacaciones<\/strong><br \/>\nEstamos en plena planificaci\u00f3n de las vacaciones para el verano ahora, lo que es complicado es que tenemos la mayor\u00eda de las reservas durante el verano y, como residente de Suecia y un gerente humilde que se preocupa por todos, no puedo decir que no a las vacaciones durante el verano tambi\u00e9n. aunque hubiera sido mejor para la empresa. Hay varias empresas que no conceden vacaciones durante la \u00e9poca de mayor actividad de la empresa, pero es natural que descanses y disfrutes del peque\u00f1o momento del verano que de hecho tenemos! Algo m\u00e1s se siente inhumano :)<\/p>\n<p>Por eso, en cambio, ser\u00e1 un verdadero rompecabezas. Verdaderamente un acto de equilibrio para m\u00ed hacer que funcione para la empresa mientras hago todo lo posible para hacer felices a todos. Las familias con ni\u00f1os tienen que planificar las vacaciones con su pareja, el horario de la guarder\u00eda, etc., por lo que entiendo que tampoco es f\u00e1cil para ellos.<\/p>\n<p>\u00a1Ahora las vacaciones para todos con horarios fijos est\u00e1n clavadas y listas en cualquier caso! \u00a1Pjuh! :) El calendario en su conjunto a\u00fan no est\u00e1 terminado exactamente, \u00a1pero vamos por buen camino!<\/p>\n<p><img loading=\"lazy\" decoding=\"async\" class=\"alignnone size-large wp-image-31299\" src=\"http:\/\/www.imakeyousmile.se\/wp-content\/uploads\/2018\/02\/Foto-2018-02-04-14-34-09-1024x637.jpg\" alt=\"\" width=\"640\" height=\"398\" srcset=\"https:\/\/www.imakeyousmile.se\/wp-content\/uploads\/2018\/02\/Foto-2018-02-04-14-34-09-1024x637.jpg 1024w, https:\/\/www.imakeyousmile.se\/wp-content\/uploads\/2018\/02\/Foto-2018-02-04-14-34-09-300x187.jpg 300w, https:\/\/www.imakeyousmile.se\/wp-content\/uploads\/2018\/02\/Foto-2018-02-04-14-34-09-768x478.jpg 768w, https:\/\/www.imakeyousmile.se\/wp-content\/uploads\/2018\/02\/Foto-2018-02-04-14-34-09-356x220.jpg 356w, https:\/\/www.imakeyousmile.se\/wp-content\/uploads\/2018\/02\/Foto-2018-02-04-14-34-09-696x433.jpg 696w, https:\/\/www.imakeyousmile.se\/wp-content\/uploads\/2018\/02\/Foto-2018-02-04-14-34-09-1068x664.jpg 1068w, https:\/\/www.imakeyousmile.se\/wp-content\/uploads\/2018\/02\/Foto-2018-02-04-14-34-09-675x420.jpg 675w\" sizes=\"(max-width: 640px) 100vw, 640px\" \/><\/p>\n<p>Parte de mi documento de planificaci\u00f3n;)<\/p>\n<p><strong>Trabajo de fin de semana<\/strong><br \/>\nDespu\u00e9s del dif\u00edcil comienzo de la semana, tuve bastantes reservas, en parte habituales pero tambi\u00e9n consultas de recuperaci\u00f3n que quer\u00edan reservarme espec\u00edficamente, as\u00ed que cuando lleg\u00f3 el fin de semana todav\u00eda ten\u00eda mucha energ\u00eda e inspiraci\u00f3n para asumir tareas m\u00e1s inspiradoras, por lo que se ha convertido en una gran tarea este fin de semana :)<\/p>\n<p>Por un lado, estoy haciendo un post muy largo sobre pinceles de maquillaje, y como dije, estoy estructurando nuestras gu\u00edas de belleza en la tienda web. Anteriormente, solo copiaba publicaciones de blog terminadas, pero ahora me centrar\u00e9 m\u00e1s en publicaciones bien elaboradas, p. Ej. esto con los pinceles estar\u00e1 parcialmente all\u00ed si hace clic en &quot;gu\u00edas de belleza&quot;, pero incluso si va al pincel entre los productos en la tienda web, la publicaci\u00f3n estar\u00e1 all\u00ed.<\/p>\n<p>Mi plan es que habr\u00e1 mucha inspiraci\u00f3n y consejos de maquillaje divertidos para explorar, tengo un mont\u00f3n de maquillajes que solo est\u00e1n hechos con productos de Creative Makeup que se est\u00e1n agregando a la categor\u00eda &quot;obt\u00e9n el look&quot; pero tambi\u00e9n que cuando entra en cada producto y debe haber gu\u00edas de belleza con paso a paso, im\u00e1genes de muestra, videos, etc.<\/p>\n<p>Puede que no suene complicado en absoluto, \u00a1pero es un proyecto que lleva mucho tiempo! :)<\/p>\n<p><img loading=\"lazy\" decoding=\"async\" class=\"alignnone size-large wp-image-31298\" src=\"http:\/\/www.imakeyousmile.se\/wp-content\/uploads\/2018\/02\/Foto-2018-02-04-14-25-55-810x1024.jpg\" alt=\"\" width=\"640\" height=\"809\" srcset=\"https:\/\/www.imakeyousmile.se\/wp-content\/uploads\/2018\/02\/Foto-2018-02-04-14-25-55-810x1024.jpg 810w, https:\/\/www.imakeyousmile.se\/wp-content\/uploads\/2018\/02\/Foto-2018-02-04-14-25-55-237x300.jpg 237w, https:\/\/www.imakeyousmile.se\/wp-content\/uploads\/2018\/02\/Foto-2018-02-04-14-25-55-768x971.jpg 768w, https:\/\/www.imakeyousmile.se\/wp-content\/uploads\/2018\/02\/Foto-2018-02-04-14-25-55-696x880.jpg 696w, https:\/\/www.imakeyousmile.se\/wp-content\/uploads\/2018\/02\/Foto-2018-02-04-14-25-55-1068x1350.jpg 1068w, https:\/\/www.imakeyousmile.se\/wp-content\/uploads\/2018\/02\/Foto-2018-02-04-14-25-55-332x420.jpg 332w, https:\/\/www.imakeyousmile.se\/wp-content\/uploads\/2018\/02\/Foto-2018-02-04-14-25-55.jpg 2025w\" sizes=\"(max-width: 640px) 100vw, 640px\" \/><\/p>\n<p>Me encanta sentarme en casa en el sof\u00e1 o en la cama y trabajar, puedo concentrarme mucho cuando me siento realmente tranquilo a mi alrededor. La percepci\u00f3n del tiempo desaparece por completo y de repente llevo varias horas sentado :)<\/p>\n<p>Soy consciente de que las fotos de esta semana no fueron muy inspiradoras y gratificantes, tal vez jeje, pero es solo frente a la pantalla de la computadora + con los clientes (de los que luego no tengo una foto) a los que he dedicado mi tiempo esta semana.<\/p>\n<p>\u00a1Pero como se ven los planes para la pr\u00f3xima semana, esa publicaci\u00f3n comercial ser\u00e1 un poco m\u00e1s r\u00e1pida y fan! :)<\/p>\n<p>Que pases un buen domingo a todos \u2665<\/p>\n<p><img loading=\"lazy\" decoding=\"async\" class=\"alignnone size-large wp-image-28529\" src=\"http:\/\/www.imakeyousmile.se\/wp-content\/uploads\/2017\/03\/Sidfot-Namnloggo-1024x115.png\" alt=\"\" width=\"640\" height=\"72\" \/><\/p>","protected":false},"excerpt":{"rendered":"<p>OM det var roligt att komma tillbaka till salongen efter 2 veckors semester och det f\u00f6rsta jag f\u00e5r h\u00f6ra n\u00e4r jag kliver in genom d\u00f6rren hur bra allting har rullat p\u00e5 h\u00e4r och hur duktiga alla har varit! N\u00e4sta g\u00e5ng jag \u00e5ker p\u00e5 semester s\u00e5 g\u00f6r jag det helt utan oro i kroppen, det h\u00e4r [&hellip;]<\/p>\n","protected":false},"author":30,"featured_media":31302,"comment_status":"open","ping_status":"closed","sticky":false,"template":"","format":"standard","meta":{"footnotes":""},"categories":[4070,6999],"tags":[6037,6036,1985,4097,4330,6038,4071,5602,4216,5131],"class_list":["post-31261","post","type-post","status-publish","format-standard","has-post-thumbnail","hentry","category-entreprenorskap","category-sondagsinlagg-m-m","tag-business","tag-businessvecka","tag-creative-makeup","tag-entreprenor","tag-helena-ronnblad","tag-inspirerande-foretagare","tag-ung-entreprenor","tag-ung-entreprenor-uppsala","tag-ung-foretagare","tag-ung-foretagare-uppsala"],"yoast_head":"<!-- This site is optimized with the Yoast SEO Premium plugin v14.9 - https:\/\/yoast.com\/wordpress\/plugins\/seo\/ -->\n<meta name=\"description\" content=\"Min businessvecka v. 5 | Helena Amiley - H\u00e4r hittar du senaste infromation om sk\u00f6nhet, livsstil, entrepren\u00f6rskap, makeup &amp; tips.\" \/>\n<meta name=\"robots\" content=\"index, follow, max-snippet:-1, max-image-preview:large, max-video-preview:-1\" \/>\n<link rel=\"canonical\" href=\"https:\/\/www.imakeyousmile.se\/es\/min-businessvecka-v-5\/\" \/>\n<meta property=\"og:locale\" content=\"es_ES\" \/>\n<meta property=\"og:type\" content=\"article\" \/>\n<meta property=\"og:title\" content=\"Min businessvecka v. 5 | Imakeyousmile.se\" \/>\n<meta property=\"og:description\" content=\"Min businessvecka v. 5 | Helena Amiley - H\u00e4r hittar du senaste infromation om sk\u00f6nhet, livsstil, entrepren\u00f6rskap, makeup &amp; tips.\" \/>\n<meta property=\"og:url\" content=\"https:\/\/www.imakeyousmile.se\/es\/min-businessvecka-v-5\/\" \/>\n<meta property=\"og:site_name\" content=\"Imakeyousmile.se\" \/>\n<meta property=\"article:author\" content=\"https:\/\/www.facebook.com\/imakeyousmile.se\" \/>\n<meta property=\"article:published_time\" content=\"2018-02-04T14:59:13+00:00\" \/>\n<meta property=\"article:modified_time\" content=\"2020-10-22T16:30:04+00:00\" \/>\n<meta property=\"og:image\" content=\"https:\/\/www.imakeyousmile.se\/wp-content\/uploads\/2018\/02\/min-businessvecka-4-feb.jpg\" \/>\n\t<meta property=\"og:image:width\" content=\"2000\" \/>\n\t<meta property=\"og:image:height\" content=\"2000\" \/>\n<meta name=\"twitter:card\" content=\"summary_large_image\" \/>\n<script type=\"application\/ld+json\" class=\"yoast-schema-graph\">{\"@context\":\"https:\/\/schema.org\",\"@graph\":[{\"@type\":\"Organization\",\"@id\":\"https:\/\/www.imakeyousmile.se\/es\/#organization\",\"name\":\"Imakeyousmile\",\"url\":\"https:\/\/www.imakeyousmile.se\/es\/\",\"sameAs\":[],\"logo\":{\"@type\":\"ImageObject\",\"@id\":\"https:\/\/www.imakeyousmile.se\/es\/#logo\",\"inLanguage\":\"es\",\"url\":\"https:\/\/www.imakeyousmile.se\/wp-content\/uploads\/2020\/10\/HELENA-AMILEY_SVART-1-e1603367975324.png\",\"width\":280,\"height\":93,\"caption\":\"Imakeyousmile\"},\"image\":{\"@id\":\"https:\/\/www.imakeyousmile.se\/es\/#logo\"}},{\"@type\":\"WebSite\",\"@id\":\"https:\/\/www.imakeyousmile.se\/es\/#website\",\"url\":\"https:\/\/www.imakeyousmile.se\/es\/\",\"name\":\"Imakeyousmile.se\",\"description\":\"Helena Amiley - Beauty, Entrepreneur, Lifestyle\",\"publisher\":{\"@id\":\"https:\/\/www.imakeyousmile.se\/es\/#organization\"},\"potentialAction\":[{\"@type\":\"SearchAction\",\"target\":\"https:\/\/www.imakeyousmile.se\/es\/?s={search_term_string}\",\"query-input\":\"required name=search_term_string\"}],\"inLanguage\":\"es\"},{\"@type\":\"ImageObject\",\"@id\":\"https:\/\/www.imakeyousmile.se\/min-businessvecka-v-5\/#primaryimage\",\"inLanguage\":\"es\",\"url\":\"https:\/\/www.imakeyousmile.se\/wp-content\/uploads\/2018\/02\/min-businessvecka-4-feb.jpg\",\"width\":2000,\"height\":2000},{\"@type\":\"WebPage\",\"@id\":\"https:\/\/www.imakeyousmile.se\/min-businessvecka-v-5\/#webpage\",\"url\":\"https:\/\/www.imakeyousmile.se\/min-businessvecka-v-5\/\",\"name\":\"Min businessvecka v. 5 | Imakeyousmile.se\",\"isPartOf\":{\"@id\":\"https:\/\/www.imakeyousmile.se\/es\/#website\"},\"primaryImageOfPage\":{\"@id\":\"https:\/\/www.imakeyousmile.se\/min-businessvecka-v-5\/#primaryimage\"},\"datePublished\":\"2018-02-04T14:59:13+00:00\",\"dateModified\":\"2020-10-22T16:30:04+00:00\",\"description\":\"Min businessvecka v. 5 | Helena Amiley - H\\u00e4r hittar du senaste infromation om sk\\u00f6nhet, livsstil, entrepren\\u00f6rskap, makeup & tips.\",\"inLanguage\":\"es\",\"potentialAction\":[{\"@type\":\"ReadAction\",\"target\":[\"https:\/\/www.imakeyousmile.se\/min-businessvecka-v-5\/\"]}]},{\"@type\":\"Article\",\"@id\":\"https:\/\/www.imakeyousmile.se\/min-businessvecka-v-5\/#article\",\"isPartOf\":{\"@id\":\"https:\/\/www.imakeyousmile.se\/min-businessvecka-v-5\/#webpage\"},\"author\":{\"@id\":\"https:\/\/www.imakeyousmile.se\/es\/#\/schema\/person\/b0fd43b1c6bb1c60cfd68bff9b4a10fb\"},\"headline\":\"Min businessvecka v. 5\",\"datePublished\":\"2018-02-04T14:59:13+00:00\",\"dateModified\":\"2020-10-22T16:30:04+00:00\",\"mainEntityOfPage\":{\"@id\":\"https:\/\/www.imakeyousmile.se\/min-businessvecka-v-5\/#webpage\"},\"commentCount\":0,\"publisher\":{\"@id\":\"https:\/\/www.imakeyousmile.se\/es\/#organization\"},\"image\":{\"@id\":\"https:\/\/www.imakeyousmile.se\/min-businessvecka-v-5\/#primaryimage\"},\"keywords\":\"business,businessvecka,creative makeup,entrepren\\u00f6r,helena r\\u00f6nnblad,inspirerande f\\u00f6retagare,ung entrepren\\u00f6r,ung entrepren\\u00f6r uppsala,ung f\\u00f6retagare,ung f\\u00f6retagare uppsala\",\"articleSection\":\"Entrepren\\u00f6rskap,S\\u00f6ndagsinl\\u00e4gg m.m\",\"inLanguage\":\"es\",\"potentialAction\":[{\"@type\":\"CommentAction\",\"name\":\"Comment\",\"target\":[\"https:\/\/www.imakeyousmile.se\/min-businessvecka-v-5\/#respond\"]}]},{\"@type\":\"Person\",\"@id\":\"https:\/\/www.imakeyousmile.se\/es\/#\/schema\/person\/b0fd43b1c6bb1c60cfd68bff9b4a10fb\",\"name\":\"Helena Amiley\",\"image\":{\"@type\":\"ImageObject\",\"@id\":\"https:\/\/www.imakeyousmile.se\/es\/#personlogo\",\"inLanguage\":\"es\",\"url\":\"https:\/\/secure.gravatar.com\/avatar\/5645558e1e355457a23368d7e1b4c904?s=96&d=mm&r=g\",\"caption\":\"Helena Amiley\"},\"description\":\"Jag skriver mest om sk\\u00f6nhet men bjuder \\u00e4ven p\\u00e5 glimtar fr\\u00e5n entrepren\\u00f6rlivet och bygget av v\\u00e5r egen camper van. Vanlife here we come!\",\"sameAs\":[\"https:\/\/www.facebook.com\/imakeyousmile.se\",\"https:\/\/www.instagram.com\/helenaamiley\",\"https:\/\/www.youtube.com\/channel\/UCR5iB6rvpV6Yr8ZjpQfr5mg?view_as=subscriber\"]}]}<\/script>\n<!-- \/ Yoast SEO Premium plugin. -->","_links":{"self":[{"href":"https:\/\/www.imakeyousmile.se\/es\/wp-json\/wp\/v2\/posts\/31261"}],"collection":[{"href":"https:\/\/www.imakeyousmile.se\/es\/wp-json\/wp\/v2\/posts"}],"about":[{"href":"https:\/\/www.imakeyousmile.se\/es\/wp-json\/wp\/v2\/types\/post"}],"author":[{"embeddable":true,"href":"https:\/\/www.imakeyousmile.se\/es\/wp-json\/wp\/v2\/users\/30"}],"replies":[{"embeddable":true,"href":"https:\/\/www.imakeyousmile.se\/es\/wp-json\/wp\/v2\/comments?post=31261"}],"version-history":[{"count":3,"href":"https:\/\/www.imakeyousmile.se\/es\/wp-json\/wp\/v2\/posts\/31261\/revisions"}],"predecessor-version":[{"id":31305,"href":"https:\/\/www.imakeyousmile.se\/es\/wp-json\/wp\/v2\/posts\/31261\/revisions\/31305"}],"wp:featuredmedia":[{"embeddable":true,"href":"https:\/\/www.imakeyousmile.se\/es\/wp-json\/wp\/v2\/media\/31302"}],"wp:attachment":[{"href":"https:\/\/www.imakeyousmile.se\/es\/wp-json\/wp\/v2\/media?parent=31261"}],"wp:term":[{"taxonomy":"category","embeddable":true,"href":"https:\/\/www.imakeyousmile.se\/es\/wp-json\/wp\/v2\/categories?post=31261"},{"taxonomy":"post_tag","embeddable":true,"href":"https:\/\/www.imakeyousmile.se\/es\/wp-json\/wp\/v2\/tags?post=31261"}],"curies":[{"name":"wp","href":"https:\/\/api.w.org\/{rel}","templated":true}]}}