{"id":32249,"date":"2018-05-15T16:59:14","date_gmt":"2018-05-15T14:59:14","guid":{"rendered":"http:\/\/www.imakeyousmile.se\/?p=32249"},"modified":"2020-10-22T17:12:07","modified_gmt":"2020-10-22T15:12:07","slug":"sommarsminkning-fore-efter","status":"publish","type":"post","link":"https:\/\/www.imakeyousmile.se\/es\/maquillaje-de-verano-antes-y-despues\/","title":{"rendered":"Maquillaje de verano antes y despu\u00e9s"},"content":{"rendered":"<p>\u00a1Hice este maquillaje en una chica que va a ser modelo en un demonio del maquillaje que voy a celebrar en nuestro evento de verano el 31 de mayo!<\/p>\n<p>No har\u00e9 todo un maquillaje frente a los invitados, pero la mayor\u00eda de las veces lo habr\u00e9 preparado antes y solo mostrar\u00e9 qu\u00e9 productos he usado, y luego terminar\u00e9 con 3 bonitos productos de verano que me puse durante la presentaci\u00f3n.<\/p>\n<p>Le tom\u00e9 fotos de antes y despu\u00e9s que puedo mostrarte :)<\/p>\n<p><img loading=\"lazy\" decoding=\"async\" class=\"alignnone size-large wp-image-32254\" src=\"http:\/\/www.imakeyousmile.se\/wp-content\/uploads\/2018\/05\/turkos_sminkning-f\u00f6reefter_vattenst\u00e4mpel-1024x1024.jpg\" alt=\"\" width=\"640\" height=\"640\" srcset=\"https:\/\/www.imakeyousmile.se\/wp-content\/uploads\/2018\/05\/turkos_sminkning-f\u00f6reefter_vattenst\u00e4mpel-1024x1024.jpg 1024w, https:\/\/www.imakeyousmile.se\/wp-content\/uploads\/2018\/05\/turkos_sminkning-f\u00f6reefter_vattenst\u00e4mpel-150x150.jpg 150w, https:\/\/www.imakeyousmile.se\/wp-content\/uploads\/2018\/05\/turkos_sminkning-f\u00f6reefter_vattenst\u00e4mpel-300x300.jpg 300w, https:\/\/www.imakeyousmile.se\/wp-content\/uploads\/2018\/05\/turkos_sminkning-f\u00f6reefter_vattenst\u00e4mpel-768x768.jpg 768w, https:\/\/www.imakeyousmile.se\/wp-content\/uploads\/2018\/05\/turkos_sminkning-f\u00f6reefter_vattenst\u00e4mpel-696x696.jpg 696w, https:\/\/www.imakeyousmile.se\/wp-content\/uploads\/2018\/05\/turkos_sminkning-f\u00f6reefter_vattenst\u00e4mpel-1068x1068.jpg 1068w, https:\/\/www.imakeyousmile.se\/wp-content\/uploads\/2018\/05\/turkos_sminkning-f\u00f6reefter_vattenst\u00e4mpel-420x420.jpg 420w, https:\/\/www.imakeyousmile.se\/wp-content\/uploads\/2018\/05\/turkos_sminkning-f\u00f6reefter_vattenst\u00e4mpel.jpg 1900w\" sizes=\"(max-width: 640px) 100vw, 640px\" \/><\/p>\n<p><strong>BASE:<\/strong><br \/>\nPrebase de color para el rostro - <a href=\"https:\/\/ion.lyko.com\/t\/t?a=1117786221&#038;as=1548102449&#038;t=2&#038;tk=1&#038;epi=search-replace-glo-tinted&#038;url=https:\/\/lyko.com\/sv\/glo-skin-beauty\/glominerals-tinted-primer-spf30-fair\/\">glo Skin Beauty Tinted Primer Spf 30<\/a> (Ligero)<br \/>\nResaltador dorado melocot\u00f3n luminoso - <a href=\"https:\/\/ion.lyko.com\/t\/t?a=1117786221&#038;as=1548102449&#038;t=2&#038;tk=1&#038;epi=search-replace-pixiglowy&#038;url=https:\/\/lyko.com\/sv\/sok?q=pixi+glow+y\/\">Pixi Glow-Y-Powder <\/a>(Rosa de Roma)<a href=\"https:\/\/creativemakeup.se\/butik\/smink\/paese-bamboo-silk-powder\/\"><br \/>\n<\/a>Niebla fijadora -\u00a0<a href=\"https:\/\/ion.lyko.com\/t\/t?a=1117786221&#038;as=1548102449&#038;t=2&#038;tk=1&#038;epi=search-replace-fixingmist&#038;url=https:\/\/lyko.com\/sv\/pixi\/pixi-makeup-fixing-mist\">Bruma fijadora de maquillaje Pixi<\/a><\/p>\n<p>(Estos son los tres que luego mostrar\u00e9 frente a todos los invitados)<\/p>\n<p><strong>CEJA:<br \/>\n<\/strong>Brynpenna -\u00a0<a href=\"https:\/\/ion.lyko.com\/t\/t?a=1117786221&#038;as=1548102449&#038;t=2&#038;tk=1&#038;epi=search-replace-globrowliner&#038;url=https:\/\/lyko.com\/sv\/glo-skin-beauty\/glo-skin-bea-precisemicro-browliner-aubu\/\">delineador de cejas glo Skin Beauty Miro<\/a> (Ceniza y marr\u00f3n oscuro)<\/p>\n<p><strong>OJOS:<br \/>\n<\/strong>Imprimaci\u00f3n de sombra de ojos -\u00a0<a href=\"https:\/\/ion.lyko.com\/t\/t?a=1117786221&#038;as=1548102449&#038;t=2&#038;tk=1&#038;epi=search-replace-pixi-eyebright&#038;url=https:\/\/lyko.com\/sv\/pixi\/pixi-eye-bright-primer\/\" target=\"_blank\" rel=\"noopener noreferrer\">Prebase brillante para ojos Pixi<\/a><br \/>\nSombras de ojos (tonos c\u00e1lidos) - <a href=\"https:\/\/ion.lyko.com\/t\/t?a=1117786221&#038;as=1548102449&#038;t=2&#038;tk=1&#038;epi=search-replace-glomixedmetal&#038;url=https:\/\/lyko.com\/sv\/glo-skin-beauty\/glo-skin-be-shadow-palette-mixed-metals\/\">paleta de sombras glo<\/a> (Metales mixtos)<br \/>\nSombra de ojos amarilla y turquesa - <a href=\"https:\/\/creativemakeup.se\/butik\/smink\/paese-neo-eyeshadow\/\">Sombra de ojos Paese NEO<\/a><br \/>\nDelineador de ojos claro a lo largo de la l\u00ednea de flotaci\u00f3n -\u00a0<a href=\"https:\/\/ion.lyko.com\/t\/t?a=1117786221&#038;as=1548102449&#038;t=2&#038;tk=1&#038;epi=search-replace-glo-eyepencil&#038;url=https:\/\/lyko.com\/sv\/glo-skin-beauty\/glominerals-precision-eye-pencil-black\/\">L\u00e1piz de ojos gloMinerals\u00a0<\/a>(Melocot\u00f3n)<br \/>\nDelineador de ojos -\u00a0<a href=\"https:\/\/id.partykungen.se\/t\/t?a=1280241905&#038;as=1548102449&#038;t=2&#038;tk=1&#038;epi=search-replace-kryolangel&#038;url=https:\/\/www.partykungen.se\/kryolan-gel-eyeliner-74187.html#74187-7\" target=\"_blank\" rel=\"noopener noreferrer\">Delineador en Crema Kryolan HD<\/a>\u00a0(\u00c9bano)<br \/>\nR\u00edmel -\u00a0<a href=\"https:\/\/creativemakeup.se\/butik\/smink\/santhilea-magnetic-lash\/\">M\u00e1scara de pesta\u00f1as magn\u00e9ticas<\/a><\/p>\n<p><strong>LABIOS:<br \/>\n<\/strong>Barra de labios - <b> <\/b><a href=\"https:\/\/ion.lyko.com\/t\/t?a=1117786221&#038;as=1548102449&#038;t=2&#038;tk=1&#038;epi=search-replae-glo-lipstick&#038;url=https:\/\/lyko.com\/sv\/glo-skin-beauty\/glo-skin-be-lipstickfrench-nude\/\">l\u00e1piz labial glo Skin Beauty<\/a> (Bella)<\/p>\n<p><img loading=\"lazy\" decoding=\"async\" class=\"alignnone size-large wp-image-32253\" src=\"http:\/\/www.imakeyousmile.se\/wp-content\/uploads\/2018\/05\/sminkning-turkos_vattenst\u00e4mpel-1024x1024.jpg\" alt=\"\" width=\"640\" height=\"640\" srcset=\"https:\/\/www.imakeyousmile.se\/wp-content\/uploads\/2018\/05\/sminkning-turkos_vattenst\u00e4mpel-1024x1024.jpg 1024w, https:\/\/www.imakeyousmile.se\/wp-content\/uploads\/2018\/05\/sminkning-turkos_vattenst\u00e4mpel-150x150.jpg 150w, https:\/\/www.imakeyousmile.se\/wp-content\/uploads\/2018\/05\/sminkning-turkos_vattenst\u00e4mpel-300x300.jpg 300w, https:\/\/www.imakeyousmile.se\/wp-content\/uploads\/2018\/05\/sminkning-turkos_vattenst\u00e4mpel-768x768.jpg 768w, https:\/\/www.imakeyousmile.se\/wp-content\/uploads\/2018\/05\/sminkning-turkos_vattenst\u00e4mpel-696x696.jpg 696w, https:\/\/www.imakeyousmile.se\/wp-content\/uploads\/2018\/05\/sminkning-turkos_vattenst\u00e4mpel-1068x1068.jpg 1068w, https:\/\/www.imakeyousmile.se\/wp-content\/uploads\/2018\/05\/sminkning-turkos_vattenst\u00e4mpel-420x420.jpg 420w, https:\/\/www.imakeyousmile.se\/wp-content\/uploads\/2018\/05\/sminkning-turkos_vattenst\u00e4mpel.jpg 1900w\" sizes=\"(max-width: 640px) 100vw, 640px\" \/><\/p>\n<p>\u00a1Lo que quiero hacer un poco m\u00e1s en mi demostraci\u00f3n de maquillaje es que el maquillaje debe ser divertido! El tema de la noche es que la belleza es bienestar :)<\/p>\n<p>Por lo tanto, quiero un poco de color alrededor de los ojos pero al mismo tiempo mostrar que no tiene por qu\u00e9 ser m\u00e1s dif\u00edcil que poner un poco de turquesa debajo del ojo o amarillo en el rabillo del ojo, \u00a1no tienes que hacer el peor maquillaje de arco\u00edris solo para usar color! Todo esto se prepara antes del evento.<\/p>\n<p>Lo que luego mostrar\u00e9 sobre el demonio del maquillaje real frente a los invitados es lo buena que es la prebase de color; solo pondr\u00e9 la mitad de la cara para que luego puedan comparar ambos lados. Porque se vuelve tan natural que no entiendes el efecto sorpresa si no puedes comparar cu\u00e1n suave e uniforme es de un lado en comparaci\u00f3n con el otro.<\/p>\n<p>La prebase de color es un gran producto de verano porque tiene protecci\u00f3n solar 30, es mate y duradera en la piel y unifica la estructura y el tono de la piel de una manera discreta. Pero si vas a jadear al sol en el tipo de playa, por supuesto debes tener un factor de protecci\u00f3n 50.<\/p>\n<p>Para mi tipo de piel, habr\u00eda necesitado 4 productos para lograr este resultado en la base: primero protector solar, luego imprimaci\u00f3n (para un efecto tan suavizante), luego una crema de d\u00eda coloreada o base semiopaca (para cobertura) y luego polvo (para un resultado mate y duradero). ). \u00a1Pero ahora esta cartilla es suficiente!<\/p>\n<p>Luego termino con el iluminador con un color que es tan agradable en el verano y luego fijo la niebla que hace que el maquillaje sea m\u00e1s duradero, lo cual tambi\u00e9n es bueno en el verano, especialmente si vas a una fiesta y eventos similares y tienes m\u00e1s maquillaje.<\/p>\n<p><img loading=\"lazy\" decoding=\"async\" class=\"alignnone size-large wp-image-32252\" src=\"http:\/\/www.imakeyousmile.se\/wp-content\/uploads\/2018\/05\/SAM_7306_vattenst\u00e4mpel-713x1024.jpg\" alt=\"\" width=\"640\" height=\"919\" srcset=\"https:\/\/www.imakeyousmile.se\/wp-content\/uploads\/2018\/05\/SAM_7306_vattenst\u00e4mpel-713x1024.jpg 713w, https:\/\/www.imakeyousmile.se\/wp-content\/uploads\/2018\/05\/SAM_7306_vattenst\u00e4mpel-209x300.jpg 209w, https:\/\/www.imakeyousmile.se\/wp-content\/uploads\/2018\/05\/SAM_7306_vattenst\u00e4mpel-768x1103.jpg 768w, https:\/\/www.imakeyousmile.se\/wp-content\/uploads\/2018\/05\/SAM_7306_vattenst\u00e4mpel-696x999.jpg 696w, https:\/\/www.imakeyousmile.se\/wp-content\/uploads\/2018\/05\/SAM_7306_vattenst\u00e4mpel-1068x1534.jpg 1068w, https:\/\/www.imakeyousmile.se\/wp-content\/uploads\/2018\/05\/SAM_7306_vattenst\u00e4mpel-292x420.jpg 292w, https:\/\/www.imakeyousmile.se\/wp-content\/uploads\/2018\/05\/SAM_7306_vattenst\u00e4mpel.jpg 1783w\" sizes=\"(max-width: 640px) 100vw, 640px\" \/><\/p>\n<p>&nbsp;<\/p>\n<p>Veremos si puedo hacer algunos cambios en el maquillaje en el evento en s\u00ed m\u00e1s tarde, pero a\u00fan as\u00ed es bueno obtener un poco de maquillaje de prueba :)<\/p>\n<p>Los abrazos son \u2665<\/p>\n<p><img loading=\"lazy\" decoding=\"async\" class=\"alignnone size-large wp-image-28529\" src=\"http:\/\/www.imakeyousmile.se\/wp-content\/uploads\/2017\/03\/Sidfot-Namnloggo-1024x115.png\" alt=\"\" width=\"640\" height=\"72\" \/><\/p>\n<p>&nbsp;<\/p>","protected":false},"excerpt":{"rendered":"<p>Den h\u00e4r sminkningen gjorde jag p\u00e5 en tjej ska sitta modell p\u00e5 sminkdemon jag ska h\u00e5lla i p\u00e5 v\u00e5rt sommarevent den 31 maj! Jag ska inte g\u00f6ra en hel makeup framf\u00f6r g\u00e4sterna utan det mesta kommer jag ha f\u00f6rberett innan och bara visa upp vilka produkter jag anv\u00e4nt, och sedan kommer jag avsluta med 3st [&hellip;]<\/p>\n","protected":false},"author":30,"featured_media":32253,"comment_status":"open","ping_status":"closed","sticky":false,"template":"","format":"standard","meta":{"footnotes":""},"categories":[2828,7003,2956,2623],"tags":[1985,3934,51,3935,409,1876],"class_list":["post-32249","post","type-post","status-publish","format-standard","has-post-thumbnail","hentry","category-fargstarka-sminkningar","category-fore-efter-kunder","category-sminkjobb","category-sminkningar","tag-creative-makeup","tag-makeup-uppsala","tag-smink","tag-smink-uppsala","tag-sommarsminkning","tag-turkos-ogonskugga"],"yoast_head":"<!-- This site is optimized with the Yoast SEO Premium plugin v14.9 - https:\/\/yoast.com\/wordpress\/plugins\/seo\/ -->\n<meta name=\"description\" content=\"Sommarsminkning f\u00f6re &amp; efter | Helena Amiley - H\u00e4r hittar du senaste infromation om sk\u00f6nhet, livsstil, entrepren\u00f6rskap, makeup &amp; tips.\" \/>\n<meta name=\"robots\" content=\"index, follow, max-snippet:-1, max-image-preview:large, max-video-preview:-1\" \/>\n<link rel=\"canonical\" href=\"https:\/\/www.imakeyousmile.se\/es\/sommarsminkning-fore-efter\/\" \/>\n<meta property=\"og:locale\" content=\"es_ES\" \/>\n<meta property=\"og:type\" content=\"article\" \/>\n<meta property=\"og:title\" content=\"Sommarsminkning f\u00f6re &amp; efter | Imakeyousmile.se\" \/>\n<meta property=\"og:description\" content=\"Sommarsminkning f\u00f6re &amp; efter | Helena Amiley - H\u00e4r hittar du senaste infromation om sk\u00f6nhet, livsstil, entrepren\u00f6rskap, makeup &amp; tips.\" \/>\n<meta property=\"og:url\" content=\"https:\/\/www.imakeyousmile.se\/es\/sommarsminkning-fore-efter\/\" \/>\n<meta property=\"og:site_name\" content=\"Imakeyousmile.se\" \/>\n<meta property=\"article:author\" content=\"https:\/\/www.facebook.com\/imakeyousmile.se\" \/>\n<meta property=\"article:published_time\" content=\"2018-05-15T14:59:14+00:00\" \/>\n<meta property=\"article:modified_time\" content=\"2020-10-22T15:12:07+00:00\" \/>\n<meta property=\"og:image\" content=\"https:\/\/www.imakeyousmile.se\/wp-content\/uploads\/2018\/05\/sminkning-turkos_vattenst\u00e4mpel.jpg\" \/>\n\t<meta property=\"og:image:width\" content=\"1900\" \/>\n\t<meta property=\"og:image:height\" content=\"1900\" \/>\n<meta name=\"twitter:card\" content=\"summary_large_image\" \/>\n<script type=\"application\/ld+json\" class=\"yoast-schema-graph\">{\"@context\":\"https:\/\/schema.org\",\"@graph\":[{\"@type\":\"Organization\",\"@id\":\"https:\/\/www.imakeyousmile.se\/es\/#organization\",\"name\":\"Imakeyousmile\",\"url\":\"https:\/\/www.imakeyousmile.se\/es\/\",\"sameAs\":[],\"logo\":{\"@type\":\"ImageObject\",\"@id\":\"https:\/\/www.imakeyousmile.se\/es\/#logo\",\"inLanguage\":\"es\",\"url\":\"https:\/\/www.imakeyousmile.se\/wp-content\/uploads\/2020\/10\/HELENA-AMILEY_SVART-1-e1603367975324.png\",\"width\":280,\"height\":93,\"caption\":\"Imakeyousmile\"},\"image\":{\"@id\":\"https:\/\/www.imakeyousmile.se\/es\/#logo\"}},{\"@type\":\"WebSite\",\"@id\":\"https:\/\/www.imakeyousmile.se\/es\/#website\",\"url\":\"https:\/\/www.imakeyousmile.se\/es\/\",\"name\":\"Imakeyousmile.se\",\"description\":\"Helena Amiley - Beauty, Entrepreneur, Lifestyle\",\"publisher\":{\"@id\":\"https:\/\/www.imakeyousmile.se\/es\/#organization\"},\"potentialAction\":[{\"@type\":\"SearchAction\",\"target\":\"https:\/\/www.imakeyousmile.se\/es\/?s={search_term_string}\",\"query-input\":\"required name=search_term_string\"}],\"inLanguage\":\"es\"},{\"@type\":\"ImageObject\",\"@id\":\"https:\/\/www.imakeyousmile.se\/sommarsminkning-fore-efter\/#primaryimage\",\"inLanguage\":\"es\",\"url\":\"https:\/\/www.imakeyousmile.se\/wp-content\/uploads\/2018\/05\/sminkning-turkos_vattenst\\u00e4mpel.jpg\",\"width\":1900,\"height\":1900},{\"@type\":\"WebPage\",\"@id\":\"https:\/\/www.imakeyousmile.se\/sommarsminkning-fore-efter\/#webpage\",\"url\":\"https:\/\/www.imakeyousmile.se\/sommarsminkning-fore-efter\/\",\"name\":\"Sommarsminkning f\\u00f6re & efter | Imakeyousmile.se\",\"isPartOf\":{\"@id\":\"https:\/\/www.imakeyousmile.se\/es\/#website\"},\"primaryImageOfPage\":{\"@id\":\"https:\/\/www.imakeyousmile.se\/sommarsminkning-fore-efter\/#primaryimage\"},\"datePublished\":\"2018-05-15T14:59:14+00:00\",\"dateModified\":\"2020-10-22T15:12:07+00:00\",\"description\":\"Sommarsminkning f\\u00f6re & efter | Helena Amiley - H\\u00e4r hittar du senaste infromation om sk\\u00f6nhet, livsstil, entrepren\\u00f6rskap, makeup & tips.\",\"inLanguage\":\"es\",\"potentialAction\":[{\"@type\":\"ReadAction\",\"target\":[\"https:\/\/www.imakeyousmile.se\/sommarsminkning-fore-efter\/\"]}]},{\"@type\":\"Article\",\"@id\":\"https:\/\/www.imakeyousmile.se\/sommarsminkning-fore-efter\/#article\",\"isPartOf\":{\"@id\":\"https:\/\/www.imakeyousmile.se\/sommarsminkning-fore-efter\/#webpage\"},\"author\":{\"@id\":\"https:\/\/www.imakeyousmile.se\/es\/#\/schema\/person\/b0fd43b1c6bb1c60cfd68bff9b4a10fb\"},\"headline\":\"Sommarsminkning f\\u00f6re &#038; efter\",\"datePublished\":\"2018-05-15T14:59:14+00:00\",\"dateModified\":\"2020-10-22T15:12:07+00:00\",\"mainEntityOfPage\":{\"@id\":\"https:\/\/www.imakeyousmile.se\/sommarsminkning-fore-efter\/#webpage\"},\"commentCount\":0,\"publisher\":{\"@id\":\"https:\/\/www.imakeyousmile.se\/es\/#organization\"},\"image\":{\"@id\":\"https:\/\/www.imakeyousmile.se\/sommarsminkning-fore-efter\/#primaryimage\"},\"keywords\":\"creative makeup,makeup uppsala,smink,smink uppsala,Sommarsminkning,turkos \\u00f6gonskugga\",\"articleSection\":\"F\\u00e4rgstarka sminkningar,F\\u00f6re &amp; efter (kundjobb),Sminkjobb,Sminkningar\",\"inLanguage\":\"es\",\"potentialAction\":[{\"@type\":\"CommentAction\",\"name\":\"Comment\",\"target\":[\"https:\/\/www.imakeyousmile.se\/sommarsminkning-fore-efter\/#respond\"]}]},{\"@type\":\"Person\",\"@id\":\"https:\/\/www.imakeyousmile.se\/es\/#\/schema\/person\/b0fd43b1c6bb1c60cfd68bff9b4a10fb\",\"name\":\"Helena Amiley\",\"image\":{\"@type\":\"ImageObject\",\"@id\":\"https:\/\/www.imakeyousmile.se\/es\/#personlogo\",\"inLanguage\":\"es\",\"url\":\"https:\/\/secure.gravatar.com\/avatar\/5645558e1e355457a23368d7e1b4c904?s=96&d=mm&r=g\",\"caption\":\"Helena Amiley\"},\"description\":\"Jag skriver mest om sk\\u00f6nhet men bjuder \\u00e4ven p\\u00e5 glimtar fr\\u00e5n entrepren\\u00f6rlivet och bygget av v\\u00e5r egen camper van. Vanlife here we come!\",\"sameAs\":[\"https:\/\/www.facebook.com\/imakeyousmile.se\",\"https:\/\/www.instagram.com\/helenaamiley\",\"https:\/\/www.youtube.com\/channel\/UCR5iB6rvpV6Yr8ZjpQfr5mg?view_as=subscriber\"]}]}<\/script>\n<!-- \/ Yoast SEO Premium plugin. -->","_links":{"self":[{"href":"https:\/\/www.imakeyousmile.se\/es\/wp-json\/wp\/v2\/posts\/32249"}],"collection":[{"href":"https:\/\/www.imakeyousmile.se\/es\/wp-json\/wp\/v2\/posts"}],"about":[{"href":"https:\/\/www.imakeyousmile.se\/es\/wp-json\/wp\/v2\/types\/post"}],"author":[{"embeddable":true,"href":"https:\/\/www.imakeyousmile.se\/es\/wp-json\/wp\/v2\/users\/30"}],"replies":[{"embeddable":true,"href":"https:\/\/www.imakeyousmile.se\/es\/wp-json\/wp\/v2\/comments?post=32249"}],"version-history":[{"count":3,"href":"https:\/\/www.imakeyousmile.se\/es\/wp-json\/wp\/v2\/posts\/32249\/revisions"}],"predecessor-version":[{"id":32257,"href":"https:\/\/www.imakeyousmile.se\/es\/wp-json\/wp\/v2\/posts\/32249\/revisions\/32257"}],"wp:featuredmedia":[{"embeddable":true,"href":"https:\/\/www.imakeyousmile.se\/es\/wp-json\/wp\/v2\/media\/32253"}],"wp:attachment":[{"href":"https:\/\/www.imakeyousmile.se\/es\/wp-json\/wp\/v2\/media?parent=32249"}],"wp:term":[{"taxonomy":"category","embeddable":true,"href":"https:\/\/www.imakeyousmile.se\/es\/wp-json\/wp\/v2\/categories?post=32249"},{"taxonomy":"post_tag","embeddable":true,"href":"https:\/\/www.imakeyousmile.se\/es\/wp-json\/wp\/v2\/tags?post=32249"}],"curies":[{"name":"wp","href":"https:\/\/api.w.org\/{rel}","templated":true}]}}