{"id":327,"date":"2014-10-07T08:03:40","date_gmt":"2014-10-07T07:03:40","guid":{"rendered":"http:\/\/finest.se\/helenaronnblad\/2014\/10\/07\/morka-och-ljusa-ogonskuggor\/"},"modified":"2014-10-07T08:03:40","modified_gmt":"2014-10-07T07:03:40","slug":"morka-och-ljusa-ogonskuggor","status":"publish","type":"post","link":"https:\/\/www.imakeyousmile.se\/es\/sombras-de-ojos-claros-y-oscuros\/","title":{"rendered":"Sombras de ojos claras y oscuras"},"content":{"rendered":"<p>Mucha gente quiere maquillarse m\u00e1s con sombras de ojos oscuras e intensas, pero no es <em>solamente<\/em> para hacerlo, pero tambi\u00e9n tienes que sentirte bien, lo que no siempre es f\u00e1cil cuando est\u00e1s arriba.<\/p>\n<p>Mi consejo es atreverse a usar esa sombra de ojos oscura que tanto te gusta, y atreverte a pintar la l\u00ednea de flotaci\u00f3n oscura para unos ojos tan bonitos e intensos, pero tambi\u00e9n usar sombras de ojos claras que luego aclaran el conjunto y te facilitan prosperar en tu maquillaje :)<\/p>\n<p>Ilumina estas partes de los ojos para obtener el m\u00e1ximo efecto:<br \/>En medio del p\u00e1rpado<br \/>En el medio de la l\u00ednea de las pesta\u00f1as inferiores<br \/>En el rabillo del ojo<br \/>Debajo de la ceja<\/p>\n<p>Y si\u00e9ntase libre de elegir una sombra de ojos que no sea tan oscura cuando se aplica a lo largo de la l\u00ednea del globo, \u00a1algo entre los colores claro y oscuro ser\u00e1 bueno!<\/p>\n<p>Aqu\u00ed hay un ejemplo de tal maquillaje para que veas los detalles a los que me refiero:<\/p>\n<p><img decoding=\"async\" src=\"http:\/\/imgs.sthlmsfinest.com\/blogEntryImages\/2410760.jpg\" border=\"0\" alt=\"\" \/><\/p>\n<p>Un look muy oscuro que tambi\u00e9n contiene mucha luz.<\/p>\n<p>\u00bfQuieres ver m\u00e1s fotos del maquillaje y saber qu\u00e9 productos he usado? <span style=\"text-decoration: underline\"><a href=\"http:\/\/finest.se\/userBlog\/entry.php?uid=58620&amp;beid=2759931\" target=\"_blank\">aqu\u00ed<\/a><\/span> \u00a1encontrar\u00e1s mi publicaci\u00f3n anterior al respecto!<\/p>\n<p>\u00a1Los abrazos son!<\/p>","protected":false},"excerpt":{"rendered":"<p>V\u00e4ldigt m\u00e5nga vill sminka sig mer med m\u00f6rka och intensiva \u00f6gonskuggor, men det \u00e4r ju inte bara att g\u00f6ra det utan man m\u00e5ste ju k\u00e4nna sig snygg ocks\u00e5 vilket inte alltid \u00e4r l\u00e4tt n\u00e4r man \u00e4r ovan. Mitt tips \u00e4r d\u00e5 att v\u00e5ga anv\u00e4nda den d\u00e4r m\u00f6rka \u00f6gonskuggan som du tycker s\u00e5 mycket om, och [&hellip;]<\/p>\n","protected":false},"author":30,"featured_media":0,"comment_status":"open","ping_status":"open","sticky":false,"template":"","format":"standard","meta":{"footnotes":""},"categories":[3],"tags":[],"class_list":["post-327","post","type-post","status-publish","format-standard","hentry","category-allmant"],"yoast_head":"<!-- This site is optimized with the Yoast SEO Premium plugin v14.9 - https:\/\/yoast.com\/wordpress\/plugins\/seo\/ -->\n<meta name=\"description\" content=\"M\u00f6rka och ljusa \u00f6gonskuggor | Helena Amiley - H\u00e4r hittar du senaste infromation om sk\u00f6nhet, livsstil, entrepren\u00f6rskap, makeup &amp; tips.\" \/>\n<meta name=\"robots\" content=\"index, follow, max-snippet:-1, max-image-preview:large, max-video-preview:-1\" \/>\n<link rel=\"canonical\" href=\"https:\/\/www.imakeyousmile.se\/es\/morka-och-ljusa-ogonskuggor\/\" \/>\n<meta property=\"og:locale\" content=\"es_ES\" \/>\n<meta property=\"og:type\" content=\"article\" \/>\n<meta property=\"og:title\" content=\"M\u00f6rka och ljusa \u00f6gonskuggor | Imakeyousmile.se\" \/>\n<meta property=\"og:description\" content=\"M\u00f6rka och ljusa \u00f6gonskuggor | Helena Amiley - H\u00e4r hittar du senaste infromation om sk\u00f6nhet, livsstil, entrepren\u00f6rskap, makeup &amp; tips.\" \/>\n<meta property=\"og:url\" content=\"https:\/\/www.imakeyousmile.se\/es\/morka-och-ljusa-ogonskuggor\/\" \/>\n<meta property=\"og:site_name\" content=\"Imakeyousmile.se\" \/>\n<meta property=\"article:author\" content=\"https:\/\/www.facebook.com\/imakeyousmile.se\" \/>\n<meta property=\"article:published_time\" content=\"2014-10-07T07:03:40+00:00\" \/>\n<meta property=\"og:image\" content=\"http:\/\/imgs.sthlmsfinest.com\/blogEntryImages\/2410760.jpg\" \/>\n<meta name=\"twitter:card\" content=\"summary_large_image\" \/>\n<script type=\"application\/ld+json\" class=\"yoast-schema-graph\">{\"@context\":\"https:\/\/schema.org\",\"@graph\":[{\"@type\":\"Organization\",\"@id\":\"https:\/\/www.imakeyousmile.se\/es\/#organization\",\"name\":\"Imakeyousmile\",\"url\":\"https:\/\/www.imakeyousmile.se\/es\/\",\"sameAs\":[],\"logo\":{\"@type\":\"ImageObject\",\"@id\":\"https:\/\/www.imakeyousmile.se\/es\/#logo\",\"inLanguage\":\"es\",\"url\":\"https:\/\/www.imakeyousmile.se\/wp-content\/uploads\/2020\/10\/HELENA-AMILEY_SVART-1-e1603367975324.png\",\"width\":280,\"height\":93,\"caption\":\"Imakeyousmile\"},\"image\":{\"@id\":\"https:\/\/www.imakeyousmile.se\/es\/#logo\"}},{\"@type\":\"WebSite\",\"@id\":\"https:\/\/www.imakeyousmile.se\/es\/#website\",\"url\":\"https:\/\/www.imakeyousmile.se\/es\/\",\"name\":\"Imakeyousmile.se\",\"description\":\"Helena Amiley - Beauty, Entrepreneur, Lifestyle\",\"publisher\":{\"@id\":\"https:\/\/www.imakeyousmile.se\/es\/#organization\"},\"potentialAction\":[{\"@type\":\"SearchAction\",\"target\":\"https:\/\/www.imakeyousmile.se\/es\/?s={search_term_string}\",\"query-input\":\"required name=search_term_string\"}],\"inLanguage\":\"es\"},{\"@type\":\"ImageObject\",\"@id\":\"https:\/\/www.imakeyousmile.se\/morka-och-ljusa-ogonskuggor\/#primaryimage\",\"inLanguage\":\"es\",\"url\":\"http:\/\/imgs.sthlmsfinest.com\/blogEntryImages\/2410760.jpg\"},{\"@type\":\"WebPage\",\"@id\":\"https:\/\/www.imakeyousmile.se\/morka-och-ljusa-ogonskuggor\/#webpage\",\"url\":\"https:\/\/www.imakeyousmile.se\/morka-och-ljusa-ogonskuggor\/\",\"name\":\"M\\u00f6rka och ljusa \\u00f6gonskuggor | Imakeyousmile.se\",\"isPartOf\":{\"@id\":\"https:\/\/www.imakeyousmile.se\/es\/#website\"},\"primaryImageOfPage\":{\"@id\":\"https:\/\/www.imakeyousmile.se\/morka-och-ljusa-ogonskuggor\/#primaryimage\"},\"datePublished\":\"2014-10-07T07:03:40+00:00\",\"dateModified\":\"2014-10-07T07:03:40+00:00\",\"description\":\"M\\u00f6rka och ljusa \\u00f6gonskuggor | Helena Amiley - H\\u00e4r hittar du senaste infromation om sk\\u00f6nhet, livsstil, entrepren\\u00f6rskap, makeup & tips.\",\"inLanguage\":\"es\",\"potentialAction\":[{\"@type\":\"ReadAction\",\"target\":[\"https:\/\/www.imakeyousmile.se\/morka-och-ljusa-ogonskuggor\/\"]}]},{\"@type\":\"Article\",\"@id\":\"https:\/\/www.imakeyousmile.se\/morka-och-ljusa-ogonskuggor\/#article\",\"isPartOf\":{\"@id\":\"https:\/\/www.imakeyousmile.se\/morka-och-ljusa-ogonskuggor\/#webpage\"},\"author\":{\"@id\":\"https:\/\/www.imakeyousmile.se\/es\/#\/schema\/person\/b0fd43b1c6bb1c60cfd68bff9b4a10fb\"},\"headline\":\"M\\u00f6rka och ljusa \\u00f6gonskuggor\",\"datePublished\":\"2014-10-07T07:03:40+00:00\",\"dateModified\":\"2014-10-07T07:03:40+00:00\",\"mainEntityOfPage\":{\"@id\":\"https:\/\/www.imakeyousmile.se\/morka-och-ljusa-ogonskuggor\/#webpage\"},\"commentCount\":0,\"publisher\":{\"@id\":\"https:\/\/www.imakeyousmile.se\/es\/#organization\"},\"image\":{\"@id\":\"https:\/\/www.imakeyousmile.se\/morka-och-ljusa-ogonskuggor\/#primaryimage\"},\"articleSection\":\"\\u00d6vrigt\",\"inLanguage\":\"es\",\"potentialAction\":[{\"@type\":\"CommentAction\",\"name\":\"Comment\",\"target\":[\"https:\/\/www.imakeyousmile.se\/morka-och-ljusa-ogonskuggor\/#respond\"]}]},{\"@type\":\"Person\",\"@id\":\"https:\/\/www.imakeyousmile.se\/es\/#\/schema\/person\/b0fd43b1c6bb1c60cfd68bff9b4a10fb\",\"name\":\"Helena Amiley\",\"image\":{\"@type\":\"ImageObject\",\"@id\":\"https:\/\/www.imakeyousmile.se\/es\/#personlogo\",\"inLanguage\":\"es\",\"url\":\"https:\/\/secure.gravatar.com\/avatar\/5645558e1e355457a23368d7e1b4c904?s=96&d=mm&r=g\",\"caption\":\"Helena Amiley\"},\"description\":\"Jag skriver mest om sk\\u00f6nhet men bjuder \\u00e4ven p\\u00e5 glimtar fr\\u00e5n entrepren\\u00f6rlivet och bygget av v\\u00e5r egen camper van. Vanlife here we come!\",\"sameAs\":[\"https:\/\/www.facebook.com\/imakeyousmile.se\",\"https:\/\/www.instagram.com\/helenaamiley\",\"https:\/\/www.youtube.com\/channel\/UCR5iB6rvpV6Yr8ZjpQfr5mg?view_as=subscriber\"]}]}<\/script>\n<!-- \/ Yoast SEO Premium plugin. -->","_links":{"self":[{"href":"https:\/\/www.imakeyousmile.se\/es\/wp-json\/wp\/v2\/posts\/327"}],"collection":[{"href":"https:\/\/www.imakeyousmile.se\/es\/wp-json\/wp\/v2\/posts"}],"about":[{"href":"https:\/\/www.imakeyousmile.se\/es\/wp-json\/wp\/v2\/types\/post"}],"author":[{"embeddable":true,"href":"https:\/\/www.imakeyousmile.se\/es\/wp-json\/wp\/v2\/users\/30"}],"replies":[{"embeddable":true,"href":"https:\/\/www.imakeyousmile.se\/es\/wp-json\/wp\/v2\/comments?post=327"}],"version-history":[{"count":0,"href":"https:\/\/www.imakeyousmile.se\/es\/wp-json\/wp\/v2\/posts\/327\/revisions"}],"wp:attachment":[{"href":"https:\/\/www.imakeyousmile.se\/es\/wp-json\/wp\/v2\/media?parent=327"}],"wp:term":[{"taxonomy":"category","embeddable":true,"href":"https:\/\/www.imakeyousmile.se\/es\/wp-json\/wp\/v2\/categories?post=327"},{"taxonomy":"post_tag","embeddable":true,"href":"https:\/\/www.imakeyousmile.se\/es\/wp-json\/wp\/v2\/tags?post=327"}],"curies":[{"name":"wp","href":"https:\/\/api.w.org\/{rel}","templated":true}]}}