{"id":32737,"date":"2018-07-06T10:00:50","date_gmt":"2018-07-06T08:00:50","guid":{"rendered":"http:\/\/www.imakeyousmile.se\/?p=32737"},"modified":"2020-10-22T17:11:01","modified_gmt":"2020-10-22T15:11:01","slug":"farga-ljusa-ogonbryn-3","status":"publish","type":"post","link":"https:\/\/www.imakeyousmile.se\/es\/color-cejas-claras-3\/","title":{"rendered":"Color de cejas brillantes"},"content":{"rendered":"<p>\u00a1Aqu\u00ed viene otra transformaci\u00f3n de cejas con selecci\u00f3n y color!<\/p>\n<p>Fue muy divertido ayudar a esta clienta porque, en parte, me encanta te\u00f1ir las cejas brillantes porque hace una gran diferencia, \u00a1pero tambi\u00e9n divertido porque estaba muy, muy feliz! Cuando despu\u00e9s tambi\u00e9n calienta toda el alma :)<\/p>\n<p>Aqu\u00ed est\u00e1 el resultado:<\/p>\n<p><img loading=\"lazy\" decoding=\"async\" class=\"alignnone size-large wp-image-32739\" src=\"http:\/\/www.imakeyousmile.se\/wp-content\/uploads\/2018\/07\/f\u00e4rg_blonda_\u00f6gonbryn_vattenst\u00e4mpel-1024x1024.jpg\" alt=\"\" width=\"640\" height=\"640\" srcset=\"https:\/\/www.imakeyousmile.se\/wp-content\/uploads\/2018\/07\/f\u00e4rg_blonda_\u00f6gonbryn_vattenst\u00e4mpel-1024x1024.jpg 1024w, https:\/\/www.imakeyousmile.se\/wp-content\/uploads\/2018\/07\/f\u00e4rg_blonda_\u00f6gonbryn_vattenst\u00e4mpel-150x150.jpg 150w, https:\/\/www.imakeyousmile.se\/wp-content\/uploads\/2018\/07\/f\u00e4rg_blonda_\u00f6gonbryn_vattenst\u00e4mpel-300x300.jpg 300w, https:\/\/www.imakeyousmile.se\/wp-content\/uploads\/2018\/07\/f\u00e4rg_blonda_\u00f6gonbryn_vattenst\u00e4mpel-768x768.jpg 768w, https:\/\/www.imakeyousmile.se\/wp-content\/uploads\/2018\/07\/f\u00e4rg_blonda_\u00f6gonbryn_vattenst\u00e4mpel-696x696.jpg 696w, https:\/\/www.imakeyousmile.se\/wp-content\/uploads\/2018\/07\/f\u00e4rg_blonda_\u00f6gonbryn_vattenst\u00e4mpel-1068x1068.jpg 1068w, https:\/\/www.imakeyousmile.se\/wp-content\/uploads\/2018\/07\/f\u00e4rg_blonda_\u00f6gonbryn_vattenst\u00e4mpel-420x420.jpg 420w, https:\/\/www.imakeyousmile.se\/wp-content\/uploads\/2018\/07\/f\u00e4rg_blonda_\u00f6gonbryn_vattenst\u00e4mpel.jpg 2000w\" sizes=\"(max-width: 640px) 100vw, 640px\" \/><\/p>\n<p>Cuando ti\u00f1es cejas claras, siempre es igual de emocionante porque es casi imposible ver antes exactamente cu\u00e1nta paja saldr\u00e1 :)<\/p>\n<p><img loading=\"lazy\" decoding=\"async\" class=\"alignnone size-large wp-image-32738\" src=\"http:\/\/www.imakeyousmile.se\/wp-content\/uploads\/2018\/07\/blondabryn_f\u00e4rg_vattenst\u00e4mpel-1024x1024.jpg\" alt=\"\" width=\"640\" height=\"640\" srcset=\"https:\/\/www.imakeyousmile.se\/wp-content\/uploads\/2018\/07\/blondabryn_f\u00e4rg_vattenst\u00e4mpel-1024x1024.jpg 1024w, https:\/\/www.imakeyousmile.se\/wp-content\/uploads\/2018\/07\/blondabryn_f\u00e4rg_vattenst\u00e4mpel-150x150.jpg 150w, https:\/\/www.imakeyousmile.se\/wp-content\/uploads\/2018\/07\/blondabryn_f\u00e4rg_vattenst\u00e4mpel-300x300.jpg 300w, https:\/\/www.imakeyousmile.se\/wp-content\/uploads\/2018\/07\/blondabryn_f\u00e4rg_vattenst\u00e4mpel-768x768.jpg 768w, https:\/\/www.imakeyousmile.se\/wp-content\/uploads\/2018\/07\/blondabryn_f\u00e4rg_vattenst\u00e4mpel-696x696.jpg 696w, https:\/\/www.imakeyousmile.se\/wp-content\/uploads\/2018\/07\/blondabryn_f\u00e4rg_vattenst\u00e4mpel-1068x1068.jpg 1068w, https:\/\/www.imakeyousmile.se\/wp-content\/uploads\/2018\/07\/blondabryn_f\u00e4rg_vattenst\u00e4mpel-420x420.jpg 420w\" sizes=\"(max-width: 640px) 100vw, 640px\" \/><\/p>\n<p>\u00a1Bien bien! :)<\/p>\n<p>Si adem\u00e1s quieres reservar una cita con nosotros, puedes hacerlo f\u00e1cilmente online en nuestra web Creativemakeup.se.<\/p>\n<p>\u00a1Abrazo!<\/p>\n<p><img loading=\"lazy\" decoding=\"async\" class=\"alignnone size-large wp-image-28529\" src=\"http:\/\/www.imakeyousmile.se\/wp-content\/uploads\/2017\/03\/Sidfot-Namnloggo-1024x115.png\" alt=\"\" width=\"640\" height=\"72\" \/><\/p>","protected":false},"excerpt":{"rendered":"<p>H\u00e4r kommer \u00e4nnu en \u00f6gonbrynsf\u00f6rvandling med plock och f\u00e4rg! Den h\u00e4r kunden var s\u00e5 extremt rolig att hj\u00e4lpa f\u00f6r dels \u00e4lskar jag ju att f\u00e4rga ljusa \u00f6gonbryn eftersom det blir s\u00e5 himla stor skillnad, men ocks\u00e5 roligt f\u00f6r att hon blev s\u00e5 himla, himla n\u00f6jd! N\u00e4r det bara v\u00e4rmer i hela sj\u00e4len efter\u00e5t liksom :) [&hellip;]<\/p>\n","protected":false},"author":30,"featured_media":32738,"comment_status":"open","ping_status":"closed","sticky":false,"template":"","format":"standard","meta":{"footnotes":""},"categories":[7003,12],"tags":[],"class_list":["post-32737","post","type-post","status-publish","format-standard","has-post-thumbnail","hentry","category-fore-efter-kunder","category-ogonbryn"],"yoast_head":"<!-- This site is optimized with the Yoast SEO Premium plugin v14.9 - https:\/\/yoast.com\/wordpress\/plugins\/seo\/ -->\n<meta name=\"description\" content=\"F\u00e4rga ljusa \u00f6gonbryn | Helena Amiley - H\u00e4r hittar du senaste infromation om sk\u00f6nhet, livsstil, entrepren\u00f6rskap, makeup &amp; tips.\" \/>\n<meta name=\"robots\" content=\"index, follow, max-snippet:-1, max-image-preview:large, max-video-preview:-1\" \/>\n<link rel=\"canonical\" href=\"https:\/\/www.imakeyousmile.se\/es\/farga-ljusa-ogonbryn-3\/\" \/>\n<meta property=\"og:locale\" content=\"es_ES\" \/>\n<meta property=\"og:type\" content=\"article\" \/>\n<meta property=\"og:title\" content=\"F\u00e4rga ljusa \u00f6gonbryn | Imakeyousmile.se\" \/>\n<meta property=\"og:description\" content=\"F\u00e4rga ljusa \u00f6gonbryn | Helena Amiley - H\u00e4r hittar du senaste infromation om sk\u00f6nhet, livsstil, entrepren\u00f6rskap, makeup &amp; tips.\" \/>\n<meta property=\"og:url\" content=\"https:\/\/www.imakeyousmile.se\/es\/farga-ljusa-ogonbryn-3\/\" \/>\n<meta property=\"og:site_name\" content=\"Imakeyousmile.se\" \/>\n<meta property=\"article:author\" content=\"https:\/\/www.facebook.com\/imakeyousmile.se\" \/>\n<meta property=\"article:published_time\" content=\"2018-07-06T08:00:50+00:00\" \/>\n<meta property=\"article:modified_time\" content=\"2020-10-22T15:11:01+00:00\" \/>\n<meta property=\"og:image\" content=\"https:\/\/www.imakeyousmile.se\/wp-content\/uploads\/2018\/07\/blondabryn_f\u00e4rg_vattenst\u00e4mpel.jpg\" \/>\n\t<meta property=\"og:image:width\" content=\"2500\" \/>\n\t<meta property=\"og:image:height\" content=\"2500\" \/>\n<meta name=\"twitter:card\" content=\"summary_large_image\" \/>\n<script type=\"application\/ld+json\" class=\"yoast-schema-graph\">{\"@context\":\"https:\/\/schema.org\",\"@graph\":[{\"@type\":\"Organization\",\"@id\":\"https:\/\/www.imakeyousmile.se\/es\/#organization\",\"name\":\"Imakeyousmile\",\"url\":\"https:\/\/www.imakeyousmile.se\/es\/\",\"sameAs\":[],\"logo\":{\"@type\":\"ImageObject\",\"@id\":\"https:\/\/www.imakeyousmile.se\/es\/#logo\",\"inLanguage\":\"es\",\"url\":\"https:\/\/www.imakeyousmile.se\/wp-content\/uploads\/2020\/10\/HELENA-AMILEY_SVART-1-e1603367975324.png\",\"width\":280,\"height\":93,\"caption\":\"Imakeyousmile\"},\"image\":{\"@id\":\"https:\/\/www.imakeyousmile.se\/es\/#logo\"}},{\"@type\":\"WebSite\",\"@id\":\"https:\/\/www.imakeyousmile.se\/es\/#website\",\"url\":\"https:\/\/www.imakeyousmile.se\/es\/\",\"name\":\"Imakeyousmile.se\",\"description\":\"Helena Amiley - Beauty, Entrepreneur, Lifestyle\",\"publisher\":{\"@id\":\"https:\/\/www.imakeyousmile.se\/es\/#organization\"},\"potentialAction\":[{\"@type\":\"SearchAction\",\"target\":\"https:\/\/www.imakeyousmile.se\/es\/?s={search_term_string}\",\"query-input\":\"required name=search_term_string\"}],\"inLanguage\":\"es\"},{\"@type\":\"ImageObject\",\"@id\":\"https:\/\/www.imakeyousmile.se\/farga-ljusa-ogonbryn-3\/#primaryimage\",\"inLanguage\":\"es\",\"url\":\"https:\/\/www.imakeyousmile.se\/wp-content\/uploads\/2018\/07\/blondabryn_f\\u00e4rg_vattenst\\u00e4mpel.jpg\",\"width\":2500,\"height\":2500},{\"@type\":\"WebPage\",\"@id\":\"https:\/\/www.imakeyousmile.se\/farga-ljusa-ogonbryn-3\/#webpage\",\"url\":\"https:\/\/www.imakeyousmile.se\/farga-ljusa-ogonbryn-3\/\",\"name\":\"F\\u00e4rga ljusa \\u00f6gonbryn | Imakeyousmile.se\",\"isPartOf\":{\"@id\":\"https:\/\/www.imakeyousmile.se\/es\/#website\"},\"primaryImageOfPage\":{\"@id\":\"https:\/\/www.imakeyousmile.se\/farga-ljusa-ogonbryn-3\/#primaryimage\"},\"datePublished\":\"2018-07-06T08:00:50+00:00\",\"dateModified\":\"2020-10-22T15:11:01+00:00\",\"description\":\"F\\u00e4rga ljusa \\u00f6gonbryn | Helena Amiley - H\\u00e4r hittar du senaste infromation om sk\\u00f6nhet, livsstil, entrepren\\u00f6rskap, makeup & tips.\",\"inLanguage\":\"es\",\"potentialAction\":[{\"@type\":\"ReadAction\",\"target\":[\"https:\/\/www.imakeyousmile.se\/farga-ljusa-ogonbryn-3\/\"]}]},{\"@type\":\"Article\",\"@id\":\"https:\/\/www.imakeyousmile.se\/farga-ljusa-ogonbryn-3\/#article\",\"isPartOf\":{\"@id\":\"https:\/\/www.imakeyousmile.se\/farga-ljusa-ogonbryn-3\/#webpage\"},\"author\":{\"@id\":\"https:\/\/www.imakeyousmile.se\/es\/#\/schema\/person\/b0fd43b1c6bb1c60cfd68bff9b4a10fb\"},\"headline\":\"F\\u00e4rga ljusa \\u00f6gonbryn\",\"datePublished\":\"2018-07-06T08:00:50+00:00\",\"dateModified\":\"2020-10-22T15:11:01+00:00\",\"mainEntityOfPage\":{\"@id\":\"https:\/\/www.imakeyousmile.se\/farga-ljusa-ogonbryn-3\/#webpage\"},\"commentCount\":1,\"publisher\":{\"@id\":\"https:\/\/www.imakeyousmile.se\/es\/#organization\"},\"image\":{\"@id\":\"https:\/\/www.imakeyousmile.se\/farga-ljusa-ogonbryn-3\/#primaryimage\"},\"articleSection\":\"F\\u00f6re &amp; efter (kundjobb),\\u00d6gonbryn\",\"inLanguage\":\"es\",\"potentialAction\":[{\"@type\":\"CommentAction\",\"name\":\"Comment\",\"target\":[\"https:\/\/www.imakeyousmile.se\/farga-ljusa-ogonbryn-3\/#respond\"]}]},{\"@type\":\"Person\",\"@id\":\"https:\/\/www.imakeyousmile.se\/es\/#\/schema\/person\/b0fd43b1c6bb1c60cfd68bff9b4a10fb\",\"name\":\"Helena Amiley\",\"image\":{\"@type\":\"ImageObject\",\"@id\":\"https:\/\/www.imakeyousmile.se\/es\/#personlogo\",\"inLanguage\":\"es\",\"url\":\"https:\/\/secure.gravatar.com\/avatar\/5645558e1e355457a23368d7e1b4c904?s=96&d=mm&r=g\",\"caption\":\"Helena Amiley\"},\"description\":\"Jag skriver mest om sk\\u00f6nhet men bjuder \\u00e4ven p\\u00e5 glimtar fr\\u00e5n entrepren\\u00f6rlivet och bygget av v\\u00e5r egen camper van. Vanlife here we come!\",\"sameAs\":[\"https:\/\/www.facebook.com\/imakeyousmile.se\",\"https:\/\/www.instagram.com\/helenaamiley\",\"https:\/\/www.youtube.com\/channel\/UCR5iB6rvpV6Yr8ZjpQfr5mg?view_as=subscriber\"]}]}<\/script>\n<!-- \/ Yoast SEO Premium plugin. -->","_links":{"self":[{"href":"https:\/\/www.imakeyousmile.se\/es\/wp-json\/wp\/v2\/posts\/32737"}],"collection":[{"href":"https:\/\/www.imakeyousmile.se\/es\/wp-json\/wp\/v2\/posts"}],"about":[{"href":"https:\/\/www.imakeyousmile.se\/es\/wp-json\/wp\/v2\/types\/post"}],"author":[{"embeddable":true,"href":"https:\/\/www.imakeyousmile.se\/es\/wp-json\/wp\/v2\/users\/30"}],"replies":[{"embeddable":true,"href":"https:\/\/www.imakeyousmile.se\/es\/wp-json\/wp\/v2\/comments?post=32737"}],"version-history":[{"count":1,"href":"https:\/\/www.imakeyousmile.se\/es\/wp-json\/wp\/v2\/posts\/32737\/revisions"}],"predecessor-version":[{"id":32740,"href":"https:\/\/www.imakeyousmile.se\/es\/wp-json\/wp\/v2\/posts\/32737\/revisions\/32740"}],"wp:featuredmedia":[{"embeddable":true,"href":"https:\/\/www.imakeyousmile.se\/es\/wp-json\/wp\/v2\/media\/32738"}],"wp:attachment":[{"href":"https:\/\/www.imakeyousmile.se\/es\/wp-json\/wp\/v2\/media?parent=32737"}],"wp:term":[{"taxonomy":"category","embeddable":true,"href":"https:\/\/www.imakeyousmile.se\/es\/wp-json\/wp\/v2\/categories?post=32737"},{"taxonomy":"post_tag","embeddable":true,"href":"https:\/\/www.imakeyousmile.se\/es\/wp-json\/wp\/v2\/tags?post=32737"}],"curies":[{"name":"wp","href":"https:\/\/api.w.org\/{rel}","templated":true}]}}