{"id":32767,"date":"2018-07-13T22:04:42","date_gmt":"2018-07-13T20:04:42","guid":{"rendered":"http:\/\/www.imakeyousmile.se\/?p=32767"},"modified":"2018-07-13T22:04:42","modified_gmt":"2018-07-13T20:04:42","slug":"blue-eyeliner-blue-mascara","status":"publish","type":"post","link":"https:\/\/www.imakeyousmile.se\/es\/delineador-de-ojos-azul-rimel-azul\/","title":{"rendered":"Delineador de ojos azul y r\u00edmel azul"},"content":{"rendered":"<p>El maquillaje de hoy realmente no necesita una descripci\u00f3n paso a paso porque result\u00f3 ser 2 im\u00e1genes jaja, pero tampoco duele, creo;)<\/p>\n<p>Un poco t\u00edpico tambi\u00e9n que olvid\u00e9 que la m\u00e1scara de pesta\u00f1as azul que us\u00e9 se basaba en la gama de IsaDora, sab\u00eda que si lo hubiera pensado ... Aunque todav\u00eda no me gusta mucho porque creo que es <em>para<\/em> dif\u00edcil de quitar a pesar de un buen removedor, \u00a1as\u00ed que a\u00fan puedes verlo como inspiraci\u00f3n para encontrar otra bonita m\u00e1scara de pesta\u00f1as azul!<\/p>\n<p>\u00a1Creo que el r\u00edmel azul es tan celestialmente hermoso en el verano! Ambos completamente solo pero tambi\u00e9n para maquillaje marr\u00f3n, p. Ej. ojos ahumados en bronce y oro y luego r\u00edmel azul solo en las pesta\u00f1as inferiores, mam\u00e1s :) \u00a1Probablemente lo haga alg\u00fan d\u00eda!<\/p>\n<p><img loading=\"lazy\" decoding=\"async\" class=\"alignnone size-full wp-image-32770\" src=\"http:\/\/www.imakeyousmile.se\/wp-content\/uploads\/2018\/07\/IMG_1427_111.jpg\" alt=\"\" width=\"2500\" height=\"2883\" srcset=\"https:\/\/www.imakeyousmile.se\/wp-content\/uploads\/2018\/07\/IMG_1427_111.jpg 2220w, https:\/\/www.imakeyousmile.se\/wp-content\/uploads\/2018\/07\/IMG_1427_111-260x300.jpg 260w, https:\/\/www.imakeyousmile.se\/wp-content\/uploads\/2018\/07\/IMG_1427_111-768x886.jpg 768w, https:\/\/www.imakeyousmile.se\/wp-content\/uploads\/2018\/07\/IMG_1427_111-888x1024.jpg 888w, https:\/\/www.imakeyousmile.se\/wp-content\/uploads\/2018\/07\/IMG_1427_111-696x803.jpg 696w, https:\/\/www.imakeyousmile.se\/wp-content\/uploads\/2018\/07\/IMG_1427_111-1068x1232.jpg 1068w, https:\/\/www.imakeyousmile.se\/wp-content\/uploads\/2018\/07\/IMG_1427_111-364x420.jpg 364w\" sizes=\"(max-width: 2500px) 100vw, 2500px\" \/><\/p>\n<p><strong>Prebase de color para el rostro -<\/strong> <a href=\"https:\/\/ion.lyko.com\/t\/t?a=1117786221&#038;as=1548102449&#038;t=2&#038;tk=1&#038;epi=search-replace-glo-tinted&#038;url=https:\/\/lyko.com\/sv\/glo-skin-beauty\/glominerals-tinted-primer-spf30-fair\/\">imprimaci\u00f3n te\u00f1ida glo spf 30<\/a> (Medio)<strong><br \/>\nCorrector -<\/strong>\u00a0<a href=\"https:\/\/ion.lyko.com\/t\/t?a=1117786221&#038;as=1548102449&#038;t=2&#038;tk=1&#038;epi=search-replace-glo-undereye&#038;url=https:\/\/lyko.com\/sv\/glo-skin-beauty\/glominerals-under-eye-concealer-beige\/\">corrector de ojos glo<\/a> (Beige)<br \/>\nFundaci\u00f3n - <a href=\"https:\/\/ion.lyko.com\/t\/t?a=1117786221&#038;as=1548102449&#038;t=2&#038;tk=1&#038;epi=search-replace-pressedbase&#038;url=https:\/\/lyko.com\/sv\/glo-skin-beauty\/glominerals-pressed-base-golden-medium\">Base base prensada glo<\/a> (Medio dorado)<br \/>\n<strong>Polvo que neutraliza las rojeces <\/strong>- <a href=\"https:\/\/ion.lyko.com\/t\/t?a=1117786221&#038;as=1548102449&#038;t=2&#038;tk=1&#038;epi=search-replace-rednessrelief&#038;url=https:\/\/lyko.com\/sv\/glo-skin-beauty\/glo-skin-bea-rednessrelief-powder\/\">glo Polvo para aliviar el enrojecimiento<\/a><strong><br \/>\n<\/strong><strong>Contorneado - <\/strong><a href=\"https:\/\/ion.lyko.com\/t\/t?a=1117786221&#038;as=1548102449&#038;t=2&#038;tk=1&#038;epi=serach-replace-contouringpaletteXX&#038;url=https:\/\/lyko.com\/sv\/sok?q=contouring+palette\">Paleta de contorno<\/a> (2)<a href=\"https:\/\/ion.lyko.com\/t\/t?a=1117786221&#038;as=1548102449&#038;t=2&#038;tk=1&#038;epi=search-replace-pixipalette&#038;url=https:\/\/lyko.com\/sv\/sok?q=pixi+palette\"><br \/>\n<\/a><strong>Colorete - <\/strong><a href=\"https:\/\/ion.lyko.com\/t\/t?a=1117786221&#038;as=1548102449&#038;t=2&#038;tk=1&#038;epi=serach-replace-blushrougeXX&#038;url=https:\/\/lyko.com\/sv\/sok?q=blush+rouge\">Sonrojo<\/a> (35)<br \/>\n<strong>Niebla reparadora -<\/strong> <a href=\"https:\/\/ion.lyko.com\/t\/t?a=1117786221&#038;as=1548102449&#038;t=2&#038;tk=1&#038;epi=search-replace-fixingmist&#038;url=https:\/\/lyko.com\/sv\/pixi\/pixi-makeup-fixing-mist\">Bruma fijadora de maquillaje Pixi<br \/>\n<\/a><strong>Polvo -<\/strong> <a href=\"https:\/\/creativemakeup.se\/butik\/smink\/paese-bamboo-silk-powder\/\">Polvo de seda de bamb\u00fa Paese<\/a><\/p>\n<p><strong>Brynpenna -<\/strong> <a href=\"https:\/\/ion.lyko.com\/t\/t?a=1117786221&#038;as=1548102449&#038;t=2&#038;tk=1&#038;epi=search-replace-globrowliner&#038;url=https:\/\/lyko.com\/sv\/glo-skin-beauty\/glo-skin-bea-precisemicro-browliner-aubu\/\">glo Skin Beauty Micro delineador de cejas<\/a> (Ash y Cuervo)<\/p>\n<p><b>L\u00e1piz labial<\/b> - <a href=\"https:\/\/ion.lyko.com\/t\/t?a=1117786221&#038;as=1548102449&#038;t=2&#038;tk=1&#038;epi=search-replace-glocreamglaze&#038;url=https:\/\/lyko.com\/sv\/glo-skin-beauty\/glominerals-glo-cream-glaze-crayon-bloom\">glo Suede Matte Crayon<\/a> (Sorbete)<\/p>\n<p><img loading=\"lazy\" decoding=\"async\" class=\"alignnone size-full wp-image-32772\" src=\"http:\/\/www.imakeyousmile.se\/wp-content\/uploads\/2018\/07\/IMG_1367_111.jpg\" alt=\"\" width=\"2500\" height=\"1245\" srcset=\"https:\/\/www.imakeyousmile.se\/wp-content\/uploads\/2018\/07\/IMG_1367_111.jpg 2500w, https:\/\/www.imakeyousmile.se\/wp-content\/uploads\/2018\/07\/IMG_1367_111-300x149.jpg 300w, https:\/\/www.imakeyousmile.se\/wp-content\/uploads\/2018\/07\/IMG_1367_111-768x382.jpg 768w, https:\/\/www.imakeyousmile.se\/wp-content\/uploads\/2018\/07\/IMG_1367_111-1024x510.jpg 1024w, https:\/\/www.imakeyousmile.se\/wp-content\/uploads\/2018\/07\/IMG_1367_111-324x160.jpg 324w, https:\/\/www.imakeyousmile.se\/wp-content\/uploads\/2018\/07\/IMG_1367_111-696x347.jpg 696w, https:\/\/www.imakeyousmile.se\/wp-content\/uploads\/2018\/07\/IMG_1367_111-1068x532.jpg 1068w, https:\/\/www.imakeyousmile.se\/wp-content\/uploads\/2018\/07\/IMG_1367_111-843x420.jpg 843w\" sizes=\"(max-width: 2500px) 100vw, 2500px\" \/><\/p>\n<p>Puse un poco de sombra de ojos azul claro en el rabillo del ojo y tambi\u00e9n debajo del delineador de ojos, \u00a1que creo que fue la guinda del pastel!<\/p>\n<p><img loading=\"lazy\" decoding=\"async\" class=\"alignnone size-full wp-image-32774\" src=\"http:\/\/www.imakeyousmile.se\/wp-content\/uploads\/2018\/07\/blueeyelinertutorial_111.jpg\" alt=\"\" width=\"2500\" height=\"954\" srcset=\"https:\/\/www.imakeyousmile.se\/wp-content\/uploads\/2018\/07\/blueeyelinertutorial_111.jpg 2500w, https:\/\/www.imakeyousmile.se\/wp-content\/uploads\/2018\/07\/blueeyelinertutorial_111-300x114.jpg 300w, https:\/\/www.imakeyousmile.se\/wp-content\/uploads\/2018\/07\/blueeyelinertutorial_111-768x293.jpg 768w, https:\/\/www.imakeyousmile.se\/wp-content\/uploads\/2018\/07\/blueeyelinertutorial_111-1024x391.jpg 1024w, https:\/\/www.imakeyousmile.se\/wp-content\/uploads\/2018\/07\/blueeyelinertutorial_111-696x266.jpg 696w, https:\/\/www.imakeyousmile.se\/wp-content\/uploads\/2018\/07\/blueeyelinertutorial_111-1068x408.jpg 1068w, https:\/\/www.imakeyousmile.se\/wp-content\/uploads\/2018\/07\/blueeyelinertutorial_111-1101x420.jpg 1101w\" sizes=\"(max-width: 2500px) 100vw, 2500px\" \/><\/p>\n<ol>\n<li>Primer + polvo de sombra de ojos, <a href=\"https:\/\/ion.lyko.com\/t\/t?a=1117786221&#038;as=1548102449&#038;t=2&#038;tk=1&#038;epi=search-replace-pixi-eyebright&#038;url=https:\/\/lyko.com\/sv\/pixi\/pixi-eye-bright-primer\/\">Prebase brillante para ojos Pixi<\/a><br \/>\nSombra de ojos azul como delineador de ojos con ala (<a href=\"https:\/\/creativemakeup.se\/butik\/smink\/paese-neo-eyeshadow\/\">Sombra de ojos Paese Neo 661<\/a>) mezclado con\u00a0<a href=\"https:\/\/ion.lyko.com\/t\/t?a=1117786221&#038;as=1548102449&#038;t=2&#038;tk=1&#038;epi=search-replace-fixingmist&#038;url=https:\/\/lyko.com\/sv\/pixi\/pixi-makeup-fixing-mist\">Bruma fijadora de maquillaje Pixi<\/a> para hacer de la sombra un delineador de ojos l\u00edquido.<\/li>\n<li>Sombra de ojos azul claro en la esquina del ojo y debajo del delineador de ojos, <a href=\"https:\/\/creativemakeup.se\/butik\/smink\/paese-opal-eyeshadow\/\">Sombra de ojos Paese Opal<\/a> (San tropez)<br \/>\nR\u00edmel azul en las pesta\u00f1as superiores, r\u00edmel impermeable IsaDora Build-Up 100% (25 Ocean Blue) (nota fuera de rango)<\/li>\n<\/ol>\n<p>\u00a1Claro!<\/p>\n<p><img loading=\"lazy\" decoding=\"async\" class=\"alignnone size-full wp-image-32773\" src=\"http:\/\/www.imakeyousmile.se\/wp-content\/uploads\/2018\/07\/IMG_1429_111.jpg\" alt=\"\" width=\"2500\" height=\"2831\" srcset=\"https:\/\/www.imakeyousmile.se\/wp-content\/uploads\/2018\/07\/IMG_1429_111.jpg 2261w, https:\/\/www.imakeyousmile.se\/wp-content\/uploads\/2018\/07\/IMG_1429_111-265x300.jpg 265w, https:\/\/www.imakeyousmile.se\/wp-content\/uploads\/2018\/07\/IMG_1429_111-768x870.jpg 768w, https:\/\/www.imakeyousmile.se\/wp-content\/uploads\/2018\/07\/IMG_1429_111-904x1024.jpg 904w, https:\/\/www.imakeyousmile.se\/wp-content\/uploads\/2018\/07\/IMG_1429_111-696x788.jpg 696w, https:\/\/www.imakeyousmile.se\/wp-content\/uploads\/2018\/07\/IMG_1429_111-1068x1209.jpg 1068w, https:\/\/www.imakeyousmile.se\/wp-content\/uploads\/2018\/07\/IMG_1429_111-371x420.jpg 371w\" sizes=\"(max-width: 2500px) 100vw, 2500px\" \/><img loading=\"lazy\" decoding=\"async\" class=\"alignnone size-full wp-image-32776\" src=\"http:\/\/www.imakeyousmile.se\/wp-content\/uploads\/2018\/07\/IMG_1433_1112.jpg\" alt=\"\" width=\"2500\" height=\"2659\" srcset=\"https:\/\/www.imakeyousmile.se\/wp-content\/uploads\/2018\/07\/IMG_1433_1112.jpg 2407w, https:\/\/www.imakeyousmile.se\/wp-content\/uploads\/2018\/07\/IMG_1433_1112-282x300.jpg 282w, https:\/\/www.imakeyousmile.se\/wp-content\/uploads\/2018\/07\/IMG_1433_1112-768x817.jpg 768w, https:\/\/www.imakeyousmile.se\/wp-content\/uploads\/2018\/07\/IMG_1433_1112-963x1024.jpg 963w, https:\/\/www.imakeyousmile.se\/wp-content\/uploads\/2018\/07\/IMG_1433_1112-696x740.jpg 696w, https:\/\/www.imakeyousmile.se\/wp-content\/uploads\/2018\/07\/IMG_1433_1112-1068x1136.jpg 1068w, https:\/\/www.imakeyousmile.se\/wp-content\/uploads\/2018\/07\/IMG_1433_1112-395x420.jpg 395w\" sizes=\"(max-width: 2500px) 100vw, 2500px\" \/><\/p>\n<p>\u00a1El delineador de ojos est\u00e1 hecho con sombra de ojos + bruma fijadora y dur\u00f3 desde la ma\u00f1ana hasta la noche! Es importante enfatizar, sin embargo, que ten\u00eda prebase de sombra de ojos + polvo debajo, pero probablemente no hubiera aguantado porque cuando estaba grasoso alrededor de los ojos por la noche, trat\u00e9 de tirar con el dedo (para ver la durabilidad) y luego se manch\u00f3 con bastante facilidad. Pero antes de tirar de mi dedo estaba tan bien como cuando estaba reci\u00e9n hecho :)<\/p>\n<p>\u00a1Los abrazos son!<\/p>\n<p><img loading=\"lazy\" decoding=\"async\" class=\"alignnone size-large wp-image-28529\" src=\"http:\/\/www.imakeyousmile.se\/wp-content\/uploads\/2017\/03\/Sidfot-Namnloggo-1024x115.png\" alt=\"\" width=\"640\" height=\"72\" \/><\/p>","protected":false},"excerpt":{"rendered":"<p>Dagens sminkning beh\u00f6ver v\u00e4l egentligen ingen steg f\u00f6r steg-beskrivning f\u00f6r den blev vara 2 bilder haha, meen det skadar ju inte heller t\u00e4nker jag ;) Lite typiskt ocks\u00e5 att jag gl\u00f6mde bort att den bl\u00e5a mascaran jag anv\u00e4nde har utg\u00e5tt fr\u00e5n IsaDoras sortiment, jag visste ju det om jag hade t\u00e4nkt efter.. Fast jag gillar [&hellip;]<\/p>\n","protected":false},"author":30,"featured_media":32769,"comment_status":"open","ping_status":"closed","sticky":false,"template":"","format":"standard","meta":{"footnotes":""},"categories":[2828,2827,2623],"tags":[4045,638,822,6343,4059,6342,4830,963,5809,1985,4869,48,1604,6320,6302,6162,6238,6279,6306,6344,5895,2748,56,3974,6052,5286,3420,3432,4380,3104,3772,4315,1939,433,5202,54,52,407,629],"class_list":{"0":"post-32767","1":"post","2":"type-post","3":"status-publish","4":"format-standard","5":"has-post-thumbnail","6":"hentry","7":"category-fargstarka-sminkningar","8":"category-vardagssminkningar","9":"category-sminkningar","10":"tag-beauty-blog","11":"tag-bla-eyeliner","12":"tag-bla-mascara","13":"tag-bla-mascara-och-bla-eyeliner","14":"tag-blue-eyeliner","15":"tag-blue-eyeliner-blue-mascara","16":"tag-blue-mascara","17":"tag-colorful-makeup","18":"tag-creative-eyeliner","19":"tag-creative-makeup","20":"tag-everyday-makeup","21":"tag-fargglad-sminkning","22":"tag-fargstark-sminkning","23":"tag-glo-pressed-base-foundation","24":"tag-glo-redness-relief-powder","26":"tag-glo-suede-matte-crayon","27":"tag-glo-tinted-primer-spf-30","28":"tag-glo-under-eye-concealer","29":"tag-isadora-build-up-100-waterproof-mascara","30":"tag-kreativ-eyeliner","31":"tag-kreativ-sminkning","32":"tag-makeup-blog","33":"tag-paese-bamboo-silk-powder","34":"tag-paese-blush","35":"tag-paese-contouring-palette","36":"tag-paese-neo","37":"tag-paese-opal","38":"tag-pictorial","39":"tag-pink-lips","40":"tag-pixi-eye-bright-primer","41":"tag-pixi-makeup-fixing-mist","42":"tag-rosa-lappar","43":"tag-skonhetsblogg","44":"tag-skonhetsskribent","45":"tag-sminkblogg","46":"tag-steg-for-steg-2","47":"tag-tutorial","48":"tag-vardagssminkning"},"yoast_head":"<!-- This site is optimized with the Yoast SEO Premium plugin v14.9 - https:\/\/yoast.com\/wordpress\/plugins\/seo\/ -->\n<meta name=\"description\" content=\"Blue eyeliner &amp; blue mascara | Helena Amiley - H\u00e4r hittar du senaste infromation om sk\u00f6nhet, livsstil, entrepren\u00f6rskap, makeup &amp; tips.\" \/>\n<meta name=\"robots\" content=\"index, follow, max-snippet:-1, max-image-preview:large, max-video-preview:-1\" \/>\n<link rel=\"canonical\" href=\"https:\/\/www.imakeyousmile.se\/es\/blue-eyeliner-blue-mascara\/\" \/>\n<meta property=\"og:locale\" content=\"es_ES\" \/>\n<meta property=\"og:type\" content=\"article\" \/>\n<meta property=\"og:title\" content=\"Blue eyeliner &amp; blue mascara | Imakeyousmile.se\" \/>\n<meta property=\"og:description\" content=\"Blue eyeliner &amp; blue mascara | Helena Amiley - H\u00e4r hittar du senaste infromation om sk\u00f6nhet, livsstil, entrepren\u00f6rskap, makeup &amp; tips.\" \/>\n<meta property=\"og:url\" content=\"https:\/\/www.imakeyousmile.se\/es\/blue-eyeliner-blue-mascara\/\" \/>\n<meta property=\"og:site_name\" content=\"Imakeyousmile.se\" \/>\n<meta property=\"article:author\" content=\"https:\/\/www.facebook.com\/imakeyousmile.se\" \/>\n<meta property=\"article:published_time\" content=\"2018-07-13T20:04:42+00:00\" \/>\n<meta property=\"og:image\" content=\"https:\/\/www.imakeyousmile.se\/wp-content\/uploads\/2018\/07\/oneblue_111.jpg\" \/>\n\t<meta property=\"og:image:width\" content=\"2500\" \/>\n\t<meta property=\"og:image:height\" content=\"2011\" \/>\n<meta name=\"twitter:card\" content=\"summary_large_image\" \/>\n<script type=\"application\/ld+json\" class=\"yoast-schema-graph\">{\"@context\":\"https:\/\/schema.org\",\"@graph\":[{\"@type\":\"Organization\",\"@id\":\"https:\/\/www.imakeyousmile.se\/es\/#organization\",\"name\":\"Imakeyousmile\",\"url\":\"https:\/\/www.imakeyousmile.se\/es\/\",\"sameAs\":[],\"logo\":{\"@type\":\"ImageObject\",\"@id\":\"https:\/\/www.imakeyousmile.se\/es\/#logo\",\"inLanguage\":\"es\",\"url\":\"https:\/\/www.imakeyousmile.se\/wp-content\/uploads\/2020\/10\/HELENA-AMILEY_SVART-1-e1603367975324.png\",\"width\":280,\"height\":93,\"caption\":\"Imakeyousmile\"},\"image\":{\"@id\":\"https:\/\/www.imakeyousmile.se\/es\/#logo\"}},{\"@type\":\"WebSite\",\"@id\":\"https:\/\/www.imakeyousmile.se\/es\/#website\",\"url\":\"https:\/\/www.imakeyousmile.se\/es\/\",\"name\":\"Imakeyousmile.se\",\"description\":\"Helena Amiley - Beauty, Entrepreneur, Lifestyle\",\"publisher\":{\"@id\":\"https:\/\/www.imakeyousmile.se\/es\/#organization\"},\"potentialAction\":[{\"@type\":\"SearchAction\",\"target\":\"https:\/\/www.imakeyousmile.se\/es\/?s={search_term_string}\",\"query-input\":\"required name=search_term_string\"}],\"inLanguage\":\"es\"},{\"@type\":\"ImageObject\",\"@id\":\"https:\/\/www.imakeyousmile.se\/blue-eyeliner-blue-mascara\/#primaryimage\",\"inLanguage\":\"es\",\"url\":\"https:\/\/www.imakeyousmile.se\/wp-content\/uploads\/2018\/07\/oneblue_111.jpg\",\"width\":2500,\"height\":2011},{\"@type\":\"WebPage\",\"@id\":\"https:\/\/www.imakeyousmile.se\/blue-eyeliner-blue-mascara\/#webpage\",\"url\":\"https:\/\/www.imakeyousmile.se\/blue-eyeliner-blue-mascara\/\",\"name\":\"Blue eyeliner & blue mascara | Imakeyousmile.se\",\"isPartOf\":{\"@id\":\"https:\/\/www.imakeyousmile.se\/es\/#website\"},\"primaryImageOfPage\":{\"@id\":\"https:\/\/www.imakeyousmile.se\/blue-eyeliner-blue-mascara\/#primaryimage\"},\"datePublished\":\"2018-07-13T20:04:42+00:00\",\"dateModified\":\"2018-07-13T20:04:42+00:00\",\"description\":\"Blue eyeliner & blue mascara | Helena Amiley - H\\u00e4r hittar du senaste infromation om sk\\u00f6nhet, livsstil, entrepren\\u00f6rskap, makeup & tips.\",\"inLanguage\":\"es\",\"potentialAction\":[{\"@type\":\"ReadAction\",\"target\":[\"https:\/\/www.imakeyousmile.se\/blue-eyeliner-blue-mascara\/\"]}]},{\"@type\":\"Article\",\"@id\":\"https:\/\/www.imakeyousmile.se\/blue-eyeliner-blue-mascara\/#article\",\"isPartOf\":{\"@id\":\"https:\/\/www.imakeyousmile.se\/blue-eyeliner-blue-mascara\/#webpage\"},\"author\":{\"@id\":\"https:\/\/www.imakeyousmile.se\/es\/#\/schema\/person\/b0fd43b1c6bb1c60cfd68bff9b4a10fb\"},\"headline\":\"Blue eyeliner &#038; blue mascara\",\"datePublished\":\"2018-07-13T20:04:42+00:00\",\"dateModified\":\"2018-07-13T20:04:42+00:00\",\"mainEntityOfPage\":{\"@id\":\"https:\/\/www.imakeyousmile.se\/blue-eyeliner-blue-mascara\/#webpage\"},\"commentCount\":0,\"publisher\":{\"@id\":\"https:\/\/www.imakeyousmile.se\/es\/#organization\"},\"image\":{\"@id\":\"https:\/\/www.imakeyousmile.se\/blue-eyeliner-blue-mascara\/#primaryimage\"},\"keywords\":\"beauty blog,bl\\u00e5 eyeliner,bl\\u00e5 mascara,bl\\u00e5 mascara och bl\\u00e5 eyeliner,blue eyeliner,Blue eyeliner &amp; blue mascara,blue mascara,colorful makeup,creative eyeliner,creative makeup,everyday makeup,F\\u00e4rgglad sminkning,f\\u00e4rgstark sminkning,glo Pressed Base Foundation,glo Redness relief powder,glo Skin Beauty Micro Brow Liner,glo Suede Matte Crayon,glo Tinted Primer SPF 30,glo Under eye concealer,IsaDora Build-Up 100% Waterproof Mascara,kreativ eyeliner,kreativ sminkning,makeup blog,paese bamboo silk powder,Paese Blush,paese contouring palette,paese neo,paese opal,pictorial,pink lips,pixi eye bright primer,pixi makeup fixing mist,rosa l\\u00e4ppar,sk\\u00f6nhetsblogg,sk\\u00f6nhetsskribent,sminkblogg,steg f\\u00f6r steg,tutorial,vardagssminkning\",\"articleSection\":\"F\\u00e4rgstarka sminkningar,Neutrala \/ milda sminkningar,Sminkningar\",\"inLanguage\":\"es\",\"potentialAction\":[{\"@type\":\"CommentAction\",\"name\":\"Comment\",\"target\":[\"https:\/\/www.imakeyousmile.se\/blue-eyeliner-blue-mascara\/#respond\"]}]},{\"@type\":\"Person\",\"@id\":\"https:\/\/www.imakeyousmile.se\/es\/#\/schema\/person\/b0fd43b1c6bb1c60cfd68bff9b4a10fb\",\"name\":\"Helena Amiley\",\"image\":{\"@type\":\"ImageObject\",\"@id\":\"https:\/\/www.imakeyousmile.se\/es\/#personlogo\",\"inLanguage\":\"es\",\"url\":\"https:\/\/secure.gravatar.com\/avatar\/5645558e1e355457a23368d7e1b4c904?s=96&d=mm&r=g\",\"caption\":\"Helena Amiley\"},\"description\":\"Jag skriver mest om sk\\u00f6nhet men bjuder \\u00e4ven p\\u00e5 glimtar fr\\u00e5n entrepren\\u00f6rlivet och bygget av v\\u00e5r egen camper van. Vanlife here we come!\",\"sameAs\":[\"https:\/\/www.facebook.com\/imakeyousmile.se\",\"https:\/\/www.instagram.com\/helenaamiley\",\"https:\/\/www.youtube.com\/channel\/UCR5iB6rvpV6Yr8ZjpQfr5mg?view_as=subscriber\"]}]}<\/script>\n<!-- \/ Yoast SEO Premium plugin. -->","_links":{"self":[{"href":"https:\/\/www.imakeyousmile.se\/es\/wp-json\/wp\/v2\/posts\/32767"}],"collection":[{"href":"https:\/\/www.imakeyousmile.se\/es\/wp-json\/wp\/v2\/posts"}],"about":[{"href":"https:\/\/www.imakeyousmile.se\/es\/wp-json\/wp\/v2\/types\/post"}],"author":[{"embeddable":true,"href":"https:\/\/www.imakeyousmile.se\/es\/wp-json\/wp\/v2\/users\/30"}],"replies":[{"embeddable":true,"href":"https:\/\/www.imakeyousmile.se\/es\/wp-json\/wp\/v2\/comments?post=32767"}],"version-history":[{"count":3,"href":"https:\/\/www.imakeyousmile.se\/es\/wp-json\/wp\/v2\/posts\/32767\/revisions"}],"predecessor-version":[{"id":32777,"href":"https:\/\/www.imakeyousmile.se\/es\/wp-json\/wp\/v2\/posts\/32767\/revisions\/32777"}],"wp:featuredmedia":[{"embeddable":true,"href":"https:\/\/www.imakeyousmile.se\/es\/wp-json\/wp\/v2\/media\/32769"}],"wp:attachment":[{"href":"https:\/\/www.imakeyousmile.se\/es\/wp-json\/wp\/v2\/media?parent=32767"}],"wp:term":[{"taxonomy":"category","embeddable":true,"href":"https:\/\/www.imakeyousmile.se\/es\/wp-json\/wp\/v2\/categories?post=32767"},{"taxonomy":"post_tag","embeddable":true,"href":"https:\/\/www.imakeyousmile.se\/es\/wp-json\/wp\/v2\/tags?post=32767"}],"curies":[{"name":"wp","href":"https:\/\/api.w.org\/{rel}","templated":true}]}}