{"id":32826,"date":"2018-07-23T10:25:01","date_gmt":"2018-07-23T08:25:01","guid":{"rendered":"http:\/\/www.imakeyousmile.se\/?p=32826"},"modified":"2018-07-23T17:34:54","modified_gmt":"2018-07-23T15:34:54","slug":"purple-eyebrows-golden-eyelids","status":"publish","type":"post","link":"https:\/\/www.imakeyousmile.se\/es\/cejas-moradas-parpados-dorados\/","title":{"rendered":"Cejas moradas y p\u00e1rpados dorados"},"content":{"rendered":"<p>El morado y el dorado son muy bonitos juntos, especialmente cuando agregas un poco de brillo;)<\/p>\n<p>Pero en lugar de maquillarme los ojos en p\u00farpura y dorado, \u00a1hice mis ojos completamente en dorado y mis cejas completamente en p\u00farpura!<\/p>\n<p>Espero que te guste el look:<\/p>\n<p><img loading=\"lazy\" decoding=\"async\" class=\"alignnone size-full wp-image-32828\" src=\"http:\/\/www.imakeyousmile.se\/wp-content\/uploads\/2018\/07\/IMG_1982_111.jpg\" alt=\"\" width=\"2500\" height=\"2961\" srcset=\"https:\/\/www.imakeyousmile.se\/wp-content\/uploads\/2018\/07\/IMG_1982_111.jpg 2161w, https:\/\/www.imakeyousmile.se\/wp-content\/uploads\/2018\/07\/IMG_1982_111-253x300.jpg 253w, https:\/\/www.imakeyousmile.se\/wp-content\/uploads\/2018\/07\/IMG_1982_111-768x910.jpg 768w, https:\/\/www.imakeyousmile.se\/wp-content\/uploads\/2018\/07\/IMG_1982_111-865x1024.jpg 865w, https:\/\/www.imakeyousmile.se\/wp-content\/uploads\/2018\/07\/IMG_1982_111-696x824.jpg 696w, https:\/\/www.imakeyousmile.se\/wp-content\/uploads\/2018\/07\/IMG_1982_111-1068x1265.jpg 1068w, https:\/\/www.imakeyousmile.se\/wp-content\/uploads\/2018\/07\/IMG_1982_111-355x420.jpg 355w\" sizes=\"(max-width: 2500px) 100vw, 2500px\" \/><\/p>\n<p><strong>Prebase de color para el rostro - <\/strong><a href=\"https:\/\/ion.lyko.com\/t\/t?a=1117786221&#038;as=1548102449&#038;t=2&#038;tk=1&#038;epi=search-replace-glo-tinted&#038;url=https:\/\/lyko.com\/sv\/glo-skin-beauty\/glominerals-tinted-primer-spf30-fair\/\">Imprimador te\u00f1ido glo spf 30<\/a> (Medio)<br \/>\n<strong>Corrector -<\/strong>\u00a0<a href=\"https:\/\/ion.lyko.com\/t\/t?a=1117786221&#038;as=1548102449&#038;t=2&#038;tk=1&#038;epi=search-replace-pixipataway&#038;url=https:\/\/lyko.com\/sv\/pixi\/pixi-pat-away-concealing-base-1cream\">Base de ocultaci\u00f3n Pixi Pat Away<\/a> (1 crema)<br \/>\n<strong>Polvo que neutraliza las rojeces <\/strong>- <a href=\"https:\/\/ion.lyko.com\/t\/t?a=1117786221&#038;as=1548102449&#038;t=2&#038;tk=1&#038;epi=search-replace-rednessrelief&#038;url=https:\/\/lyko.com\/sv\/glo-skin-beauty\/glo-skin-bea-rednessrelief-powder\/\">glo Polvo para aliviar el enrojecimiento<\/a><strong><br \/>\n<\/strong><strong>Contorneado - <\/strong><a href=\"https:\/\/ion.lyko.com\/t\/t?a=1117786221&#038;as=1548102449&#038;t=2&#038;tk=1&#038;epi=serach-replace-contouringpaletteXX&#038;url=https:\/\/lyko.com\/sv\/sok?q=contouring+palette\">Paleta de contorno<\/a> (2)<a href=\"https:\/\/ion.lyko.com\/t\/t?a=1117786221&#038;as=1548102449&#038;t=2&#038;tk=1&#038;epi=search-replace-pixipalette&#038;url=https:\/\/lyko.com\/sv\/sok?q=pixi+palette\"><br \/>\n<\/a><strong>Colorete - <\/strong><a href=\"https:\/\/ion.lyko.com\/t\/t?a=1117786221&#038;as=1548102449&#038;t=2&#038;tk=1&#038;epi=serach-replace-blushrougeXX&#038;url=https:\/\/lyko.com\/sv\/sok?q=blush+rouge\">Sonrojo<\/a> (35)<br \/>\n<strong>Niebla reparadora -<\/strong> <a href=\"https:\/\/ion.lyko.com\/t\/t?a=1117786221&#038;as=1548102449&#038;t=2&#038;tk=1&#038;epi=search-replace-fixingmist&#038;url=https:\/\/lyko.com\/sv\/pixi\/pixi-makeup-fixing-mist\">Bruma fijadora de maquillaje Pixi<br \/>\n<\/a><strong>Polvo -<\/strong> <a href=\"https:\/\/creativemakeup.se\/butik\/smink\/paese-bamboo-silk-powder\/\">Polvo de seda de bamb\u00fa Paese<\/a><\/p>\n<p><strong>Ceja:<br \/>\n<\/strong><a href=\"https:\/\/creativemakeup.se\/butik\/smink\/paese-neo-eyeshadow\/\">Sombra de ojos Paese Neo<\/a> (650) (violeta)<br \/>\n<a href=\"https:\/\/creativemakeup.se\/butik\/smink\/paese-neo-eyeshadow\/\">Sombra de ojos Paese Neo<\/a> (654) (violeta claro en los bordes interiores)<br \/>\n<a href=\"https:\/\/creativemakeup.se\/butik\/smink\/ogon\/mood-wood-natural-glitter\/\">Brillo natural Mood Wood<\/a> (Morado) adjunto con <a href=\"https:\/\/creativemakeup.se\/butik\/smink\/kryolan-cake-eye-liner-sealer\/\">Sellador delineador de pasteles Kryolan<\/a><\/p>\n<p><b>L\u00e1piz de labios en los contornos - <\/b><a href=\"https:\/\/ion.lyko.com\/t\/t?a=1117786221&#038;as=1548102449&#038;t=2&#038;tk=1&#038;epi=search-replace-glolippencil&#038;url=https:\/\/lyko.com\/sv\/glo-skin-beauty\/glo-skin-bea-precison-lip-pencil-soulmat\/\">l\u00e1piz labial glo<\/a> (Java)<b><br \/>\nL\u00e1piz labial<\/b> - <a href=\"https:\/\/ion.lyko.com\/t\/t?a=1117786221&#038;as=1548102449&#038;t=2&#038;tk=1&#038;epi=search-replace-glocreamglaze&#038;url=https:\/\/lyko.com\/sv\/glo-skin-beauty\/glominerals-glo-cream-glaze-crayon-bloom\">glo Suede Matte Crayon<\/a> (Recatado)<\/p>\n<p><img loading=\"lazy\" decoding=\"async\" class=\"alignnone size-full wp-image-32830\" src=\"http:\/\/www.imakeyousmile.se\/wp-content\/uploads\/2018\/07\/IMG_1951_111.jpg\" alt=\"\" width=\"2500\" height=\"1208\" srcset=\"https:\/\/www.imakeyousmile.se\/wp-content\/uploads\/2018\/07\/IMG_1951_111.jpg 2500w, https:\/\/www.imakeyousmile.se\/wp-content\/uploads\/2018\/07\/IMG_1951_111-300x145.jpg 300w, https:\/\/www.imakeyousmile.se\/wp-content\/uploads\/2018\/07\/IMG_1951_111-768x371.jpg 768w, https:\/\/www.imakeyousmile.se\/wp-content\/uploads\/2018\/07\/IMG_1951_111-1024x495.jpg 1024w, https:\/\/www.imakeyousmile.se\/wp-content\/uploads\/2018\/07\/IMG_1951_111-696x336.jpg 696w, https:\/\/www.imakeyousmile.se\/wp-content\/uploads\/2018\/07\/IMG_1951_111-1068x516.jpg 1068w, https:\/\/www.imakeyousmile.se\/wp-content\/uploads\/2018\/07\/IMG_1951_111-869x420.jpg 869w\" sizes=\"(max-width: 2500px) 100vw, 2500px\" \/><\/p>\n<p>Mi color favorito es el brillo;)<\/p>\n<p><img loading=\"lazy\" decoding=\"async\" class=\"alignnone size-full wp-image-32831\" src=\"http:\/\/www.imakeyousmile.se\/wp-content\/uploads\/2018\/07\/mejktutorial_111.jpg\" alt=\"\" width=\"2500\" height=\"1319\" srcset=\"https:\/\/www.imakeyousmile.se\/wp-content\/uploads\/2018\/07\/mejktutorial_111.jpg 2500w, https:\/\/www.imakeyousmile.se\/wp-content\/uploads\/2018\/07\/mejktutorial_111-300x158.jpg 300w, https:\/\/www.imakeyousmile.se\/wp-content\/uploads\/2018\/07\/mejktutorial_111-768x405.jpg 768w, https:\/\/www.imakeyousmile.se\/wp-content\/uploads\/2018\/07\/mejktutorial_111-1024x540.jpg 1024w, https:\/\/www.imakeyousmile.se\/wp-content\/uploads\/2018\/07\/mejktutorial_111-696x367.jpg 696w, https:\/\/www.imakeyousmile.se\/wp-content\/uploads\/2018\/07\/mejktutorial_111-1068x563.jpg 1068w, https:\/\/www.imakeyousmile.se\/wp-content\/uploads\/2018\/07\/mejktutorial_111-796x420.jpg 796w\" sizes=\"(max-width: 2500px) 100vw, 2500px\" \/><\/p>\n<ol>\n<li>Imprimaci\u00f3n de sombra de ojos, <a href=\"https:\/\/ion.lyko.com\/t\/t?a=1117786221&#038;as=1548102449&#038;t=2&#038;tk=1&#038;epi=search-replace-pixi-eyebright&#038;url=https:\/\/lyko.com\/sv\/pixi\/pixi-eye-bright-primer\/\">Prebase brillante para ojos Pixi<\/a><br \/>\nSombra de ojos dorada en todo el p\u00e1rpado y sobre la l\u00ednea del globo, <a href=\"https:\/\/ion.lyko.com\/t\/t?a=1117786221&#038;as=1548102449&#038;t=2&#038;tk=1&#038;epi=search-replace-glomixedmetal&#038;url=https:\/\/lyko.com\/sv\/glo-skin-beauty\/glo-skin-be-shadow-palette-mixed-metals\/\">paleta de sombras glo<\/a> (Metales mixtos)<\/li>\n<li>Sombra de ojos clara en el medio del p\u00e1rpado y en la esquina del ojo,\u00a0<a href=\"https:\/\/ion.lyko.com\/t\/t?a=1117786221&#038;as=1548102449&#038;t=2&#038;tk=1&#038;epi=search-replace-glomixedmetal&#038;url=https:\/\/lyko.com\/sv\/glo-skin-beauty\/glo-skin-be-shadow-palette-mixed-metals\/\">paleta de sombras glo<\/a> (Metales mixtos)<\/li>\n<li>Sombra de ojos marr\u00f3n oscuro en el interior y exterior del p\u00e1rpado,\u00a0<a href=\"https:\/\/ion.lyko.com\/t\/t?a=1117786221&#038;as=1548102449&#038;t=2&#038;tk=1&#038;epi=search-replace-glomixedmetal&#038;url=https:\/\/lyko.com\/sv\/glo-skin-beauty\/glo-skin-be-shadow-palette-mixed-metals\/\">paleta de sombras glo<\/a> (Metales mixtos)<\/li>\n<li>Sombra de ojos negra a lo largo de la franja superior y un poco hacia arriba en el tono marr\u00f3n oscuro, <a href=\"https:\/\/creativemakeup.se\/butik\/smink\/paese-kashmir-mono-eyeshadow\/\">Sombra de ojos de cachemira paese<\/a> (602)<\/li>\n<li>Tono negro y dorado a lo largo de la l\u00ednea de las pesta\u00f1as inferiores tambi\u00e9n<br \/>\n<a href=\"https:\/\/creativemakeup.se\/butik\/smink\/ogon\/mood-wood-natural-glitter\/\">Brillo natural Mood Wood<\/a> (Dorado) en el medio del p\u00e1rpado unido con <a href=\"https:\/\/creativemakeup.se\/butik\/smink\/kryolan-cake-eye-liner-sealer\/\">Sellador delineador de pasteles Kryolan<\/a><\/li>\n<li>R\u00edmel negro en todas las pesta\u00f1as, <a href=\"https:\/\/creativemakeup.se\/butik\/smink\/santhilea-magnetic-lash\/\">M\u00e1scara de pesta\u00f1as magn\u00e9ticas<\/a><\/li>\n<\/ol>\n<p>\u00a1Claro!<\/p>\n<p><img loading=\"lazy\" decoding=\"async\" class=\"alignnone size-full wp-image-32832\" src=\"http:\/\/www.imakeyousmile.se\/wp-content\/uploads\/2018\/07\/IMG_1986_111.jpg\" alt=\"\" width=\"2500\" height=\"2779\" srcset=\"https:\/\/www.imakeyousmile.se\/wp-content\/uploads\/2018\/07\/IMG_1986_111.jpg 2303w, https:\/\/www.imakeyousmile.se\/wp-content\/uploads\/2018\/07\/IMG_1986_111-270x300.jpg 270w, https:\/\/www.imakeyousmile.se\/wp-content\/uploads\/2018\/07\/IMG_1986_111-768x854.jpg 768w, https:\/\/www.imakeyousmile.se\/wp-content\/uploads\/2018\/07\/IMG_1986_111-921x1024.jpg 921w, https:\/\/www.imakeyousmile.se\/wp-content\/uploads\/2018\/07\/IMG_1986_111-696x774.jpg 696w, https:\/\/www.imakeyousmile.se\/wp-content\/uploads\/2018\/07\/IMG_1986_111-1068x1187.jpg 1068w, https:\/\/www.imakeyousmile.se\/wp-content\/uploads\/2018\/07\/IMG_1986_111-378x420.jpg 378w\" sizes=\"(max-width: 2500px) 100vw, 2500px\" \/> <img loading=\"lazy\" decoding=\"async\" class=\"alignnone size-full wp-image-32833\" src=\"http:\/\/www.imakeyousmile.se\/wp-content\/uploads\/2018\/07\/IMG_2020_111.jpg\" alt=\"\" width=\"2500\" height=\"2954\" srcset=\"https:\/\/www.imakeyousmile.se\/wp-content\/uploads\/2018\/07\/IMG_2020_111.jpg 2167w, https:\/\/www.imakeyousmile.se\/wp-content\/uploads\/2018\/07\/IMG_2020_111-254x300.jpg 254w, https:\/\/www.imakeyousmile.se\/wp-content\/uploads\/2018\/07\/IMG_2020_111-768x907.jpg 768w, https:\/\/www.imakeyousmile.se\/wp-content\/uploads\/2018\/07\/IMG_2020_111-867x1024.jpg 867w, https:\/\/www.imakeyousmile.se\/wp-content\/uploads\/2018\/07\/IMG_2020_111-696x822.jpg 696w, https:\/\/www.imakeyousmile.se\/wp-content\/uploads\/2018\/07\/IMG_2020_111-1068x1262.jpg 1068w, https:\/\/www.imakeyousmile.se\/wp-content\/uploads\/2018\/07\/IMG_2020_111-355x420.jpg 355w\" sizes=\"(max-width: 2500px) 100vw, 2500px\" \/> <img loading=\"lazy\" decoding=\"async\" class=\"alignnone size-full wp-image-32834\" src=\"http:\/\/www.imakeyousmile.se\/wp-content\/uploads\/2018\/07\/IMG_1973_111.jpg\" alt=\"\" width=\"2500\" height=\"2822\" srcset=\"https:\/\/www.imakeyousmile.se\/wp-content\/uploads\/2018\/07\/IMG_1973_111.jpg 2268w, https:\/\/www.imakeyousmile.se\/wp-content\/uploads\/2018\/07\/IMG_1973_111-266x300.jpg 266w, https:\/\/www.imakeyousmile.se\/wp-content\/uploads\/2018\/07\/IMG_1973_111-768x867.jpg 768w, https:\/\/www.imakeyousmile.se\/wp-content\/uploads\/2018\/07\/IMG_1973_111-907x1024.jpg 907w, https:\/\/www.imakeyousmile.se\/wp-content\/uploads\/2018\/07\/IMG_1973_111-696x786.jpg 696w, https:\/\/www.imakeyousmile.se\/wp-content\/uploads\/2018\/07\/IMG_1973_111-1068x1206.jpg 1068w, https:\/\/www.imakeyousmile.se\/wp-content\/uploads\/2018\/07\/IMG_1973_111-372x420.jpg 372w\" sizes=\"(max-width: 2500px) 100vw, 2500px\" \/><\/p>\n<p>Los abrazos son \u2665<\/p>\n<p><img loading=\"lazy\" decoding=\"async\" class=\"alignnone size-large wp-image-28529\" src=\"http:\/\/www.imakeyousmile.se\/wp-content\/uploads\/2017\/03\/Sidfot-Namnloggo-1024x115.png\" alt=\"\" width=\"640\" height=\"72\" \/><\/p>","protected":false},"excerpt":{"rendered":"<p>Lila och guld \u00e4r s\u00e5 himla fint tillsammans, speciellt n\u00e4r man l\u00e4gger till lite glitter ;) Men ist\u00e4llet f\u00f6r att g\u00f6ra en \u00f6gonmakeup i lila och guld s\u00e5 gjorde jag \u00f6gonen helt i guld och \u00f6gonbrynen helt i lila! Hoppas ni gillar looken: F\u00e4rgad ansiktsprimer \u2013 glo Tinted Primer spf 30 (Medium) Concealer \u2013\u00a0Pixi Pat [&hellip;]<\/p>\n","protected":false},"author":30,"featured_media":32835,"comment_status":"open","ping_status":"closed","sticky":false,"template":"","format":"standard","meta":{"footnotes":""},"categories":[2828,9,2623],"tags":[4045,4351,5266,6360,5627,4383,6359,5400,6241,4231,6302,6329,6279,4643,4473,1373,847,5798,6263,1865,56,6331,6332,6333,3974,6052,5286,2579,3420,4380,3772,4315,5990,6361,4086,433,5202,54,498,5411,2890,52,407,5265],"class_list":{"0":"post-32826","1":"post","2":"type-post","3":"status-publish","4":"format-standard","5":"has-post-thumbnail","6":"hentry","7":"category-fargstarka-sminkningar","8":"category-partysminkningar","9":"category-sminkningar","10":"tag-beauty-blog","12":"tag-dark-red-lips","15":"tag-glitter-makeup","16":"tag-glitter-ogonbryn","17":"tag-glittriga-ogonbryn","18":"tag-glo-lip-pencil","19":"tag-glo-matte-crayon","20":"tag-glo-redness-relief-powder","21":"tag-glo-shadow-palette","22":"tag-glo-tinted-primer-spf-30","23":"tag-gold-eyeshadow","24":"tag-gold-smokey-eyes","25":"tag-guldig-ogonskugga","26":"tag-guldig-sotning","27":"tag-kryolan-cake-liner-sealer","28":"tag-lila-ogonbryn","29":"tag-magnetic-lash-mascara","30":"tag-makeup-blog","31":"tag-mood-wood-natural-glitter","32":"tag-natural-glitter","33":"tag-naturligt-glitter","34":"tag-paese-bamboo-silk-powder","35":"tag-paese-blush","36":"tag-paese-contouring-palette","37":"tag-paese-kashmir","38":"tag-paese-neo","39":"tag-pictorial","40":"tag-pixi-eye-bright-primer","41":"tag-pixi-makeup-fixing-mist","42":"tag-pixi-pat-away-concealing-base","44":"tag-santhilea","45":"tag-skonhetsblogg","46":"tag-skonhetsskribent","47":"tag-sminkblogg","48":"tag-smokey-eyes","50":"tag-sparkling-makeup","51":"tag-steg-for-steg-2","52":"tag-tutorial","53":"tag-vinroda-lappar"},"yoast_head":"<!-- This site is optimized with the Yoast SEO Premium plugin v14.9 - https:\/\/yoast.com\/wordpress\/plugins\/seo\/ -->\n<meta name=\"description\" content=\"Purple eyebrows &amp; Golden eyelids | Helena Amiley - H\u00e4r hittar du senaste infromation om sk\u00f6nhet, livsstil, entrepren\u00f6rskap, makeup &amp; tips.\" \/>\n<meta name=\"robots\" content=\"index, follow, max-snippet:-1, max-image-preview:large, max-video-preview:-1\" \/>\n<link rel=\"canonical\" href=\"https:\/\/www.imakeyousmile.se\/es\/purple-eyebrows-golden-eyelids\/\" \/>\n<meta property=\"og:locale\" content=\"es_ES\" \/>\n<meta property=\"og:type\" content=\"article\" \/>\n<meta property=\"og:title\" content=\"Purple eyebrows &amp; Golden eyelids | Imakeyousmile.se\" \/>\n<meta property=\"og:description\" content=\"Purple eyebrows &amp; Golden eyelids | Helena Amiley - H\u00e4r hittar du senaste infromation om sk\u00f6nhet, livsstil, entrepren\u00f6rskap, makeup &amp; tips.\" \/>\n<meta property=\"og:url\" content=\"https:\/\/www.imakeyousmile.se\/es\/purple-eyebrows-golden-eyelids\/\" \/>\n<meta property=\"og:site_name\" content=\"Imakeyousmile.se\" \/>\n<meta property=\"article:author\" content=\"https:\/\/www.facebook.com\/imakeyousmile.se\" \/>\n<meta property=\"article:published_time\" content=\"2018-07-23T08:25:01+00:00\" \/>\n<meta property=\"article:modified_time\" content=\"2018-07-23T15:34:54+00:00\" \/>\n<meta property=\"og:image\" content=\"https:\/\/www.imakeyousmile.se\/wp-content\/uploads\/2018\/07\/oonnee_111.jpg\" \/>\n\t<meta property=\"og:image:width\" content=\"2500\" \/>\n\t<meta property=\"og:image:height\" content=\"2063\" \/>\n<meta name=\"twitter:card\" content=\"summary_large_image\" \/>\n<script type=\"application\/ld+json\" class=\"yoast-schema-graph\">{\"@context\":\"https:\/\/schema.org\",\"@graph\":[{\"@type\":\"Organization\",\"@id\":\"https:\/\/www.imakeyousmile.se\/es\/#organization\",\"name\":\"Imakeyousmile\",\"url\":\"https:\/\/www.imakeyousmile.se\/es\/\",\"sameAs\":[],\"logo\":{\"@type\":\"ImageObject\",\"@id\":\"https:\/\/www.imakeyousmile.se\/es\/#logo\",\"inLanguage\":\"es\",\"url\":\"https:\/\/www.imakeyousmile.se\/wp-content\/uploads\/2020\/10\/HELENA-AMILEY_SVART-1-e1603367975324.png\",\"width\":280,\"height\":93,\"caption\":\"Imakeyousmile\"},\"image\":{\"@id\":\"https:\/\/www.imakeyousmile.se\/es\/#logo\"}},{\"@type\":\"WebSite\",\"@id\":\"https:\/\/www.imakeyousmile.se\/es\/#website\",\"url\":\"https:\/\/www.imakeyousmile.se\/es\/\",\"name\":\"Imakeyousmile.se\",\"description\":\"Helena Amiley - Beauty, Entrepreneur, Lifestyle\",\"publisher\":{\"@id\":\"https:\/\/www.imakeyousmile.se\/es\/#organization\"},\"potentialAction\":[{\"@type\":\"SearchAction\",\"target\":\"https:\/\/www.imakeyousmile.se\/es\/?s={search_term_string}\",\"query-input\":\"required name=search_term_string\"}],\"inLanguage\":\"es\"},{\"@type\":\"ImageObject\",\"@id\":\"https:\/\/www.imakeyousmile.se\/purple-eyebrows-golden-eyelids\/#primaryimage\",\"inLanguage\":\"es\",\"url\":\"https:\/\/www.imakeyousmile.se\/wp-content\/uploads\/2018\/07\/oonnee_111.jpg\",\"width\":2500,\"height\":2063},{\"@type\":\"WebPage\",\"@id\":\"https:\/\/www.imakeyousmile.se\/purple-eyebrows-golden-eyelids\/#webpage\",\"url\":\"https:\/\/www.imakeyousmile.se\/purple-eyebrows-golden-eyelids\/\",\"name\":\"Purple eyebrows & Golden eyelids | Imakeyousmile.se\",\"isPartOf\":{\"@id\":\"https:\/\/www.imakeyousmile.se\/es\/#website\"},\"primaryImageOfPage\":{\"@id\":\"https:\/\/www.imakeyousmile.se\/purple-eyebrows-golden-eyelids\/#primaryimage\"},\"datePublished\":\"2018-07-23T08:25:01+00:00\",\"dateModified\":\"2018-07-23T15:34:54+00:00\",\"description\":\"Purple eyebrows & Golden eyelids | Helena Amiley - H\\u00e4r hittar du senaste infromation om sk\\u00f6nhet, livsstil, entrepren\\u00f6rskap, makeup & tips.\",\"inLanguage\":\"es\",\"potentialAction\":[{\"@type\":\"ReadAction\",\"target\":[\"https:\/\/www.imakeyousmile.se\/purple-eyebrows-golden-eyelids\/\"]}]},{\"@type\":\"Article\",\"@id\":\"https:\/\/www.imakeyousmile.se\/purple-eyebrows-golden-eyelids\/#article\",\"isPartOf\":{\"@id\":\"https:\/\/www.imakeyousmile.se\/purple-eyebrows-golden-eyelids\/#webpage\"},\"author\":{\"@id\":\"https:\/\/www.imakeyousmile.se\/es\/#\/schema\/person\/b0fd43b1c6bb1c60cfd68bff9b4a10fb\"},\"headline\":\"Purple eyebrows &#038; Golden eyelids\",\"datePublished\":\"2018-07-23T08:25:01+00:00\",\"dateModified\":\"2018-07-23T15:34:54+00:00\",\"mainEntityOfPage\":{\"@id\":\"https:\/\/www.imakeyousmile.se\/purple-eyebrows-golden-eyelids\/#webpage\"},\"commentCount\":2,\"publisher\":{\"@id\":\"https:\/\/www.imakeyousmile.se\/es\/#organization\"},\"image\":{\"@id\":\"https:\/\/www.imakeyousmile.se\/purple-eyebrows-golden-eyelids\/#primaryimage\"},\"keywords\":\"beauty blog,brows,dark red lips,eyebrows,glitter eyebrows,glitter makeup,glitter \\u00f6gonbryn,glittriga \\u00f6gonbryn,glo Lip Pencil,glo matte crayon,glo Redness relief powder,glo Shadow Palette,glo Tinted Primer SPF 30,gold eyeshadow,gold smokey eyes,guldig \\u00f6gonskugga,guldig sotning,Kryolan Cake Liner Sealer,lila \\u00f6gonbryn,magnetic lash mascara,makeup blog,Mood Wood Natural Glitter,natural glitter,naturligt glitter,paese bamboo silk powder,Paese Blush,paese contouring palette,paese kashmir,paese neo,pictorial,pixi eye bright primer,pixi makeup fixing mist,pixi pat away concealing base,purple eyebrows,santhilea,sk\\u00f6nhetsblogg,sk\\u00f6nhetsskribent,sminkblogg,smokey eyes,sparkling eyebrows,sparkling makeup,steg f\\u00f6r steg,tutorial,vinr\\u00f6da l\\u00e4ppar\",\"articleSection\":\"F\\u00e4rgstarka sminkningar,M\\u00f6rka \/ festliga sminkningar,Sminkningar\",\"inLanguage\":\"es\",\"potentialAction\":[{\"@type\":\"CommentAction\",\"name\":\"Comment\",\"target\":[\"https:\/\/www.imakeyousmile.se\/purple-eyebrows-golden-eyelids\/#respond\"]}]},{\"@type\":\"Person\",\"@id\":\"https:\/\/www.imakeyousmile.se\/es\/#\/schema\/person\/b0fd43b1c6bb1c60cfd68bff9b4a10fb\",\"name\":\"Helena Amiley\",\"image\":{\"@type\":\"ImageObject\",\"@id\":\"https:\/\/www.imakeyousmile.se\/es\/#personlogo\",\"inLanguage\":\"es\",\"url\":\"https:\/\/secure.gravatar.com\/avatar\/5645558e1e355457a23368d7e1b4c904?s=96&d=mm&r=g\",\"caption\":\"Helena Amiley\"},\"description\":\"Jag skriver mest om sk\\u00f6nhet men bjuder \\u00e4ven p\\u00e5 glimtar fr\\u00e5n entrepren\\u00f6rlivet och bygget av v\\u00e5r egen camper van. Vanlife here we come!\",\"sameAs\":[\"https:\/\/www.facebook.com\/imakeyousmile.se\",\"https:\/\/www.instagram.com\/helenaamiley\",\"https:\/\/www.youtube.com\/channel\/UCR5iB6rvpV6Yr8ZjpQfr5mg?view_as=subscriber\"]}]}<\/script>\n<!-- \/ Yoast SEO Premium plugin. -->","_links":{"self":[{"href":"https:\/\/www.imakeyousmile.se\/es\/wp-json\/wp\/v2\/posts\/32826"}],"collection":[{"href":"https:\/\/www.imakeyousmile.se\/es\/wp-json\/wp\/v2\/posts"}],"about":[{"href":"https:\/\/www.imakeyousmile.se\/es\/wp-json\/wp\/v2\/types\/post"}],"author":[{"embeddable":true,"href":"https:\/\/www.imakeyousmile.se\/es\/wp-json\/wp\/v2\/users\/30"}],"replies":[{"embeddable":true,"href":"https:\/\/www.imakeyousmile.se\/es\/wp-json\/wp\/v2\/comments?post=32826"}],"version-history":[{"count":4,"href":"https:\/\/www.imakeyousmile.se\/es\/wp-json\/wp\/v2\/posts\/32826\/revisions"}],"predecessor-version":[{"id":32853,"href":"https:\/\/www.imakeyousmile.se\/es\/wp-json\/wp\/v2\/posts\/32826\/revisions\/32853"}],"wp:featuredmedia":[{"embeddable":true,"href":"https:\/\/www.imakeyousmile.se\/es\/wp-json\/wp\/v2\/media\/32835"}],"wp:attachment":[{"href":"https:\/\/www.imakeyousmile.se\/es\/wp-json\/wp\/v2\/media?parent=32826"}],"wp:term":[{"taxonomy":"category","embeddable":true,"href":"https:\/\/www.imakeyousmile.se\/es\/wp-json\/wp\/v2\/categories?post=32826"},{"taxonomy":"post_tag","embeddable":true,"href":"https:\/\/www.imakeyousmile.se\/es\/wp-json\/wp\/v2\/tags?post=32826"}],"curies":[{"name":"wp","href":"https:\/\/api.w.org\/{rel}","templated":true}]}}