{"id":33230,"date":"2018-09-17T05:00:52","date_gmt":"2018-09-17T03:00:52","guid":{"rendered":"http:\/\/www.imakeyousmile.se\/?p=33230"},"modified":"2021-10-06T14:14:25","modified_gmt":"2021-10-06T12:14:25","slug":"ogonskugga-med-fuktad-pensel","status":"publish","type":"post","link":"https:\/\/www.imakeyousmile.se\/es\/sombra-de-ojos-con-pincel-humedecido\/","title":{"rendered":"Sombra de ojos con pincel humedecido (Maquillaje paso a paso)"},"content":{"rendered":"<p>Una forma de aplicar sombra de ojos que no hab\u00eda hecho mucho antes, pero que ahora creo que es una t\u00e9cnica muy buena en realidad, \u00a1es humedecer un poco el pincel de sombra de ojos!<\/p>\n<p>Todav\u00eda tengo imprimaci\u00f3n debajo como de costumbre + humedecer con niebla de fijaci\u00f3n (por lo que no solo agua) para que la durabilidad sea igual de buena.<\/p>\n<p>\u00bfCu\u00e1l es la diferencia?<\/p>\n<p>1. La diferencia es en parte que las sombras brillantes adquieren un poco m\u00e1s de polvo, se vuelven un poco m\u00e1s brillantes o met\u00e1licas.<\/p>\n<p>2. Tambi\u00e9n es m\u00e1s f\u00e1cil conseguir que una sombra se adhiera mejor sobre otra sombra, porque seco sobre seco no se adhiere tan bien. Esto es lo que hice con este maquillaje: primero marr\u00f3n claro sobre todo el p\u00e1rpado, luego oscurecido en el borde exterior y un color c\u00e1lido en el borde interior, y luego se adhirieron muy r\u00e1pida y f\u00e1cilmente a pesar de que es sombra sobre sombra :)<\/p>\n<p>3. \u00a1Tambi\u00e9n puede hacer bordes un poco m\u00e1s afilados y obtener m\u00e1s precisi\u00f3n! Por ejemplo. como hice en el borde exterior del maquillaje de hoy.<\/p>\n<p>Espero que les guste el look :)<\/p>\n<p><img loading=\"lazy\" decoding=\"async\" class=\"alignnone size-full wp-image-33250\" src=\"http:\/\/www.imakeyousmile.se\/wp-content\/uploads\/2018\/08\/IMG_6271_111.jpg\" alt=\"\" width=\"2500\" height=\"2845\" srcset=\"https:\/\/www.imakeyousmile.se\/wp-content\/uploads\/2018\/08\/IMG_6271_111.jpg 2250w, https:\/\/www.imakeyousmile.se\/wp-content\/uploads\/2018\/08\/IMG_6271_111-264x300.jpg 264w, https:\/\/www.imakeyousmile.se\/wp-content\/uploads\/2018\/08\/IMG_6271_111-768x874.jpg 768w, https:\/\/www.imakeyousmile.se\/wp-content\/uploads\/2018\/08\/IMG_6271_111-900x1024.jpg 900w, https:\/\/www.imakeyousmile.se\/wp-content\/uploads\/2018\/08\/IMG_6271_111-696x792.jpg 696w, https:\/\/www.imakeyousmile.se\/wp-content\/uploads\/2018\/08\/IMG_6271_111-1068x1215.jpg 1068w, https:\/\/www.imakeyousmile.se\/wp-content\/uploads\/2018\/08\/IMG_6271_111-369x420.jpg 369w\" sizes=\"(max-width: 2500px) 100vw, 2500px\" \/><\/p>\n<p><strong>Prebase facial - <\/strong><a href=\"https:\/\/creativemakeup.se\/butik\/smink\/paese-makeup-base\/\">Base de maquillaje Paese<\/a> (Mate)<br \/>\n<strong>Corrector -<\/strong>\u00a0<a href=\"https:\/\/ion.lyko.com\/t\/t?a=1117786221&amp;as=1548102449&amp;t=2&amp;tk=1&amp;epi=search-replace-pixipataway&amp;url=https:\/\/lyko.com\/sv\/pixi\/pixi-pat-away-concealing-base-1cream\">Base de ocultaci\u00f3n Pixi Pat Away<\/a> (1 crema)<br \/>\n<strong>Fundaci\u00f3n -<\/strong> <a href=\"https:\/\/ion.lyko.com\/t\/t?a=1117786221&amp;as=1548102449&amp;t=2&amp;tk=1&amp;epi=search-replace-pressedbase&amp;url=https:\/\/lyko.com\/sv\/glo-skin-beauty\/glominerals-pressed-base-golden-medium\">Base base prensada glo<\/a> (Luz dorada)<br \/>\n<strong>Polvo que neutraliza las rojeces <\/strong>- <a href=\"https:\/\/ion.lyko.com\/t\/t?a=1117786221&amp;as=1548102449&amp;t=2&amp;tk=1&amp;epi=search-replace-rednessrelief&amp;url=https:\/\/lyko.com\/sv\/glo-skin-beauty\/glo-skin-bea-rednessrelief-powder\/\">glo Polvo para aliviar el enrojecimiento<\/a><strong><br \/>\n<\/strong><strong>Contorneado - <\/strong><a href=\"https:\/\/ion.lyko.com\/t\/t?a=1117786221&#038;as=1548102449&#038;t=2&#038;tk=1&#038;epi=serach-replace-contouringpaletteXX&#038;url=https:\/\/lyko.com\/sv\/sok?q=contouring+palette\">Paleta de contorno<\/a> (2)<a href=\"https:\/\/ion.lyko.com\/t\/t?a=1117786221&amp;as=1548102449&amp;t=2&amp;tk=1&amp;epi=search-replace-pixipalette&amp;url=https:\/\/lyko.com\/sv\/sok?q=pixi+palette\"><br \/>\n<\/a><strong>Colorete - <\/strong><a href=\"https:\/\/ion.lyko.com\/t\/t?a=1117786221&#038;as=1548102449&#038;t=2&#038;tk=1&#038;epi=serach-replace-blushrougeXX&#038;url=https:\/\/lyko.com\/sv\/sok?q=blush+rouge\">Sonrojo<\/a> (35)<br \/>\n<strong>Niebla reparadora -<\/strong> <a href=\"https:\/\/ion.lyko.com\/t\/t?a=1117786221&amp;as=1548102449&amp;t=2&amp;tk=1&amp;epi=search-replace-fixingmist&amp;url=https:\/\/lyko.com\/sv\/pixi\/pixi-makeup-fixing-mist\">Bruma fijadora de maquillaje Pixi<br \/>\n<\/a><strong>Polvo -<\/strong> <a href=\"https:\/\/creativemakeup.se\/butik\/smink\/paese-bamboo-silk-powder\/\">Polvo de seda de bamb\u00fa Paese<\/a><\/p>\n<p><strong>Cejas - <\/strong><a href=\"https:\/\/ion.lyko.com\/t\/t?a=1117786221&amp;as=1548102449&amp;t=2&amp;tk=1&amp;epi=search-replace-globrowliner&amp;url=https:\/\/lyko.com\/sv\/glo-skin-beauty\/glo-skin-bea-precisemicro-browliner-aubu\/\">delineador de cejas glo Micro<\/a> (Marron oscuro)<\/p>\n<p><b>Labios <\/b>Una mezcla del l\u00e1piz de labios. <a href=\"https:\/\/ion.lyko.com\/t\/t?a=1117786221&amp;as=1548102449&amp;t=2&amp;tk=1&amp;epi=search-replace-glolippencil&amp;url=https:\/\/lyko.com\/sv\/glo-skin-beauty\/glo-skin-bea-precison-lip-pencil-soulmat\/\">delineador de labios glo<\/a> (Java) y la barra de labios <a href=\"https:\/\/ion.lyko.com\/t\/t?a=1117786221&amp;as=1548102449&amp;t=2&amp;tk=1&amp;epi=search-replae-glo-lipstick&amp;url=https:\/\/lyko.com\/sv\/glo-skin-beauty\/glo-skin-be-lipstickfrench-nude\/\">l\u00e1piz labial glo<\/a> (Knockear)<\/p>\n<p><img loading=\"lazy\" decoding=\"async\" class=\"alignnone size-full wp-image-33252\" src=\"http:\/\/www.imakeyousmile.se\/wp-content\/uploads\/2018\/08\/twoooo.jpg\" alt=\"\" width=\"2400\" height=\"1190\" srcset=\"https:\/\/www.imakeyousmile.se\/wp-content\/uploads\/2018\/08\/twoooo.jpg 2400w, https:\/\/www.imakeyousmile.se\/wp-content\/uploads\/2018\/08\/twoooo-300x149.jpg 300w, https:\/\/www.imakeyousmile.se\/wp-content\/uploads\/2018\/08\/twoooo-768x381.jpg 768w, https:\/\/www.imakeyousmile.se\/wp-content\/uploads\/2018\/08\/twoooo-1024x508.jpg 1024w, https:\/\/www.imakeyousmile.se\/wp-content\/uploads\/2018\/08\/twoooo-324x160.jpg 324w, https:\/\/www.imakeyousmile.se\/wp-content\/uploads\/2018\/08\/twoooo-696x345.jpg 696w, https:\/\/www.imakeyousmile.se\/wp-content\/uploads\/2018\/08\/twoooo-1068x530.jpg 1068w, https:\/\/www.imakeyousmile.se\/wp-content\/uploads\/2018\/08\/twoooo-847x420.jpg 847w\" sizes=\"(max-width: 2400px) 100vw, 2400px\" \/><\/p>\n<p>Por cierto, este es exactamente el tipo de maquillaje con el que me siento muy c\u00f3moda y agradable. Es lo suficientemente oscuro y claro como para &quot;resaltar&quot; lo mejor de mis rasgos. Pero tambi\u00e9n es tan realista y neutral que se adapta a todo y a cada ocasi\u00f3n :)<\/p>\n<p><img loading=\"lazy\" decoding=\"async\" class=\"alignnone size-full wp-image-33253\" src=\"http:\/\/www.imakeyousmile.se\/wp-content\/uploads\/2018\/08\/tutorialllll_111.jpg\" alt=\"\" width=\"2500\" height=\"1607\" srcset=\"https:\/\/www.imakeyousmile.se\/wp-content\/uploads\/2018\/08\/tutorialllll_111.jpg 2500w, https:\/\/www.imakeyousmile.se\/wp-content\/uploads\/2018\/08\/tutorialllll_111-300x193.jpg 300w, https:\/\/www.imakeyousmile.se\/wp-content\/uploads\/2018\/08\/tutorialllll_111-768x494.jpg 768w, https:\/\/www.imakeyousmile.se\/wp-content\/uploads\/2018\/08\/tutorialllll_111-1024x658.jpg 1024w, https:\/\/www.imakeyousmile.se\/wp-content\/uploads\/2018\/08\/tutorialllll_111-696x447.jpg 696w, https:\/\/www.imakeyousmile.se\/wp-content\/uploads\/2018\/08\/tutorialllll_111-1068x687.jpg 1068w, https:\/\/www.imakeyousmile.se\/wp-content\/uploads\/2018\/08\/tutorialllll_111-653x420.jpg 653w\" sizes=\"(max-width: 2500px) 100vw, 2500px\" \/><\/p>\n<p>Todas las sombras de ojos se aplican con un pincel humedecido que roci\u00e9 un poco\u00a0<a href=\"https:\/\/ion.lyko.com\/t\/t?a=1117786221&amp;as=1548102449&amp;t=2&amp;tk=1&amp;epi=search-replace-fixingmist&amp;url=https:\/\/lyko.com\/sv\/pixi\/pixi-makeup-fixing-mist\">Bruma fijadora de maquillaje Pixi<\/a>\u00a0en.<\/p>\n<p>Las cuatro sombras de ojos provienen de la paleta 4 <a href=\"https:\/\/ion.lyko.com\/t\/t?a=1117786221&amp;as=1548102449&amp;t=2&amp;tk=1&amp;epi=search-replace-globonvoyage&amp;url=https:\/\/lyko.com\/sv\/glo-skin-beauty\/glo-skin-bea-shadowquad-bon-voyage\">glo cuarteto de sombras<\/a> (Buen viaje)<\/p>\n<ol>\n<li>Imprimaci\u00f3n de sombra de ojos, <a href=\"https:\/\/ion.lyko.com\/t\/t?a=1117786221&amp;as=1548102449&amp;t=2&amp;tk=1&amp;epi=search-replace-pixi-eyebright&amp;url=https:\/\/lyko.com\/sv\/pixi\/pixi-eye-bright-primer\/\">Prebase brillante para ojos Pixi<\/a><br \/>\nSombra marr\u00f3n claro brillante en todo el p\u00e1rpado.<\/li>\n<li>Desvanecen los bordes<\/li>\n<li>Sombra de ojos marr\u00f3n oscuro al final del p\u00e1rpado y a lo largo de la l\u00ednea del globo<\/li>\n<li>Sombra de ojos terracota en el interior del p\u00e1rpado y a lo largo de toda la l\u00ednea de las pesta\u00f1as inferiores + en forma de &quot;V&quot; m\u00e1s n\u00edtida en el borde exterior<br \/>\nSombra de ojos clara en la esquina del ojo y en el medio de la &quot;forma de V&quot;<\/li>\n<li>R\u00edmel negro en todas las pesta\u00f1as, <a href=\"https:\/\/creativemakeup.se\/butik\/smink\/santhilea-magnetic-lash\/\">M\u00e1scara de pesta\u00f1as magn\u00e9ticas<\/a><\/li>\n<\/ol>\n<p>\u00a1Claro!<\/p>\n<p><img loading=\"lazy\" decoding=\"async\" class=\"alignnone size-full wp-image-33254\" src=\"http:\/\/www.imakeyousmile.se\/wp-content\/uploads\/2018\/08\/IMG_6225_111.jpg\" alt=\"\" width=\"2400\" height=\"2912\" srcset=\"https:\/\/www.imakeyousmile.se\/wp-content\/uploads\/2018\/08\/IMG_6225_111.jpg 2110w, https:\/\/www.imakeyousmile.se\/wp-content\/uploads\/2018\/08\/IMG_6225_111-247x300.jpg 247w, https:\/\/www.imakeyousmile.se\/wp-content\/uploads\/2018\/08\/IMG_6225_111-768x932.jpg 768w, https:\/\/www.imakeyousmile.se\/wp-content\/uploads\/2018\/08\/IMG_6225_111-844x1024.jpg 844w, https:\/\/www.imakeyousmile.se\/wp-content\/uploads\/2018\/08\/IMG_6225_111-696x844.jpg 696w, https:\/\/www.imakeyousmile.se\/wp-content\/uploads\/2018\/08\/IMG_6225_111-1068x1296.jpg 1068w, https:\/\/www.imakeyousmile.se\/wp-content\/uploads\/2018\/08\/IMG_6225_111-346x420.jpg 346w\" sizes=\"(max-width: 2400px) 100vw, 2400px\" \/> <img loading=\"lazy\" decoding=\"async\" class=\"alignnone size-full wp-image-33255\" src=\"http:\/\/www.imakeyousmile.se\/wp-content\/uploads\/2018\/08\/IMG_6174_111.jpg\" alt=\"\" width=\"2379\" height=\"2829\" srcset=\"https:\/\/www.imakeyousmile.se\/wp-content\/uploads\/2018\/08\/IMG_6174_111.jpg 2153w, https:\/\/www.imakeyousmile.se\/wp-content\/uploads\/2018\/08\/IMG_6174_111-252x300.jpg 252w, https:\/\/www.imakeyousmile.se\/wp-content\/uploads\/2018\/08\/IMG_6174_111-768x913.jpg 768w, https:\/\/www.imakeyousmile.se\/wp-content\/uploads\/2018\/08\/IMG_6174_111-861x1024.jpg 861w, https:\/\/www.imakeyousmile.se\/wp-content\/uploads\/2018\/08\/IMG_6174_111-696x828.jpg 696w, https:\/\/www.imakeyousmile.se\/wp-content\/uploads\/2018\/08\/IMG_6174_111-1068x1270.jpg 1068w, https:\/\/www.imakeyousmile.se\/wp-content\/uploads\/2018\/08\/IMG_6174_111-353x420.jpg 353w\" sizes=\"(max-width: 2379px) 100vw, 2379px\" \/> <img loading=\"lazy\" decoding=\"async\" class=\"alignnone size-full wp-image-33256\" src=\"http:\/\/www.imakeyousmile.se\/wp-content\/uploads\/2018\/08\/IMG_6231_111.jpg\" alt=\"\" width=\"2500\" height=\"2428\" srcset=\"https:\/\/www.imakeyousmile.se\/wp-content\/uploads\/2018\/08\/IMG_6231_111.jpg 2500w, https:\/\/www.imakeyousmile.se\/wp-content\/uploads\/2018\/08\/IMG_6231_111-300x291.jpg 300w, https:\/\/www.imakeyousmile.se\/wp-content\/uploads\/2018\/08\/IMG_6231_111-768x746.jpg 768w, https:\/\/www.imakeyousmile.se\/wp-content\/uploads\/2018\/08\/IMG_6231_111-1024x995.jpg 1024w, https:\/\/www.imakeyousmile.se\/wp-content\/uploads\/2018\/08\/IMG_6231_111-696x676.jpg 696w, https:\/\/www.imakeyousmile.se\/wp-content\/uploads\/2018\/08\/IMG_6231_111-1068x1037.jpg 1068w, https:\/\/www.imakeyousmile.se\/wp-content\/uploads\/2018\/08\/IMG_6231_111-432x420.jpg 432w\" sizes=\"(max-width: 2500px) 100vw, 2500px\" \/><\/p>\n<p>\u00a1Los abrazos son!<\/p>","protected":false},"excerpt":{"rendered":"<p>Ett s\u00e4tt att applicera \u00f6gonskugga som jag inte gjort s\u00e5 mycket f\u00f6rut, men som jag nu tycker \u00e4r en v\u00e4ldigt trevlig teknik faktiskt &#8211; det \u00e4r att fukta \u00f6gonskuggsborsten litegrann! Jag har \u00e4nd\u00e5 primer under som vanligt + fuktar med fixing mist (allts\u00e5 inte bara vatten) s\u00e5 h\u00e5llbarheten blir precis lika bra. Vad \u00e4r skillnaden? [&hellip;]<\/p>\n","protected":false},"author":30,"featured_media":33257,"comment_status":"open","ping_status":"closed","sticky":false,"template":"","format":"standard","meta":{"footnotes":""},"categories":[2827,2623],"tags":[4045,1852,76,5809,1985,4869,6280,4205,6362,6320,6302,6424,1159,5895,2748,1865,56,6423,3974,6052,5286,4386,4380,3772,4315,5990,433,5202,54,52,5562,407,629],"class_list":{"0":"post-33230","1":"post","2":"type-post","3":"status-publish","4":"format-standard","5":"has-post-thumbnail","6":"hentry","7":"category-vardagssminkningar","8":"category-sminkningar","9":"tag-beauty-blog","11":"tag-brun-sotning","12":"tag-creative-eyeliner","13":"tag-creative-makeup","14":"tag-everyday-makeup","15":"tag-glo-lip-liner","16":"tag-glo-lipstick","18":"tag-glo-pressed-base-foundation","19":"tag-glo-redness-relief-powder","20":"tag-glo-shadow-quartet","21":"tag-jordnara-sotning","22":"tag-kreativ-eyeliner","23":"tag-kreativ-sminkning","24":"tag-magnetic-lash-mascara","25":"tag-makeup-blog","26":"tag-ogonskugga-med-fuktad-pensel","27":"tag-paese-bamboo-silk-powder","28":"tag-paese-blush","29":"tag-paese-contouring-palette","30":"tag-paese-makeup-base","31":"tag-pictorial","32":"tag-pixi-eye-bright-primer","33":"tag-pixi-makeup-fixing-mist","34":"tag-pixi-pat-away-concealing-base","35":"tag-skonhetsblogg","36":"tag-skonhetsskribent","37":"tag-sminkblogg","38":"tag-steg-for-steg-2","39":"tag-swedish-blog","40":"tag-tutorial","41":"tag-vardagssminkning"},"yoast_head":"<!-- This site is optimized with the Yoast SEO Premium plugin v14.9 - https:\/\/yoast.com\/wordpress\/plugins\/seo\/ -->\n<meta name=\"description\" content=\"\u00d6gonskugga med fuktad pensel (Sminkning steg f\u00f6r steg) | Helena Amiley - H\u00e4r hittar du senaste infromation om sk\u00f6nhet, livsstil, entrepren\u00f6rskap, makeup &amp; tips.\" \/>\n<meta name=\"robots\" content=\"index, follow, max-snippet:-1, max-image-preview:large, max-video-preview:-1\" \/>\n<link rel=\"canonical\" href=\"https:\/\/www.imakeyousmile.se\/es\/ogonskugga-med-fuktad-pensel\/\" \/>\n<meta property=\"og:locale\" content=\"es_ES\" \/>\n<meta property=\"og:type\" content=\"article\" \/>\n<meta property=\"og:title\" content=\"\u00d6gonskugga med fuktad pensel (Sminkning steg f\u00f6r steg) | Imakeyousmile.se\" \/>\n<meta property=\"og:description\" content=\"\u00d6gonskugga med fuktad pensel (Sminkning steg f\u00f6r steg) | Helena Amiley - H\u00e4r hittar du senaste infromation om sk\u00f6nhet, livsstil, entrepren\u00f6rskap, makeup &amp; tips.\" \/>\n<meta property=\"og:url\" content=\"https:\/\/www.imakeyousmile.se\/es\/ogonskugga-med-fuktad-pensel\/\" \/>\n<meta property=\"og:site_name\" content=\"Imakeyousmile.se\" \/>\n<meta property=\"article:author\" content=\"https:\/\/www.facebook.com\/imakeyousmile.se\" \/>\n<meta property=\"article:published_time\" content=\"2018-09-17T03:00:52+00:00\" \/>\n<meta property=\"article:modified_time\" content=\"2021-10-06T12:14:25+00:00\" \/>\n<meta property=\"og:image\" content=\"https:\/\/www.imakeyousmile.se\/wp-content\/uploads\/2018\/08\/oneeeee.jpg\" \/>\n\t<meta property=\"og:image:width\" content=\"2400\" \/>\n\t<meta property=\"og:image:height\" content=\"1947\" \/>\n<meta name=\"twitter:card\" content=\"summary_large_image\" \/>\n<script type=\"application\/ld+json\" class=\"yoast-schema-graph\">{\"@context\":\"https:\/\/schema.org\",\"@graph\":[{\"@type\":\"Organization\",\"@id\":\"https:\/\/www.imakeyousmile.se\/es\/#organization\",\"name\":\"Imakeyousmile\",\"url\":\"https:\/\/www.imakeyousmile.se\/es\/\",\"sameAs\":[],\"logo\":{\"@type\":\"ImageObject\",\"@id\":\"https:\/\/www.imakeyousmile.se\/es\/#logo\",\"inLanguage\":\"es\",\"url\":\"https:\/\/www.imakeyousmile.se\/wp-content\/uploads\/2020\/10\/HELENA-AMILEY_SVART-1-e1603367975324.png\",\"width\":280,\"height\":93,\"caption\":\"Imakeyousmile\"},\"image\":{\"@id\":\"https:\/\/www.imakeyousmile.se\/es\/#logo\"}},{\"@type\":\"WebSite\",\"@id\":\"https:\/\/www.imakeyousmile.se\/es\/#website\",\"url\":\"https:\/\/www.imakeyousmile.se\/es\/\",\"name\":\"Imakeyousmile.se\",\"description\":\"Helena Amiley - Beauty, Entrepreneur, Lifestyle\",\"publisher\":{\"@id\":\"https:\/\/www.imakeyousmile.se\/es\/#organization\"},\"potentialAction\":[{\"@type\":\"SearchAction\",\"target\":\"https:\/\/www.imakeyousmile.se\/es\/?s={search_term_string}\",\"query-input\":\"required name=search_term_string\"}],\"inLanguage\":\"es\"},{\"@type\":\"ImageObject\",\"@id\":\"https:\/\/www.imakeyousmile.se\/ogonskugga-med-fuktad-pensel\/#primaryimage\",\"inLanguage\":\"es\",\"url\":\"https:\/\/www.imakeyousmile.se\/wp-content\/uploads\/2018\/08\/oneeeee.jpg\",\"width\":2400,\"height\":1947},{\"@type\":\"WebPage\",\"@id\":\"https:\/\/www.imakeyousmile.se\/ogonskugga-med-fuktad-pensel\/#webpage\",\"url\":\"https:\/\/www.imakeyousmile.se\/ogonskugga-med-fuktad-pensel\/\",\"name\":\"\\u00d6gonskugga med fuktad pensel (Sminkning steg f\\u00f6r steg) | Imakeyousmile.se\",\"isPartOf\":{\"@id\":\"https:\/\/www.imakeyousmile.se\/es\/#website\"},\"primaryImageOfPage\":{\"@id\":\"https:\/\/www.imakeyousmile.se\/ogonskugga-med-fuktad-pensel\/#primaryimage\"},\"datePublished\":\"2018-09-17T03:00:52+00:00\",\"dateModified\":\"2021-10-06T12:14:25+00:00\",\"description\":\"\\u00d6gonskugga med fuktad pensel (Sminkning steg f\\u00f6r steg) | Helena Amiley - H\\u00e4r hittar du senaste infromation om sk\\u00f6nhet, livsstil, entrepren\\u00f6rskap, makeup & tips.\",\"inLanguage\":\"es\",\"potentialAction\":[{\"@type\":\"ReadAction\",\"target\":[\"https:\/\/www.imakeyousmile.se\/ogonskugga-med-fuktad-pensel\/\"]}]},{\"@type\":\"Article\",\"@id\":\"https:\/\/www.imakeyousmile.se\/ogonskugga-med-fuktad-pensel\/#article\",\"isPartOf\":{\"@id\":\"https:\/\/www.imakeyousmile.se\/ogonskugga-med-fuktad-pensel\/#webpage\"},\"author\":{\"@id\":\"https:\/\/www.imakeyousmile.se\/es\/#\/schema\/person\/b0fd43b1c6bb1c60cfd68bff9b4a10fb\"},\"headline\":\"\\u00d6gonskugga med fuktad pensel (Sminkning steg f\\u00f6r steg)\",\"datePublished\":\"2018-09-17T03:00:52+00:00\",\"dateModified\":\"2021-10-06T12:14:25+00:00\",\"mainEntityOfPage\":{\"@id\":\"https:\/\/www.imakeyousmile.se\/ogonskugga-med-fuktad-pensel\/#webpage\"},\"commentCount\":0,\"publisher\":{\"@id\":\"https:\/\/www.imakeyousmile.se\/es\/#organization\"},\"image\":{\"@id\":\"https:\/\/www.imakeyousmile.se\/ogonskugga-med-fuktad-pensel\/#primaryimage\"},\"keywords\":\"beauty blog,brown smokey eyes,brun sotning,creative eyeliner,creative makeup,everyday makeup,glo Lip Liner,glo lipstick,glo Micro Brow Liner,glo Pressed Base Foundation,glo Redness relief powder,glo Shadow Quartet,jordn\\u00e4ra sotning,kreativ eyeliner,kreativ sminkning,magnetic lash mascara,makeup blog,\\u00d6gonskugga med fuktad pensel,paese bamboo silk powder,Paese Blush,paese contouring palette,paese makeup base,pictorial,pixi eye bright primer,pixi makeup fixing mist,pixi pat away concealing base,sk\\u00f6nhetsblogg,sk\\u00f6nhetsskribent,sminkblogg,steg f\\u00f6r steg,swedish blog,tutorial,vardagssminkning\",\"articleSection\":\"Neutrala \/ milda sminkningar,Sminkningar\",\"inLanguage\":\"es\",\"potentialAction\":[{\"@type\":\"CommentAction\",\"name\":\"Comment\",\"target\":[\"https:\/\/www.imakeyousmile.se\/ogonskugga-med-fuktad-pensel\/#respond\"]}]},{\"@type\":\"Person\",\"@id\":\"https:\/\/www.imakeyousmile.se\/es\/#\/schema\/person\/b0fd43b1c6bb1c60cfd68bff9b4a10fb\",\"name\":\"Helena Amiley\",\"image\":{\"@type\":\"ImageObject\",\"@id\":\"https:\/\/www.imakeyousmile.se\/es\/#personlogo\",\"inLanguage\":\"es\",\"url\":\"https:\/\/secure.gravatar.com\/avatar\/5645558e1e355457a23368d7e1b4c904?s=96&d=mm&r=g\",\"caption\":\"Helena Amiley\"},\"description\":\"Jag skriver mest om sk\\u00f6nhet men bjuder \\u00e4ven p\\u00e5 glimtar fr\\u00e5n entrepren\\u00f6rlivet och bygget av v\\u00e5r egen camper van. Vanlife here we come!\",\"sameAs\":[\"https:\/\/www.facebook.com\/imakeyousmile.se\",\"https:\/\/www.instagram.com\/helenaamiley\",\"https:\/\/www.youtube.com\/channel\/UCR5iB6rvpV6Yr8ZjpQfr5mg?view_as=subscriber\"]}]}<\/script>\n<!-- \/ Yoast SEO Premium plugin. -->","_links":{"self":[{"href":"https:\/\/www.imakeyousmile.se\/es\/wp-json\/wp\/v2\/posts\/33230"}],"collection":[{"href":"https:\/\/www.imakeyousmile.se\/es\/wp-json\/wp\/v2\/posts"}],"about":[{"href":"https:\/\/www.imakeyousmile.se\/es\/wp-json\/wp\/v2\/types\/post"}],"author":[{"embeddable":true,"href":"https:\/\/www.imakeyousmile.se\/es\/wp-json\/wp\/v2\/users\/30"}],"replies":[{"embeddable":true,"href":"https:\/\/www.imakeyousmile.se\/es\/wp-json\/wp\/v2\/comments?post=33230"}],"version-history":[{"count":4,"href":"https:\/\/www.imakeyousmile.se\/es\/wp-json\/wp\/v2\/posts\/33230\/revisions"}],"predecessor-version":[{"id":41763,"href":"https:\/\/www.imakeyousmile.se\/es\/wp-json\/wp\/v2\/posts\/33230\/revisions\/41763"}],"wp:featuredmedia":[{"embeddable":true,"href":"https:\/\/www.imakeyousmile.se\/es\/wp-json\/wp\/v2\/media\/33257"}],"wp:attachment":[{"href":"https:\/\/www.imakeyousmile.se\/es\/wp-json\/wp\/v2\/media?parent=33230"}],"wp:term":[{"taxonomy":"category","embeddable":true,"href":"https:\/\/www.imakeyousmile.se\/es\/wp-json\/wp\/v2\/categories?post=33230"},{"taxonomy":"post_tag","embeddable":true,"href":"https:\/\/www.imakeyousmile.se\/es\/wp-json\/wp\/v2\/tags?post=33230"}],"curies":[{"name":"wp","href":"https:\/\/api.w.org\/{rel}","templated":true}]}}