{"id":33244,"date":"2018-09-16T05:00:19","date_gmt":"2018-09-16T03:00:19","guid":{"rendered":"http:\/\/www.imakeyousmile.se\/?p=33244"},"modified":"2020-10-22T18:25:59","modified_gmt":"2020-10-22T16:25:59","slug":"veckans-businessinlagg-vad-hur-varfor","status":"publish","type":"post","link":"https:\/\/www.imakeyousmile.se\/es\/semanal-negocio-post-que-como-por-que\/","title":{"rendered":"\u00bfQu\u00e9, c\u00f3mo, por qu\u00e9?"},"content":{"rendered":"<p>Ya sea que estemos hablando de trabajo, negocios o vida privada, las palabras &quot;qu\u00e9, c\u00f3mo, por qu\u00e9&quot; son muy importantes para preguntarse regularmente.<\/p>\n<p>Por ejemplo:<br \/>\n<strong>1. Qu\u00e9:<\/strong> Quiero maquillarme mucho<br \/>\n<strong>2. C\u00f3mo:<\/strong> Har\u00e9 un nuevo look cada vez que me maquille y me desafiar\u00e9 con t\u00e9cnicas y combinaciones de colores m\u00e1s dif\u00edciles. Tres maquillajes a la semana en un a\u00f1o son un total de 156 piezas, \u00a1despu\u00e9s de eso ser\u00e9 cruel con esto!<br \/>\n<strong>3. Por qu\u00e9:<\/strong> \u00a1El maquillaje es divertido, pero es mucho m\u00e1s divertido si se te da bien! Y quiero empezar cada d\u00eda con un momento divertido frente al espejo de maquillaje como la meditaci\u00f3n y el tiempo libre.<\/p>\n<p>Y esa es solo la \u00faltima palabra <strong>por qu\u00e9<\/strong> - \u00a1que quiero esforzarme m\u00e1s por hoy!<\/p>\n<p>Es decir, yo mismo he ca\u00eddo en la &quot;trampa&quot; de que hago las cosas por la raz\u00f3n equivocada \u00a1sin siquiera reflexionar sobre ello! Hay tantas cosas que quiero hacer, quiero y quiero cambiar cuando lo pienso superficialmente, hasta que llego a la fase del por qu\u00e9 y me doy cuenta de que &quot;cuando pienso en ello, \u00a1en realidad ni siquiera quiero esto!&quot;.<\/p>\n<p>Por ejemplo:<br \/>\n<strong>1. Qu\u00e9:<\/strong>\u00a0\u00a1Convertiremos Creative Makeup en una cadena de belleza! Frio !!<br \/>\n<strong>2. C\u00f3mo:<\/strong>\u00a0Alquilamos locales en Estocolmo y Gotemburgo, empleamos maquilladores y los formamos en nuestra forma de realizar tratamientos, maquillaje permanente y nuestra gama de productos.<br \/>\n<strong>3. Por qu\u00e9:<\/strong> Ehh, eso ser\u00eda genial? Ser\u00eda una gran ganancia econ\u00f3mica. Pero tambi\u00e9n ser\u00e1 mucho trabajo ... En una inspecci\u00f3n m\u00e1s cercana, no quiero hacer m\u00e1s copias del lugar de trabajo que tengo hoy, \u00a1quiero que ese lugar de trabajo sea completamente estable y en cambio dedicar mi tiempo a nuevos proyectos!<\/p>\n<p><img loading=\"lazy\" decoding=\"async\" class=\"alignnone size-large wp-image-33302\" src=\"http:\/\/www.imakeyousmile.se\/wp-content\/uploads\/2018\/08\/min-businessvecka-spanien-1-1024x1024.jpg\" alt=\"\" width=\"696\" height=\"696\" srcset=\"https:\/\/www.imakeyousmile.se\/wp-content\/uploads\/2018\/08\/min-businessvecka-spanien-1-1024x1024.jpg 1024w, https:\/\/www.imakeyousmile.se\/wp-content\/uploads\/2018\/08\/min-businessvecka-spanien-1-150x150.jpg 150w, https:\/\/www.imakeyousmile.se\/wp-content\/uploads\/2018\/08\/min-businessvecka-spanien-1-300x300.jpg 300w, https:\/\/www.imakeyousmile.se\/wp-content\/uploads\/2018\/08\/min-businessvecka-spanien-1-768x768.jpg 768w, https:\/\/www.imakeyousmile.se\/wp-content\/uploads\/2018\/08\/min-businessvecka-spanien-1-696x696.jpg 696w, https:\/\/www.imakeyousmile.se\/wp-content\/uploads\/2018\/08\/min-businessvecka-spanien-1-1068x1068.jpg 1068w, https:\/\/www.imakeyousmile.se\/wp-content\/uploads\/2018\/08\/min-businessvecka-spanien-1-420x420.jpg 420w, https:\/\/www.imakeyousmile.se\/wp-content\/uploads\/2018\/08\/min-businessvecka-spanien-1.jpg 2000w\" sizes=\"(max-width: 696px) 100vw, 696px\" \/><\/p>\n<p><strong>\u00bfPuede un &quot;por qu\u00e9&quot; poco claro conducir a una enfermedad mental?<br \/>\n<\/strong>Ahora tal vez pienses que termino en pistas laterales muy largas :) pero<strong> y si<\/strong> hicimos de Creative Makeup una cadena de salones de belleza, trabajamos muy duro y nos quemamos con el golpe, y luego nos damos cuenta de que lo hemos hecho por una raz\u00f3n completamente incorrecta. Si t\u00fa realmente <em>quiere<\/em> una cosa y saber <em>por qu\u00e9<\/em> peleas, es m\u00e1s f\u00e1cil superar la adversidad (algo de mierda suceder\u00e1, eso es todo lo que sabes, como bien dijo Mikael Arnt en un episodio de Businesspodden jaja). Para todos los problemas y contratiempos, se vuelve mucho m\u00e1s dif\u00edcil si no tiene un &quot;por qu\u00e9&quot; claro en todo lo que hace.<\/p>\n<p>&quot;Deber\u00edas&quot; hacer muchas cosas todo el tiempo. Deber\u00edas poder permitirte tanto, trabajar tanto y al mismo tiempo tener mucho tiempo para socializar, entrenar, limpiar, ir a la peluquer\u00eda y todo eso.<\/p>\n<p>Es muy f\u00e1cil sentir presi\u00f3n y estr\u00e9s cuando miras la vida de otras personas (especialmente en las redes sociales) y quieres todo lo que los dem\u00e1s tienen. Pero, \u00bfacababa de detenerse y pensar: &quot;\u00bfPor qu\u00e9 quiero esto?&quot; as\u00ed que muy a menudo se hab\u00eda dado cuenta de que ni siquiera lo deseaba realmente. Realmente creo que damos a luz a tantos fantasmas cerebrales innecesarios como podr\u00edamos haber evitado si nos hubi\u00e9ramos preguntado &quot;por qu\u00e9&quot; un poco m\u00e1s a menudo.<\/p>\n<p><strong>En otras palabras:<\/strong> No se trata de que todos tengan que mejorar, desarrollarse y tener \u00e9xito. Pero si se hace la pregunta &quot;por qu\u00e9&quot;, es posible que se d\u00e9 cuenta de que en realidad est\u00e1 contento con lo que tiene e incluso puede dejar ir toda la presi\u00f3n y el estr\u00e9s gracias a esto. En realidad, tal vez no desee m\u00e1s cosas o una vivienda m\u00e1s grande, pero est\u00e1 contento con su salario tal como est\u00e1 = puede decir que no a ese trabajo de tiempo completo y, en cambio, pasar ese tiempo pasando tiempo con su familia o incluso simplemente recostado en el sof\u00e1 y mirando siempre que eso sea exactamente lo que te haga sentir bien :)<\/p>\n<p><strong>\u00bfQu\u00e9 podemos hacer los gerentes sobre las enfermedades mentales?<\/strong><br \/>\nMe asusta la cantidad de enfermedades mentales que hay en la sociedad actual. Y no solo los emprendedores motivados se agotan, \u00a1son solo todas las industrias! Me aterrorizo cuando pienso en la idea de que mi personal o alguien que me importa mucho deber\u00eda agotarse.<\/p>\n<p>\u00bfQu\u00e9 podemos hacer entonces los gerentes? Puedes ser un pilar y puedes facilitar con lo que puedas, pero para ser completamente honesto, no creo que haya mucho m\u00e1s que puedas hacer. \u00bfSabes por qu\u00e9? Porque creo que en el 90% los casos no solo dependen del lugar de trabajo en s\u00ed, sino del &quot;rompecabezas de la vida&quot; en general.<\/p>\n<p>Si tiene un mal lugar de trabajo, por supuesto, puede agotarse solo por eso, pero realmente creo que hay muchos m\u00e1s componentes que entran en juego, como las relaciones, la familia, la vivienda, el descanso, las finanzas; en resumen, el equilibrio en la vida, mezclado con eso. presi\u00f3n que te pones a ti mismo.<\/p>\n<p><strong>Atr\u00e9vete a pensar fuera de la norma<\/strong><br \/>\nHay muchos que hacen las cosas &quot;por el simple hecho de hacerlo&quot;, porque la sociedad se ve as\u00ed y ni siquiera reflexionas sobre ello, y cuando te quedas ah\u00ed quemado con un cerebro que ya no funciona, ni siquiera entiendes c\u00f3mo Termin\u00f3 all\u00ed. \u00bfVali\u00f3 la pena?<\/p>\n<p>Creo firmemente que si te atreves a salirte de la norma, te convertir\u00e1s en una persona m\u00e1s feliz. O atreverse <em>pensar<\/em> fuera de la norma quiz\u00e1s sea una definici\u00f3n m\u00e1s correcta, porque no est\u00e1 nada mal vivir como est\u00e1n las normas, pero el riesgo si ni siquiera piensas fuera es precisamente que hagas las cosas &quot;porque debes&quot; y no &quot;porque quieres&quot;.<\/p>\n<p><strong>\u00bfC\u00f3mo encuentras tu por qu\u00e9?<\/strong><br \/>\nTener que tener un &quot;por qu\u00e9&quot; para todo lo que haces tambi\u00e9n puede ser un poco estresante, jaja. Quiero decir, cada cosa no puede ser tan celestialmente importante en la vida porque luego no puedes hacer nada al final.<\/p>\n<p>Creo que se trata mucho de tomarse el tiempo para escuchar su instinto. Tienes que hacer cosas que te hagan sentir bien y no mirar ciegamente las opiniones de otras personas. \u00bfQuieres tumbarte en la ba\u00f1era y comer helado? \u00a1Hazlo! \u00bfQuiere finalmente dar el paso y empezar su propio negocio? \u00a1Hazlo! :)<\/p>\n<p><img loading=\"lazy\" decoding=\"async\" class=\"alignnone size-large wp-image-33304\" src=\"http:\/\/www.imakeyousmile.se\/wp-content\/uploads\/2018\/08\/min-businessvecka-spain-1-1024x1024.jpg\" alt=\"\" width=\"696\" height=\"696\" srcset=\"https:\/\/www.imakeyousmile.se\/wp-content\/uploads\/2018\/08\/min-businessvecka-spain-1-1024x1024.jpg 1024w, https:\/\/www.imakeyousmile.se\/wp-content\/uploads\/2018\/08\/min-businessvecka-spain-1-150x150.jpg 150w, https:\/\/www.imakeyousmile.se\/wp-content\/uploads\/2018\/08\/min-businessvecka-spain-1-300x300.jpg 300w, https:\/\/www.imakeyousmile.se\/wp-content\/uploads\/2018\/08\/min-businessvecka-spain-1-768x768.jpg 768w, https:\/\/www.imakeyousmile.se\/wp-content\/uploads\/2018\/08\/min-businessvecka-spain-1-696x696.jpg 696w, https:\/\/www.imakeyousmile.se\/wp-content\/uploads\/2018\/08\/min-businessvecka-spain-1-1068x1068.jpg 1068w, https:\/\/www.imakeyousmile.se\/wp-content\/uploads\/2018\/08\/min-businessvecka-spain-1-420x420.jpg 420w, https:\/\/www.imakeyousmile.se\/wp-content\/uploads\/2018\/08\/min-businessvecka-spain-1.jpg 2000w\" sizes=\"(max-width: 696px) 100vw, 696px\" \/><\/p>\n<p><strong>\u00bfCu\u00e1l es mi por qu\u00e9?<\/strong><br \/>\nYo mismo a menudo pienso &quot;por qu\u00e9&quot; en mi vida cotidiana, esa puede ser la raz\u00f3n por la que tengo un buen equilibrio entre los emprendedores motivados y los que disfrutan de la vida, jaja :)<\/p>\n<p>Trabajo duro porque se <em>por qu\u00e9<\/em> Trabajo y qu\u00e9 hacer a continuaci\u00f3n. No pienso &quot;ahora me siento y tengo una reuni\u00f3n con mi personal&quot; sino que pienso &quot;\u00a1ahora me siento y construyo el mejor lugar de trabajo del mundo!&quot;.<\/p>\n<p>Ahorro dinero porque s\u00e9 para qu\u00e9 los quiero usar y por qu\u00e9 me dar\u00e1n m\u00e1s calidad de vida. Si compro un autom\u00f3vil, quiero bluetooth para que pueda escuchar m\u00fasica y podcasts a trav\u00e9s del tel\u00e9fono y un bot\u00f3n en la llave para que pueda encender el calentador del motor mientras todav\u00eda est\u00e1 dentro de la casa, en lugar de una marca lujosa y costosa que impresiona \u00a1personas! Entiendes el punto :)<\/p>\n<p>Tambi\u00e9n tomo largos ba\u00f1os, veo series como un pajar en el sof\u00e1, me encantan las pantuflas y las mascarillas y trato de ser bastante &quot;ma\u00f1ana&quot;. \u00bfPor qu\u00e9? \u00a1Porque disfruto estar en casa en mi casa y me siento muy bien con mi propio tiempo!<\/p>\n<p>\u00a1Valoro los valores blandos y amo el estilo de vida de tener mi propio negocio! En realidad, no se trata de ning\u00fan tipo de prestigio o de poder sentarse sobre un mont\u00f3n de dinero. No veo absolutamente ninguna fascinaci\u00f3n en ello, pero quiero divertirme tanto en el trabajo como en privado, tener seguridad financiera y la libertad de vivir mi vida tal como quiero vivirla.<\/p>\n<p>&nbsp;<\/p>\n<p>Espero que hayas pensado que fue un poco divertido leer algo m\u00e1s este domingo que simplemente c\u00f3mo se ve mi semana laboral :) \u00a1Vivimos la pulga en Espa\u00f1a durante una semana para nosotros!<\/p>\n<p>Los abrazos son \u2665<\/p>\n<p><img loading=\"lazy\" decoding=\"async\" class=\"alignnone size-large wp-image-28529\" src=\"http:\/\/www.imakeyousmile.se\/wp-content\/uploads\/2017\/03\/Sidfot-Namnloggo-1024x115.png\" alt=\"\" width=\"696\" height=\"78\" \/><\/p>","protected":false},"excerpt":{"rendered":"<p>Oavsett om vi pratar jobb, f\u00f6retag eller privatliv s\u00e5 \u00e4r orden &#8221;vad, hur, varf\u00f6r&#8221; v\u00e4ldigt viktiga att fr\u00e5ga sig sj\u00e4lv regelbundet. T.ex: 1. Vad: Jag vill bli riktig vass p\u00e5 makeup 2. Hur: Jag ska g\u00f6ra en ny look varje g\u00e5ng jag sminkar mig och utmana mig sj\u00e4lv med sv\u00e5rare tekniker och f\u00e4rgkombinationer. Tre sminkningar [&hellip;]<\/p>\n","protected":false},"author":30,"featured_media":33304,"comment_status":"open","ping_status":"closed","sticky":false,"template":"","format":"standard","meta":{"footnotes":""},"categories":[4070,7006],"tags":[6037,6036,1985,4097,4330,6038,4071,5602,4216,5131],"class_list":["post-33244","post","type-post","status-publish","format-standard","has-post-thumbnail","hentry","category-entreprenorskap","category-entreprenorslivet","tag-business","tag-businessvecka","tag-creative-makeup","tag-entreprenor","tag-helena-ronnblad","tag-inspirerande-foretagare","tag-ung-entreprenor","tag-ung-entreprenor-uppsala","tag-ung-foretagare","tag-ung-foretagare-uppsala"],"yoast_head":"<!-- This site is optimized with the Yoast SEO Premium plugin v14.9 - https:\/\/yoast.com\/wordpress\/plugins\/seo\/ -->\n<meta name=\"description\" content=\"Vad, hur, varf\u00f6r? | Helena Amiley - H\u00e4r hittar du senaste infromation om sk\u00f6nhet, livsstil, entrepren\u00f6rskap, makeup &amp; tips.\" \/>\n<meta name=\"robots\" content=\"index, follow, max-snippet:-1, max-image-preview:large, max-video-preview:-1\" \/>\n<link rel=\"canonical\" href=\"https:\/\/www.imakeyousmile.se\/es\/veckans-businessinlagg-vad-hur-varfor\/\" \/>\n<meta property=\"og:locale\" content=\"es_ES\" \/>\n<meta property=\"og:type\" content=\"article\" \/>\n<meta property=\"og:title\" content=\"Vad, hur, varf\u00f6r? | Imakeyousmile.se\" \/>\n<meta property=\"og:description\" content=\"Vad, hur, varf\u00f6r? | Helena Amiley - H\u00e4r hittar du senaste infromation om sk\u00f6nhet, livsstil, entrepren\u00f6rskap, makeup &amp; tips.\" \/>\n<meta property=\"og:url\" content=\"https:\/\/www.imakeyousmile.se\/es\/veckans-businessinlagg-vad-hur-varfor\/\" \/>\n<meta property=\"og:site_name\" content=\"Imakeyousmile.se\" \/>\n<meta property=\"article:author\" content=\"https:\/\/www.facebook.com\/imakeyousmile.se\" \/>\n<meta property=\"article:published_time\" content=\"2018-09-16T03:00:19+00:00\" \/>\n<meta property=\"article:modified_time\" content=\"2020-10-22T16:25:59+00:00\" \/>\n<meta property=\"og:image\" content=\"https:\/\/www.imakeyousmile.se\/wp-content\/uploads\/2018\/08\/min-businessvecka-spain-1.jpg\" \/>\n\t<meta property=\"og:image:width\" content=\"2000\" \/>\n\t<meta property=\"og:image:height\" content=\"2000\" \/>\n<meta name=\"twitter:card\" content=\"summary_large_image\" \/>\n<script type=\"application\/ld+json\" class=\"yoast-schema-graph\">{\"@context\":\"https:\/\/schema.org\",\"@graph\":[{\"@type\":\"Organization\",\"@id\":\"https:\/\/www.imakeyousmile.se\/es\/#organization\",\"name\":\"Imakeyousmile\",\"url\":\"https:\/\/www.imakeyousmile.se\/es\/\",\"sameAs\":[],\"logo\":{\"@type\":\"ImageObject\",\"@id\":\"https:\/\/www.imakeyousmile.se\/es\/#logo\",\"inLanguage\":\"es\",\"url\":\"https:\/\/www.imakeyousmile.se\/wp-content\/uploads\/2020\/10\/HELENA-AMILEY_SVART-1-e1603367975324.png\",\"width\":280,\"height\":93,\"caption\":\"Imakeyousmile\"},\"image\":{\"@id\":\"https:\/\/www.imakeyousmile.se\/es\/#logo\"}},{\"@type\":\"WebSite\",\"@id\":\"https:\/\/www.imakeyousmile.se\/es\/#website\",\"url\":\"https:\/\/www.imakeyousmile.se\/es\/\",\"name\":\"Imakeyousmile.se\",\"description\":\"Helena Amiley - Beauty, Entrepreneur, Lifestyle\",\"publisher\":{\"@id\":\"https:\/\/www.imakeyousmile.se\/es\/#organization\"},\"potentialAction\":[{\"@type\":\"SearchAction\",\"target\":\"https:\/\/www.imakeyousmile.se\/es\/?s={search_term_string}\",\"query-input\":\"required name=search_term_string\"}],\"inLanguage\":\"es\"},{\"@type\":\"ImageObject\",\"@id\":\"https:\/\/www.imakeyousmile.se\/veckans-businessinlagg-vad-hur-varfor\/#primaryimage\",\"inLanguage\":\"es\",\"url\":\"https:\/\/www.imakeyousmile.se\/wp-content\/uploads\/2018\/08\/min-businessvecka-spain-1.jpg\",\"width\":2000,\"height\":2000},{\"@type\":\"WebPage\",\"@id\":\"https:\/\/www.imakeyousmile.se\/veckans-businessinlagg-vad-hur-varfor\/#webpage\",\"url\":\"https:\/\/www.imakeyousmile.se\/veckans-businessinlagg-vad-hur-varfor\/\",\"name\":\"Vad, hur, varf\\u00f6r? | Imakeyousmile.se\",\"isPartOf\":{\"@id\":\"https:\/\/www.imakeyousmile.se\/es\/#website\"},\"primaryImageOfPage\":{\"@id\":\"https:\/\/www.imakeyousmile.se\/veckans-businessinlagg-vad-hur-varfor\/#primaryimage\"},\"datePublished\":\"2018-09-16T03:00:19+00:00\",\"dateModified\":\"2020-10-22T16:25:59+00:00\",\"description\":\"Vad, hur, varf\\u00f6r? | Helena Amiley - H\\u00e4r hittar du senaste infromation om sk\\u00f6nhet, livsstil, entrepren\\u00f6rskap, makeup & tips.\",\"inLanguage\":\"es\",\"potentialAction\":[{\"@type\":\"ReadAction\",\"target\":[\"https:\/\/www.imakeyousmile.se\/veckans-businessinlagg-vad-hur-varfor\/\"]}]},{\"@type\":\"Article\",\"@id\":\"https:\/\/www.imakeyousmile.se\/veckans-businessinlagg-vad-hur-varfor\/#article\",\"isPartOf\":{\"@id\":\"https:\/\/www.imakeyousmile.se\/veckans-businessinlagg-vad-hur-varfor\/#webpage\"},\"author\":{\"@id\":\"https:\/\/www.imakeyousmile.se\/es\/#\/schema\/person\/b0fd43b1c6bb1c60cfd68bff9b4a10fb\"},\"headline\":\"Vad, hur, varf\\u00f6r?\",\"datePublished\":\"2018-09-16T03:00:19+00:00\",\"dateModified\":\"2020-10-22T16:25:59+00:00\",\"mainEntityOfPage\":{\"@id\":\"https:\/\/www.imakeyousmile.se\/veckans-businessinlagg-vad-hur-varfor\/#webpage\"},\"commentCount\":0,\"publisher\":{\"@id\":\"https:\/\/www.imakeyousmile.se\/es\/#organization\"},\"image\":{\"@id\":\"https:\/\/www.imakeyousmile.se\/veckans-businessinlagg-vad-hur-varfor\/#primaryimage\"},\"keywords\":\"business,businessvecka,creative makeup,entrepren\\u00f6r,helena r\\u00f6nnblad,inspirerande f\\u00f6retagare,ung entrepren\\u00f6r,ung entrepren\\u00f6r uppsala,ung f\\u00f6retagare,ung f\\u00f6retagare uppsala\",\"articleSection\":\"Entrepren\\u00f6rskap,Entrepren\\u00f6rslivet\",\"inLanguage\":\"es\",\"potentialAction\":[{\"@type\":\"CommentAction\",\"name\":\"Comment\",\"target\":[\"https:\/\/www.imakeyousmile.se\/veckans-businessinlagg-vad-hur-varfor\/#respond\"]}]},{\"@type\":\"Person\",\"@id\":\"https:\/\/www.imakeyousmile.se\/es\/#\/schema\/person\/b0fd43b1c6bb1c60cfd68bff9b4a10fb\",\"name\":\"Helena Amiley\",\"image\":{\"@type\":\"ImageObject\",\"@id\":\"https:\/\/www.imakeyousmile.se\/es\/#personlogo\",\"inLanguage\":\"es\",\"url\":\"https:\/\/secure.gravatar.com\/avatar\/5645558e1e355457a23368d7e1b4c904?s=96&d=mm&r=g\",\"caption\":\"Helena Amiley\"},\"description\":\"Jag skriver mest om sk\\u00f6nhet men bjuder \\u00e4ven p\\u00e5 glimtar fr\\u00e5n entrepren\\u00f6rlivet och bygget av v\\u00e5r egen camper van. Vanlife here we come!\",\"sameAs\":[\"https:\/\/www.facebook.com\/imakeyousmile.se\",\"https:\/\/www.instagram.com\/helenaamiley\",\"https:\/\/www.youtube.com\/channel\/UCR5iB6rvpV6Yr8ZjpQfr5mg?view_as=subscriber\"]}]}<\/script>\n<!-- \/ Yoast SEO Premium plugin. -->","_links":{"self":[{"href":"https:\/\/www.imakeyousmile.se\/es\/wp-json\/wp\/v2\/posts\/33244"}],"collection":[{"href":"https:\/\/www.imakeyousmile.se\/es\/wp-json\/wp\/v2\/posts"}],"about":[{"href":"https:\/\/www.imakeyousmile.se\/es\/wp-json\/wp\/v2\/types\/post"}],"author":[{"embeddable":true,"href":"https:\/\/www.imakeyousmile.se\/es\/wp-json\/wp\/v2\/users\/30"}],"replies":[{"embeddable":true,"href":"https:\/\/www.imakeyousmile.se\/es\/wp-json\/wp\/v2\/comments?post=33244"}],"version-history":[{"count":18,"href":"https:\/\/www.imakeyousmile.se\/es\/wp-json\/wp\/v2\/posts\/33244\/revisions"}],"predecessor-version":[{"id":37658,"href":"https:\/\/www.imakeyousmile.se\/es\/wp-json\/wp\/v2\/posts\/33244\/revisions\/37658"}],"wp:featuredmedia":[{"embeddable":true,"href":"https:\/\/www.imakeyousmile.se\/es\/wp-json\/wp\/v2\/media\/33304"}],"wp:attachment":[{"href":"https:\/\/www.imakeyousmile.se\/es\/wp-json\/wp\/v2\/media?parent=33244"}],"wp:term":[{"taxonomy":"category","embeddable":true,"href":"https:\/\/www.imakeyousmile.se\/es\/wp-json\/wp\/v2\/categories?post=33244"},{"taxonomy":"post_tag","embeddable":true,"href":"https:\/\/www.imakeyousmile.se\/es\/wp-json\/wp\/v2\/tags?post=33244"}],"curies":[{"name":"wp","href":"https:\/\/api.w.org\/{rel}","templated":true}]}}