{"id":3338,"date":"2015-03-22T08:45:42","date_gmt":"2015-03-22T07:45:42","guid":{"rendered":"http:\/\/finest.se\/helenaronnblad\/?p=3338"},"modified":"2015-03-22T08:45:42","modified_gmt":"2015-03-22T07:45:42","slug":"even-on-a-bad-day-theres-always-lipstick","status":"publish","type":"post","link":"https:\/\/www.imakeyousmile.se\/es\/incluso-en-un-mal-dia-siempre-hay-lapiz-labial\/","title":{"rendered":"Incluso en un mal d\u00eda, siempre hay l\u00e1piz labial"},"content":{"rendered":"<p>Buenos d\u00edas bien ni!<\/p>\n<p>Hoy no hace un clima primaveral tan agradable como el que nos hab\u00edan echado a perder a principios de esta semana, pero como suelo decir, \u00a1incluso en un mal d\u00eda, siempre hay l\u00e1piz labial! A diferencia de otros maquillajes, el l\u00e1piz labial es la forma m\u00e1s r\u00e1pida y f\u00e1cil de agregar un poco m\u00e1s de color a la vida :)<\/p>\n<p><a href=\"http:\/\/cdn.finest.se\/wp-content\/uploads\/sites\/7701\/2015\/03\/1427007986-7902.jpg\"><img loading=\"lazy\" decoding=\"async\" class=\"alignnone size-full wp-image-3339\" src=\"http:\/\/cdn.finest.se\/wp-content\/uploads\/sites\/7701\/2015\/03\/1427007986-7902.jpg\" alt=\"l\u00e1piz labial\" width=\"1000\" height=\"820\" \/><\/a><\/p>\n<p>En estas fotos tengo <a href=\"http:\/\/creativemakeup.se\/produkt\/manifesto-lipgloss\/\" target=\"_blank\">L\u00e1piz labial l\u00edquido Paese Maniesto<\/a> en tonos 910, 904, 907 y 903.<\/p>\n<p>Sin embargo, yo mismo no me he maquillado todav\u00eda, \u00a1pero me siento y me acurruco por la ma\u00f1ana en la casa de mi madre! Como de costumbre el fin de semana, Miska y yo trabajamos \/ c\u00f3modamente en casa en la casa de mi madre y dormimos en mi antigua habitaci\u00f3n, con paredes negras brillantes, jaja, oscuro y acogedor :)<\/p>\n<p>Ahora acabo de volver a llenar mi segunda taza de caf\u00e9 y estoy sentado frente a un fuego reci\u00e9n encendido y blogueando con mi gata Viktoria en mi regazo. \u00bfPuedes tener una ma\u00f1ana mucho mejor? A mi lado se sienta Miska y estudia espa\u00f1ol, que ha decidido aprender, \u00a1bien!<\/p>\n<p>\u00bfC\u00f3mo ha sido tu ma\u00f1ana de domingo? \u2665<\/p>","protected":false},"excerpt":{"rendered":"<p>God morgon fina ni! Idag \u00e4r det inte lika v\u00e5rfint v\u00e4der ute som vi har varit bortsk\u00e4mda med tidigare i veckan, men som jag brukar s\u00e4ga &#8211;\u00a0Even on a bad day, there&#8217;s always lipstick! Till skillnad fr\u00e5n annat smink s\u00e5 \u00e4r l\u00e4ppstift det snabbaste och enklaste s\u00e4ttet att s\u00e4tta lite extra f\u00e4rg p\u00e5 tillvaron :) [&hellip;]<\/p>\n","protected":false},"author":30,"featured_media":0,"comment_status":"open","ping_status":"open","sticky":false,"template":"","format":"standard","meta":{"footnotes":""},"categories":[3],"tags":[],"class_list":["post-3338","post","type-post","status-publish","format-standard","hentry","category-allmant"],"yoast_head":"<!-- This site is optimized with the Yoast SEO Premium plugin v14.9 - https:\/\/yoast.com\/wordpress\/plugins\/seo\/ -->\n<meta name=\"description\" content=\"Even on a bad day, there&#039;s always lipstick | Helena Amiley - H\u00e4r hittar du senaste infromation om sk\u00f6nhet, livsstil, entrepren\u00f6rskap, makeup &amp; tips.\" \/>\n<meta name=\"robots\" content=\"index, follow, max-snippet:-1, max-image-preview:large, max-video-preview:-1\" \/>\n<link rel=\"canonical\" href=\"https:\/\/www.imakeyousmile.se\/es\/even-on-a-bad-day-theres-always-lipstick\/\" \/>\n<meta property=\"og:locale\" content=\"es_ES\" \/>\n<meta property=\"og:type\" content=\"article\" \/>\n<meta property=\"og:title\" content=\"Even on a bad day, there&#039;s always lipstick | Imakeyousmile.se\" \/>\n<meta property=\"og:description\" content=\"Even on a bad day, there&#039;s always lipstick | Helena Amiley - H\u00e4r hittar du senaste infromation om sk\u00f6nhet, livsstil, entrepren\u00f6rskap, makeup &amp; tips.\" \/>\n<meta property=\"og:url\" content=\"https:\/\/www.imakeyousmile.se\/es\/even-on-a-bad-day-theres-always-lipstick\/\" \/>\n<meta property=\"og:site_name\" content=\"Imakeyousmile.se\" \/>\n<meta property=\"article:author\" content=\"https:\/\/www.facebook.com\/imakeyousmile.se\" \/>\n<meta property=\"article:published_time\" content=\"2015-03-22T07:45:42+00:00\" \/>\n<meta property=\"og:image\" content=\"http:\/\/cdn.finest.se\/wp-content\/uploads\/sites\/7701\/2015\/03\/1427007986-7902.jpg\" \/>\n<meta name=\"twitter:card\" content=\"summary_large_image\" \/>\n<script type=\"application\/ld+json\" class=\"yoast-schema-graph\">{\"@context\":\"https:\/\/schema.org\",\"@graph\":[{\"@type\":\"Organization\",\"@id\":\"https:\/\/www.imakeyousmile.se\/es\/#organization\",\"name\":\"Imakeyousmile\",\"url\":\"https:\/\/www.imakeyousmile.se\/es\/\",\"sameAs\":[],\"logo\":{\"@type\":\"ImageObject\",\"@id\":\"https:\/\/www.imakeyousmile.se\/es\/#logo\",\"inLanguage\":\"es\",\"url\":\"https:\/\/www.imakeyousmile.se\/wp-content\/uploads\/2020\/10\/HELENA-AMILEY_SVART-1-e1603367975324.png\",\"width\":280,\"height\":93,\"caption\":\"Imakeyousmile\"},\"image\":{\"@id\":\"https:\/\/www.imakeyousmile.se\/es\/#logo\"}},{\"@type\":\"WebSite\",\"@id\":\"https:\/\/www.imakeyousmile.se\/es\/#website\",\"url\":\"https:\/\/www.imakeyousmile.se\/es\/\",\"name\":\"Imakeyousmile.se\",\"description\":\"Helena Amiley - Beauty, Entrepreneur, Lifestyle\",\"publisher\":{\"@id\":\"https:\/\/www.imakeyousmile.se\/es\/#organization\"},\"potentialAction\":[{\"@type\":\"SearchAction\",\"target\":\"https:\/\/www.imakeyousmile.se\/es\/?s={search_term_string}\",\"query-input\":\"required name=search_term_string\"}],\"inLanguage\":\"es\"},{\"@type\":\"ImageObject\",\"@id\":\"https:\/\/www.imakeyousmile.se\/even-on-a-bad-day-theres-always-lipstick\/#primaryimage\",\"inLanguage\":\"es\",\"url\":\"http:\/\/cdn.finest.se\/wp-content\/uploads\/sites\/7701\/2015\/03\/1427007986-7902.jpg\"},{\"@type\":\"WebPage\",\"@id\":\"https:\/\/www.imakeyousmile.se\/even-on-a-bad-day-theres-always-lipstick\/#webpage\",\"url\":\"https:\/\/www.imakeyousmile.se\/even-on-a-bad-day-theres-always-lipstick\/\",\"name\":\"Even on a bad day, there's always lipstick | Imakeyousmile.se\",\"isPartOf\":{\"@id\":\"https:\/\/www.imakeyousmile.se\/es\/#website\"},\"primaryImageOfPage\":{\"@id\":\"https:\/\/www.imakeyousmile.se\/even-on-a-bad-day-theres-always-lipstick\/#primaryimage\"},\"datePublished\":\"2015-03-22T07:45:42+00:00\",\"dateModified\":\"2015-03-22T07:45:42+00:00\",\"description\":\"Even on a bad day, there's always lipstick | Helena Amiley - H\\u00e4r hittar du senaste infromation om sk\\u00f6nhet, livsstil, entrepren\\u00f6rskap, makeup & tips.\",\"inLanguage\":\"es\",\"potentialAction\":[{\"@type\":\"ReadAction\",\"target\":[\"https:\/\/www.imakeyousmile.se\/even-on-a-bad-day-theres-always-lipstick\/\"]}]},{\"@type\":\"Article\",\"@id\":\"https:\/\/www.imakeyousmile.se\/even-on-a-bad-day-theres-always-lipstick\/#article\",\"isPartOf\":{\"@id\":\"https:\/\/www.imakeyousmile.se\/even-on-a-bad-day-theres-always-lipstick\/#webpage\"},\"author\":{\"@id\":\"https:\/\/www.imakeyousmile.se\/es\/#\/schema\/person\/b0fd43b1c6bb1c60cfd68bff9b4a10fb\"},\"headline\":\"Even on a bad day, there&#8217;s always lipstick\",\"datePublished\":\"2015-03-22T07:45:42+00:00\",\"dateModified\":\"2015-03-22T07:45:42+00:00\",\"mainEntityOfPage\":{\"@id\":\"https:\/\/www.imakeyousmile.se\/even-on-a-bad-day-theres-always-lipstick\/#webpage\"},\"commentCount\":1,\"publisher\":{\"@id\":\"https:\/\/www.imakeyousmile.se\/es\/#organization\"},\"image\":{\"@id\":\"https:\/\/www.imakeyousmile.se\/even-on-a-bad-day-theres-always-lipstick\/#primaryimage\"},\"articleSection\":\"\\u00d6vrigt\",\"inLanguage\":\"es\",\"potentialAction\":[{\"@type\":\"CommentAction\",\"name\":\"Comment\",\"target\":[\"https:\/\/www.imakeyousmile.se\/even-on-a-bad-day-theres-always-lipstick\/#respond\"]}]},{\"@type\":\"Person\",\"@id\":\"https:\/\/www.imakeyousmile.se\/es\/#\/schema\/person\/b0fd43b1c6bb1c60cfd68bff9b4a10fb\",\"name\":\"Helena Amiley\",\"image\":{\"@type\":\"ImageObject\",\"@id\":\"https:\/\/www.imakeyousmile.se\/es\/#personlogo\",\"inLanguage\":\"es\",\"url\":\"https:\/\/secure.gravatar.com\/avatar\/5645558e1e355457a23368d7e1b4c904?s=96&d=mm&r=g\",\"caption\":\"Helena Amiley\"},\"description\":\"Jag skriver mest om sk\\u00f6nhet men bjuder \\u00e4ven p\\u00e5 glimtar fr\\u00e5n entrepren\\u00f6rlivet och bygget av v\\u00e5r egen camper van. Vanlife here we come!\",\"sameAs\":[\"https:\/\/www.facebook.com\/imakeyousmile.se\",\"https:\/\/www.instagram.com\/helenaamiley\",\"https:\/\/www.youtube.com\/channel\/UCR5iB6rvpV6Yr8ZjpQfr5mg?view_as=subscriber\"]}]}<\/script>\n<!-- \/ Yoast SEO Premium plugin. -->","_links":{"self":[{"href":"https:\/\/www.imakeyousmile.se\/es\/wp-json\/wp\/v2\/posts\/3338"}],"collection":[{"href":"https:\/\/www.imakeyousmile.se\/es\/wp-json\/wp\/v2\/posts"}],"about":[{"href":"https:\/\/www.imakeyousmile.se\/es\/wp-json\/wp\/v2\/types\/post"}],"author":[{"embeddable":true,"href":"https:\/\/www.imakeyousmile.se\/es\/wp-json\/wp\/v2\/users\/30"}],"replies":[{"embeddable":true,"href":"https:\/\/www.imakeyousmile.se\/es\/wp-json\/wp\/v2\/comments?post=3338"}],"version-history":[{"count":0,"href":"https:\/\/www.imakeyousmile.se\/es\/wp-json\/wp\/v2\/posts\/3338\/revisions"}],"wp:attachment":[{"href":"https:\/\/www.imakeyousmile.se\/es\/wp-json\/wp\/v2\/media?parent=3338"}],"wp:term":[{"taxonomy":"category","embeddable":true,"href":"https:\/\/www.imakeyousmile.se\/es\/wp-json\/wp\/v2\/categories?post=3338"},{"taxonomy":"post_tag","embeddable":true,"href":"https:\/\/www.imakeyousmile.se\/es\/wp-json\/wp\/v2\/tags?post=3338"}],"curies":[{"name":"wp","href":"https:\/\/api.w.org\/{rel}","templated":true}]}}