{"id":3348,"date":"2013-01-09T18:05:37","date_gmt":"2013-01-09T17:05:37","guid":{"rendered":"http:\/\/www.imakeyousmile.se\/?p=3348"},"modified":"2013-01-09T18:05:37","modified_gmt":"2013-01-09T17:05:37","slug":"lila-sminkning-7","status":"publish","type":"post","link":"https:\/\/www.imakeyousmile.se\/es\/maquillaje-morado-7\/","title":{"rendered":"Maquillaje morado"},"content":{"rendered":"<p>Aqu\u00ed hay un maquillaje bastante simple con solo dos sombras de ojos.<\/p>\n<p>Un poco de color discreto en la vida cotidiana, \u00a1y se puede hacer r\u00e1pidamente!<\/p>\n<p style=\"text-align: center;\"><a href=\"http:\/\/www.imakeyousmile.se\/wp-content\/uploads\/2013\/01\/IMG_9320-Copy.jpg\"><img loading=\"lazy\" decoding=\"async\" class=\"aligncenter  wp-image-3349\" title=\"IMG_9320 - Copiar\" src=\"http:\/\/www.imakeyousmile.se\/wp-content\/uploads\/2013\/01\/IMG_9320-Copy-662x444.jpg\" alt=\"\" width=\"463\" height=\"311\" srcset=\"https:\/\/www.imakeyousmile.se\/wp-content\/uploads\/2013\/01\/IMG_9320-Copy-662x444.jpg 662w, https:\/\/www.imakeyousmile.se\/wp-content\/uploads\/2013\/01\/IMG_9320-Copy-300x201.jpg 300w, https:\/\/www.imakeyousmile.se\/wp-content\/uploads\/2013\/01\/IMG_9320-Copy-720x483.jpg 720w\" sizes=\"(max-width: 463px) 100vw, 463px\" \/><\/a><\/p>\n<p style=\"text-align: center;\">Adicionalmente <span style=\"color: #339966;\">resalta los ojos verdes<\/span> para ti que lo tienes! :)<\/p>\n<p style=\"text-align: center;\"><a href=\"http:\/\/www.imakeyousmile.se\/wp-content\/uploads\/2013\/01\/IMG_9320.jpg\"><img loading=\"lazy\" decoding=\"async\" class=\"aligncenter  wp-image-3350\" title=\"IMG_9320\" src=\"http:\/\/www.imakeyousmile.se\/wp-content\/uploads\/2013\/01\/IMG_9320-662x668.jpg\" alt=\"\" width=\"397\" height=\"401\" srcset=\"https:\/\/www.imakeyousmile.se\/wp-content\/uploads\/2013\/01\/IMG_9320-662x668.jpg 662w, https:\/\/www.imakeyousmile.se\/wp-content\/uploads\/2013\/01\/IMG_9320-297x300.jpg 297w, https:\/\/www.imakeyousmile.se\/wp-content\/uploads\/2013\/01\/IMG_9320-534x540.jpg 534w, https:\/\/www.imakeyousmile.se\/wp-content\/uploads\/2013\/01\/IMG_9320.jpg 1704w\" sizes=\"(max-width: 397px) 100vw, 397px\" \/><\/a><\/p>\n<p style=\"text-align: center;\"><strong><span style=\"color: #ffcc99;\">Amarillo claro \/ blanco<\/span> <\/strong>sombra de ojos dentro del p\u00e1rpado y la l\u00ednea de las pesta\u00f1as inferiores, en la esquina del ojo y debajo de la ceja, <a href=\"https:\/\/ion.lyko.com\/t\/t?a=1117786221&#038;as=1548102449&#038;t=2&#038;tk=1&#038;epi=search-replace-singleskugga&#038;url=https:\/\/lyko.com\/sv\/sok?q=singelskugga\"><strong><em>El polvo de ojos favorito de Annika (N.1)<\/em><\/strong><\/a><br \/>\n<span style=\"color: #942894;\"><strong>P\u00farpura<\/strong><\/span> sombra de ojos con holl\u00edn al final del p\u00e1rpado y la l\u00ednea de las pesta\u00f1as inferiores,<em> 252 paletas<\/em>.<\/p>\n<p style=\"text-align: center;\"><strong><span style=\"color: #000000;\">Delineador de ojos negro<\/span><\/strong> a lo largo de las filas superior y exterior de las pesta\u00f1as inferiores, <a href=\"https:\/\/ion.lyko.com\/t\/t?a=1117786221&#038;as=1548102449&#038;t=2&#038;tk=1&#038;epi=search-replace-lorealkhol&#038;url=https:\/\/lyko.com\/sv\/loreal-paris\/loreal-paris-superliner-le-khol-pure-esp\"><strong><em>L&#039;Or\u00e9al Paris Contour Kh\u00f4l<\/em><\/strong><\/a>.<br \/>\n<strong><span style=\"color: #999999;\">Delineador de ojos blanco<\/span><\/strong> a lo largo de la l\u00ednea de flotaci\u00f3n.<\/p>\n<p style=\"text-align: center;\"><span style=\"color: #000000;\"><strong>R\u00edmel negro<\/strong><\/span> en todas las pesta\u00f1as. <a href=\"https:\/\/ion.lyko.com\/t\/t?a=1117786221&#038;as=1548102449&#038;t=2&#038;tk=1&#038;epi=search-replace-makeupstore&#038;url=https:\/\/lyko.com\/sv\/make-up-store\"><strong><em>Tienda de maquillaje, Multilash<\/em><\/strong><\/a>.<\/p>\n<p style=\"text-align: center;\"><a href=\"http:\/\/www.imakeyousmile.se\/wp-content\/uploads\/2013\/01\/IMG_9347.jpg\"><img loading=\"lazy\" decoding=\"async\" class=\"aligncenter  wp-image-3351\" title=\"IMG_9347\" src=\"http:\/\/www.imakeyousmile.se\/wp-content\/uploads\/2013\/01\/IMG_9347-662x998.jpg\" alt=\"\" width=\"463\" height=\"699\" srcset=\"https:\/\/www.imakeyousmile.se\/wp-content\/uploads\/2013\/01\/IMG_9347-662x998.jpg 662w, https:\/\/www.imakeyousmile.se\/wp-content\/uploads\/2013\/01\/IMG_9347-198x300.jpg 198w, https:\/\/www.imakeyousmile.se\/wp-content\/uploads\/2013\/01\/IMG_9347-358x540.jpg 358w, https:\/\/www.imakeyousmile.se\/wp-content\/uploads\/2013\/01\/IMG_9347.jpg 1697w\" sizes=\"(max-width: 463px) 100vw, 463px\" \/><\/a><\/p>\n<p style=\"text-align: center;\"><span style=\"font-size: xx-large;\">\u00a1Simple y agradable!<\/span><\/p>","protected":false},"excerpt":{"rendered":"<p>H\u00e4r kommer en ganska simpel sminkning med bara tv\u00e5 \u00f6gonskuggor. Lite diskret f\u00e4rg i vardagen, och g\u00e5r snabbt att g\u00f6ra! Dessutom framh\u00e4ver den gr\u00f6na \u00f6gon f\u00f6r er som har det! :) Ljusgul\/vit \u00f6gonskugga innerst p\u00e5 \u00f6gonlocket och undre fransraden, i \u00f6gonvr\u00e5n och under brynet, Annikas Favoritskugga Eyedust (N.1) Lilarosa \u00f6gonskugga sotat ytterst p\u00e5 \u00f6gonlocket och [&hellip;]<\/p>\n","protected":false},"author":30,"featured_media":0,"comment_status":"open","ping_status":"open","sticky":false,"template":"","format":"standard","meta":{"footnotes":""},"categories":[3],"tags":[297,202,298,203],"class_list":["post-3348","post","type-post","status-publish","format-standard","hentry","category-allmant","tag-enkel-sminkning","tag-lila-sminkning","tag-sminkning-med-tva-ogonskuggor","tag-sminkning-som-framhaver-grona-ogon"],"yoast_head":"<!-- This site is optimized with the Yoast SEO Premium plugin v14.9 - https:\/\/yoast.com\/wordpress\/plugins\/seo\/ -->\n<meta name=\"description\" content=\"Lila sminkning | Helena Amiley - H\u00e4r hittar du senaste infromation om sk\u00f6nhet, livsstil, entrepren\u00f6rskap, makeup &amp; tips.\" \/>\n<meta name=\"robots\" content=\"index, follow, max-snippet:-1, max-image-preview:large, max-video-preview:-1\" \/>\n<link rel=\"canonical\" href=\"https:\/\/www.imakeyousmile.se\/es\/lila-sminkning-7\/\" \/>\n<meta property=\"og:locale\" content=\"es_ES\" \/>\n<meta property=\"og:type\" content=\"article\" \/>\n<meta property=\"og:title\" content=\"Lila sminkning | Imakeyousmile.se\" \/>\n<meta property=\"og:description\" content=\"Lila sminkning | Helena Amiley - H\u00e4r hittar du senaste infromation om sk\u00f6nhet, livsstil, entrepren\u00f6rskap, makeup &amp; tips.\" \/>\n<meta property=\"og:url\" content=\"https:\/\/www.imakeyousmile.se\/es\/lila-sminkning-7\/\" \/>\n<meta property=\"og:site_name\" content=\"Imakeyousmile.se\" \/>\n<meta property=\"article:author\" content=\"https:\/\/www.facebook.com\/imakeyousmile.se\" \/>\n<meta property=\"article:published_time\" content=\"2013-01-09T17:05:37+00:00\" \/>\n<meta property=\"og:image\" content=\"http:\/\/www.imakeyousmile.se\/wp-content\/uploads\/2013\/01\/IMG_9320-Copy-662x444.jpg\" \/>\n<meta name=\"twitter:card\" content=\"summary_large_image\" \/>\n<script type=\"application\/ld+json\" class=\"yoast-schema-graph\">{\"@context\":\"https:\/\/schema.org\",\"@graph\":[{\"@type\":\"Organization\",\"@id\":\"https:\/\/www.imakeyousmile.se\/es\/#organization\",\"name\":\"Imakeyousmile\",\"url\":\"https:\/\/www.imakeyousmile.se\/es\/\",\"sameAs\":[],\"logo\":{\"@type\":\"ImageObject\",\"@id\":\"https:\/\/www.imakeyousmile.se\/es\/#logo\",\"inLanguage\":\"es\",\"url\":\"https:\/\/www.imakeyousmile.se\/wp-content\/uploads\/2020\/10\/HELENA-AMILEY_SVART-1-e1603367975324.png\",\"width\":280,\"height\":93,\"caption\":\"Imakeyousmile\"},\"image\":{\"@id\":\"https:\/\/www.imakeyousmile.se\/es\/#logo\"}},{\"@type\":\"WebSite\",\"@id\":\"https:\/\/www.imakeyousmile.se\/es\/#website\",\"url\":\"https:\/\/www.imakeyousmile.se\/es\/\",\"name\":\"Imakeyousmile.se\",\"description\":\"Helena Amiley - Beauty, Entrepreneur, Lifestyle\",\"publisher\":{\"@id\":\"https:\/\/www.imakeyousmile.se\/es\/#organization\"},\"potentialAction\":[{\"@type\":\"SearchAction\",\"target\":\"https:\/\/www.imakeyousmile.se\/es\/?s={search_term_string}\",\"query-input\":\"required name=search_term_string\"}],\"inLanguage\":\"es\"},{\"@type\":\"ImageObject\",\"@id\":\"https:\/\/www.imakeyousmile.se\/lila-sminkning-7\/#primaryimage\",\"inLanguage\":\"es\",\"url\":\"http:\/\/www.imakeyousmile.se\/wp-content\/uploads\/2013\/01\/IMG_9320-Copy-662x444.jpg\"},{\"@type\":\"WebPage\",\"@id\":\"https:\/\/www.imakeyousmile.se\/lila-sminkning-7\/#webpage\",\"url\":\"https:\/\/www.imakeyousmile.se\/lila-sminkning-7\/\",\"name\":\"Lila sminkning | Imakeyousmile.se\",\"isPartOf\":{\"@id\":\"https:\/\/www.imakeyousmile.se\/es\/#website\"},\"primaryImageOfPage\":{\"@id\":\"https:\/\/www.imakeyousmile.se\/lila-sminkning-7\/#primaryimage\"},\"datePublished\":\"2013-01-09T17:05:37+00:00\",\"dateModified\":\"2013-01-09T17:05:37+00:00\",\"description\":\"Lila sminkning | Helena Amiley - H\\u00e4r hittar du senaste infromation om sk\\u00f6nhet, livsstil, entrepren\\u00f6rskap, makeup & tips.\",\"inLanguage\":\"es\",\"potentialAction\":[{\"@type\":\"ReadAction\",\"target\":[\"https:\/\/www.imakeyousmile.se\/lila-sminkning-7\/\"]}]},{\"@type\":\"Article\",\"@id\":\"https:\/\/www.imakeyousmile.se\/lila-sminkning-7\/#article\",\"isPartOf\":{\"@id\":\"https:\/\/www.imakeyousmile.se\/lila-sminkning-7\/#webpage\"},\"author\":{\"@id\":\"https:\/\/www.imakeyousmile.se\/es\/#\/schema\/person\/b0fd43b1c6bb1c60cfd68bff9b4a10fb\"},\"headline\":\"Lila sminkning\",\"datePublished\":\"2013-01-09T17:05:37+00:00\",\"dateModified\":\"2013-01-09T17:05:37+00:00\",\"mainEntityOfPage\":{\"@id\":\"https:\/\/www.imakeyousmile.se\/lila-sminkning-7\/#webpage\"},\"commentCount\":0,\"publisher\":{\"@id\":\"https:\/\/www.imakeyousmile.se\/es\/#organization\"},\"image\":{\"@id\":\"https:\/\/www.imakeyousmile.se\/lila-sminkning-7\/#primaryimage\"},\"keywords\":\"Enkel sminkning,Lila sminkning,Sminkning med tv\\u00e5 \\u00f6gonskuggor,Sminkning som framh\\u00e4ver gr\\u00f6na \\u00f6gon\",\"articleSection\":\"\\u00d6vrigt\",\"inLanguage\":\"es\",\"potentialAction\":[{\"@type\":\"CommentAction\",\"name\":\"Comment\",\"target\":[\"https:\/\/www.imakeyousmile.se\/lila-sminkning-7\/#respond\"]}]},{\"@type\":\"Person\",\"@id\":\"https:\/\/www.imakeyousmile.se\/es\/#\/schema\/person\/b0fd43b1c6bb1c60cfd68bff9b4a10fb\",\"name\":\"Helena Amiley\",\"image\":{\"@type\":\"ImageObject\",\"@id\":\"https:\/\/www.imakeyousmile.se\/es\/#personlogo\",\"inLanguage\":\"es\",\"url\":\"https:\/\/secure.gravatar.com\/avatar\/5645558e1e355457a23368d7e1b4c904?s=96&d=mm&r=g\",\"caption\":\"Helena Amiley\"},\"description\":\"Jag skriver mest om sk\\u00f6nhet men bjuder \\u00e4ven p\\u00e5 glimtar fr\\u00e5n entrepren\\u00f6rlivet och bygget av v\\u00e5r egen camper van. Vanlife here we come!\",\"sameAs\":[\"https:\/\/www.facebook.com\/imakeyousmile.se\",\"https:\/\/www.instagram.com\/helenaamiley\",\"https:\/\/www.youtube.com\/channel\/UCR5iB6rvpV6Yr8ZjpQfr5mg?view_as=subscriber\"]}]}<\/script>\n<!-- \/ Yoast SEO Premium plugin. -->","_links":{"self":[{"href":"https:\/\/www.imakeyousmile.se\/es\/wp-json\/wp\/v2\/posts\/3348"}],"collection":[{"href":"https:\/\/www.imakeyousmile.se\/es\/wp-json\/wp\/v2\/posts"}],"about":[{"href":"https:\/\/www.imakeyousmile.se\/es\/wp-json\/wp\/v2\/types\/post"}],"author":[{"embeddable":true,"href":"https:\/\/www.imakeyousmile.se\/es\/wp-json\/wp\/v2\/users\/30"}],"replies":[{"embeddable":true,"href":"https:\/\/www.imakeyousmile.se\/es\/wp-json\/wp\/v2\/comments?post=3348"}],"version-history":[{"count":0,"href":"https:\/\/www.imakeyousmile.se\/es\/wp-json\/wp\/v2\/posts\/3348\/revisions"}],"wp:attachment":[{"href":"https:\/\/www.imakeyousmile.se\/es\/wp-json\/wp\/v2\/media?parent=3348"}],"wp:term":[{"taxonomy":"category","embeddable":true,"href":"https:\/\/www.imakeyousmile.se\/es\/wp-json\/wp\/v2\/categories?post=3348"},{"taxonomy":"post_tag","embeddable":true,"href":"https:\/\/www.imakeyousmile.se\/es\/wp-json\/wp\/v2\/tags?post=3348"}],"curies":[{"name":"wp","href":"https:\/\/api.w.org\/{rel}","templated":true}]}}