{"id":335,"date":"2012-11-23T23:12:49","date_gmt":"2012-11-23T22:12:49","guid":{"rendered":"http:\/\/www.imakeyousmile.se\/?p=335"},"modified":"2014-08-16T12:11:12","modified_gmt":"2014-08-16T10:11:12","slug":"hostsminkning-med-fargklick","status":"publish","type":"post","link":"https:\/\/www.imakeyousmile.se\/es\/aloja-maquillaje-con-clics-de-color\/","title":{"rendered":"Maquillaje de oto\u00f1o con clics de color"},"content":{"rendered":"<p>Ma\u00f1ana es finalmente fin de semana y, por una vez, no tengo grandes planes, \u00a1lo que significa maquillaje paso a paso!<\/p>\n<p>Siento que he sido tan malo en el frente del blog ahora que tengo un trabajo + tengo sementales como estilista. La pr\u00f3xima semana el jueves es al menos la \u00faltima lecci\u00f3n, aburrida pero agradable :)<\/p>\n<p>\u00a1Aqu\u00ed viene el maquillaje de hoy, un maquillaje oto\u00f1al oscuro y terroso, que a\u00fan anima la atm\u00f3sfera con un clic de color azul fr\u00edo!<\/p>\n<p style=\"text-align: center;\"><a href=\"http:\/\/www.imakeyousmile.se\/wp-content\/uploads\/2012\/11\/IMG_3977.jpg\"><img loading=\"lazy\" decoding=\"async\" class=\"aligncenter  wp-image-336\" title=\"IMG_3977\" src=\"http:\/\/www.imakeyousmile.se\/wp-content\/uploads\/2012\/11\/IMG_3977-662x688.jpg\" alt=\"\" width=\"334\" height=\"347\" srcset=\"https:\/\/www.imakeyousmile.se\/wp-content\/uploads\/2012\/11\/IMG_3977-662x688.jpg 662w, https:\/\/www.imakeyousmile.se\/wp-content\/uploads\/2012\/11\/IMG_3977-288x300.jpg 288w, https:\/\/www.imakeyousmile.se\/wp-content\/uploads\/2012\/11\/IMG_3977-519x540.jpg 519w, https:\/\/www.imakeyousmile.se\/wp-content\/uploads\/2012\/11\/IMG_3977.jpg 900w\" sizes=\"(max-width: 334px) 100vw, 334px\" \/><\/a><\/p>\n<p style=\"text-align: center;\"><em>Todas las sombras de ojos son de Eleven 180 Palette.<\/em><\/p>\n<p style=\"text-align: center;\"><span style=\"color: #efdf6b;\"><strong>Amarillento<\/strong> <\/span>sombra de ojos en el interior del p\u00e1rpado.<br \/>\n<strong><span style=\"color: #3366ff;\">Azul<\/span> <\/strong>sombra de ojos en la parte inferior \/ media del p\u00e1rpado.<br \/>\n<strong><span style=\"color: #993300;\">Marron oscuro<\/span><\/strong> sombra de ojos al final del p\u00e1rpado y a lo largo de la l\u00ednea del globo.<br \/>\n<strong><span style=\"color: #d08f2e;\">marr\u00f3n dorado<\/span><\/strong> sombra de ojos al final de la l\u00ednea de las pesta\u00f1as inferiores.<br \/>\n<span style=\"color: #c0c0c0;\">Amarillo claro \/ blanco<\/span> sombra de ojos en la parte inferior de la l\u00ednea de las pesta\u00f1as inferiores, en la esquina del ojo y debajo de la ceja.<\/p>\n<p style=\"text-align: center;\"><span style=\"color: #c0c0c0;\">Delineador de ojos blanco<\/span> en la l\u00ednea interior de las pesta\u00f1as, <em>H&amp;M.<\/em><br \/>\n<strong><span style=\"color: #000000;\">Delineador de ojos negro<\/span><\/strong> a lo largo de la l\u00ednea de las pesta\u00f1as superiores,<a href=\"https:\/\/ion.lyko.com\/t\/t?a=1117786221&#038;as=1548102449&#038;t=2&#038;tk=1&#038;epi=search-replace-gloeyepencil&#038;url=https:\/\/lyko.com\/sv\/glo-skin-beauty\/glominerals-precision-eye-pencil-peach\"><strong><em> l\u00e1piz de ojos gloPrecisio (negro)<\/em><\/strong><\/a><br \/>\n<strong><span style=\"color: #000000;\">R\u00edmel negro<\/span><\/strong> en las pesta\u00f1as superiores, \u00a0 <a href=\"https:\/\/ion.lyko.com\/t\/t?a=1117786221&#038;as=1548102449&#038;t=2&#038;tk=1&#038;epi=search-replace-lorealmascara&#038;url=https:\/\/lyko.com\/sv\/sok?q=loreal+paris+mascara\"><strong><em>M\u00e1scara de pesta\u00f1as L&#039;Or\u00e9al Paris Mega Volume Collagen 24H<\/em><\/strong><\/a><\/p>\n<p style=\"text-align: center;\"><a href=\"http:\/\/www.imakeyousmile.se\/wp-content\/uploads\/2012\/11\/IMG_3994.jpg\"><img loading=\"lazy\" decoding=\"async\" class=\"aligncenter  wp-image-337\" title=\"IMG_3994\" src=\"http:\/\/www.imakeyousmile.se\/wp-content\/uploads\/2012\/11\/IMG_3994-662x1088.jpg\" alt=\"\" width=\"480\" height=\"789\" srcset=\"https:\/\/www.imakeyousmile.se\/wp-content\/uploads\/2012\/11\/IMG_3994-662x1088.jpg 662w, https:\/\/www.imakeyousmile.se\/wp-content\/uploads\/2012\/11\/IMG_3994-182x300.jpg 182w, https:\/\/www.imakeyousmile.se\/wp-content\/uploads\/2012\/11\/IMG_3994-328x540.jpg 328w, https:\/\/www.imakeyousmile.se\/wp-content\/uploads\/2012\/11\/IMG_3994.jpg 1556w\" sizes=\"(max-width: 480px) 100vw, 480px\" \/><\/a><\/p>\n<p style=\"text-align: left;\">Ahora me voy a meter en la cama para poder quedarme despierto durante muchas horas de sol ma\u00f1ana;)<\/p>\n<h2 style=\"text-align: center;\"><em>Buenas noches, agradable!<\/em><\/h2>","protected":false},"excerpt":{"rendered":"<p>Imorgon \u00e4r det \u00e4ntligen helg, och jag har f\u00f6r en g\u00e5ngs skull inga st\u00f6rre planer &#8211; vilket betyder steg f\u00f6r steg sminkningar! K\u00e4nner att jag varit s\u00e5 d\u00e5lig p\u00e5 bloggfronten nu n\u00e4r jag f\u00e5tt jobb + har pluggar till stylist. N\u00e4sta vecka p\u00e5 torsdag \u00e4r iallafall sista lektionen, tr\u00e5kigt men sk\u00f6nt :) H\u00e4r kommer dagens [&hellip;]<\/p>\n","protected":false},"author":30,"featured_media":0,"comment_status":"open","ping_status":"open","sticky":false,"template":"","format":"standard","meta":{"footnotes":""},"categories":[3],"tags":[],"class_list":["post-335","post","type-post","status-publish","format-standard","hentry","category-allmant"],"yoast_head":"<!-- This site is optimized with the Yoast SEO Premium plugin v14.9 - https:\/\/yoast.com\/wordpress\/plugins\/seo\/ -->\n<meta name=\"description\" content=\"H\u00f6stsminkning med f\u00e4rgklick | Helena Amiley - H\u00e4r hittar du senaste infromation om sk\u00f6nhet, livsstil, entrepren\u00f6rskap, makeup &amp; tips.\" \/>\n<meta name=\"robots\" content=\"index, follow, max-snippet:-1, max-image-preview:large, max-video-preview:-1\" \/>\n<link rel=\"canonical\" href=\"https:\/\/www.imakeyousmile.se\/es\/hostsminkning-med-fargklick\/\" \/>\n<meta property=\"og:locale\" content=\"es_ES\" \/>\n<meta property=\"og:type\" content=\"article\" \/>\n<meta property=\"og:title\" content=\"H\u00f6stsminkning med f\u00e4rgklick | Imakeyousmile.se\" \/>\n<meta property=\"og:description\" content=\"H\u00f6stsminkning med f\u00e4rgklick | Helena Amiley - H\u00e4r hittar du senaste infromation om sk\u00f6nhet, livsstil, entrepren\u00f6rskap, makeup &amp; tips.\" \/>\n<meta property=\"og:url\" content=\"https:\/\/www.imakeyousmile.se\/es\/hostsminkning-med-fargklick\/\" \/>\n<meta property=\"og:site_name\" content=\"Imakeyousmile.se\" \/>\n<meta property=\"article:author\" content=\"https:\/\/www.facebook.com\/imakeyousmile.se\" \/>\n<meta property=\"article:published_time\" content=\"2012-11-23T22:12:49+00:00\" \/>\n<meta property=\"article:modified_time\" content=\"2014-08-16T10:11:12+00:00\" \/>\n<meta property=\"og:image\" content=\"http:\/\/www.imakeyousmile.se\/wp-content\/uploads\/2012\/11\/IMG_3977-662x688.jpg\" \/>\n<meta name=\"twitter:card\" content=\"summary_large_image\" \/>\n<script type=\"application\/ld+json\" class=\"yoast-schema-graph\">{\"@context\":\"https:\/\/schema.org\",\"@graph\":[{\"@type\":\"Organization\",\"@id\":\"https:\/\/www.imakeyousmile.se\/es\/#organization\",\"name\":\"Imakeyousmile\",\"url\":\"https:\/\/www.imakeyousmile.se\/es\/\",\"sameAs\":[],\"logo\":{\"@type\":\"ImageObject\",\"@id\":\"https:\/\/www.imakeyousmile.se\/es\/#logo\",\"inLanguage\":\"es\",\"url\":\"https:\/\/www.imakeyousmile.se\/wp-content\/uploads\/2020\/10\/HELENA-AMILEY_SVART-1-e1603367975324.png\",\"width\":280,\"height\":93,\"caption\":\"Imakeyousmile\"},\"image\":{\"@id\":\"https:\/\/www.imakeyousmile.se\/es\/#logo\"}},{\"@type\":\"WebSite\",\"@id\":\"https:\/\/www.imakeyousmile.se\/es\/#website\",\"url\":\"https:\/\/www.imakeyousmile.se\/es\/\",\"name\":\"Imakeyousmile.se\",\"description\":\"Helena Amiley - Beauty, Entrepreneur, Lifestyle\",\"publisher\":{\"@id\":\"https:\/\/www.imakeyousmile.se\/es\/#organization\"},\"potentialAction\":[{\"@type\":\"SearchAction\",\"target\":\"https:\/\/www.imakeyousmile.se\/es\/?s={search_term_string}\",\"query-input\":\"required name=search_term_string\"}],\"inLanguage\":\"es\"},{\"@type\":\"ImageObject\",\"@id\":\"https:\/\/www.imakeyousmile.se\/hostsminkning-med-fargklick\/#primaryimage\",\"inLanguage\":\"es\",\"url\":\"http:\/\/www.imakeyousmile.se\/wp-content\/uploads\/2012\/11\/IMG_3977-662x688.jpg\"},{\"@type\":\"WebPage\",\"@id\":\"https:\/\/www.imakeyousmile.se\/hostsminkning-med-fargklick\/#webpage\",\"url\":\"https:\/\/www.imakeyousmile.se\/hostsminkning-med-fargklick\/\",\"name\":\"H\\u00f6stsminkning med f\\u00e4rgklick | Imakeyousmile.se\",\"isPartOf\":{\"@id\":\"https:\/\/www.imakeyousmile.se\/es\/#website\"},\"primaryImageOfPage\":{\"@id\":\"https:\/\/www.imakeyousmile.se\/hostsminkning-med-fargklick\/#primaryimage\"},\"datePublished\":\"2012-11-23T22:12:49+00:00\",\"dateModified\":\"2014-08-16T10:11:12+00:00\",\"description\":\"H\\u00f6stsminkning med f\\u00e4rgklick | Helena Amiley - H\\u00e4r hittar du senaste infromation om sk\\u00f6nhet, livsstil, entrepren\\u00f6rskap, makeup & tips.\",\"inLanguage\":\"es\",\"potentialAction\":[{\"@type\":\"ReadAction\",\"target\":[\"https:\/\/www.imakeyousmile.se\/hostsminkning-med-fargklick\/\"]}]},{\"@type\":\"Article\",\"@id\":\"https:\/\/www.imakeyousmile.se\/hostsminkning-med-fargklick\/#article\",\"isPartOf\":{\"@id\":\"https:\/\/www.imakeyousmile.se\/hostsminkning-med-fargklick\/#webpage\"},\"author\":{\"@id\":\"https:\/\/www.imakeyousmile.se\/es\/#\/schema\/person\/b0fd43b1c6bb1c60cfd68bff9b4a10fb\"},\"headline\":\"H\\u00f6stsminkning med f\\u00e4rgklick\",\"datePublished\":\"2012-11-23T22:12:49+00:00\",\"dateModified\":\"2014-08-16T10:11:12+00:00\",\"mainEntityOfPage\":{\"@id\":\"https:\/\/www.imakeyousmile.se\/hostsminkning-med-fargklick\/#webpage\"},\"commentCount\":0,\"publisher\":{\"@id\":\"https:\/\/www.imakeyousmile.se\/es\/#organization\"},\"image\":{\"@id\":\"https:\/\/www.imakeyousmile.se\/hostsminkning-med-fargklick\/#primaryimage\"},\"articleSection\":\"\\u00d6vrigt\",\"inLanguage\":\"es\",\"potentialAction\":[{\"@type\":\"CommentAction\",\"name\":\"Comment\",\"target\":[\"https:\/\/www.imakeyousmile.se\/hostsminkning-med-fargklick\/#respond\"]}]},{\"@type\":\"Person\",\"@id\":\"https:\/\/www.imakeyousmile.se\/es\/#\/schema\/person\/b0fd43b1c6bb1c60cfd68bff9b4a10fb\",\"name\":\"Helena Amiley\",\"image\":{\"@type\":\"ImageObject\",\"@id\":\"https:\/\/www.imakeyousmile.se\/es\/#personlogo\",\"inLanguage\":\"es\",\"url\":\"https:\/\/secure.gravatar.com\/avatar\/5645558e1e355457a23368d7e1b4c904?s=96&d=mm&r=g\",\"caption\":\"Helena Amiley\"},\"description\":\"Jag skriver mest om sk\\u00f6nhet men bjuder \\u00e4ven p\\u00e5 glimtar fr\\u00e5n entrepren\\u00f6rlivet och bygget av v\\u00e5r egen camper van. Vanlife here we come!\",\"sameAs\":[\"https:\/\/www.facebook.com\/imakeyousmile.se\",\"https:\/\/www.instagram.com\/helenaamiley\",\"https:\/\/www.youtube.com\/channel\/UCR5iB6rvpV6Yr8ZjpQfr5mg?view_as=subscriber\"]}]}<\/script>\n<!-- \/ Yoast SEO Premium plugin. -->","_links":{"self":[{"href":"https:\/\/www.imakeyousmile.se\/es\/wp-json\/wp\/v2\/posts\/335"}],"collection":[{"href":"https:\/\/www.imakeyousmile.se\/es\/wp-json\/wp\/v2\/posts"}],"about":[{"href":"https:\/\/www.imakeyousmile.se\/es\/wp-json\/wp\/v2\/types\/post"}],"author":[{"embeddable":true,"href":"https:\/\/www.imakeyousmile.se\/es\/wp-json\/wp\/v2\/users\/30"}],"replies":[{"embeddable":true,"href":"https:\/\/www.imakeyousmile.se\/es\/wp-json\/wp\/v2\/comments?post=335"}],"version-history":[{"count":0,"href":"https:\/\/www.imakeyousmile.se\/es\/wp-json\/wp\/v2\/posts\/335\/revisions"}],"wp:attachment":[{"href":"https:\/\/www.imakeyousmile.se\/es\/wp-json\/wp\/v2\/media?parent=335"}],"wp:term":[{"taxonomy":"category","embeddable":true,"href":"https:\/\/www.imakeyousmile.se\/es\/wp-json\/wp\/v2\/categories?post=335"},{"taxonomy":"post_tag","embeddable":true,"href":"https:\/\/www.imakeyousmile.se\/es\/wp-json\/wp\/v2\/tags?post=335"}],"curies":[{"name":"wp","href":"https:\/\/api.w.org\/{rel}","templated":true}]}}