{"id":3355,"date":"2013-01-10T07:04:48","date_gmt":"2013-01-10T06:04:48","guid":{"rendered":"http:\/\/www.imakeyousmile.se\/?p=3355"},"modified":"2014-08-16T10:00:58","modified_gmt":"2014-08-16T08:00:58","slug":"vardagssminkning-med-neutrala-farger","status":"publish","type":"post","link":"https:\/\/www.imakeyousmile.se\/es\/maquillaje-diario-con-colores-neutros\/","title":{"rendered":"Maquillaje de diario con colores neutros"},"content":{"rendered":"<p style=\"text-align: left;\"><strong>Erika sa\u2026<\/strong><br \/>\n<em><strong> \u00a1Oye!<\/strong><\/em><br \/>\n<em><strong> \u00a1Lea su blog aqu\u00ed por un tiempo y el mejor consejo que obtuve es con lypsyl y rough! \u00a1Funciona genial! \u00bfPodr\u00edas mostrar c\u00f3mo hacer un bonito maquillaje diario con colores neutros? Creo que es el mejor. Yo suelo usar sombras de ojos marrones y un poco doradas pero no creo que consiga hacerlo tan bien\u2026 \u00a1jajaja estar\u00eda agradecido si me pudieras ayudar con esto! :)<\/strong><\/em><\/p>\n<p style=\"text-align: left;\">Qu\u00e9 divertido que te haya gustado el tip, tan bueno y tan sencillo :)<\/p>\n<p style=\"text-align: left;\">\u00a1Aqu\u00ed est\u00e1 el maquillaje diario que te he hecho!<\/p>\n<p style=\"text-align: left;\">He usado todos los tonos en esta paleta de 4,<a href=\"https:\/\/ion.lyko.com\/t\/t?a=1117786221&#038;as=1548102449&#038;t=2&#038;tk=1&#038;epi=search-replace-isadorapalette&#038;url=https:\/\/lyko.com\/sv\/sok?q=isadora+eyeshadow+quartet\"><strong><em> Cuarteto de sombras de ojos IsaDora (20 Classic Brown)<\/em><\/strong><\/a>\u00a0excepto el m\u00e1s oscuro. Y la sombra dorada en la paleta <a href=\"https:\/\/ion.lyko.com\/t\/t?a=1117786221&#038;as=1548102449&#038;t=2&#038;tk=1&#038;epi=search-replace-isadorapalette&#038;url=https:\/\/lyko.com\/sv\/sok?q=isadora+eyeshadow+quartet\"><strong><em>Cuarteto de sombras de ojos IsaDora (61 Solden Sunset)<\/em><\/strong><\/a><\/p>\n<p style=\"text-align: center;\"><a href=\"http:\/\/www.imakeyousmile.se\/wp-content\/uploads\/2013\/01\/IMG_9360.jpg\"><img loading=\"lazy\" decoding=\"async\" class=\"aligncenter  wp-image-3356\" title=\"IMG_9360\" src=\"http:\/\/www.imakeyousmile.se\/wp-content\/uploads\/2013\/01\/IMG_9360-662x725.jpg\" alt=\"\" width=\"397\" height=\"435\" srcset=\"https:\/\/www.imakeyousmile.se\/wp-content\/uploads\/2013\/01\/IMG_9360-662x725.jpg 662w, https:\/\/www.imakeyousmile.se\/wp-content\/uploads\/2013\/01\/IMG_9360-273x300.jpg 273w, https:\/\/www.imakeyousmile.se\/wp-content\/uploads\/2013\/01\/IMG_9360-492x540.jpg 492w, https:\/\/www.imakeyousmile.se\/wp-content\/uploads\/2013\/01\/IMG_9360.jpg 1280w\" sizes=\"(max-width: 397px) 100vw, 397px\" \/><\/a><\/p>\n<p style=\"text-align: center;\"><strong>1. <span style=\"color: #ffcc99;\">Ligero<\/span> <\/strong>sombra de ojos en la esquina del ojo, a lo largo de la l\u00ednea inferior de las pesta\u00f1as y debajo de la ceja.<\/p>\n<p style=\"text-align: center;\"><a href=\"http:\/\/www.imakeyousmile.se\/wp-content\/uploads\/2013\/01\/IMG_9368.jpg\"><img loading=\"lazy\" decoding=\"async\" class=\"aligncenter  wp-image-3357\" title=\"IMG_9368\" src=\"http:\/\/www.imakeyousmile.se\/wp-content\/uploads\/2013\/01\/IMG_9368-662x738.jpg\" alt=\"\" width=\"397\" height=\"443\" srcset=\"https:\/\/www.imakeyousmile.se\/wp-content\/uploads\/2013\/01\/IMG_9368-662x738.jpg 662w, https:\/\/www.imakeyousmile.se\/wp-content\/uploads\/2013\/01\/IMG_9368-268x300.jpg 268w, https:\/\/www.imakeyousmile.se\/wp-content\/uploads\/2013\/01\/IMG_9368-484x540.jpg 484w, https:\/\/www.imakeyousmile.se\/wp-content\/uploads\/2013\/01\/IMG_9368.jpg 1307w\" sizes=\"(max-width: 397px) 100vw, 397px\" \/><\/a><\/p>\n<p style=\"text-align: center;\"><strong>2. <span style=\"color: #993300;\">marr\u00f3n<\/span> <\/strong>sombra de ojos como una&gt; forma al final del p\u00e1rpado.<\/p>\n<p style=\"text-align: center;\"><a href=\"http:\/\/www.imakeyousmile.se\/wp-content\/uploads\/2013\/01\/IMG_9379.jpg\"><img loading=\"lazy\" decoding=\"async\" class=\"aligncenter  wp-image-3358\" title=\"IMG_9379\" src=\"http:\/\/www.imakeyousmile.se\/wp-content\/uploads\/2013\/01\/IMG_9379-662x710.jpg\" alt=\"\" width=\"397\" height=\"426\" srcset=\"https:\/\/www.imakeyousmile.se\/wp-content\/uploads\/2013\/01\/IMG_9379-662x710.jpg 662w, https:\/\/www.imakeyousmile.se\/wp-content\/uploads\/2013\/01\/IMG_9379-279x300.jpg 279w, https:\/\/www.imakeyousmile.se\/wp-content\/uploads\/2013\/01\/IMG_9379-503x540.jpg 503w, https:\/\/www.imakeyousmile.se\/wp-content\/uploads\/2013\/01\/IMG_9379.jpg 1439w\" sizes=\"(max-width: 397px) 100vw, 397px\" \/><\/a><\/p>\n<p style=\"text-align: center;\"><strong>3.<\/strong> Sudda en en<strong><span style=\"color: #b56c47;\"> marr\u00f3n claro <\/span><\/strong>sombra de ojos en el resto del p\u00e1rpado.<\/p>\n<p style=\"text-align: center;\"><a href=\"http:\/\/www.imakeyousmile.se\/wp-content\/uploads\/2013\/01\/IMG_9398.jpg\"><img loading=\"lazy\" decoding=\"async\" class=\"aligncenter  wp-image-3359\" title=\"IMG_9398\" src=\"http:\/\/www.imakeyousmile.se\/wp-content\/uploads\/2013\/01\/IMG_9398-662x716.jpg\" alt=\"\" width=\"397\" height=\"430\" srcset=\"https:\/\/www.imakeyousmile.se\/wp-content\/uploads\/2013\/01\/IMG_9398-662x716.jpg 662w, https:\/\/www.imakeyousmile.se\/wp-content\/uploads\/2013\/01\/IMG_9398-277x300.jpg 277w, https:\/\/www.imakeyousmile.se\/wp-content\/uploads\/2013\/01\/IMG_9398-499x540.jpg 499w, https:\/\/www.imakeyousmile.se\/wp-content\/uploads\/2013\/01\/IMG_9398.jpg 1327w\" sizes=\"(max-width: 397px) 100vw, 397px\" \/><\/a><\/p>\n<p style=\"text-align: center;\"><strong>3.<\/strong> Para una sensaci\u00f3n m\u00e1s dorada, holl\u00edn con uno <strong><span style=\"color: #ff9900;\">dorado<\/span> <\/strong>sombra de ojos en el medio de la l\u00ednea de las pesta\u00f1as inferiores y en la parte inferior de la l\u00ednea de las pesta\u00f1as superiores.<\/p>\n<p style=\"text-align: center;\"><img loading=\"lazy\" decoding=\"async\" title=\"IMG_9402\" src=\"http:\/\/www.imakeyousmile.se\/wp-content\/uploads\/2013\/01\/IMG_9402-662x695.jpg\" alt=\"\" width=\"397\" height=\"417\" \/><\/p>\n<p style=\"text-align: center;\"><strong><span style=\"color: #993300;\">Delineador de ojos l\u00edquido marr\u00f3n<\/span> <\/strong>a lo largo de la l\u00ednea de las pesta\u00f1as superiores y un poco al final de la l\u00ednea de las pesta\u00f1as inferiores.<br \/>\n<a href=\"https:\/\/ion.lyko.com\/t\/t?a=1117786221&#038;as=1548102449&#038;t=2&#038;tk=1&#038;epi=search-replace-isadoraeyeliner&#038;url=https:\/\/lyko.com\/sv\/sok?q=isadora+eyeliner\"><strong><em>Delineador de ojos de colores IsaDora (12 marr\u00f3n oscuro)<\/em><\/strong><\/a><\/p>\n<p style=\"text-align: center;\"><strong><span style=\"color: #999999;\">Delineador de ojos blanco<\/span><\/strong> a lo largo de la l\u00ednea de flotaci\u00f3n,<em> H&amp;M.<\/em><\/p>\n<p style=\"text-align: center;\"><img loading=\"lazy\" decoding=\"async\" title=\"IMG_9416\" src=\"http:\/\/www.imakeyousmile.se\/wp-content\/uploads\/2013\/01\/IMG_9416-662x767.jpg\" alt=\"\" width=\"397\" height=\"460\" \/><\/p>\n<p style=\"text-align: center;\"><span style=\"color: #000080;\"><strong>R\u00edmel azul marino<\/strong><\/span> en todas las pesta\u00f1as.<br \/>\n<a href=\"https:\/\/ion.lyko.com\/t\/t?a=1117786221&#038;as=1548102449&#038;t=2&#038;tk=1&#038;epi=search-replace-maxmascara&#038;url=https:\/\/lyko.com\/sv\/sok?q=max+factor+mascara\"><strong><em>Efecto de pesta\u00f1as postizas de Max Factor (azul profundo)<\/em><\/strong><\/a><\/p>\n<p style=\"text-align: center;\"><img loading=\"lazy\" decoding=\"async\" class=\"aligncenter\" title=\"IMG_9433\" src=\"http:\/\/www.imakeyousmile.se\/wp-content\/uploads\/2013\/01\/IMG_9433-662x1262.jpg\" alt=\"\" width=\"414\" height=\"789\" \/><br \/>\nY por supuesto - <strong><span style=\"color: #ff99cc;\">lypsyl + rouge<\/span> <\/strong>\u00a1en los labios! ;)<\/p>\n<p style=\"text-align: center;\"><span style=\"font-size: xx-large;\">\u00a1Feliz jueves a todos!\u00a0<\/span><\/p>","protected":false},"excerpt":{"rendered":"<p>Erika sa&#8230; Hej! L\u00e4st din blogg h\u00e4r nu ett tag och det b\u00e4sta tipset som jag f\u00e5tt \u00e4r det med lypsyl och rough! Fungerar j\u00e4ttebra! Skulle du kunna visa hur man g\u00f6r en snygg vardagssminkning med neutrala f\u00e4rger? Det tycker jag \u00e4r snyggast. Jag brukar anv\u00e4nda bruna och lite guldiga \u00f6gonskuggor men jag tycker inte [&hellip;]<\/p>\n","protected":false},"author":30,"featured_media":0,"comment_status":"open","ping_status":"open","sticky":false,"template":"","format":"standard","meta":{"footnotes":""},"categories":[3],"tags":[299,300,301,302],"class_list":["post-3355","post","type-post","status-publish","format-standard","hentry","category-allmant","tag-vardagssminkning-med-neutrala-farger","tag-vardagssminkning-med-neutrala-farger-steg-for-steg","tag-vardagssminkning-med-neutrala-farger-tutorial","tag-vardagssminkning-steg-for-steg"],"yoast_head":"<!-- This site is optimized with the Yoast SEO Premium plugin v14.9 - https:\/\/yoast.com\/wordpress\/plugins\/seo\/ -->\n<meta name=\"description\" content=\"Vardagssminkning med neutrala f\u00e4rger | Helena Amiley - H\u00e4r hittar du senaste infromation om sk\u00f6nhet, livsstil, entrepren\u00f6rskap, makeup &amp; tips.\" \/>\n<meta name=\"robots\" content=\"index, follow, max-snippet:-1, max-image-preview:large, max-video-preview:-1\" \/>\n<link rel=\"canonical\" href=\"https:\/\/www.imakeyousmile.se\/es\/vardagssminkning-med-neutrala-farger\/\" \/>\n<meta property=\"og:locale\" content=\"es_ES\" \/>\n<meta property=\"og:type\" content=\"article\" \/>\n<meta property=\"og:title\" content=\"Vardagssminkning med neutrala f\u00e4rger | Imakeyousmile.se\" \/>\n<meta property=\"og:description\" content=\"Vardagssminkning med neutrala f\u00e4rger | Helena Amiley - H\u00e4r hittar du senaste infromation om sk\u00f6nhet, livsstil, entrepren\u00f6rskap, makeup &amp; tips.\" \/>\n<meta property=\"og:url\" content=\"https:\/\/www.imakeyousmile.se\/es\/vardagssminkning-med-neutrala-farger\/\" \/>\n<meta property=\"og:site_name\" content=\"Imakeyousmile.se\" \/>\n<meta property=\"article:author\" content=\"https:\/\/www.facebook.com\/imakeyousmile.se\" \/>\n<meta property=\"article:published_time\" content=\"2013-01-10T06:04:48+00:00\" \/>\n<meta property=\"article:modified_time\" content=\"2014-08-16T08:00:58+00:00\" \/>\n<meta property=\"og:image\" content=\"http:\/\/www.imakeyousmile.se\/wp-content\/uploads\/2013\/01\/IMG_9360-662x725.jpg\" \/>\n<meta name=\"twitter:card\" content=\"summary_large_image\" \/>\n<script type=\"application\/ld+json\" class=\"yoast-schema-graph\">{\"@context\":\"https:\/\/schema.org\",\"@graph\":[{\"@type\":\"Organization\",\"@id\":\"https:\/\/www.imakeyousmile.se\/es\/#organization\",\"name\":\"Imakeyousmile\",\"url\":\"https:\/\/www.imakeyousmile.se\/es\/\",\"sameAs\":[],\"logo\":{\"@type\":\"ImageObject\",\"@id\":\"https:\/\/www.imakeyousmile.se\/es\/#logo\",\"inLanguage\":\"es\",\"url\":\"https:\/\/www.imakeyousmile.se\/wp-content\/uploads\/2020\/10\/HELENA-AMILEY_SVART-1-e1603367975324.png\",\"width\":280,\"height\":93,\"caption\":\"Imakeyousmile\"},\"image\":{\"@id\":\"https:\/\/www.imakeyousmile.se\/es\/#logo\"}},{\"@type\":\"WebSite\",\"@id\":\"https:\/\/www.imakeyousmile.se\/es\/#website\",\"url\":\"https:\/\/www.imakeyousmile.se\/es\/\",\"name\":\"Imakeyousmile.se\",\"description\":\"Helena Amiley - Beauty, Entrepreneur, Lifestyle\",\"publisher\":{\"@id\":\"https:\/\/www.imakeyousmile.se\/es\/#organization\"},\"potentialAction\":[{\"@type\":\"SearchAction\",\"target\":\"https:\/\/www.imakeyousmile.se\/es\/?s={search_term_string}\",\"query-input\":\"required name=search_term_string\"}],\"inLanguage\":\"es\"},{\"@type\":\"ImageObject\",\"@id\":\"https:\/\/www.imakeyousmile.se\/vardagssminkning-med-neutrala-farger\/#primaryimage\",\"inLanguage\":\"es\",\"url\":\"http:\/\/www.imakeyousmile.se\/wp-content\/uploads\/2013\/01\/IMG_9360-662x725.jpg\"},{\"@type\":\"WebPage\",\"@id\":\"https:\/\/www.imakeyousmile.se\/vardagssminkning-med-neutrala-farger\/#webpage\",\"url\":\"https:\/\/www.imakeyousmile.se\/vardagssminkning-med-neutrala-farger\/\",\"name\":\"Vardagssminkning med neutrala f\\u00e4rger | Imakeyousmile.se\",\"isPartOf\":{\"@id\":\"https:\/\/www.imakeyousmile.se\/es\/#website\"},\"primaryImageOfPage\":{\"@id\":\"https:\/\/www.imakeyousmile.se\/vardagssminkning-med-neutrala-farger\/#primaryimage\"},\"datePublished\":\"2013-01-10T06:04:48+00:00\",\"dateModified\":\"2014-08-16T08:00:58+00:00\",\"description\":\"Vardagssminkning med neutrala f\\u00e4rger | Helena Amiley - H\\u00e4r hittar du senaste infromation om sk\\u00f6nhet, livsstil, entrepren\\u00f6rskap, makeup & tips.\",\"inLanguage\":\"es\",\"potentialAction\":[{\"@type\":\"ReadAction\",\"target\":[\"https:\/\/www.imakeyousmile.se\/vardagssminkning-med-neutrala-farger\/\"]}]},{\"@type\":\"Article\",\"@id\":\"https:\/\/www.imakeyousmile.se\/vardagssminkning-med-neutrala-farger\/#article\",\"isPartOf\":{\"@id\":\"https:\/\/www.imakeyousmile.se\/vardagssminkning-med-neutrala-farger\/#webpage\"},\"author\":{\"@id\":\"https:\/\/www.imakeyousmile.se\/es\/#\/schema\/person\/b0fd43b1c6bb1c60cfd68bff9b4a10fb\"},\"headline\":\"Vardagssminkning med neutrala f\\u00e4rger\",\"datePublished\":\"2013-01-10T06:04:48+00:00\",\"dateModified\":\"2014-08-16T08:00:58+00:00\",\"mainEntityOfPage\":{\"@id\":\"https:\/\/www.imakeyousmile.se\/vardagssminkning-med-neutrala-farger\/#webpage\"},\"commentCount\":0,\"publisher\":{\"@id\":\"https:\/\/www.imakeyousmile.se\/es\/#organization\"},\"image\":{\"@id\":\"https:\/\/www.imakeyousmile.se\/vardagssminkning-med-neutrala-farger\/#primaryimage\"},\"keywords\":\"Vardagssminkning med neutrala f\\u00e4rger,Vardagssminkning med neutrala f\\u00e4rger steg f\\u00f6r steg,Vardagssminkning med neutrala f\\u00e4rger tutorial,Vardagssminkning steg f\\u00f6r steg\",\"articleSection\":\"\\u00d6vrigt\",\"inLanguage\":\"es\",\"potentialAction\":[{\"@type\":\"CommentAction\",\"name\":\"Comment\",\"target\":[\"https:\/\/www.imakeyousmile.se\/vardagssminkning-med-neutrala-farger\/#respond\"]}]},{\"@type\":\"Person\",\"@id\":\"https:\/\/www.imakeyousmile.se\/es\/#\/schema\/person\/b0fd43b1c6bb1c60cfd68bff9b4a10fb\",\"name\":\"Helena Amiley\",\"image\":{\"@type\":\"ImageObject\",\"@id\":\"https:\/\/www.imakeyousmile.se\/es\/#personlogo\",\"inLanguage\":\"es\",\"url\":\"https:\/\/secure.gravatar.com\/avatar\/5645558e1e355457a23368d7e1b4c904?s=96&d=mm&r=g\",\"caption\":\"Helena Amiley\"},\"description\":\"Jag skriver mest om sk\\u00f6nhet men bjuder \\u00e4ven p\\u00e5 glimtar fr\\u00e5n entrepren\\u00f6rlivet och bygget av v\\u00e5r egen camper van. Vanlife here we come!\",\"sameAs\":[\"https:\/\/www.facebook.com\/imakeyousmile.se\",\"https:\/\/www.instagram.com\/helenaamiley\",\"https:\/\/www.youtube.com\/channel\/UCR5iB6rvpV6Yr8ZjpQfr5mg?view_as=subscriber\"]}]}<\/script>\n<!-- \/ Yoast SEO Premium plugin. -->","_links":{"self":[{"href":"https:\/\/www.imakeyousmile.se\/es\/wp-json\/wp\/v2\/posts\/3355"}],"collection":[{"href":"https:\/\/www.imakeyousmile.se\/es\/wp-json\/wp\/v2\/posts"}],"about":[{"href":"https:\/\/www.imakeyousmile.se\/es\/wp-json\/wp\/v2\/types\/post"}],"author":[{"embeddable":true,"href":"https:\/\/www.imakeyousmile.se\/es\/wp-json\/wp\/v2\/users\/30"}],"replies":[{"embeddable":true,"href":"https:\/\/www.imakeyousmile.se\/es\/wp-json\/wp\/v2\/comments?post=3355"}],"version-history":[{"count":0,"href":"https:\/\/www.imakeyousmile.se\/es\/wp-json\/wp\/v2\/posts\/3355\/revisions"}],"wp:attachment":[{"href":"https:\/\/www.imakeyousmile.se\/es\/wp-json\/wp\/v2\/media?parent=3355"}],"wp:term":[{"taxonomy":"category","embeddable":true,"href":"https:\/\/www.imakeyousmile.se\/es\/wp-json\/wp\/v2\/categories?post=3355"},{"taxonomy":"post_tag","embeddable":true,"href":"https:\/\/www.imakeyousmile.se\/es\/wp-json\/wp\/v2\/tags?post=3355"}],"curies":[{"name":"wp","href":"https:\/\/api.w.org\/{rel}","templated":true}]}}