{"id":34247,"date":"2019-01-31T05:00:21","date_gmt":"2019-01-31T04:00:21","guid":{"rendered":"http:\/\/www.imakeyousmile.se\/?p=34247"},"modified":"2021-10-06T13:40:49","modified_gmt":"2021-10-06T11:40:49","slug":"gronguldig-eyeliner-till-vardags","status":"publish","type":"post","link":"https:\/\/www.imakeyousmile.se\/es\/delineador-de-ojos-verde-dorado-diario\/","title":{"rendered":"Delineador de ojos verde dorado para todos los d\u00edas"},"content":{"rendered":"<p>Una cosa de la que he estado hablando durante varios a\u00f1os es que quiero permanente mi cabello, \u00a1ahora he decidido hacerlo! Sin embargo, creo que solo quiero esperar hasta la primavera, ahora es el per\u00edodo del mouse y luego me espera un per\u00edodo de aguanieve h\u00famedo. \u00bfQuiz\u00e1s m\u00e1s divertido con un nuevo peinado cuando puedes comenzar con una chaqueta de primavera y esas cosas? :)<\/p>\n<p>De todos modos, anoche dorm\u00ed con dos trenzas horneadas para obtener un resultado rizado similar que da de forma permanente. \u00a1\u00a1As\u00ed que el antojo ahora !!<\/p>\n<p>Luego se convirti\u00f3 en un delineador de ojos verde dorado y labios de color rosa oscuro para el cabello rizado. \u00a1Espero que te guste este sencillo maquillaje diario!<\/p>\n<p><img loading=\"lazy\" decoding=\"async\" class=\"alignnone size-full wp-image-34262\" src=\"http:\/\/www.imakeyousmile.se\/wp-content\/uploads\/2019\/01\/IMG_4403_111.jpg\" alt=\"\" width=\"2500\" height=\"2438\" srcset=\"https:\/\/www.imakeyousmile.se\/wp-content\/uploads\/2019\/01\/IMG_4403_111.jpg 2500w, https:\/\/www.imakeyousmile.se\/wp-content\/uploads\/2019\/01\/IMG_4403_111-300x293.jpg 300w, https:\/\/www.imakeyousmile.se\/wp-content\/uploads\/2019\/01\/IMG_4403_111-768x749.jpg 768w, https:\/\/www.imakeyousmile.se\/wp-content\/uploads\/2019\/01\/IMG_4403_111-1024x999.jpg 1024w, https:\/\/www.imakeyousmile.se\/wp-content\/uploads\/2019\/01\/IMG_4403_111-696x679.jpg 696w, https:\/\/www.imakeyousmile.se\/wp-content\/uploads\/2019\/01\/IMG_4403_111-1068x1042.jpg 1068w, https:\/\/www.imakeyousmile.se\/wp-content\/uploads\/2019\/01\/IMG_4403_111-431x420.jpg 431w\" sizes=\"(max-width: 2500px) 100vw, 2500px\" \/><\/p>\n<p><strong>Prebase facial -<\/strong> <a href=\"https:\/\/ion.lyko.com\/t\/t?a=1117786221&amp;as=1548102449&amp;t=2&amp;tk=1&amp;epi=search-replace-flawlessporeless&amp;url=https:\/\/lyko.com\/sv\/pixi\/pixi-flawless-poreless-primer\/\">Imprimaci\u00f3n Pixi Flawless &amp; Poreless<\/a><br \/>\n<strong>Corrector -<\/strong>\u00a0<a href=\"https:\/\/ion.lyko.com\/t\/t?a=1117786221&amp;as=1548102449&amp;t=2&amp;tk=1&amp;epi=search-replace-glo-undereye&amp;url=https:\/\/lyko.com\/sv\/glo-skin-beauty\/glominerals-under-eye-concealer-beige\/\">corrector de ojos glo<\/a> (Dorado)<strong><br \/>\nFundaci\u00f3n - <\/strong><a href=\"https:\/\/ion.lyko.com\/t\/t?a=1117786221&amp;as=1548102449&amp;t=2&amp;tk=1&amp;epi=search-replace-pressedbase&amp;url=https:\/\/lyko.com\/sv\/glo-skin-beauty\/glominerals-pressed-base-golden-medium\">Base base prensada glo<\/a> (Luz dorada)<br \/>\n<strong>Polvo -<\/strong> <a href=\"https:\/\/creativemakeup.se\/butik\/smink\/paese-bamboo-silk-powder\/\">Polvo de seda de bamb\u00fa Paese<\/a><br \/>\n<strong>Polvo que neutraliza las rojeces <\/strong>- <a href=\"https:\/\/ion.lyko.com\/t\/t?a=1117786221&amp;as=1548102449&amp;t=2&amp;tk=1&amp;epi=search-replace-rednessrelief&amp;url=https:\/\/lyko.com\/sv\/glo-skin-beauty\/glo-skin-bea-rednessrelief-powder\/\">glo Polvo para aliviar el enrojecimiento<\/a><strong><br \/>\n<\/strong><strong>Contorneado - <\/strong><a href=\"https:\/\/ion.lyko.com\/t\/t?a=1117786221&#038;as=1548102449&#038;t=2&#038;tk=1&#038;epi=serach-replace-contouringpaletteXX&#038;url=https:\/\/lyko.com\/sv\/sok?q=contouring+palette\">Paleta de contorno<\/a> (2)<a href=\"https:\/\/ion.lyko.com\/t\/t?a=1117786221&amp;as=1548102449&amp;t=2&amp;tk=1&amp;epi=search-replace-pixipalette&amp;url=https:\/\/lyko.com\/sv\/sok?q=pixi+palette\"><br \/>\n<\/a><strong>Colorete - <\/strong><a href=\"https:\/\/ion.lyko.com\/t\/t?a=1117786221&#038;as=1548102449&#038;t=2&#038;tk=1&#038;epi=serach-replace-blushrougeXX&#038;url=https:\/\/lyko.com\/sv\/sok?q=blush+rouge\">Sonrojo<\/a> (35)<br \/>\n<strong>Resaltador -\u00a0<\/strong><a href=\"https:\/\/ion.lyko.com\/t\/t?a=1117786221&amp;as=1548102449&amp;t=2&amp;tk=1&amp;epi=search-replace-pixiglowy&amp;url=https:\/\/lyko.com\/sv\/sok?q=pixi+glow+y\/\">Pixi\u00a0<\/a><a href=\"https:\/\/ion.lyko.com\/t\/t?a=1117786221&amp;as=1548102449&amp;t=2&amp;tk=1&amp;epi=search-replace-pixiglowy&amp;url=https:\/\/lyko.com\/sv\/sok?q=pixi+glow+y\/\">Glow-Y-Powder<\/a> (Lustre de Londres)<br \/>\n<strong>Niebla reparadora -<\/strong> <a href=\"https:\/\/ion.lyko.com\/t\/t?a=1117786221&amp;as=1548102449&amp;t=2&amp;tk=1&amp;epi=search-replace-fixingmist&amp;url=https:\/\/lyko.com\/sv\/pixi\/pixi-makeup-fixing-mist\">Bruma fijadora de maquillaje Pixi<br \/>\n<\/a><\/p>\n<p><strong>Cejas - <\/strong><a href=\"https:\/\/ion.lyko.com\/t\/t?a=1117786221&amp;as=1548102449&amp;t=2&amp;tk=1&amp;epi=search-replace-globrowliner&amp;url=https:\/\/lyko.com\/sv\/glo-skin-beauty\/glo-skin-bea-precisemicro-browliner-aubu\/\">l\u00e1piz micro de cejas glo<\/a> (Marr\u00f3n claro)<\/p>\n<p><strong>Labios <\/strong>El l\u00e1piz de labios <a href=\"https:\/\/ion.lyko.com\/t\/t?a=1117786221&amp;as=1548102449&amp;t=2&amp;tk=1&amp;epi=search-replace-glolippencil&amp;url=https:\/\/lyko.com\/sv\/glo-skin-beauty\/glo-skin-bea-precison-lip-pencil-soulmat\/\">delineador de labios glo<\/a> (pronto) y un poco de b\u00e1lsamo labial de color <a href=\"https:\/\/ion.lyko.com\/t\/t?a=1117786221&amp;as=1548102449&amp;t=2&amp;tk=1&amp;epi=search-replace-pixibalm&amp;url=https:\/\/lyko.com\/sv\/pixi\/pixi-shea-butter-lipbalm-honey-nectar\">B\u00e1lsamo labial de manteca de karit\u00e9 Pixi<\/a> (Frambuesa madura)<\/p>\n<p><img loading=\"lazy\" decoding=\"async\" class=\"alignnone size-full wp-image-34263\" src=\"http:\/\/www.imakeyousmile.se\/wp-content\/uploads\/2019\/01\/twogreeneyeliner.jpg\" alt=\"\" width=\"2500\" height=\"1434\" srcset=\"https:\/\/www.imakeyousmile.se\/wp-content\/uploads\/2019\/01\/twogreeneyeliner.jpg 2500w, https:\/\/www.imakeyousmile.se\/wp-content\/uploads\/2019\/01\/twogreeneyeliner-300x172.jpg 300w, https:\/\/www.imakeyousmile.se\/wp-content\/uploads\/2019\/01\/twogreeneyeliner-768x441.jpg 768w, https:\/\/www.imakeyousmile.se\/wp-content\/uploads\/2019\/01\/twogreeneyeliner-1024x587.jpg 1024w, https:\/\/www.imakeyousmile.se\/wp-content\/uploads\/2019\/01\/twogreeneyeliner-696x399.jpg 696w, https:\/\/www.imakeyousmile.se\/wp-content\/uploads\/2019\/01\/twogreeneyeliner-1068x613.jpg 1068w, https:\/\/www.imakeyousmile.se\/wp-content\/uploads\/2019\/01\/twogreeneyeliner-732x420.jpg 732w\" sizes=\"(max-width: 2500px) 100vw, 2500px\" \/><\/p>\n<p>Este delineador de ojos de Pixi tiene un color tan divino, verde oliva con dorado. \u00a1Qui\u00e9ralo!<\/p>\n<p><img loading=\"lazy\" decoding=\"async\" class=\"alignnone size-full wp-image-34264\" src=\"http:\/\/www.imakeyousmile.se\/wp-content\/uploads\/2019\/01\/threetutorial.jpg\" alt=\"\" width=\"2500\" height=\"2951\" srcset=\"https:\/\/www.imakeyousmile.se\/wp-content\/uploads\/2019\/01\/threetutorial.jpg 2500w, https:\/\/www.imakeyousmile.se\/wp-content\/uploads\/2019\/01\/threetutorial-254x300.jpg 254w, https:\/\/www.imakeyousmile.se\/wp-content\/uploads\/2019\/01\/threetutorial-768x907.jpg 768w, https:\/\/www.imakeyousmile.se\/wp-content\/uploads\/2019\/01\/threetutorial-868x1024.jpg 868w, https:\/\/www.imakeyousmile.se\/wp-content\/uploads\/2019\/01\/threetutorial-696x822.jpg 696w, https:\/\/www.imakeyousmile.se\/wp-content\/uploads\/2019\/01\/threetutorial-1068x1261.jpg 1068w, https:\/\/www.imakeyousmile.se\/wp-content\/uploads\/2019\/01\/threetutorial-356x420.jpg 356w\" sizes=\"(max-width: 2500px) 100vw, 2500px\" \/><\/p>\n<ol>\n<li>Delineador de ojos verde dorado como delineador de ojos con ala, es de textura muy cremosa, por lo que es f\u00e1cil obtener l\u00edneas uniformes en comparaci\u00f3n con un delineador de ojos normal. <a href=\"https:\/\/ion.lyko.com\/t\/t?a=1117786221&amp;as=1548102449&amp;t=2&amp;tk=1&amp;epi=search-replace-pixiendless&amp;url=https:\/\/lyko.com\/sv\/pixi\/pixi-endless-silky-eye-pen-blackcocoa\">Bol\u00edgrafo Pixi Endless Silky Eye<\/a> (Oro salvia)<\/li>\n<li>Sombra marr\u00f3n claro a lo largo de la l\u00ednea del globo terr\u00e1queo y la l\u00ednea de las pesta\u00f1as inferiores,\u00a0<a href=\"https:\/\/ion.lyko.com\/t\/t?a=1117786221&#038;as=1548102449&#038;t=2&#038;tk=1&#038;epi=serach-replace-contouringpaletteXX&#038;url=https:\/\/lyko.com\/sv\/sok?q=contouring+palette\">Paleta de contorno<\/a> (2) (igual que en la cara)<\/li>\n<li>R\u00edmel negro en todas las pesta\u00f1as, <a href=\"https:\/\/creativemakeup.se\/butik\/smink\/santhilea-magnetic-lash\/\">M\u00e1scara de pesta\u00f1as magn\u00e9tica<\/a><\/li>\n<\/ol>\n<p><img loading=\"lazy\" decoding=\"async\" class=\"alignnone size-full wp-image-34265\" src=\"http:\/\/www.imakeyousmile.se\/wp-content\/uploads\/2019\/01\/IMG_4457_111.jpg\" alt=\"\" width=\"2500\" height=\"2680\" srcset=\"https:\/\/www.imakeyousmile.se\/wp-content\/uploads\/2019\/01\/IMG_4457_111.jpg 2500w, https:\/\/www.imakeyousmile.se\/wp-content\/uploads\/2019\/01\/IMG_4457_111-280x300.jpg 280w, https:\/\/www.imakeyousmile.se\/wp-content\/uploads\/2019\/01\/IMG_4457_111-768x823.jpg 768w, https:\/\/www.imakeyousmile.se\/wp-content\/uploads\/2019\/01\/IMG_4457_111-955x1024.jpg 955w, https:\/\/www.imakeyousmile.se\/wp-content\/uploads\/2019\/01\/IMG_4457_111-696x746.jpg 696w, https:\/\/www.imakeyousmile.se\/wp-content\/uploads\/2019\/01\/IMG_4457_111-1068x1145.jpg 1068w, https:\/\/www.imakeyousmile.se\/wp-content\/uploads\/2019\/01\/IMG_4457_111-392x420.jpg 392w\" sizes=\"(max-width: 2500px) 100vw, 2500px\" \/> <img loading=\"lazy\" decoding=\"async\" class=\"alignnone size-full wp-image-34266\" src=\"http:\/\/www.imakeyousmile.se\/wp-content\/uploads\/2019\/01\/IMG_4421_111.jpg\" alt=\"\" width=\"2500\" height=\"2592\" srcset=\"https:\/\/www.imakeyousmile.se\/wp-content\/uploads\/2019\/01\/IMG_4421_111.jpg 2500w, https:\/\/www.imakeyousmile.se\/wp-content\/uploads\/2019\/01\/IMG_4421_111-289x300.jpg 289w, https:\/\/www.imakeyousmile.se\/wp-content\/uploads\/2019\/01\/IMG_4421_111-768x796.jpg 768w, https:\/\/www.imakeyousmile.se\/wp-content\/uploads\/2019\/01\/IMG_4421_111-988x1024.jpg 988w, https:\/\/www.imakeyousmile.se\/wp-content\/uploads\/2019\/01\/IMG_4421_111-696x722.jpg 696w, https:\/\/www.imakeyousmile.se\/wp-content\/uploads\/2019\/01\/IMG_4421_111-1068x1107.jpg 1068w, https:\/\/www.imakeyousmile.se\/wp-content\/uploads\/2019\/01\/IMG_4421_111-405x420.jpg 405w\" sizes=\"(max-width: 2500px) 100vw, 2500px\" \/> <img loading=\"lazy\" decoding=\"async\" class=\"alignnone size-full wp-image-34267\" src=\"http:\/\/www.imakeyousmile.se\/wp-content\/uploads\/2019\/01\/IMG_4410_111.jpg\" alt=\"\" width=\"2500\" height=\"2076\" srcset=\"https:\/\/www.imakeyousmile.se\/wp-content\/uploads\/2019\/01\/IMG_4410_111.jpg 2500w, https:\/\/www.imakeyousmile.se\/wp-content\/uploads\/2019\/01\/IMG_4410_111-300x249.jpg 300w, https:\/\/www.imakeyousmile.se\/wp-content\/uploads\/2019\/01\/IMG_4410_111-768x638.jpg 768w, https:\/\/www.imakeyousmile.se\/wp-content\/uploads\/2019\/01\/IMG_4410_111-1024x850.jpg 1024w, https:\/\/www.imakeyousmile.se\/wp-content\/uploads\/2019\/01\/IMG_4410_111-696x578.jpg 696w, https:\/\/www.imakeyousmile.se\/wp-content\/uploads\/2019\/01\/IMG_4410_111-1068x887.jpg 1068w, https:\/\/www.imakeyousmile.se\/wp-content\/uploads\/2019\/01\/IMG_4410_111-506x420.jpg 506w\" sizes=\"(max-width: 2500px) 100vw, 2500px\" \/><\/p>\n<p>\u00a1Abrazo abrazo! \u2665<\/p>\n<p>&nbsp;<\/p>\n<p>&nbsp;<\/p>","protected":false},"excerpt":{"rendered":"<p>En sak som jag har pratat om i flera \u00e5r \u00e4r att jag vill permanenta mitt h\u00e5r, nu har jag best\u00e4mt mig f\u00f6r att g\u00f6ra det! Jag tror dock att jag vill v\u00e4nta till v\u00e5ren bara, nu \u00e4r det ju m\u00f6ssperiod och sen v\u00e4ntar en fuktig slaskperiod. Kanske roligare med ny frisyr n\u00e4r man kan [&hellip;]<\/p>\n","protected":false},"author":30,"featured_media":34268,"comment_status":"open","ping_status":"closed","sticky":false,"template":"","format":"standard","meta":{"footnotes":""},"categories":[2828,2827,2623],"tags":[4045,963,5809,1985,4869,48,1604,6280,6470,6320,6302,6306,3544,2963,6502,5895,2748,1865,56,3974,6052,5286,4380,3740,5880,5967,4315,4123,844,543,433,5202,54,52,5562,407,629],"class_list":{"0":"post-34247","1":"post","2":"type-post","3":"status-publish","4":"format-standard","5":"has-post-thumbnail","6":"hentry","7":"category-fargstarka-sminkningar","8":"category-vardagssminkningar","9":"category-sminkningar","10":"tag-beauty-blog","11":"tag-colorful-makeup","12":"tag-creative-eyeliner","13":"tag-creative-makeup","14":"tag-everyday-makeup","15":"tag-fargglad-sminkning","16":"tag-fargstark-sminkning","17":"tag-glo-lip-liner","19":"tag-glo-pressed-base-foundation","20":"tag-glo-redness-relief-powder","21":"tag-glo-under-eye-concealer","22":"tag-green-eyeliner","23":"tag-gron-eyeliner","24":"tag-gronguldig-eyeliner","25":"tag-kreativ-eyeliner","26":"tag-kreativ-sminkning","27":"tag-magnetic-lash-mascara","28":"tag-makeup-blog","29":"tag-paese-bamboo-silk-powder","30":"tag-paese-blush","31":"tag-paese-contouring-palette","32":"tag-pictorial","33":"tag-pixi-endless-silky-eye-pen","34":"tag-pixi-flawless-poreless-primer","35":"tag-pixi-glow-y-powder","36":"tag-pixi-makeup-fixing-mist","37":"tag-pixi-shea-butter-lip-balm","38":"tag-red-lips","39":"tag-roda-lappar","40":"tag-skonhetsblogg","41":"tag-skonhetsskribent","42":"tag-sminkblogg","43":"tag-steg-for-steg-2","44":"tag-swedish-blog","45":"tag-tutorial","46":"tag-vardagssminkning"},"yoast_head":"<!-- This site is optimized with the Yoast SEO Premium plugin v14.9 - https:\/\/yoast.com\/wordpress\/plugins\/seo\/ -->\n<meta name=\"description\" content=\"Gr\u00f6nguldig eyeliner till vardags | Helena Amiley - H\u00e4r hittar du senaste infromation om sk\u00f6nhet, livsstil, entrepren\u00f6rskap, makeup &amp; tips.\" \/>\n<meta name=\"robots\" content=\"index, follow, max-snippet:-1, max-image-preview:large, max-video-preview:-1\" \/>\n<link rel=\"canonical\" href=\"https:\/\/www.imakeyousmile.se\/es\/gronguldig-eyeliner-till-vardags\/\" \/>\n<meta property=\"og:locale\" content=\"es_ES\" \/>\n<meta property=\"og:type\" content=\"article\" \/>\n<meta property=\"og:title\" content=\"Gr\u00f6nguldig eyeliner till vardags | Imakeyousmile.se\" \/>\n<meta property=\"og:description\" content=\"Gr\u00f6nguldig eyeliner till vardags | Helena Amiley - H\u00e4r hittar du senaste infromation om sk\u00f6nhet, livsstil, entrepren\u00f6rskap, makeup &amp; tips.\" \/>\n<meta property=\"og:url\" content=\"https:\/\/www.imakeyousmile.se\/es\/gronguldig-eyeliner-till-vardags\/\" \/>\n<meta property=\"og:site_name\" content=\"Imakeyousmile.se\" \/>\n<meta property=\"article:author\" content=\"https:\/\/www.facebook.com\/imakeyousmile.se\" \/>\n<meta property=\"article:published_time\" content=\"2019-01-31T04:00:21+00:00\" \/>\n<meta property=\"article:modified_time\" content=\"2021-10-06T11:40:49+00:00\" \/>\n<meta property=\"og:image\" content=\"https:\/\/www.imakeyousmile.se\/wp-content\/uploads\/2019\/01\/onegreeneyelier.jpg\" \/>\n\t<meta property=\"og:image:width\" content=\"2500\" \/>\n\t<meta property=\"og:image:height\" content=\"1977\" \/>\n<meta name=\"twitter:card\" content=\"summary_large_image\" \/>\n<script type=\"application\/ld+json\" class=\"yoast-schema-graph\">{\"@context\":\"https:\/\/schema.org\",\"@graph\":[{\"@type\":\"Organization\",\"@id\":\"https:\/\/www.imakeyousmile.se\/es\/#organization\",\"name\":\"Imakeyousmile\",\"url\":\"https:\/\/www.imakeyousmile.se\/es\/\",\"sameAs\":[],\"logo\":{\"@type\":\"ImageObject\",\"@id\":\"https:\/\/www.imakeyousmile.se\/es\/#logo\",\"inLanguage\":\"es\",\"url\":\"https:\/\/www.imakeyousmile.se\/wp-content\/uploads\/2020\/10\/HELENA-AMILEY_SVART-1-e1603367975324.png\",\"width\":280,\"height\":93,\"caption\":\"Imakeyousmile\"},\"image\":{\"@id\":\"https:\/\/www.imakeyousmile.se\/es\/#logo\"}},{\"@type\":\"WebSite\",\"@id\":\"https:\/\/www.imakeyousmile.se\/es\/#website\",\"url\":\"https:\/\/www.imakeyousmile.se\/es\/\",\"name\":\"Imakeyousmile.se\",\"description\":\"Helena Amiley - Beauty, Entrepreneur, Lifestyle\",\"publisher\":{\"@id\":\"https:\/\/www.imakeyousmile.se\/es\/#organization\"},\"potentialAction\":[{\"@type\":\"SearchAction\",\"target\":\"https:\/\/www.imakeyousmile.se\/es\/?s={search_term_string}\",\"query-input\":\"required name=search_term_string\"}],\"inLanguage\":\"es\"},{\"@type\":\"ImageObject\",\"@id\":\"https:\/\/www.imakeyousmile.se\/gronguldig-eyeliner-till-vardags\/#primaryimage\",\"inLanguage\":\"es\",\"url\":\"https:\/\/www.imakeyousmile.se\/wp-content\/uploads\/2019\/01\/onegreeneyelier.jpg\",\"width\":2500,\"height\":1977},{\"@type\":\"WebPage\",\"@id\":\"https:\/\/www.imakeyousmile.se\/gronguldig-eyeliner-till-vardags\/#webpage\",\"url\":\"https:\/\/www.imakeyousmile.se\/gronguldig-eyeliner-till-vardags\/\",\"name\":\"Gr\\u00f6nguldig eyeliner till vardags | Imakeyousmile.se\",\"isPartOf\":{\"@id\":\"https:\/\/www.imakeyousmile.se\/es\/#website\"},\"primaryImageOfPage\":{\"@id\":\"https:\/\/www.imakeyousmile.se\/gronguldig-eyeliner-till-vardags\/#primaryimage\"},\"datePublished\":\"2019-01-31T04:00:21+00:00\",\"dateModified\":\"2021-10-06T11:40:49+00:00\",\"description\":\"Gr\\u00f6nguldig eyeliner till vardags | Helena Amiley - H\\u00e4r hittar du senaste infromation om sk\\u00f6nhet, livsstil, entrepren\\u00f6rskap, makeup & tips.\",\"inLanguage\":\"es\",\"potentialAction\":[{\"@type\":\"ReadAction\",\"target\":[\"https:\/\/www.imakeyousmile.se\/gronguldig-eyeliner-till-vardags\/\"]}]},{\"@type\":\"Article\",\"@id\":\"https:\/\/www.imakeyousmile.se\/gronguldig-eyeliner-till-vardags\/#article\",\"isPartOf\":{\"@id\":\"https:\/\/www.imakeyousmile.se\/gronguldig-eyeliner-till-vardags\/#webpage\"},\"author\":{\"@id\":\"https:\/\/www.imakeyousmile.se\/es\/#\/schema\/person\/b0fd43b1c6bb1c60cfd68bff9b4a10fb\"},\"headline\":\"Gr\\u00f6nguldig eyeliner till vardags\",\"datePublished\":\"2019-01-31T04:00:21+00:00\",\"dateModified\":\"2021-10-06T11:40:49+00:00\",\"mainEntityOfPage\":{\"@id\":\"https:\/\/www.imakeyousmile.se\/gronguldig-eyeliner-till-vardags\/#webpage\"},\"commentCount\":3,\"publisher\":{\"@id\":\"https:\/\/www.imakeyousmile.se\/es\/#organization\"},\"image\":{\"@id\":\"https:\/\/www.imakeyousmile.se\/gronguldig-eyeliner-till-vardags\/#primaryimage\"},\"keywords\":\"beauty blog,colorful makeup,creative eyeliner,creative makeup,everyday makeup,F\\u00e4rgglad sminkning,f\\u00e4rgstark sminkning,glo Lip Liner,glo Micro Brow Pencil,glo Pressed Base Foundation,glo Redness relief powder,glo Under eye concealer,green eyeliner,gr\\u00f6n eyeliner,Gr\\u00f6nguldig eyeliner,kreativ eyeliner,kreativ sminkning,magnetic lash mascara,makeup blog,paese bamboo silk powder,Paese Blush,paese contouring palette,pictorial,Pixi Endless Silky Eye Pen,Pixi Flawless &amp; Poreless Primer,pixi glow-y powder,pixi makeup fixing mist,pixi shea butter lip balm,red lips,r\\u00f6da l\\u00e4ppar,sk\\u00f6nhetsblogg,sk\\u00f6nhetsskribent,sminkblogg,steg f\\u00f6r steg,swedish blog,tutorial,vardagssminkning\",\"articleSection\":\"F\\u00e4rgstarka sminkningar,Neutrala \/ milda sminkningar,Sminkningar\",\"inLanguage\":\"es\",\"potentialAction\":[{\"@type\":\"CommentAction\",\"name\":\"Comment\",\"target\":[\"https:\/\/www.imakeyousmile.se\/gronguldig-eyeliner-till-vardags\/#respond\"]}]},{\"@type\":\"Person\",\"@id\":\"https:\/\/www.imakeyousmile.se\/es\/#\/schema\/person\/b0fd43b1c6bb1c60cfd68bff9b4a10fb\",\"name\":\"Helena Amiley\",\"image\":{\"@type\":\"ImageObject\",\"@id\":\"https:\/\/www.imakeyousmile.se\/es\/#personlogo\",\"inLanguage\":\"es\",\"url\":\"https:\/\/secure.gravatar.com\/avatar\/5645558e1e355457a23368d7e1b4c904?s=96&d=mm&r=g\",\"caption\":\"Helena Amiley\"},\"description\":\"Jag skriver mest om sk\\u00f6nhet men bjuder \\u00e4ven p\\u00e5 glimtar fr\\u00e5n entrepren\\u00f6rlivet och bygget av v\\u00e5r egen camper van. Vanlife here we come!\",\"sameAs\":[\"https:\/\/www.facebook.com\/imakeyousmile.se\",\"https:\/\/www.instagram.com\/helenaamiley\",\"https:\/\/www.youtube.com\/channel\/UCR5iB6rvpV6Yr8ZjpQfr5mg?view_as=subscriber\"]}]}<\/script>\n<!-- \/ Yoast SEO Premium plugin. -->","_links":{"self":[{"href":"https:\/\/www.imakeyousmile.se\/es\/wp-json\/wp\/v2\/posts\/34247"}],"collection":[{"href":"https:\/\/www.imakeyousmile.se\/es\/wp-json\/wp\/v2\/posts"}],"about":[{"href":"https:\/\/www.imakeyousmile.se\/es\/wp-json\/wp\/v2\/types\/post"}],"author":[{"embeddable":true,"href":"https:\/\/www.imakeyousmile.se\/es\/wp-json\/wp\/v2\/users\/30"}],"replies":[{"embeddable":true,"href":"https:\/\/www.imakeyousmile.se\/es\/wp-json\/wp\/v2\/comments?post=34247"}],"version-history":[{"count":4,"href":"https:\/\/www.imakeyousmile.se\/es\/wp-json\/wp\/v2\/posts\/34247\/revisions"}],"predecessor-version":[{"id":41754,"href":"https:\/\/www.imakeyousmile.se\/es\/wp-json\/wp\/v2\/posts\/34247\/revisions\/41754"}],"wp:featuredmedia":[{"embeddable":true,"href":"https:\/\/www.imakeyousmile.se\/es\/wp-json\/wp\/v2\/media\/34268"}],"wp:attachment":[{"href":"https:\/\/www.imakeyousmile.se\/es\/wp-json\/wp\/v2\/media?parent=34247"}],"wp:term":[{"taxonomy":"category","embeddable":true,"href":"https:\/\/www.imakeyousmile.se\/es\/wp-json\/wp\/v2\/categories?post=34247"},{"taxonomy":"post_tag","embeddable":true,"href":"https:\/\/www.imakeyousmile.se\/es\/wp-json\/wp\/v2\/tags?post=34247"}],"curies":[{"name":"wp","href":"https:\/\/api.w.org\/{rel}","templated":true}]}}