{"id":34390,"date":"2019-02-27T05:00:28","date_gmt":"2019-02-27T04:00:28","guid":{"rendered":"http:\/\/www.imakeyousmile.se\/?p=34390"},"modified":"2021-10-18T09:45:43","modified_gmt":"2021-10-18T07:45:43","slug":"fotvard-for-vintertorra-fotter","status":"publish","type":"post","link":"https:\/\/www.imakeyousmile.se\/es\/protector-pie-para-pies-secos-invernales\/","title":{"rendered":"Piel seca en invierno - Cuidado de los pies para pies secos en invierno"},"content":{"rendered":"<p>El oto\u00f1o pasado, recib\u00ed un comunicado de prensa de CCS con productos para el cuidado de la piel que contienen urea, un ingrediente muy hidratante. Existe una diferencia entre los ingredientes que solo protegen la humedad en la piel y los ingredientes que realmente se unen y retienen la humedad en la piel.<\/p>\n<p>He sido bueno lubricando mis pies despu\u00e9s de cada ducha desde que recib\u00ed este comunicado de prensa, \u00a1as\u00ed que estoy m\u00e1s que listo para revisar estos ahora! Y sobre todo, mis pies est\u00e1n listos para unas espont\u00e1neas vacaciones de sol;) \u00a1Probablemente nunca hab\u00eda tenido unos pies tan bonitos en febrero!<\/p>\n<p>Lo que he probado es el ung\u00fcento <a href=\"https:\/\/ion.lyko.com\/t\/t?a=1117786221&amp;as=1548102449&amp;t=2&amp;tk=1&amp;epi=search-replace-ccstorrhy&amp;url=https:\/\/lyko.com\/sv\/sok?q=css\">Ung\u00fcento CSS Foot Care<\/a> y mousse <a href=\"https:\/\/ion.lyko.com\/t\/t?a=1117786221&amp;as=1548102449&amp;t=2&amp;tk=1&amp;epi=search-replace-ccstorrhy&amp;url=https:\/\/lyko.com\/sv\/sok?q=css\">Pie de p\u00e1gina CSS<\/a>. Quiero agregar que tampoco suelo tener problemas s\u00faper grandes con los pies secos, generalmente se secan un poco m\u00e1s al final del invierno pero no puedo juzgar si son productos guau para ti con pies s\u00faper secos y grietas, etc. Pero noto una diferencia !<\/p>\n<p><img loading=\"lazy\" decoding=\"async\" class=\"alignnone size-large wp-image-34391\" src=\"http:\/\/www.imakeyousmile.se\/wp-content\/uploads\/2019\/02\/IMG_6187-1024x764.jpg\" alt=\"\" width=\"696\" height=\"519\" srcset=\"https:\/\/www.imakeyousmile.se\/wp-content\/uploads\/2019\/02\/IMG_6187-1024x764.jpg 1024w, https:\/\/www.imakeyousmile.se\/wp-content\/uploads\/2019\/02\/IMG_6187-300x224.jpg 300w, https:\/\/www.imakeyousmile.se\/wp-content\/uploads\/2019\/02\/IMG_6187-768x573.jpg 768w, https:\/\/www.imakeyousmile.se\/wp-content\/uploads\/2019\/02\/IMG_6187-80x60.jpg 80w, https:\/\/www.imakeyousmile.se\/wp-content\/uploads\/2019\/02\/IMG_6187-265x198.jpg 265w, https:\/\/www.imakeyousmile.se\/wp-content\/uploads\/2019\/02\/IMG_6187-696x519.jpg 696w, https:\/\/www.imakeyousmile.se\/wp-content\/uploads\/2019\/02\/IMG_6187-1068x797.jpg 1068w, https:\/\/www.imakeyousmile.se\/wp-content\/uploads\/2019\/02\/IMG_6187-563x420.jpg 563w\" sizes=\"(max-width: 696px) 100vw, 696px\" \/><\/p>\n<p>Los pies no son la parte m\u00e1s divertida del cuerpo para tomar fotos, as\u00ed que te evito las fotos de ellos;) \u00a1Pero ahora son realmente agradables!<\/p>\n<p><strong>Utilizar<\/strong><br \/>\nSeg\u00fan el empaque, debes usar la mousse 1-2 veces al d\u00eda y la pomada para los pies antes de acostarte. Yo mismo lo uso siempre inmediatamente despu\u00e9s de la ducha, que es varias veces a la semana pero no siempre todos los d\u00edas. \u00a1Entonces los pies est\u00e1n limpios y suaves!<\/p>\n<p>Por lo tanto, los productos no est\u00e1n dise\u00f1ados para usarse juntos, \u00a1pero lo recomiendo! Hago para que aplico la mousse en todo el pie primero, luego tomo la pomada solo en las zonas donde necesito un extra de humedad, que para mi son los talones, mis dedos gordos y luego lubro las cut\u00edculas tambi\u00e9n + un poquito arriba en los tobillos porque habr\u00e1 Siempre seco en invierno.<\/p>\n<p>La mousse se hunde r\u00e1pidamente y no se vuelve pegajosa en absoluto, mientras que la pomada, por otro lado, es bastante grasosa y pegajosa si se toma mucho. Entonces obtengo el efecto de la pomada donde se necesita, pero no camino con los pies completamente sucios. \u00a1Tan bueno!<\/p>\n<p><img loading=\"lazy\" decoding=\"async\" class=\"alignnone size-large wp-image-34393\" src=\"http:\/\/www.imakeyousmile.se\/wp-content\/uploads\/2019\/02\/IMG_6216-1024x508.jpg\" alt=\"\" width=\"696\" height=\"345\" srcset=\"https:\/\/www.imakeyousmile.se\/wp-content\/uploads\/2019\/02\/IMG_6216-1024x508.jpg 1024w, https:\/\/www.imakeyousmile.se\/wp-content\/uploads\/2019\/02\/IMG_6216-300x149.jpg 300w, https:\/\/www.imakeyousmile.se\/wp-content\/uploads\/2019\/02\/IMG_6216-768x381.jpg 768w, https:\/\/www.imakeyousmile.se\/wp-content\/uploads\/2019\/02\/IMG_6216-324x160.jpg 324w, https:\/\/www.imakeyousmile.se\/wp-content\/uploads\/2019\/02\/IMG_6216-696x345.jpg 696w, https:\/\/www.imakeyousmile.se\/wp-content\/uploads\/2019\/02\/IMG_6216-1068x530.jpg 1068w, https:\/\/www.imakeyousmile.se\/wp-content\/uploads\/2019\/02\/IMG_6216-846x420.jpg 846w\" sizes=\"(max-width: 696px) 100vw, 696px\" \/><\/p>\n<p><strong>Ung\u00fcento para pies<\/strong><br \/>\nEn la imagen de arriba puedes ver c\u00f3mo se ve la pomada, una crema blanca que es muy espesa y de consistencia bastante dura cuando la empujas fuera del tubo. La pomada contiene urea 10% y grasa 28%.<\/p>\n<p>Tiene un aroma a eucalipto, pero tambi\u00e9n recuerda un poco a la pomada Helosan en el olor. Helosan huele a vaca, creo jaja, porque mi abuela siempre lubricaba los pezones de sus vacas con Helosan cuando yo era peque\u00f1a, lo que a menudo me ayudaba, as\u00ed que no me siento directamente &quot;fresco&quot; por ese olor, as\u00ed que me alegro de que sea un poco de eucalipto en la pomada tambi\u00e9n. No quiero oler el &quot;patio del equipo&quot; despu\u00e9s de la ducha :)<\/p>\n<p>Como dije, se vuelve bastante grasoso y pegajoso si lo tienes en todos tus pies, as\u00ed que lo uso delgado solo en \u00e1reas seleccionadas. \u00a1Un poco rinde mucho!<\/p>\n<p><img loading=\"lazy\" decoding=\"async\" class=\"alignnone size-large wp-image-34392\" src=\"http:\/\/www.imakeyousmile.se\/wp-content\/uploads\/2019\/02\/IMG_6199-1024x855.jpg\" alt=\"\" width=\"696\" height=\"581\" srcset=\"https:\/\/www.imakeyousmile.se\/wp-content\/uploads\/2019\/02\/IMG_6199-1024x855.jpg 1024w, https:\/\/www.imakeyousmile.se\/wp-content\/uploads\/2019\/02\/IMG_6199-300x250.jpg 300w, https:\/\/www.imakeyousmile.se\/wp-content\/uploads\/2019\/02\/IMG_6199-768x641.jpg 768w, https:\/\/www.imakeyousmile.se\/wp-content\/uploads\/2019\/02\/IMG_6199-696x581.jpg 696w, https:\/\/www.imakeyousmile.se\/wp-content\/uploads\/2019\/02\/IMG_6199-1068x891.jpg 1068w, https:\/\/www.imakeyousmile.se\/wp-content\/uploads\/2019\/02\/IMG_6199-503x420.jpg 503w\" sizes=\"(max-width: 696px) 100vw, 696px\" \/><\/p>\n<p><strong>Mousse<\/strong><br \/>\n\u00a1La mousse de pies es preciosa! Tambi\u00e9n contiene urea 10% pero no es tan aceitosa y se absorbe r\u00e1pidamente en la piel. Tambi\u00e9n es inodoro, lo que me gusta. Simple y agradable simplemente!<\/p>\n<p><strong>Resumen:<\/strong> Estos no son los productos m\u00e1s lujosos en el estante del ba\u00f1o, pero cuando se trata de los pies, quieres ver resultados r\u00e1pidos (\u00bfy no una parte del cuerpo realmente divertida en la que gastar dinero caro?) \u00a1Y estos son definitivamente una recomendaci\u00f3n m\u00eda! La mousse sin la pomada no ser\u00e1 tan eficaz y la pomada sin la mousse hace que el procedimiento sea m\u00e1s complicado y engorroso, y si se vuelve demasiado dif\u00edcil, no terminar\u00e1 en absoluto. \u00a1As\u00ed que dir\u00eda que funcionan mejor juntos! \u00a1Estoy muy complacido!<\/p>\n<p>\u00a1Y la primavera est\u00e1 pronto aqu\u00ed, entonces es genial con los pies bien cuidados en los zapatos de primavera! :)<\/p>\n<p>Los abrazos son \u2665<\/p>","protected":false},"excerpt":{"rendered":"<p>I h\u00f6stas fick jag pressutskick fr\u00e5n CCS med hudv\u00e5rdsprodukter som inneh\u00e5ller karbamid &#8211; en ingrediens som \u00e4r v\u00e4ldigt fuktbindande. Det \u00e4r skillnad p\u00e5 ingredienser som bara skyddar fukten i huden och p\u00e5 ingredienser som faktiskt binder och bevarar fukten i huden. Jag har varit duktig p\u00e5 att sm\u00f6rja in f\u00f6tterna efter varje dusch sedan jag [&hellip;]<\/p>\n","protected":false},"author":30,"featured_media":34391,"comment_status":"open","ping_status":"closed","sticky":false,"template":"","format":"standard","meta":{"footnotes":""},"categories":[40,59],"tags":[6514,6516,6517,6513,6515],"class_list":["post-34390","post","type-post","status-publish","format-standard","has-post-thumbnail","hentry","category-hudvard","category-recensioner-produkttips","tag-ccs-fotvard","tag-css-fotmousse","tag-css-fotsalva","tag-fotvard","tag-karbamid"],"yoast_head":"<!-- This site is optimized with the Yoast SEO Premium plugin v14.9 - https:\/\/yoast.com\/wordpress\/plugins\/seo\/ -->\n<meta name=\"description\" content=\"Torr hy i vinter - Fotv\u00e5rd f\u00f6r vintertorra f\u00f6tter | Helena Amiley - H\u00e4r hittar du senaste infromation om sk\u00f6nhet, livsstil, entrepren\u00f6rskap, makeup &amp; tips.\" \/>\n<meta name=\"robots\" content=\"index, follow, max-snippet:-1, max-image-preview:large, max-video-preview:-1\" \/>\n<link rel=\"canonical\" href=\"https:\/\/www.imakeyousmile.se\/es\/fotvard-for-vintertorra-fotter\/\" \/>\n<meta property=\"og:locale\" content=\"es_ES\" \/>\n<meta property=\"og:type\" content=\"article\" \/>\n<meta property=\"og:title\" content=\"Torr hy i vinter - Fotv\u00e5rd f\u00f6r vintertorra f\u00f6tter | Imakeyousmile.se\" \/>\n<meta property=\"og:description\" content=\"Torr hy i vinter - Fotv\u00e5rd f\u00f6r vintertorra f\u00f6tter | Helena Amiley - H\u00e4r hittar du senaste infromation om sk\u00f6nhet, livsstil, entrepren\u00f6rskap, makeup &amp; tips.\" \/>\n<meta property=\"og:url\" content=\"https:\/\/www.imakeyousmile.se\/es\/fotvard-for-vintertorra-fotter\/\" \/>\n<meta property=\"og:site_name\" content=\"Imakeyousmile.se\" \/>\n<meta property=\"article:author\" content=\"https:\/\/www.facebook.com\/imakeyousmile.se\" \/>\n<meta property=\"article:published_time\" content=\"2019-02-27T04:00:28+00:00\" \/>\n<meta property=\"article:modified_time\" content=\"2021-10-18T07:45:43+00:00\" \/>\n<meta property=\"og:image\" content=\"https:\/\/www.imakeyousmile.se\/wp-content\/uploads\/2019\/02\/IMG_6187.jpg\" \/>\n\t<meta property=\"og:image:width\" content=\"2500\" \/>\n\t<meta property=\"og:image:height\" content=\"1866\" \/>\n<meta name=\"twitter:card\" content=\"summary_large_image\" \/>\n<script type=\"application\/ld+json\" class=\"yoast-schema-graph\">{\"@context\":\"https:\/\/schema.org\",\"@graph\":[{\"@type\":\"Organization\",\"@id\":\"https:\/\/www.imakeyousmile.se\/es\/#organization\",\"name\":\"Imakeyousmile\",\"url\":\"https:\/\/www.imakeyousmile.se\/es\/\",\"sameAs\":[],\"logo\":{\"@type\":\"ImageObject\",\"@id\":\"https:\/\/www.imakeyousmile.se\/es\/#logo\",\"inLanguage\":\"es\",\"url\":\"https:\/\/www.imakeyousmile.se\/wp-content\/uploads\/2020\/10\/HELENA-AMILEY_SVART-1-e1603367975324.png\",\"width\":280,\"height\":93,\"caption\":\"Imakeyousmile\"},\"image\":{\"@id\":\"https:\/\/www.imakeyousmile.se\/es\/#logo\"}},{\"@type\":\"WebSite\",\"@id\":\"https:\/\/www.imakeyousmile.se\/es\/#website\",\"url\":\"https:\/\/www.imakeyousmile.se\/es\/\",\"name\":\"Imakeyousmile.se\",\"description\":\"Helena Amiley - Beauty, Entrepreneur, Lifestyle\",\"publisher\":{\"@id\":\"https:\/\/www.imakeyousmile.se\/es\/#organization\"},\"potentialAction\":[{\"@type\":\"SearchAction\",\"target\":\"https:\/\/www.imakeyousmile.se\/es\/?s={search_term_string}\",\"query-input\":\"required name=search_term_string\"}],\"inLanguage\":\"es\"},{\"@type\":\"ImageObject\",\"@id\":\"https:\/\/www.imakeyousmile.se\/fotvard-for-vintertorra-fotter\/#primaryimage\",\"inLanguage\":\"es\",\"url\":\"https:\/\/www.imakeyousmile.se\/wp-content\/uploads\/2019\/02\/IMG_6187.jpg\",\"width\":2500,\"height\":1866},{\"@type\":\"WebPage\",\"@id\":\"https:\/\/www.imakeyousmile.se\/fotvard-for-vintertorra-fotter\/#webpage\",\"url\":\"https:\/\/www.imakeyousmile.se\/fotvard-for-vintertorra-fotter\/\",\"name\":\"Torr hy i vinter - Fotv\\u00e5rd f\\u00f6r vintertorra f\\u00f6tter | Imakeyousmile.se\",\"isPartOf\":{\"@id\":\"https:\/\/www.imakeyousmile.se\/es\/#website\"},\"primaryImageOfPage\":{\"@id\":\"https:\/\/www.imakeyousmile.se\/fotvard-for-vintertorra-fotter\/#primaryimage\"},\"datePublished\":\"2019-02-27T04:00:28+00:00\",\"dateModified\":\"2021-10-18T07:45:43+00:00\",\"description\":\"Torr hy i vinter - Fotv\\u00e5rd f\\u00f6r vintertorra f\\u00f6tter | Helena Amiley - H\\u00e4r hittar du senaste infromation om sk\\u00f6nhet, livsstil, entrepren\\u00f6rskap, makeup & tips.\",\"inLanguage\":\"es\",\"potentialAction\":[{\"@type\":\"ReadAction\",\"target\":[\"https:\/\/www.imakeyousmile.se\/fotvard-for-vintertorra-fotter\/\"]}]},{\"@type\":\"Article\",\"@id\":\"https:\/\/www.imakeyousmile.se\/fotvard-for-vintertorra-fotter\/#article\",\"isPartOf\":{\"@id\":\"https:\/\/www.imakeyousmile.se\/fotvard-for-vintertorra-fotter\/#webpage\"},\"author\":{\"@id\":\"https:\/\/www.imakeyousmile.se\/es\/#\/schema\/person\/b0fd43b1c6bb1c60cfd68bff9b4a10fb\"},\"headline\":\"Torr hy i vinter &#8211; Fotv\\u00e5rd f\\u00f6r vintertorra f\\u00f6tter\",\"datePublished\":\"2019-02-27T04:00:28+00:00\",\"dateModified\":\"2021-10-18T07:45:43+00:00\",\"mainEntityOfPage\":{\"@id\":\"https:\/\/www.imakeyousmile.se\/fotvard-for-vintertorra-fotter\/#webpage\"},\"commentCount\":1,\"publisher\":{\"@id\":\"https:\/\/www.imakeyousmile.se\/es\/#organization\"},\"image\":{\"@id\":\"https:\/\/www.imakeyousmile.se\/fotvard-for-vintertorra-fotter\/#primaryimage\"},\"keywords\":\"ccs fotv\\u00e5rd,css fotmousse,css fotsalva,fotv\\u00e5rd,karbamid\",\"articleSection\":\"Hudv\\u00e5rd,Recensioner &amp; Produkttips\",\"inLanguage\":\"es\",\"potentialAction\":[{\"@type\":\"CommentAction\",\"name\":\"Comment\",\"target\":[\"https:\/\/www.imakeyousmile.se\/fotvard-for-vintertorra-fotter\/#respond\"]}]},{\"@type\":\"Person\",\"@id\":\"https:\/\/www.imakeyousmile.se\/es\/#\/schema\/person\/b0fd43b1c6bb1c60cfd68bff9b4a10fb\",\"name\":\"Helena Amiley\",\"image\":{\"@type\":\"ImageObject\",\"@id\":\"https:\/\/www.imakeyousmile.se\/es\/#personlogo\",\"inLanguage\":\"es\",\"url\":\"https:\/\/secure.gravatar.com\/avatar\/5645558e1e355457a23368d7e1b4c904?s=96&d=mm&r=g\",\"caption\":\"Helena Amiley\"},\"description\":\"Jag skriver mest om sk\\u00f6nhet men bjuder \\u00e4ven p\\u00e5 glimtar fr\\u00e5n entrepren\\u00f6rlivet och bygget av v\\u00e5r egen camper van. Vanlife here we come!\",\"sameAs\":[\"https:\/\/www.facebook.com\/imakeyousmile.se\",\"https:\/\/www.instagram.com\/helenaamiley\",\"https:\/\/www.youtube.com\/channel\/UCR5iB6rvpV6Yr8ZjpQfr5mg?view_as=subscriber\"]}]}<\/script>\n<!-- \/ Yoast SEO Premium plugin. -->","_links":{"self":[{"href":"https:\/\/www.imakeyousmile.se\/es\/wp-json\/wp\/v2\/posts\/34390"}],"collection":[{"href":"https:\/\/www.imakeyousmile.se\/es\/wp-json\/wp\/v2\/posts"}],"about":[{"href":"https:\/\/www.imakeyousmile.se\/es\/wp-json\/wp\/v2\/types\/post"}],"author":[{"embeddable":true,"href":"https:\/\/www.imakeyousmile.se\/es\/wp-json\/wp\/v2\/users\/30"}],"replies":[{"embeddable":true,"href":"https:\/\/www.imakeyousmile.se\/es\/wp-json\/wp\/v2\/comments?post=34390"}],"version-history":[{"count":3,"href":"https:\/\/www.imakeyousmile.se\/es\/wp-json\/wp\/v2\/posts\/34390\/revisions"}],"predecessor-version":[{"id":42173,"href":"https:\/\/www.imakeyousmile.se\/es\/wp-json\/wp\/v2\/posts\/34390\/revisions\/42173"}],"wp:featuredmedia":[{"embeddable":true,"href":"https:\/\/www.imakeyousmile.se\/es\/wp-json\/wp\/v2\/media\/34391"}],"wp:attachment":[{"href":"https:\/\/www.imakeyousmile.se\/es\/wp-json\/wp\/v2\/media?parent=34390"}],"wp:term":[{"taxonomy":"category","embeddable":true,"href":"https:\/\/www.imakeyousmile.se\/es\/wp-json\/wp\/v2\/categories?post=34390"},{"taxonomy":"post_tag","embeddable":true,"href":"https:\/\/www.imakeyousmile.se\/es\/wp-json\/wp\/v2\/tags?post=34390"}],"curies":[{"name":"wp","href":"https:\/\/api.w.org\/{rel}","templated":true}]}}