{"id":35145,"date":"2019-06-18T19:37:07","date_gmt":"2019-06-18T17:37:07","guid":{"rendered":"http:\/\/www.imakeyousmile.se\/?p=35145"},"modified":"2020-10-22T18:21:22","modified_gmt":"2020-10-22T16:21:22","slug":"min-businessvecka-v-24-2","status":"publish","type":"post","link":"https:\/\/www.imakeyousmile.se\/es\/min-businessweek-v-24-2\/","title":{"rendered":"Mi semana laboral v. 24"},"content":{"rendered":"<p>La publicaci\u00f3n del domingo llega unos d\u00edas tarde a prop\u00f3sito :) Por un lado, necesitaba trabajar en otras cosas durante el fin de semana, pero adem\u00e1s solo trabajo dos d\u00edas esta semana, as\u00ed que pens\u00e9 en combinar estas semanas en la misma publicaci\u00f3n.<\/p>\n<p>\u00a1Porque desde ma\u00f1ana (mi\u00e9rcoles) hasta el lunes estoy en Gotland y celebro el solsticio de verano! \u00a1Va a ser MUY divertido! Mi mejor amiga Frida se muda all\u00ed a una gran granja, por lo que habr\u00e1 una gran fiesta de inauguraci\u00f3n y una celebraci\u00f3n de verano al mismo tiempo :)<\/p>\n<p>Pero primero, Miska y yo nos quedamos en un hotel en F\u00e5r\u00f6sund por dos noches \u2665<\/p>\n<p><img loading=\"lazy\" decoding=\"async\" class=\"alignnone size-large wp-image-35156\" src=\"http:\/\/www.imakeyousmile.se\/wp-content\/uploads\/2019\/06\/min-businessvecka-18-juni-1024x1024.jpg\" alt=\"\" width=\"696\" height=\"696\" srcset=\"https:\/\/www.imakeyousmile.se\/wp-content\/uploads\/2019\/06\/min-businessvecka-18-juni-1024x1024.jpg 1024w, https:\/\/www.imakeyousmile.se\/wp-content\/uploads\/2019\/06\/min-businessvecka-18-juni-150x150.jpg 150w, https:\/\/www.imakeyousmile.se\/wp-content\/uploads\/2019\/06\/min-businessvecka-18-juni-300x300.jpg 300w, https:\/\/www.imakeyousmile.se\/wp-content\/uploads\/2019\/06\/min-businessvecka-18-juni-768x768.jpg 768w, https:\/\/www.imakeyousmile.se\/wp-content\/uploads\/2019\/06\/min-businessvecka-18-juni-696x696.jpg 696w, https:\/\/www.imakeyousmile.se\/wp-content\/uploads\/2019\/06\/min-businessvecka-18-juni-1068x1068.jpg 1068w, https:\/\/www.imakeyousmile.se\/wp-content\/uploads\/2019\/06\/min-businessvecka-18-juni-420x420.jpg 420w, https:\/\/www.imakeyousmile.se\/wp-content\/uploads\/2019\/06\/min-businessvecka-18-juni.jpg 2000w\" sizes=\"(max-width: 696px) 100vw, 696px\" \/><\/p>\n<p><strong>\u00a1Trabaja en \u00c5land!<\/strong><br \/>\nAhora era el momento de que Annika volviera a trabajar en \u00c5land :) A veces trabaja en un sal\u00f3n all\u00ed (con maquillaje permanente) y, dado que incluye visitas posteriores, estuvimos all\u00ed nuevamente esta semana y tuvimos m\u00e1s clientes nuevos y visitas posteriores del viaje anterior.<\/p>\n<p>Estuvimos all\u00ed dos d\u00edas y Miska y yo seguimos como gerentes de beb\u00e9s :) As\u00ed que no hicimos mucho trabajo, \u00a1pero gracias a nosotros Annika pudo trabajar muchos d\u00edas!<\/p>\n<p><img loading=\"lazy\" decoding=\"async\" class=\"alignnone size-large wp-image-35149\" src=\"http:\/\/www.imakeyousmile.se\/wp-content\/uploads\/2019\/06\/IMG_7248-1024x708.jpeg\" alt=\"\" width=\"696\" height=\"481\" srcset=\"https:\/\/www.imakeyousmile.se\/wp-content\/uploads\/2019\/06\/IMG_7248-1024x708.jpeg 1024w, https:\/\/www.imakeyousmile.se\/wp-content\/uploads\/2019\/06\/IMG_7248-300x208.jpeg 300w, https:\/\/www.imakeyousmile.se\/wp-content\/uploads\/2019\/06\/IMG_7248-768x531.jpeg 768w, https:\/\/www.imakeyousmile.se\/wp-content\/uploads\/2019\/06\/IMG_7248-100x70.jpeg 100w, https:\/\/www.imakeyousmile.se\/wp-content\/uploads\/2019\/06\/IMG_7248-218x150.jpeg 218w, https:\/\/www.imakeyousmile.se\/wp-content\/uploads\/2019\/06\/IMG_7248-696x482.jpeg 696w, https:\/\/www.imakeyousmile.se\/wp-content\/uploads\/2019\/06\/IMG_7248-1068x739.jpeg 1068w, https:\/\/www.imakeyousmile.se\/wp-content\/uploads\/2019\/06\/IMG_7248-607x420.jpeg 607w\" sizes=\"(max-width: 696px) 100vw, 696px\" \/><\/p>\n<p>Miska y Mileya que esperan que la madre Annika termine con su cliente :)<\/p>\n<p><strong>Marketing de la tienda web + maquillaje de novia<\/strong><br \/>\nComercializaremos m\u00e1s la tienda web en oto\u00f1o, en verano hay casi dinero en el lago porque la gente no compra mucho en verano y en el sal\u00f3n ya estamos b\u00e1sicamente llenos.<\/p>\n<p>\u00a1Pero hicimos una prueba ahora con una gu\u00eda de belleza sobre c\u00f3mo hacer tu propio maquillaje de novia!<\/p>\n<p>Queremos promover lo \u00fanico con nuestra tienda web m\u00e1s :) As\u00ed que todas las gu\u00edas las hago con im\u00e1genes de muestra, paso a paso, etc. que ayudan a las personas a comprar los productos adecuados y luego les ayudan a usarlos en casa tambi\u00e9n.<\/p>\n<p><img loading=\"lazy\" decoding=\"async\" class=\"alignnone size-large wp-image-35148\" src=\"http:\/\/www.imakeyousmile.se\/wp-content\/uploads\/2019\/06\/IMG_7221-1024x602.jpg\" alt=\"\" width=\"696\" height=\"409\" srcset=\"https:\/\/www.imakeyousmile.se\/wp-content\/uploads\/2019\/06\/IMG_7221-1024x602.jpg 1024w, https:\/\/www.imakeyousmile.se\/wp-content\/uploads\/2019\/06\/IMG_7221-300x177.jpg 300w, https:\/\/www.imakeyousmile.se\/wp-content\/uploads\/2019\/06\/IMG_7221-768x452.jpg 768w, https:\/\/www.imakeyousmile.se\/wp-content\/uploads\/2019\/06\/IMG_7221-696x409.jpg 696w, https:\/\/www.imakeyousmile.se\/wp-content\/uploads\/2019\/06\/IMG_7221-1068x628.jpg 1068w, https:\/\/www.imakeyousmile.se\/wp-content\/uploads\/2019\/06\/IMG_7221-714x420.jpg 714w, https:\/\/www.imakeyousmile.se\/wp-content\/uploads\/2019\/06\/IMG_7221.jpg 1907w\" sizes=\"(max-width: 696px) 100vw, 696px\" \/><\/p>\n<p>Aqu\u00ed estoy sentada con un su\u00e9ter de encaje en la parte delantera y trasera y una cortina cortada en la cabeza :)<\/p>\n<p>\u00a1Fue muy divertido hacerlo! Me divert\u00ed mucho cuando me sent\u00e9 y escrib\u00ed todos los consejos y luego los arregl\u00e9: \u00a1consume mucho tiempo pero es muy divertido!<\/p>\n<p>Tambi\u00e9n publiqu\u00e9 esto aqu\u00ed en el blog, pero la publicaci\u00f3n en el sitio web est\u00e1 a\u00fan mejor elaborada con enlaces a los productos en forma de im\u00e1genes en el medio del texto, como esta:<\/p>\n<p><img loading=\"lazy\" decoding=\"async\" class=\"alignnone size-large wp-image-35154\" src=\"http:\/\/www.imakeyousmile.se\/wp-content\/uploads\/2019\/06\/Sk\u00e4rmklipp-2019-06-18-18.28.40-1024x433.png\" alt=\"\" width=\"696\" height=\"294\" srcset=\"https:\/\/www.imakeyousmile.se\/wp-content\/uploads\/2019\/06\/Sk\u00e4rmklipp-2019-06-18-18.28.40-1024x433.png 1024w, https:\/\/www.imakeyousmile.se\/wp-content\/uploads\/2019\/06\/Sk\u00e4rmklipp-2019-06-18-18.28.40-300x127.png 300w, https:\/\/www.imakeyousmile.se\/wp-content\/uploads\/2019\/06\/Sk\u00e4rmklipp-2019-06-18-18.28.40-768x325.png 768w, https:\/\/www.imakeyousmile.se\/wp-content\/uploads\/2019\/06\/Sk\u00e4rmklipp-2019-06-18-18.28.40-696x294.png 696w, https:\/\/www.imakeyousmile.se\/wp-content\/uploads\/2019\/06\/Sk\u00e4rmklipp-2019-06-18-18.28.40-1068x452.png 1068w, https:\/\/www.imakeyousmile.se\/wp-content\/uploads\/2019\/06\/Sk\u00e4rmklipp-2019-06-18-18.28.40-993x420.png 993w, https:\/\/www.imakeyousmile.se\/wp-content\/uploads\/2019\/06\/Sk\u00e4rmklipp-2019-06-18-18.28.40.png 1539w\" sizes=\"(max-width: 696px) 100vw, 696px\" \/><\/p>\n<p>Y al final, tambi\u00e9n me vincul\u00e9 a gu\u00edas de belleza m\u00e1s \u00fatiles que pueden ser \u00fatiles antes de su maquillaje de novia. Por ejemplo. estas:<\/p>\n<p><img loading=\"lazy\" decoding=\"async\" class=\"alignnone size-large wp-image-35155\" src=\"http:\/\/www.imakeyousmile.se\/wp-content\/uploads\/2019\/06\/Sk\u00e4rmklipp-2019-06-18-18.29.17-1024x508.png\" alt=\"\" width=\"696\" height=\"345\" srcset=\"https:\/\/www.imakeyousmile.se\/wp-content\/uploads\/2019\/06\/Sk\u00e4rmklipp-2019-06-18-18.29.17-1024x508.png 1024w, https:\/\/www.imakeyousmile.se\/wp-content\/uploads\/2019\/06\/Sk\u00e4rmklipp-2019-06-18-18.29.17-300x149.png 300w, https:\/\/www.imakeyousmile.se\/wp-content\/uploads\/2019\/06\/Sk\u00e4rmklipp-2019-06-18-18.29.17-768x381.png 768w, https:\/\/www.imakeyousmile.se\/wp-content\/uploads\/2019\/06\/Sk\u00e4rmklipp-2019-06-18-18.29.17-324x160.png 324w, https:\/\/www.imakeyousmile.se\/wp-content\/uploads\/2019\/06\/Sk\u00e4rmklipp-2019-06-18-18.29.17-696x345.png 696w, https:\/\/www.imakeyousmile.se\/wp-content\/uploads\/2019\/06\/Sk\u00e4rmklipp-2019-06-18-18.29.17-1068x530.png 1068w, https:\/\/www.imakeyousmile.se\/wp-content\/uploads\/2019\/06\/Sk\u00e4rmklipp-2019-06-18-18.29.17-847x420.png 847w, https:\/\/www.imakeyousmile.se\/wp-content\/uploads\/2019\/06\/Sk\u00e4rmklipp-2019-06-18-18.29.17.png 1155w\" sizes=\"(max-width: 696px) 100vw, 696px\" \/><\/p>\n<p>Luego pagamos un centavo en Instagram y Facebook e hicimos la publicaci\u00f3n en un anuncio:<\/p>\n<p><img loading=\"lazy\" decoding=\"async\" class=\"alignnone size-full wp-image-35153\" src=\"http:\/\/www.imakeyousmile.se\/wp-content\/uploads\/2019\/06\/Sk\u00e4rmklipp-2019-06-18-18.17.52.png\" alt=\"\" width=\"996\" height=\"996\" srcset=\"https:\/\/www.imakeyousmile.se\/wp-content\/uploads\/2019\/06\/Sk\u00e4rmklipp-2019-06-18-18.17.52.png 996w, https:\/\/www.imakeyousmile.se\/wp-content\/uploads\/2019\/06\/Sk\u00e4rmklipp-2019-06-18-18.17.52-150x150.png 150w, https:\/\/www.imakeyousmile.se\/wp-content\/uploads\/2019\/06\/Sk\u00e4rmklipp-2019-06-18-18.17.52-300x300.png 300w, https:\/\/www.imakeyousmile.se\/wp-content\/uploads\/2019\/06\/Sk\u00e4rmklipp-2019-06-18-18.17.52-768x768.png 768w, https:\/\/www.imakeyousmile.se\/wp-content\/uploads\/2019\/06\/Sk\u00e4rmklipp-2019-06-18-18.17.52-696x696.png 696w, https:\/\/www.imakeyousmile.se\/wp-content\/uploads\/2019\/06\/Sk\u00e4rmklipp-2019-06-18-18.17.52-420x420.png 420w\" sizes=\"(max-width: 996px) 100vw, 996px\" \/><\/p>\n<p>\u00a1Solo ha estado activo durante 24 horas, pero 160 personas han hecho clic en el sitio web y 13 personas lo han compartido! Ser\u00e1 emocionante ver el resultado, publicamos el anuncio hasta finales de junio.<\/p>\n<p>Las gu\u00edas de belleza vinculadas en la publicaci\u00f3n tambi\u00e9n han recibido m\u00e1s visitas durante este d\u00eda, por lo que muestra que el anuncio tambi\u00e9n funciona, que la gente lee la publicaci\u00f3n hasta el final :)<\/p>\n<p>Puedes leerlo\u00a0<a href=\"https:\/\/creativemakeup.se\/portfolio\/brollopsspecial-gor-din-egen-brudmakeup\/?fbclid=IwAR0Zm4RAqvx_7yS80srMbheoNEkpgfj4wC2u70gah0zQAb3xjqJdYn6CQZo\"><strong>aqu\u00ed <\/strong><\/a>si quieres ver la diferencia entre la publicaci\u00f3n del blog y la publicaci\u00f3n en la tienda web.<\/p>\n<p><strong>Trabajar todo el fin de semana<\/strong><br \/>\nEste fin de semana, Miska estuvo fuera por dos noches, as\u00ed que aprovech\u00e9 la oportunidad para abrazar mi adicci\u00f3n al trabajo y trabaj\u00e9 en la computadora todo el s\u00e1bado y domingo. Quieres ser una buena novia de lo contrario, jaja, \u00a1pero ahora me siento tranquila de la ma\u00f1ana a la noche!<\/p>\n<p>En parte, estaba un poco atrasado con el trabajo porque estuvimos en \u00c5land durante dos d\u00edas, pero tambi\u00e9n necesitaba ponerme al d\u00eda en el futuro porque ahora estamos libres durante seis d\u00edas.<\/p>\n<p>\u00a1Fue tan agradable trabajar todo el fin de semana! A veces necesitas ceder y hacer las cosas :)<\/p>\n<p><img loading=\"lazy\" decoding=\"async\" class=\"alignnone size-large wp-image-35150\" src=\"http:\/\/www.imakeyousmile.se\/wp-content\/uploads\/2019\/06\/IMG_7290-1024x545.jpg\" alt=\"\" width=\"696\" height=\"370\" srcset=\"https:\/\/www.imakeyousmile.se\/wp-content\/uploads\/2019\/06\/IMG_7290-1024x545.jpg 1024w, https:\/\/www.imakeyousmile.se\/wp-content\/uploads\/2019\/06\/IMG_7290-300x160.jpg 300w, https:\/\/www.imakeyousmile.se\/wp-content\/uploads\/2019\/06\/IMG_7290-768x409.jpg 768w, https:\/\/www.imakeyousmile.se\/wp-content\/uploads\/2019\/06\/IMG_7290-696x371.jpg 696w, https:\/\/www.imakeyousmile.se\/wp-content\/uploads\/2019\/06\/IMG_7290-1068x569.jpg 1068w, https:\/\/www.imakeyousmile.se\/wp-content\/uploads\/2019\/06\/IMG_7290-789x420.jpg 789w\" sizes=\"(max-width: 696px) 100vw, 696px\" \/><\/p>\n<p>Aqu\u00ed me siento y termino el post sobre hacer tu propio maquillaje de novia jaja. Terminado el domingo por la noche, \u00a1pjuh!<\/p>\n<p><strong>Muchos clientes antes de la v\u00edspera del solsticio de verano<\/strong><br \/>\nEn el sal\u00f3n siempre tenemos un rollo completo antes de la v\u00edspera del solsticio de verano y este a\u00f1o no es la excepci\u00f3n. El lunes pasado (ayer) hab\u00eda reservado por completo con clientes y tuve que reservar dos veces un cuarto para exprimir un extra tambi\u00e9n. \u00a1Muy divertido!<\/p>\n<p>Annika tambi\u00e9n ten\u00eda clientes entonces y Miska estaba caminando con el cochecito :)<\/p>\n<p>El programa de esta semana se ve as\u00ed:<\/p>\n<p><img loading=\"lazy\" decoding=\"async\" class=\"alignnone size-large wp-image-35152\" src=\"http:\/\/www.imakeyousmile.se\/wp-content\/uploads\/2019\/06\/Sk\u00e4rmklipp-2019-06-17-22.14.55-1024x825.png\" alt=\"\" width=\"696\" height=\"561\" srcset=\"https:\/\/www.imakeyousmile.se\/wp-content\/uploads\/2019\/06\/Sk\u00e4rmklipp-2019-06-17-22.14.55-1024x825.png 1024w, https:\/\/www.imakeyousmile.se\/wp-content\/uploads\/2019\/06\/Sk\u00e4rmklipp-2019-06-17-22.14.55-300x242.png 300w, https:\/\/www.imakeyousmile.se\/wp-content\/uploads\/2019\/06\/Sk\u00e4rmklipp-2019-06-17-22.14.55-768x619.png 768w, https:\/\/www.imakeyousmile.se\/wp-content\/uploads\/2019\/06\/Sk\u00e4rmklipp-2019-06-17-22.14.55-696x561.png 696w, https:\/\/www.imakeyousmile.se\/wp-content\/uploads\/2019\/06\/Sk\u00e4rmklipp-2019-06-17-22.14.55-1068x861.png 1068w, https:\/\/www.imakeyousmile.se\/wp-content\/uploads\/2019\/06\/Sk\u00e4rmklipp-2019-06-17-22.14.55-521x420.png 521w, https:\/\/www.imakeyousmile.se\/wp-content\/uploads\/2019\/06\/Sk\u00e4rmklipp-2019-06-17-22.14.55.png 1515w\" sizes=\"(max-width: 696px) 100vw, 696px\" \/><\/p>\n<p>El tiempo pasa tan r\u00e1pido cuando tienes clientes en una cinta transportadora como esta, vips, \u00a1han pasado varias horas!<\/p>\n<p><strong>Materiales disruptivos<\/strong><br \/>\nComo puede ver en el cronograma, hoy ten\u00eda un trabajo independiente y \u00a1estaba compuesto por 8 personas en la empresa Disruptive Materials! Ellos fotografiar\u00edan m\u00e1s im\u00e1genes nuevas para sitios web y marketing.<\/p>\n<p>Antes, no me gustaba ser freelance porque cuando no lo haces a menudo, no tienes un bolso freelance terminado que siempre est\u00e9 listo, pero empacalo cada vez y debes recordar todo lo importante y tener un juego de pinceles, tonos de base y colores para todas las personas. Es un proceso un poco m\u00e1s largo de lo que podr\u00eda pensar entonces.<\/p>\n<p>Pero ahora he trabajado en Disruptive Materials tantas veces que estoy empezando a acostumbrarme a toda la parte del embalaje, jaja :) Todo va bastante bien de todos modos.<\/p>\n<p><img loading=\"lazy\" decoding=\"async\" class=\"alignnone size-large wp-image-35151\" src=\"http:\/\/www.imakeyousmile.se\/wp-content\/uploads\/2019\/06\/IMG_7300-1024x589.jpg\" alt=\"\" width=\"696\" height=\"400\" srcset=\"https:\/\/www.imakeyousmile.se\/wp-content\/uploads\/2019\/06\/IMG_7300-1024x589.jpg 1024w, https:\/\/www.imakeyousmile.se\/wp-content\/uploads\/2019\/06\/IMG_7300-300x172.jpg 300w, https:\/\/www.imakeyousmile.se\/wp-content\/uploads\/2019\/06\/IMG_7300-768x441.jpg 768w, https:\/\/www.imakeyousmile.se\/wp-content\/uploads\/2019\/06\/IMG_7300-696x400.jpg 696w, https:\/\/www.imakeyousmile.se\/wp-content\/uploads\/2019\/06\/IMG_7300-1068x614.jpg 1068w, https:\/\/www.imakeyousmile.se\/wp-content\/uploads\/2019\/06\/IMG_7300-731x420.jpg 731w, https:\/\/www.imakeyousmile.se\/wp-content\/uploads\/2019\/06\/IMG_7300.jpg 1952w\" sizes=\"(max-width: 696px) 100vw, 696px\" \/><\/p>\n<p>\u00a1Presentado con maquillaje!<\/p>\n<p>Son tan buenos all\u00ed, le mostraron a una persona el lugar y cuando me par\u00e9 all\u00ed y me maquill\u00e9, me presentaron como &quot;\u00a1nuestra maquilladora, consultora y amiga!&quot; :)<\/p>\n<p>Despu\u00e9s tuve una reuni\u00f3n con ellos tambi\u00e9n, que tambi\u00e9n fue muy interesante !! Lamentablemente, no puedo decir mucho m\u00e1s de ti.<\/p>\n<p><strong>\u00a1Nuevo beb\u00e9 de sal\u00f3n!<\/strong><br \/>\nEl 28 de mayo, lleg\u00f3 nuestro segundo beb\u00e9 de sal\u00f3n, nuestra maquilladora Lisa dio a luz al peque\u00f1o Elliot. \u00a1La semana pasada, Miska, Annika y yo fuimos all\u00ed con regalos y abrazos para beb\u00e9s! Ten\u00edamos ropa de beb\u00e9 impresa con el logo de Creative Makeup en jaja :) \u00a1Qu\u00e9 lindo!<\/p>\n<p><img loading=\"lazy\" decoding=\"async\" class=\"alignnone size-large wp-image-35147\" src=\"http:\/\/www.imakeyousmile.se\/wp-content\/uploads\/2019\/06\/IMG_4033-1024x898.jpeg\" alt=\"\" width=\"696\" height=\"610\" srcset=\"https:\/\/www.imakeyousmile.se\/wp-content\/uploads\/2019\/06\/IMG_4033-1024x898.jpeg 1024w, https:\/\/www.imakeyousmile.se\/wp-content\/uploads\/2019\/06\/IMG_4033-300x263.jpeg 300w, https:\/\/www.imakeyousmile.se\/wp-content\/uploads\/2019\/06\/IMG_4033-768x673.jpeg 768w, https:\/\/www.imakeyousmile.se\/wp-content\/uploads\/2019\/06\/IMG_4033-696x610.jpeg 696w, https:\/\/www.imakeyousmile.se\/wp-content\/uploads\/2019\/06\/IMG_4033-1068x936.jpeg 1068w, https:\/\/www.imakeyousmile.se\/wp-content\/uploads\/2019\/06\/IMG_4033-479x420.jpeg 479w\" sizes=\"(max-width: 696px) 100vw, 696px\" \/><\/p>\n<p>En septiembre, tuve empleados durante 4 a\u00f1os, pero Lisa es la primera persona en entrar a la oficina y &quot;le dijo al jefe que estaba esperando un hijo&quot;, \u00a1y ese jefe era yo! Se siente un poco adulta apunta de alguna manera, no s\u00e9 por qu\u00e9 jaja! Tal vez porque no soy un jefe tan cl\u00e1sico que solo se sienta en la oficina, pero me ve m\u00e1s como uno de los colegas \u00fanicamente :)<\/p>\n<p>Ahora tengo que dejar de escribir porque tengo tiempo para ducharme, pintarme las u\u00f1as (solo mezcl\u00e9 mi propio esmalte de u\u00f1as de tres colores que acabo de <em>debe<\/em> prueba ahora jaja) y empaca listo porque salimos temprano con el bote de Gotland ma\u00f1ana por la ma\u00f1ana.<\/p>\n<p>Pero adem\u00e1s de esto, esta semana tambi\u00e9n he trabajado con el sitio web de Peragenda y las palabras de SEO para que puedan subir m\u00e1s alto en las b\u00fasquedas de Google, enga\u00f1ado con cambios de horario, solucionado errores en la caja, investigado sobre l\u00e1mparas fluorescentes para una luz a\u00fan mejor en el estudio de maquillaje, orden\u00e9 pantuflas clientes (muchos andan descalzos cuando se quitan las sandalias de verano).<\/p>\n<p>Y escrib\u00ed una larga &quot;lista de cosas por hacer despu\u00e9s de Gotland&quot; con cosas para las que no ten\u00eda tiempo ahora jaja.<\/p>\n<p>As\u00ed que ahora merezco unas peque\u00f1as vacaciones :)<\/p>\n<p>\u00a1Kraaam on es todo el mundo! \u2665<\/p>\n<p><img loading=\"lazy\" decoding=\"async\" class=\"alignnone size-large wp-image-28529\" src=\"http:\/\/www.imakeyousmile.se\/wp-content\/uploads\/2017\/03\/Sidfot-Namnloggo-1024x115.png\" alt=\"\" width=\"696\" height=\"78\" \/><\/p>","protected":false},"excerpt":{"rendered":"<p>S\u00f6ndagsinl\u00e4gget \u00e4r n\u00e5gra dagar sent med flit :) Dels beh\u00f6vde jag jobba med annat under helgen, men dessutom jobbar jag bara tv\u00e5 dagar den h\u00e4r veckan s\u00e5 t\u00e4nkte sl\u00e5 ihop dessa veckor till samma inl\u00e4gg. F\u00f6r fr\u00e5n imorgon (onsdag) till m\u00e5ndag \u00e4r jag n\u00e4mligen p\u00e5 Gotland och firar Midsommar! Ska bli S\u00c5 roligt! Min b\u00e4sta [&hellip;]<\/p>\n","protected":false},"author":30,"featured_media":35156,"comment_status":"open","ping_status":"closed","sticky":false,"template":"","format":"standard","meta":{"footnotes":""},"categories":[4070,6999],"tags":[6037,6036,1985,4097,4330,6038,4071,5602,4216,5131],"class_list":["post-35145","post","type-post","status-publish","format-standard","has-post-thumbnail","hentry","category-entreprenorskap","category-sondagsinlagg-m-m","tag-business","tag-businessvecka","tag-creative-makeup","tag-entreprenor","tag-helena-ronnblad","tag-inspirerande-foretagare","tag-ung-entreprenor","tag-ung-entreprenor-uppsala","tag-ung-foretagare","tag-ung-foretagare-uppsala"],"yoast_head":"<!-- This site is optimized with the Yoast SEO Premium plugin v14.9 - https:\/\/yoast.com\/wordpress\/plugins\/seo\/ -->\n<meta name=\"description\" content=\"Min businessvecka v. 24 | Helena Amiley - H\u00e4r hittar du senaste infromation om sk\u00f6nhet, livsstil, entrepren\u00f6rskap, makeup &amp; tips.\" \/>\n<meta name=\"robots\" content=\"index, follow, max-snippet:-1, max-image-preview:large, max-video-preview:-1\" \/>\n<link rel=\"canonical\" href=\"https:\/\/www.imakeyousmile.se\/es\/min-businessvecka-v-24-2\/\" \/>\n<meta property=\"og:locale\" content=\"es_ES\" \/>\n<meta property=\"og:type\" content=\"article\" \/>\n<meta property=\"og:title\" content=\"Min businessvecka v. 24 | Imakeyousmile.se\" \/>\n<meta property=\"og:description\" content=\"Min businessvecka v. 24 | Helena Amiley - H\u00e4r hittar du senaste infromation om sk\u00f6nhet, livsstil, entrepren\u00f6rskap, makeup &amp; tips.\" \/>\n<meta property=\"og:url\" content=\"https:\/\/www.imakeyousmile.se\/es\/min-businessvecka-v-24-2\/\" \/>\n<meta property=\"og:site_name\" content=\"Imakeyousmile.se\" \/>\n<meta property=\"article:author\" content=\"https:\/\/www.facebook.com\/imakeyousmile.se\" \/>\n<meta property=\"article:published_time\" content=\"2019-06-18T17:37:07+00:00\" \/>\n<meta property=\"article:modified_time\" content=\"2020-10-22T16:21:22+00:00\" \/>\n<meta property=\"og:image\" content=\"https:\/\/www.imakeyousmile.se\/wp-content\/uploads\/2019\/06\/min-businessvecka-18-juni.jpg\" \/>\n\t<meta property=\"og:image:width\" content=\"2000\" \/>\n\t<meta property=\"og:image:height\" content=\"2000\" \/>\n<meta name=\"twitter:card\" content=\"summary_large_image\" \/>\n<script type=\"application\/ld+json\" class=\"yoast-schema-graph\">{\"@context\":\"https:\/\/schema.org\",\"@graph\":[{\"@type\":\"Organization\",\"@id\":\"https:\/\/www.imakeyousmile.se\/es\/#organization\",\"name\":\"Imakeyousmile\",\"url\":\"https:\/\/www.imakeyousmile.se\/es\/\",\"sameAs\":[],\"logo\":{\"@type\":\"ImageObject\",\"@id\":\"https:\/\/www.imakeyousmile.se\/es\/#logo\",\"inLanguage\":\"es\",\"url\":\"https:\/\/www.imakeyousmile.se\/wp-content\/uploads\/2020\/10\/HELENA-AMILEY_SVART-1-e1603367975324.png\",\"width\":280,\"height\":93,\"caption\":\"Imakeyousmile\"},\"image\":{\"@id\":\"https:\/\/www.imakeyousmile.se\/es\/#logo\"}},{\"@type\":\"WebSite\",\"@id\":\"https:\/\/www.imakeyousmile.se\/es\/#website\",\"url\":\"https:\/\/www.imakeyousmile.se\/es\/\",\"name\":\"Imakeyousmile.se\",\"description\":\"Helena Amiley - Beauty, Entrepreneur, Lifestyle\",\"publisher\":{\"@id\":\"https:\/\/www.imakeyousmile.se\/es\/#organization\"},\"potentialAction\":[{\"@type\":\"SearchAction\",\"target\":\"https:\/\/www.imakeyousmile.se\/es\/?s={search_term_string}\",\"query-input\":\"required name=search_term_string\"}],\"inLanguage\":\"es\"},{\"@type\":\"ImageObject\",\"@id\":\"https:\/\/www.imakeyousmile.se\/min-businessvecka-v-24-2\/#primaryimage\",\"inLanguage\":\"es\",\"url\":\"https:\/\/www.imakeyousmile.se\/wp-content\/uploads\/2019\/06\/min-businessvecka-18-juni.jpg\",\"width\":2000,\"height\":2000},{\"@type\":\"WebPage\",\"@id\":\"https:\/\/www.imakeyousmile.se\/min-businessvecka-v-24-2\/#webpage\",\"url\":\"https:\/\/www.imakeyousmile.se\/min-businessvecka-v-24-2\/\",\"name\":\"Min businessvecka v. 24 | Imakeyousmile.se\",\"isPartOf\":{\"@id\":\"https:\/\/www.imakeyousmile.se\/es\/#website\"},\"primaryImageOfPage\":{\"@id\":\"https:\/\/www.imakeyousmile.se\/min-businessvecka-v-24-2\/#primaryimage\"},\"datePublished\":\"2019-06-18T17:37:07+00:00\",\"dateModified\":\"2020-10-22T16:21:22+00:00\",\"description\":\"Min businessvecka v. 24 | Helena Amiley - H\\u00e4r hittar du senaste infromation om sk\\u00f6nhet, livsstil, entrepren\\u00f6rskap, makeup & tips.\",\"inLanguage\":\"es\",\"potentialAction\":[{\"@type\":\"ReadAction\",\"target\":[\"https:\/\/www.imakeyousmile.se\/min-businessvecka-v-24-2\/\"]}]},{\"@type\":\"Article\",\"@id\":\"https:\/\/www.imakeyousmile.se\/min-businessvecka-v-24-2\/#article\",\"isPartOf\":{\"@id\":\"https:\/\/www.imakeyousmile.se\/min-businessvecka-v-24-2\/#webpage\"},\"author\":{\"@id\":\"https:\/\/www.imakeyousmile.se\/es\/#\/schema\/person\/b0fd43b1c6bb1c60cfd68bff9b4a10fb\"},\"headline\":\"Min businessvecka v. 24\",\"datePublished\":\"2019-06-18T17:37:07+00:00\",\"dateModified\":\"2020-10-22T16:21:22+00:00\",\"mainEntityOfPage\":{\"@id\":\"https:\/\/www.imakeyousmile.se\/min-businessvecka-v-24-2\/#webpage\"},\"commentCount\":0,\"publisher\":{\"@id\":\"https:\/\/www.imakeyousmile.se\/es\/#organization\"},\"image\":{\"@id\":\"https:\/\/www.imakeyousmile.se\/min-businessvecka-v-24-2\/#primaryimage\"},\"keywords\":\"business,businessvecka,creative makeup,entrepren\\u00f6r,helena r\\u00f6nnblad,inspirerande f\\u00f6retagare,ung entrepren\\u00f6r,ung entrepren\\u00f6r uppsala,ung f\\u00f6retagare,ung f\\u00f6retagare uppsala\",\"articleSection\":\"Entrepren\\u00f6rskap,S\\u00f6ndagsinl\\u00e4gg m.m\",\"inLanguage\":\"es\",\"potentialAction\":[{\"@type\":\"CommentAction\",\"name\":\"Comment\",\"target\":[\"https:\/\/www.imakeyousmile.se\/min-businessvecka-v-24-2\/#respond\"]}]},{\"@type\":\"Person\",\"@id\":\"https:\/\/www.imakeyousmile.se\/es\/#\/schema\/person\/b0fd43b1c6bb1c60cfd68bff9b4a10fb\",\"name\":\"Helena Amiley\",\"image\":{\"@type\":\"ImageObject\",\"@id\":\"https:\/\/www.imakeyousmile.se\/es\/#personlogo\",\"inLanguage\":\"es\",\"url\":\"https:\/\/secure.gravatar.com\/avatar\/5645558e1e355457a23368d7e1b4c904?s=96&d=mm&r=g\",\"caption\":\"Helena Amiley\"},\"description\":\"Jag skriver mest om sk\\u00f6nhet men bjuder \\u00e4ven p\\u00e5 glimtar fr\\u00e5n entrepren\\u00f6rlivet och bygget av v\\u00e5r egen camper van. Vanlife here we come!\",\"sameAs\":[\"https:\/\/www.facebook.com\/imakeyousmile.se\",\"https:\/\/www.instagram.com\/helenaamiley\",\"https:\/\/www.youtube.com\/channel\/UCR5iB6rvpV6Yr8ZjpQfr5mg?view_as=subscriber\"]}]}<\/script>\n<!-- \/ Yoast SEO Premium plugin. -->","_links":{"self":[{"href":"https:\/\/www.imakeyousmile.se\/es\/wp-json\/wp\/v2\/posts\/35145"}],"collection":[{"href":"https:\/\/www.imakeyousmile.se\/es\/wp-json\/wp\/v2\/posts"}],"about":[{"href":"https:\/\/www.imakeyousmile.se\/es\/wp-json\/wp\/v2\/types\/post"}],"author":[{"embeddable":true,"href":"https:\/\/www.imakeyousmile.se\/es\/wp-json\/wp\/v2\/users\/30"}],"replies":[{"embeddable":true,"href":"https:\/\/www.imakeyousmile.se\/es\/wp-json\/wp\/v2\/comments?post=35145"}],"version-history":[{"count":3,"href":"https:\/\/www.imakeyousmile.se\/es\/wp-json\/wp\/v2\/posts\/35145\/revisions"}],"predecessor-version":[{"id":35158,"href":"https:\/\/www.imakeyousmile.se\/es\/wp-json\/wp\/v2\/posts\/35145\/revisions\/35158"}],"wp:featuredmedia":[{"embeddable":true,"href":"https:\/\/www.imakeyousmile.se\/es\/wp-json\/wp\/v2\/media\/35156"}],"wp:attachment":[{"href":"https:\/\/www.imakeyousmile.se\/es\/wp-json\/wp\/v2\/media?parent=35145"}],"wp:term":[{"taxonomy":"category","embeddable":true,"href":"https:\/\/www.imakeyousmile.se\/es\/wp-json\/wp\/v2\/categories?post=35145"},{"taxonomy":"post_tag","embeddable":true,"href":"https:\/\/www.imakeyousmile.se\/es\/wp-json\/wp\/v2\/tags?post=35145"}],"curies":[{"name":"wp","href":"https:\/\/api.w.org\/{rel}","templated":true}]}}